{"id":192348,"date":"2022-11-09T21:24:30","date_gmt":"2022-11-10T00:24:30","guid":{"rendered":"https:\/\/aconteceunovale.com.br\/portal\/?p=192348"},"modified":"2022-11-09T21:25:43","modified_gmt":"2022-11-10T00:25:43","slug":"area-da-mata-atlantica-produz-50-dos-alimentos-consumidos-no-brasil-diz-estudo","status":"publish","type":"post","link":"https:\/\/aconteceunovale.com.br\/portal\/?p=192348","title":{"rendered":"\u00c1rea da Mata Atl\u00e2ntica produz 50% dos alimentos consumidos no Brasil, diz estudo"},"content":{"rendered":"\n<p class=\"wp-block-paragraph\">A agropecu\u00e1ria na \u00e1rea da Mata Atl\u00e2ntica \u00e9 respons\u00e1vel pela produ\u00e7\u00e3o de mais da metade dos alimentos consumidos no pa\u00eds. O bioma, no entanto, emite somente 26% do total de gases de efeito estufa (GEE) do setor agropecu\u00e1rio brasileiro. Os dados s\u00e3o de estudo divulgado hoje (9) pela organiza\u00e7\u00e3o n\u00e3o governamental (ONG) SOS Mata Atl\u00e2ntica, assinado pelos pesquisadores Lu\u00eds Fernando Guedes Pinto, Jean Paul Metzger e Gerd Sparovek.<\/p>\n\n\n\n<figure class=\"wp-block-gallery has-nested-images columns-default is-cropped wp-block-gallery-1 is-layout-flex wp-block-gallery-is-layout-flex\">\n<figure class=\"wp-block-image size-large\"><img loading=\"lazy\" decoding=\"async\" width=\"665\" height=\"450\" data-id=\"192349\" src=\"https:\/\/aconteceunovale.com.br\/portal\/wp-content\/uploads\/2022\/11\/agricultura_mata_atlantica.png\" alt=\"\" class=\"wp-image-192349\" srcset=\"https:\/\/aconteceunovale.com.br\/portal\/wp-content\/uploads\/2022\/11\/agricultura_mata_atlantica.png 665w, https:\/\/aconteceunovale.com.br\/portal\/wp-content\/uploads\/2022\/11\/agricultura_mata_atlantica-300x203.png 300w, https:\/\/aconteceunovale.com.br\/portal\/wp-content\/uploads\/2022\/11\/agricultura_mata_atlantica-621x420.png 621w\" sizes=\"auto, (max-width: 665px) 100vw, 665px\" \/><figcaption class=\"wp-element-caption\"><em><sub>Foto: Divulga\u00e7\u00e3o \/ SOS Mata Atl\u00e2ntica \/ Site www.sosma.org.br<\/sub><\/em><\/figcaption><\/figure>\n<\/figure>\n\n\n\n<p class=\"wp-block-paragraph\">Segundo o estudo, a Mata Atl\u00e2ntica responde por 52% da produ\u00e7\u00e3o vegetal de alimentos de consumo direto do pa\u00eds (exceto milho, soja e cana); 30% da produ\u00e7\u00e3o vegetal de n\u00e3o alimentos (fibras, l\u00e1tex e algod\u00e3o); 43% da produ\u00e7\u00e3o de soja, milho e cana-de-a\u00e7\u00facar, culturas alimentares de consumo direto, indireto (ra\u00e7\u00e3o de animais) e de energia; 56% da produ\u00e7\u00e3o de alimentos de origem animal; e 62% de cabe\u00e7as animais (bovinos, ovinos, aves, su\u00ednos).<\/p>\n\n\n\n<p class=\"wp-block-paragraph\">\u201cEsse resultado \u00e9 alcan\u00e7ado com uma \u00e1rea de uso agropecu\u00e1rio e emiss\u00f5es de gases de efeito estufa&nbsp;comparativamente menores que as do Cerrado, que se tornou o paradigma e refer\u00eancia da agropecu\u00e1ria nacional nas \u00faltimas d\u00e9cadas a partir do cultivo de monoculturas em larga escala e em grandes propriedades\u201d, destaca o pesquisador Lu\u00eds Fernando Guedes Pinto, diretor executivo da SOS Mata Atl\u00e2ntica.<\/p>\n\n\n\n<p class=\"wp-block-paragraph\">Professor do Departamento de Ecologia da Universidade de S\u00e3o Paulo (USP), conselheiro da SOS Mata Atl\u00e2ntica e um dos autores do estudo, Jean Paul Metzger ressalta que, historicamente, o bioma \u00e9 respons\u00e1vel pela seguran\u00e7a alimentar do pa\u00eds.<\/p>\n\n\n\n<p class=\"wp-block-paragraph\">\u201cDesde o in\u00edcio da coloniza\u00e7\u00e3o portuguesa, em 1500, o sistema agroalimentar brasileiro dependeu basicamente da Mata Atl\u00e2ntica durante a maior parte da hist\u00f3ria, mas o seu potencial atual para contribuir, de forma sustent\u00e1vel, com a seguran\u00e7a alimentar da popula\u00e7\u00e3o brasileira ainda \u00e9 pouco conhecido e explorado.\u201d<\/p>\n\n\n\n<p class=\"wp-block-paragraph\">O estudo Produ\u00e7\u00e3o de Alimentos na Mata Atl\u00e2ntica contou com o apoio da C\u00e1tedra Josu\u00e9 de Castro, e dados dos Censos Agropecu\u00e1rios do Instituto Brasileiro de Geografia e Estat\u00edstica (IBGE), do MapBiomas e do Atlas da Agropecu\u00e1ria Brasileira.<\/p>\n\n\n\n<p class=\"wp-block-paragraph\">&#8212;&#8212;&#8212;&#8212;&#8212;&#8212;<br><br><strong>Sabia que o Aconteceu no Vale est\u00e1 tamb\u00e9m no Telegram? <a rel=\"noreferrer noopener\" href=\"https:\/\/t.me\/aconteceunovaleoficial\" target=\"_blank\">Inscreva-se no canal<\/a>.<\/strong><br><br><strong>J\u00e1 curtiu ou seguiu nossas p\u00e1ginas nas redes sociais?\u00a0Receba as not\u00edcias em primeira m\u00e3o:<\/strong><br>\u2022 <a rel=\"noreferrer noopener\" href=\"https:\/\/news.google.com\/publications\/CAAqBwgKMNjklQswi4etAw?hl=pt-BR&amp;gl=BR&amp;ceid=BR%3Apt-419\" target=\"_blank\">Google News<\/a><br>\u2022 <a rel=\"noreferrer noopener\" href=\"https:\/\/www.facebook.com\/aconteceunovale\/\" target=\"_blank\">Facebook<\/a><br>\u2022 <a rel=\"noreferrer noopener\" href=\"https:\/\/twitter.com\/noticiadosvales\" target=\"_blank\">Twitter<\/a><br>\u2022 <a rel=\"noreferrer noopener\" href=\"https:\/\/www.instagram.com\/aconteceunovale\" target=\"_blank\">Instagram<\/a><br>\u2022 <a rel=\"noreferrer noopener\" href=\"https:\/\/www.youtube.com\/AconteceunoValeOficial\" target=\"_blank\">Youtube<\/a><br>\u2022 <a rel=\"noreferrer noopener\" href=\"https:\/\/www.tiktok.com\/@aconteceunovale\" target=\"_blank\">TikTok<\/a><\/p>\n","protected":false},"excerpt":{"rendered":"<p>A agropecu\u00e1ria na \u00e1rea da Mata Atl\u00e2ntica \u00e9 respons\u00e1vel pela produ\u00e7\u00e3o de mais da metade dos alimentos consumidos no pa\u00eds. O bioma, no entanto, emite somente 26% do total de gases de efeito estufa (GEE) do setor agropecu\u00e1rio brasileiro. Os dados s\u00e3o de estudo divulgado hoje (9) pela organiza\u00e7\u00e3o n\u00e3o governamental (ONG) SOS Mata Atl\u00e2ntica, [&hellip;]<\/p>\n","protected":false},"author":4,"featured_media":192349,"comment_status":"open","ping_status":"closed","sticky":false,"template":"","format":"standard","meta":{"amp_status":"","footnotes":""},"categories":[6],"tags":[266144,266145,266142,266141,1018,266147,8365,266146,266143,48509],"class_list":["post-192348","post","type-post","status-publish","format-standard","has-post-thumbnail","hentry","category-br","tag-agricultura-na-area-da-mata-atlantica","tag-agropecuaria-na-area-da-mata-atlantica","tag-area-da-mata-atlantica","tag-area-da-mata-atlantica-produz-50-dos-alimentos-consumidos-no-brasil","tag-destaque","tag-luis-fernando-guedes-pinto","tag-mata-atlantica","tag-ong-sos-mata-atlantica","tag-producao-de-alimentos-na-area-da-mata-atlantica","tag-sos-mata-atlantica"],"yoast_head":"<!-- This site is optimized with the Yoast SEO plugin v28.3 - https:\/\/yoast.com\/product\/yoast-seo-wordpress\/ -->\n<title>\u00c1rea da Mata Atl\u00e2ntica produz 50% dos alimentos consumidos no Brasil, diz estudo - Aconteceu no Vale<\/title>\n<meta name=\"robots\" content=\"index, follow, max-snippet:-1, max-image-preview:large, max-video-preview:-1\" \/>\n<link rel=\"canonical\" href=\"https:\/\/aconteceunovale.com.br\/portal\/?p=192348\" \/>\n<meta property=\"og:locale\" content=\"pt_BR\" \/>\n<meta property=\"og:type\" content=\"article\" \/>\n<meta property=\"og:title\" content=\"\u00c1rea da Mata Atl\u00e2ntica produz 50% dos alimentos consumidos no Brasil, diz estudo - Aconteceu no Vale\" \/>\n<meta property=\"og:description\" content=\"A agropecu\u00e1ria na \u00e1rea da Mata Atl\u00e2ntica \u00e9 respons\u00e1vel pela produ\u00e7\u00e3o de mais da metade dos alimentos consumidos no pa\u00eds. O bioma, no entanto, emite somente 26% do total de gases de efeito estufa (GEE) do setor agropecu\u00e1rio brasileiro. Os dados s\u00e3o de estudo divulgado hoje (9) pela organiza\u00e7\u00e3o n\u00e3o governamental (ONG) SOS Mata Atl\u00e2ntica, [&hellip;]\" \/>\n<meta property=\"og:url\" content=\"https:\/\/aconteceunovale.com.br\/portal\/?p=192348\" \/>\n<meta property=\"og:site_name\" content=\"Aconteceu no Vale\" \/>\n<meta property=\"article:publisher\" content=\"https:\/\/www.facebook.com\/aconteceunovale\/\" \/>\n<meta property=\"article:published_time\" content=\"2022-11-10T00:24:30+00:00\" \/>\n<meta property=\"article:modified_time\" content=\"2022-11-10T00:25:43+00:00\" \/>\n<meta property=\"og:image\" content=\"https:\/\/aconteceunovale.com.br\/portal\/wp-content\/uploads\/2022\/11\/agricultura_mata_atlantica.png\" \/>\n\t<meta property=\"og:image:width\" content=\"665\" \/>\n\t<meta property=\"og:image:height\" content=\"450\" \/>\n\t<meta property=\"og:image:type\" content=\"image\/png\" \/>\n<meta name=\"author\" content=\"Reda\u00e7\u00e3o Aconteceu no Vale\" \/>\n<meta name=\"twitter:card\" content=\"summary_large_image\" \/>\n<meta name=\"twitter:creator\" content=\"@noticiadosvales\" \/>\n<meta name=\"twitter:site\" content=\"@noticiadosvales\" \/>\n<meta name=\"twitter:label1\" content=\"Escrito por\" \/>\n\t<meta name=\"twitter:data1\" content=\"Reda\u00e7\u00e3o Aconteceu no Vale\" \/>\n\t<meta name=\"twitter:label2\" content=\"Est. tempo de leitura\" \/>\n\t<meta name=\"twitter:data2\" content=\"2 minutos\" \/>\n<script type=\"application\/ld+json\" class=\"yoast-schema-graph\">{\"@context\":\"https:\\\/\\\/schema.org\",\"@graph\":[{\"@type\":\"Article\",\"@id\":\"https:\\\/\\\/aconteceunovale.com.br\\\/portal\\\/?p=192348#article\",\"isPartOf\":{\"@id\":\"https:\\\/\\\/aconteceunovale.com.br\\\/portal\\\/?p=192348\"},\"author\":{\"name\":\"Reda\u00e7\u00e3o Aconteceu no Vale\",\"@id\":\"https:\\\/\\\/aconteceunovale.com.br\\\/portal\\\/#\\\/schema\\\/person\\\/7d2f26d1483f8a63de73da1ee0754d35\"},\"headline\":\"\u00c1rea da Mata Atl\u00e2ntica produz 50% dos alimentos consumidos no Brasil, diz estudo\",\"datePublished\":\"2022-11-10T00:24:30+00:00\",\"dateModified\":\"2022-11-10T00:25:43+00:00\",\"mainEntityOfPage\":{\"@id\":\"https:\\\/\\\/aconteceunovale.com.br\\\/portal\\\/?p=192348\"},\"wordCount\":427,\"commentCount\":0,\"image\":{\"@id\":\"https:\\\/\\\/aconteceunovale.com.br\\\/portal\\\/?p=192348#primaryimage\"},\"thumbnailUrl\":\"https:\\\/\\\/aconteceunovale.com.br\\\/portal\\\/wp-content\\\/uploads\\\/2022\\\/11\\\/agricultura_mata_atlantica.png\",\"keywords\":[\"Agricultura na \u00c1rea da Mata Atl\u00e2ntica\",\"Agropecu\u00e1ria na \u00c1rea da Mata Atl\u00e2ntica\",\"\u00c1rea da Mata Atl\u00e2ntica\",\"\u00c1rea da Mata Atl\u00e2ntica produz 50% dos alimentos consumidos no Brasil\",\"destaque\",\"Lu\u00eds Fernando Guedes Pinto\",\"Mata Atl\u00e2ntica\",\"ONG SOS Mata Atl\u00e2ntica\",\"Produ\u00e7\u00e3o de alimentos na \u00c1rea da Mata Atl\u00e2ntica\",\"SOS Mata Atl\u00e2ntica\"],\"articleSection\":[\"Brasil\"],\"inLanguage\":\"pt-BR\",\"potentialAction\":[{\"@type\":\"CommentAction\",\"name\":\"Comment\",\"target\":[\"https:\\\/\\\/aconteceunovale.com.br\\\/portal\\\/?p=192348#respond\"]}]},{\"@type\":\"WebPage\",\"@id\":\"https:\\\/\\\/aconteceunovale.com.br\\\/portal\\\/?p=192348\",\"url\":\"https:\\\/\\\/aconteceunovale.com.br\\\/portal\\\/?p=192348\",\"name\":\"\u00c1rea da Mata Atl\u00e2ntica produz 50% dos alimentos consumidos no Brasil, diz estudo - Aconteceu no Vale\",\"isPartOf\":{\"@id\":\"https:\\\/\\\/aconteceunovale.com.br\\\/portal\\\/#website\"},\"primaryImageOfPage\":{\"@id\":\"https:\\\/\\\/aconteceunovale.com.br\\\/portal\\\/?p=192348#primaryimage\"},\"image\":{\"@id\":\"https:\\\/\\\/aconteceunovale.com.br\\\/portal\\\/?p=192348#primaryimage\"},\"thumbnailUrl\":\"https:\\\/\\\/aconteceunovale.com.br\\\/portal\\\/wp-content\\\/uploads\\\/2022\\\/11\\\/agricultura_mata_atlantica.png\",\"datePublished\":\"2022-11-10T00:24:30+00:00\",\"dateModified\":\"2022-11-10T00:25:43+00:00\",\"author\":{\"@id\":\"https:\\\/\\\/aconteceunovale.com.br\\\/portal\\\/#\\\/schema\\\/person\\\/7d2f26d1483f8a63de73da1ee0754d35\"},\"breadcrumb\":{\"@id\":\"https:\\\/\\\/aconteceunovale.com.br\\\/portal\\\/?p=192348#breadcrumb\"},\"inLanguage\":\"pt-BR\",\"potentialAction\":[{\"@type\":\"ReadAction\",\"target\":[\"https:\\\/\\\/aconteceunovale.com.br\\\/portal\\\/?p=192348\"]}]},{\"@type\":\"ImageObject\",\"inLanguage\":\"pt-BR\",\"@id\":\"https:\\\/\\\/aconteceunovale.com.br\\\/portal\\\/?p=192348#primaryimage\",\"url\":\"https:\\\/\\\/aconteceunovale.com.br\\\/portal\\\/wp-content\\\/uploads\\\/2022\\\/11\\\/agricultura_mata_atlantica.png\",\"contentUrl\":\"https:\\\/\\\/aconteceunovale.com.br\\\/portal\\\/wp-content\\\/uploads\\\/2022\\\/11\\\/agricultura_mata_atlantica.png\",\"width\":665,\"height\":450},{\"@type\":\"BreadcrumbList\",\"@id\":\"https:\\\/\\\/aconteceunovale.com.br\\\/portal\\\/?p=192348#breadcrumb\",\"itemListElement\":[{\"@type\":\"ListItem\",\"position\":1,\"name\":\"In\u00edcio\",\"item\":\"https:\\\/\\\/aconteceunovale.com.br\\\/portal\\\/\"},{\"@type\":\"ListItem\",\"position\":2,\"name\":\"\u00c1rea da Mata Atl\u00e2ntica produz 50% dos alimentos consumidos no Brasil, diz estudo\"}]},{\"@type\":\"WebSite\",\"@id\":\"https:\\\/\\\/aconteceunovale.com.br\\\/portal\\\/#website\",\"url\":\"https:\\\/\\\/aconteceunovale.com.br\\\/portal\\\/\",\"name\":\"Aconteceu no Vale\",\"description\":\"Portal de Not\u00edcias\",\"potentialAction\":[{\"@type\":\"SearchAction\",\"target\":{\"@type\":\"EntryPoint\",\"urlTemplate\":\"https:\\\/\\\/aconteceunovale.com.br\\\/portal\\\/?s={search_term_string}\"},\"query-input\":{\"@type\":\"PropertyValueSpecification\",\"valueRequired\":true,\"valueName\":\"search_term_string\"}}],\"inLanguage\":\"pt-BR\"},{\"@type\":\"Person\",\"@id\":\"https:\\\/\\\/aconteceunovale.com.br\\\/portal\\\/#\\\/schema\\\/person\\\/7d2f26d1483f8a63de73da1ee0754d35\",\"name\":\"Reda\u00e7\u00e3o Aconteceu no Vale\",\"description\":\"Equipe de reportagem do Aconteceu no Vale, portal de not\u00edcias do Vale do Jequitinhonha, em Minas Gerais. Cobrimos as 51 cidades do Vale desde 2013. Sugest\u00f5es de pauta e pedidos de corre\u00e7\u00e3o: contato@aconteceunovale.com.br\",\"url\":\"https:\\\/\\\/aconteceunovale.com.br\\\/portal\\\/?author=4\"}]}<\/script>\n<!-- \/ Yoast SEO plugin. -->","yoast_head_json":{"title":"\u00c1rea da Mata Atl\u00e2ntica produz 50% dos alimentos consumidos no Brasil, diz estudo - Aconteceu no Vale","robots":{"index":"index","follow":"follow","max-snippet":"max-snippet:-1","max-image-preview":"max-image-preview:large","max-video-preview":"max-video-preview:-1"},"canonical":"https:\/\/aconteceunovale.com.br\/portal\/?p=192348","og_locale":"pt_BR","og_type":"article","og_title":"\u00c1rea da Mata Atl\u00e2ntica produz 50% dos alimentos consumidos no Brasil, diz estudo - Aconteceu no Vale","og_description":"A agropecu\u00e1ria na \u00e1rea da Mata Atl\u00e2ntica \u00e9 respons\u00e1vel pela produ\u00e7\u00e3o de mais da metade dos alimentos consumidos no pa\u00eds. O bioma, no entanto, emite somente 26% do total de gases de efeito estufa (GEE) do setor agropecu\u00e1rio brasileiro. Os dados s\u00e3o de estudo divulgado hoje (9) pela organiza\u00e7\u00e3o n\u00e3o governamental (ONG) SOS Mata Atl\u00e2ntica, [&hellip;]","og_url":"https:\/\/aconteceunovale.com.br\/portal\/?p=192348","og_site_name":"Aconteceu no Vale","article_publisher":"https:\/\/www.facebook.com\/aconteceunovale\/","article_published_time":"2022-11-10T00:24:30+00:00","article_modified_time":"2022-11-10T00:25:43+00:00","og_image":[{"width":665,"height":450,"url":"https:\/\/aconteceunovale.com.br\/portal\/wp-content\/uploads\/2022\/11\/agricultura_mata_atlantica.png","type":"image\/png"}],"author":"Reda\u00e7\u00e3o Aconteceu no Vale","twitter_card":"summary_large_image","twitter_creator":"@noticiadosvales","twitter_site":"@noticiadosvales","twitter_misc":{"Escrito por":"Reda\u00e7\u00e3o Aconteceu no Vale","Est. tempo de leitura":"2 minutos"},"schema":{"@context":"https:\/\/schema.org","@graph":[{"@type":"Article","@id":"https:\/\/aconteceunovale.com.br\/portal\/?p=192348#article","isPartOf":{"@id":"https:\/\/aconteceunovale.com.br\/portal\/?p=192348"},"author":{"name":"Reda\u00e7\u00e3o Aconteceu no Vale","@id":"https:\/\/aconteceunovale.com.br\/portal\/#\/schema\/person\/7d2f26d1483f8a63de73da1ee0754d35"},"headline":"\u00c1rea da Mata Atl\u00e2ntica produz 50% dos alimentos consumidos no Brasil, diz estudo","datePublished":"2022-11-10T00:24:30+00:00","dateModified":"2022-11-10T00:25:43+00:00","mainEntityOfPage":{"@id":"https:\/\/aconteceunovale.com.br\/portal\/?p=192348"},"wordCount":427,"commentCount":0,"image":{"@id":"https:\/\/aconteceunovale.com.br\/portal\/?p=192348#primaryimage"},"thumbnailUrl":"https:\/\/aconteceunovale.com.br\/portal\/wp-content\/uploads\/2022\/11\/agricultura_mata_atlantica.png","keywords":["Agricultura na \u00c1rea da Mata Atl\u00e2ntica","Agropecu\u00e1ria na \u00c1rea da Mata Atl\u00e2ntica","\u00c1rea da Mata Atl\u00e2ntica","\u00c1rea da Mata Atl\u00e2ntica produz 50% dos alimentos consumidos no Brasil","destaque","Lu\u00eds Fernando Guedes Pinto","Mata Atl\u00e2ntica","ONG SOS Mata Atl\u00e2ntica","Produ\u00e7\u00e3o de alimentos na \u00c1rea da Mata Atl\u00e2ntica","SOS Mata Atl\u00e2ntica"],"articleSection":["Brasil"],"inLanguage":"pt-BR","potentialAction":[{"@type":"CommentAction","name":"Comment","target":["https:\/\/aconteceunovale.com.br\/portal\/?p=192348#respond"]}]},{"@type":"WebPage","@id":"https:\/\/aconteceunovale.com.br\/portal\/?p=192348","url":"https:\/\/aconteceunovale.com.br\/portal\/?p=192348","name":"\u00c1rea da Mata Atl\u00e2ntica produz 50% dos alimentos consumidos no Brasil, diz estudo - Aconteceu no Vale","isPartOf":{"@id":"https:\/\/aconteceunovale.com.br\/portal\/#website"},"primaryImageOfPage":{"@id":"https:\/\/aconteceunovale.com.br\/portal\/?p=192348#primaryimage"},"image":{"@id":"https:\/\/aconteceunovale.com.br\/portal\/?p=192348#primaryimage"},"thumbnailUrl":"https:\/\/aconteceunovale.com.br\/portal\/wp-content\/uploads\/2022\/11\/agricultura_mata_atlantica.png","datePublished":"2022-11-10T00:24:30+00:00","dateModified":"2022-11-10T00:25:43+00:00","author":{"@id":"https:\/\/aconteceunovale.com.br\/portal\/#\/schema\/person\/7d2f26d1483f8a63de73da1ee0754d35"},"breadcrumb":{"@id":"https:\/\/aconteceunovale.com.br\/portal\/?p=192348#breadcrumb"},"inLanguage":"pt-BR","potentialAction":[{"@type":"ReadAction","target":["https:\/\/aconteceunovale.com.br\/portal\/?p=192348"]}]},{"@type":"ImageObject","inLanguage":"pt-BR","@id":"https:\/\/aconteceunovale.com.br\/portal\/?p=192348#primaryimage","url":"https:\/\/aconteceunovale.com.br\/portal\/wp-content\/uploads\/2022\/11\/agricultura_mata_atlantica.png","contentUrl":"https:\/\/aconteceunovale.com.br\/portal\/wp-content\/uploads\/2022\/11\/agricultura_mata_atlantica.png","width":665,"height":450},{"@type":"BreadcrumbList","@id":"https:\/\/aconteceunovale.com.br\/portal\/?p=192348#breadcrumb","itemListElement":[{"@type":"ListItem","position":1,"name":"In\u00edcio","item":"https:\/\/aconteceunovale.com.br\/portal\/"},{"@type":"ListItem","position":2,"name":"\u00c1rea da Mata Atl\u00e2ntica produz 50% dos alimentos consumidos no Brasil, diz estudo"}]},{"@type":"WebSite","@id":"https:\/\/aconteceunovale.com.br\/portal\/#website","url":"https:\/\/aconteceunovale.com.br\/portal\/","name":"Aconteceu no Vale","description":"Portal de Not\u00edcias","potentialAction":[{"@type":"SearchAction","target":{"@type":"EntryPoint","urlTemplate":"https:\/\/aconteceunovale.com.br\/portal\/?s={search_term_string}"},"query-input":{"@type":"PropertyValueSpecification","valueRequired":true,"valueName":"search_term_string"}}],"inLanguage":"pt-BR"},{"@type":"Person","@id":"https:\/\/aconteceunovale.com.br\/portal\/#\/schema\/person\/7d2f26d1483f8a63de73da1ee0754d35","name":"Reda\u00e7\u00e3o Aconteceu no Vale","description":"Equipe de reportagem do Aconteceu no Vale, portal de not\u00edcias do Vale do Jequitinhonha, em Minas Gerais. Cobrimos as 51 cidades do Vale desde 2013. Sugest\u00f5es de pauta e pedidos de corre\u00e7\u00e3o: contato@aconteceunovale.com.br","url":"https:\/\/aconteceunovale.com.br\/portal\/?author=4"}]}},"_links":{"self":[{"href":"https:\/\/aconteceunovale.com.br\/portal\/index.php?rest_route=\/wp\/v2\/posts\/192348","targetHints":{"allow":["GET"]}}],"collection":[{"href":"https:\/\/aconteceunovale.com.br\/portal\/index.php?rest_route=\/wp\/v2\/posts"}],"about":[{"href":"https:\/\/aconteceunovale.com.br\/portal\/index.php?rest_route=\/wp\/v2\/types\/post"}],"author":[{"embeddable":true,"href":"https:\/\/aconteceunovale.com.br\/portal\/index.php?rest_route=\/wp\/v2\/users\/4"}],"replies":[{"embeddable":true,"href":"https:\/\/aconteceunovale.com.br\/portal\/index.php?rest_route=%2Fwp%2Fv2%2Fcomments&post=192348"}],"version-history":[{"count":1,"href":"https:\/\/aconteceunovale.com.br\/portal\/index.php?rest_route=\/wp\/v2\/posts\/192348\/revisions"}],"predecessor-version":[{"id":192350,"href":"https:\/\/aconteceunovale.com.br\/portal\/index.php?rest_route=\/wp\/v2\/posts\/192348\/revisions\/192350"}],"wp:featuredmedia":[{"embeddable":true,"href":"https:\/\/aconteceunovale.com.br\/portal\/index.php?rest_route=\/wp\/v2\/media\/192349"}],"wp:attachment":[{"href":"https:\/\/aconteceunovale.com.br\/portal\/index.php?rest_route=%2Fwp%2Fv2%2Fmedia&parent=192348"}],"wp:term":[{"taxonomy":"category","embeddable":true,"href":"https:\/\/aconteceunovale.com.br\/portal\/index.php?rest_route=%2Fwp%2Fv2%2Fcategories&post=192348"},{"taxonomy":"post_tag","embeddable":true,"href":"https:\/\/aconteceunovale.com.br\/portal\/index.php?rest_route=%2Fwp%2Fv2%2Ftags&post=192348"}],"curies":[{"name":"wp","href":"https:\/\/api.w.org\/{rel}","templated":true}]}}