{"id":19232,"date":"2014-01-23T20:04:23","date_gmt":"2014-01-23T22:04:23","guid":{"rendered":"http:\/\/aconteceunovale.com.br\/portal\/?p=19232"},"modified":"2014-01-23T20:04:23","modified_gmt":"2014-01-23T22:04:23","slug":"policia-civil-de-turmalina-apreende-pe-de-maconha","status":"publish","type":"post","link":"https:\/\/aconteceunovale.com.br\/portal\/?p=19232","title":{"rendered":"Pol\u00edcia Civil de Turmalina apreende p\u00e9 de maconha"},"content":{"rendered":"<p>Na manh\u00e3 desta quinta-feira (23\/01), policiais civis da Delegacia de Turmalina, no Vale do Jequitinhonha, apreenderam no distrito de Ca\u00e7aratiba \u2013 Turmalina \u2013 MG, um p\u00e9 de maconha que vinha sendo cultivado por I.A.S.<\/p>\n<p>Na Delegacia o respons\u00e1vel pelo cultivo foi ouvido e alegou ser usu\u00e1rio e que realizava o cultivo para consumo pr\u00f3prio. Ap\u00f3s prestar esclarecimentos e assinar o Termo Circunstanciado de Ocorr\u00eancia, foi liberado.<\/p>\n<p><img decoding=\"async\" src=\"http:\/\/aconteceunovale.com.br\/portal\/wp-content\/uploads\/2014\/01\/pe_de_maconha_turmalina.jpg\" alt=\"\" \/><br \/>\n<em>(Foto: Divulga\u00e7\u00e3o Pol\u00edcia Civil de Turmalina)<\/em><\/p>\n","protected":false},"excerpt":{"rendered":"<p>Na manh\u00e3 desta quinta-feira (23\/01), policiais civis da Delegacia de Turmalina, no Vale do Jequitinhonha, apreenderam no distrito de Ca\u00e7aratiba \u2013 Turmalina \u2013 MG, um p\u00e9 de maconha que vinha sendo cultivado por I.A.S. Na Delegacia o respons\u00e1vel pelo cultivo foi ouvido e alegou ser usu\u00e1rio e que realizava o cultivo para consumo pr\u00f3prio. Ap\u00f3s [&hellip;]<\/p>\n","protected":false},"author":1,"featured_media":19233,"comment_status":"open","ping_status":"closed","sticky":false,"template":"","format":"standard","meta":{"amp_status":"","footnotes":""},"categories":[120],"tags":[3142,3444,178],"class_list":["post-19232","post","type-post","status-publish","format-standard","has-post-thumbnail","hentry","category-jequi","tag-cacaratiba","tag-policia-civil-de-turmalina-apreende-pe-de-maconha","tag-turmalina"],"_links":{"self":[{"href":"https:\/\/aconteceunovale.com.br\/portal\/index.php?rest_route=\/wp\/v2\/posts\/19232","targetHints":{"allow":["GET"]}}],"collection":[{"href":"https:\/\/aconteceunovale.com.br\/portal\/index.php?rest_route=\/wp\/v2\/posts"}],"about":[{"href":"https:\/\/aconteceunovale.com.br\/portal\/index.php?rest_route=\/wp\/v2\/types\/post"}],"author":[{"embeddable":true,"href":"https:\/\/aconteceunovale.com.br\/portal\/index.php?rest_route=\/wp\/v2\/users\/1"}],"replies":[{"embeddable":true,"href":"https:\/\/aconteceunovale.com.br\/portal\/index.php?rest_route=%2Fwp%2Fv2%2Fcomments&post=19232"}],"version-history":[{"count":0,"href":"https:\/\/aconteceunovale.com.br\/portal\/index.php?rest_route=\/wp\/v2\/posts\/19232\/revisions"}],"wp:featuredmedia":[{"embeddable":true,"href":"https:\/\/aconteceunovale.com.br\/portal\/index.php?rest_route=\/wp\/v2\/media\/19233"}],"wp:attachment":[{"href":"https:\/\/aconteceunovale.com.br\/portal\/index.php?rest_route=%2Fwp%2Fv2%2Fmedia&parent=19232"}],"wp:term":[{"taxonomy":"category","embeddable":true,"href":"https:\/\/aconteceunovale.com.br\/portal\/index.php?rest_route=%2Fwp%2Fv2%2Fcategories&post=19232"},{"taxonomy":"post_tag","embeddable":true,"href":"https:\/\/aconteceunovale.com.br\/portal\/index.php?rest_route=%2Fwp%2Fv2%2Ftags&post=19232"}],"curies":[{"name":"wp","href":"https:\/\/api.w.org\/{rel}","templated":true}]}}