{"id":192255,"date":"2022-11-07T23:09:58","date_gmt":"2022-11-08T02:09:58","guid":{"rendered":"https:\/\/aconteceunovale.com.br\/portal\/?p=192255"},"modified":"2022-11-08T09:10:25","modified_gmt":"2022-11-08T12:10:25","slug":"ex-vereador-e-preso-preventivamente-por-estupro","status":"publish","type":"post","link":"https:\/\/aconteceunovale.com.br\/portal\/?p=192255","title":{"rendered":"Ex-vereador \u00e9 preso preventivamente por estupro"},"content":{"rendered":"\n<p class=\"wp-block-paragraph\">A Pol\u00edcia Civil confirmou, em nota, que o ex-vereador Gabriel Monteiro se apresentou hoje (7) na 77\u00aa Delegacia Policial (DP), em Icara\u00ed, Niter\u00f3i, regi\u00e3o metropolitana do Rio de Janeiro, onde foi cumprir o mandado de pris\u00e3o preventiva expedido pela Justi\u00e7a, devido a processo a que ele responde por estupro.<\/p>\n\n\n\n<figure class=\"wp-block-gallery has-nested-images columns-default is-cropped wp-block-gallery-1 is-layout-flex wp-block-gallery-is-layout-flex\">\n<figure class=\"wp-block-image size-large\"><img loading=\"lazy\" decoding=\"async\" width=\"678\" height=\"406\" data-id=\"192256\" src=\"https:\/\/aconteceunovale.com.br\/portal\/wp-content\/uploads\/2022\/11\/gabriel_monteiro.jpg\" alt=\"\" class=\"wp-image-192256\" srcset=\"https:\/\/aconteceunovale.com.br\/portal\/wp-content\/uploads\/2022\/11\/gabriel_monteiro.jpg 678w, https:\/\/aconteceunovale.com.br\/portal\/wp-content\/uploads\/2022\/11\/gabriel_monteiro-300x180.jpg 300w\" sizes=\"auto, (max-width: 678px) 100vw, 678px\" \/><figcaption class=\"wp-element-caption\"><em><sub>Gabriel Monteiro &#8211; Foto: Fernando Fraz\u00e3o\/Ag\u00eancia Brasil<\/sub><\/em><\/figcaption><\/figure>\n<\/figure>\n\n\n\n<p class=\"wp-block-paragraph\">A decis\u00e3o \u00e9 do juiz Rudi Baldi Loewenkron, da 34\u00aa Vara Criminal do Rio de Janeiro. O caso teria acontecido no dia 15 de julho deste ano. O juiz determinou a apreens\u00e3o de armas de fogo e de celulares do acusado.<\/p>\n\n\n\n<p class=\"wp-block-paragraph\">Gabriel Monteiro teve o mandato cassado em 18 de agosto, por quebra de decoro parlamentar. Ass\u00e9dio sexual e moral, tentativas de estupro foram algumas das acusa\u00e7\u00f5es ao ex-vereador.<\/p>\n\n\n\n<p class=\"wp-block-paragraph\">&#8212;&#8212;&#8212;&#8212;&#8212;&#8212;<br><br><strong>Sabia que o Aconteceu no Vale est\u00e1 tamb\u00e9m no Telegram? <a rel=\"noreferrer noopener\" href=\"https:\/\/t.me\/aconteceunovaleoficial\" target=\"_blank\">Inscreva-se no canal<\/a>.<\/strong><br><br><strong>J\u00e1 curtiu ou seguiu nossas p\u00e1ginas nas redes sociais?\u00a0Receba as not\u00edcias em primeira m\u00e3o:<\/strong><br>\u2022 <a rel=\"noreferrer noopener\" href=\"https:\/\/news.google.com\/publications\/CAAqBwgKMNjklQswi4etAw?hl=pt-BR&amp;gl=BR&amp;ceid=BR%3Apt-419\" target=\"_blank\">Google News<\/a><br>\u2022 <a rel=\"noreferrer noopener\" href=\"https:\/\/www.facebook.com\/aconteceunovale\/\" target=\"_blank\">Facebook<\/a><br>\u2022 <a rel=\"noreferrer noopener\" href=\"https:\/\/twitter.com\/noticiadosvales\" target=\"_blank\">Twitter<\/a><br>\u2022 <a rel=\"noreferrer noopener\" href=\"https:\/\/www.instagram.com\/aconteceunovale\" target=\"_blank\">Instagram<\/a><br>\u2022 <a rel=\"noreferrer noopener\" href=\"https:\/\/www.youtube.com\/AconteceunoValeOficial\" target=\"_blank\">Youtube<\/a><br>\u2022 <a rel=\"noreferrer noopener\" href=\"https:\/\/www.tiktok.com\/@aconteceunovale\" target=\"_blank\">TikTok<\/a><\/p>\n","protected":false},"excerpt":{"rendered":"<p>A Pol\u00edcia Civil confirmou, em nota, que o ex-vereador Gabriel Monteiro se apresentou hoje (7) na 77\u00aa Delegacia Policial (DP), em Icara\u00ed, Niter\u00f3i, regi\u00e3o metropolitana do Rio de Janeiro, onde foi cumprir o mandado de pris\u00e3o preventiva expedido pela Justi\u00e7a, devido a processo a que ele responde por estupro. A decis\u00e3o \u00e9 do juiz Rudi [&hellip;]<\/p>\n","protected":false},"author":4,"featured_media":192256,"comment_status":"open","ping_status":"closed","sticky":false,"template":"","format":"standard","meta":{"amp_status":"","footnotes":""},"categories":[6,40240],"tags":[262590,1018,266013,260394,261548,265994,265995,265991,96508,265993,243991,243467,265992,260393,260395],"class_list":["post-192255","post","type-post","status-publish","format-standard","has-post-thumbnail","hentry","category-br","category-politica","tag-camara-cassa-mandato-de-gabriel-monteiro","tag-destaque","tag-ex-vereador-e-preso-preventivamente-por-estupro","tag-gabriel-monteiro","tag-gabriel-monteiro-vira-reu-por-assedio-sexual-a-ex-assessora","tag-justica-decreta-prisao-de-gabriel-monteiro","tag-justica-decreta-prisao-preventiva-de-gabriel-monteiro","tag-justica-do-rio-de-janeiro-decreta-prisao-preventiva-de-gabriel-monteiro","tag-mprj","tag-ordem-de-prisao-de-gabriel-monteiro","tag-partido-liberal","tag-pl","tag-prisao-de-gabriel-monteiro","tag-vereador-e-denunciado-por-filmar-relacao-com-adolescente","tag-vereador-gabriel-monteiro"],"yoast_head":"<!-- This site is optimized with the Yoast SEO plugin v28.3 - https:\/\/yoast.com\/product\/yoast-seo-wordpress\/ -->\n<title>Ex-vereador \u00e9 preso preventivamente por estupro - Aconteceu no Vale<\/title>\n<meta name=\"robots\" content=\"index, follow, max-snippet:-1, max-image-preview:large, max-video-preview:-1\" \/>\n<link rel=\"canonical\" href=\"https:\/\/aconteceunovale.com.br\/portal\/?p=192255\" \/>\n<meta property=\"og:locale\" content=\"pt_BR\" \/>\n<meta property=\"og:type\" content=\"article\" \/>\n<meta property=\"og:title\" content=\"Ex-vereador \u00e9 preso preventivamente por estupro - Aconteceu no Vale\" \/>\n<meta property=\"og:description\" content=\"A Pol\u00edcia Civil confirmou, em nota, que o ex-vereador Gabriel Monteiro se apresentou hoje (7) na 77\u00aa Delegacia Policial (DP), em Icara\u00ed, Niter\u00f3i, regi\u00e3o metropolitana do Rio de Janeiro, onde foi cumprir o mandado de pris\u00e3o preventiva expedido pela Justi\u00e7a, devido a processo a que ele responde por estupro. A decis\u00e3o \u00e9 do juiz Rudi [&hellip;]\" \/>\n<meta property=\"og:url\" content=\"https:\/\/aconteceunovale.com.br\/portal\/?p=192255\" \/>\n<meta property=\"og:site_name\" content=\"Aconteceu no Vale\" \/>\n<meta property=\"article:publisher\" content=\"https:\/\/www.facebook.com\/aconteceunovale\/\" \/>\n<meta property=\"article:published_time\" content=\"2022-11-08T02:09:58+00:00\" \/>\n<meta property=\"article:modified_time\" content=\"2022-11-08T12:10:25+00:00\" \/>\n<meta property=\"og:image\" content=\"https:\/\/aconteceunovale.com.br\/portal\/wp-content\/uploads\/2022\/11\/gabriel_monteiro.jpg\" \/>\n\t<meta property=\"og:image:width\" content=\"678\" \/>\n\t<meta property=\"og:image:height\" content=\"406\" \/>\n\t<meta property=\"og:image:type\" content=\"image\/jpeg\" \/>\n<meta name=\"author\" content=\"Reda\u00e7\u00e3o Aconteceu no Vale\" \/>\n<meta name=\"twitter:card\" content=\"summary_large_image\" \/>\n<meta name=\"twitter:creator\" content=\"@noticiadosvales\" \/>\n<meta name=\"twitter:site\" content=\"@noticiadosvales\" \/>\n<meta name=\"twitter:label1\" content=\"Escrito por\" \/>\n\t<meta name=\"twitter:data1\" content=\"Reda\u00e7\u00e3o Aconteceu no Vale\" \/>\n\t<meta name=\"twitter:label2\" content=\"Est. tempo de leitura\" \/>\n\t<meta name=\"twitter:data2\" content=\"1 minuto\" \/>\n<script type=\"application\/ld+json\" class=\"yoast-schema-graph\">{\"@context\":\"https:\\\/\\\/schema.org\",\"@graph\":[{\"@type\":\"Article\",\"@id\":\"https:\\\/\\\/aconteceunovale.com.br\\\/portal\\\/?p=192255#article\",\"isPartOf\":{\"@id\":\"https:\\\/\\\/aconteceunovale.com.br\\\/portal\\\/?p=192255\"},\"author\":{\"name\":\"Reda\u00e7\u00e3o Aconteceu no Vale\",\"@id\":\"https:\\\/\\\/aconteceunovale.com.br\\\/portal\\\/#\\\/schema\\\/person\\\/7d2f26d1483f8a63de73da1ee0754d35\"},\"headline\":\"Ex-vereador \u00e9 preso preventivamente por estupro\",\"datePublished\":\"2022-11-08T02:09:58+00:00\",\"dateModified\":\"2022-11-08T12:10:25+00:00\",\"mainEntityOfPage\":{\"@id\":\"https:\\\/\\\/aconteceunovale.com.br\\\/portal\\\/?p=192255\"},\"wordCount\":176,\"commentCount\":0,\"image\":{\"@id\":\"https:\\\/\\\/aconteceunovale.com.br\\\/portal\\\/?p=192255#primaryimage\"},\"thumbnailUrl\":\"https:\\\/\\\/aconteceunovale.com.br\\\/portal\\\/wp-content\\\/uploads\\\/2022\\\/11\\\/gabriel_monteiro.jpg\",\"keywords\":[\"C\u00e2mara cassa mandato de Gabriel Monteiro\",\"destaque\",\"Ex-vereador \u00e9 preso preventivamente por estupro\",\"Gabriel Monteiro\",\"Gabriel Monteiro vira r\u00e9u por ass\u00e9dio sexual a ex-assessora\",\"Justi\u00e7a decreta pris\u00e3o de Gabriel Monteiro\",\"Justi\u00e7a decreta pris\u00e3o preventiva de Gabriel Monteiro\",\"Justi\u00e7a do Rio de Janeiro decreta pris\u00e3o preventiva de Gabriel Monteiro\",\"MPRJ\",\"Ordem de pris\u00e3o de Gabriel Monteiro\",\"Partido Liberal\",\"PL\",\"Pris\u00e3o de Gabriel Monteiro\",\"Vereador \u00e9 denunciado por filmar rela\u00e7\u00e3o com adolescente\",\"Vereador Gabriel Monteiro\"],\"articleSection\":[\"Brasil\",\"Pol\u00edtica\"],\"inLanguage\":\"pt-BR\",\"potentialAction\":[{\"@type\":\"CommentAction\",\"name\":\"Comment\",\"target\":[\"https:\\\/\\\/aconteceunovale.com.br\\\/portal\\\/?p=192255#respond\"]}]},{\"@type\":\"WebPage\",\"@id\":\"https:\\\/\\\/aconteceunovale.com.br\\\/portal\\\/?p=192255\",\"url\":\"https:\\\/\\\/aconteceunovale.com.br\\\/portal\\\/?p=192255\",\"name\":\"Ex-vereador \u00e9 preso preventivamente por estupro - Aconteceu no Vale\",\"isPartOf\":{\"@id\":\"https:\\\/\\\/aconteceunovale.com.br\\\/portal\\\/#website\"},\"primaryImageOfPage\":{\"@id\":\"https:\\\/\\\/aconteceunovale.com.br\\\/portal\\\/?p=192255#primaryimage\"},\"image\":{\"@id\":\"https:\\\/\\\/aconteceunovale.com.br\\\/portal\\\/?p=192255#primaryimage\"},\"thumbnailUrl\":\"https:\\\/\\\/aconteceunovale.com.br\\\/portal\\\/wp-content\\\/uploads\\\/2022\\\/11\\\/gabriel_monteiro.jpg\",\"datePublished\":\"2022-11-08T02:09:58+00:00\",\"dateModified\":\"2022-11-08T12:10:25+00:00\",\"author\":{\"@id\":\"https:\\\/\\\/aconteceunovale.com.br\\\/portal\\\/#\\\/schema\\\/person\\\/7d2f26d1483f8a63de73da1ee0754d35\"},\"breadcrumb\":{\"@id\":\"https:\\\/\\\/aconteceunovale.com.br\\\/portal\\\/?p=192255#breadcrumb\"},\"inLanguage\":\"pt-BR\",\"potentialAction\":[{\"@type\":\"ReadAction\",\"target\":[\"https:\\\/\\\/aconteceunovale.com.br\\\/portal\\\/?p=192255\"]}]},{\"@type\":\"ImageObject\",\"inLanguage\":\"pt-BR\",\"@id\":\"https:\\\/\\\/aconteceunovale.com.br\\\/portal\\\/?p=192255#primaryimage\",\"url\":\"https:\\\/\\\/aconteceunovale.com.br\\\/portal\\\/wp-content\\\/uploads\\\/2022\\\/11\\\/gabriel_monteiro.jpg\",\"contentUrl\":\"https:\\\/\\\/aconteceunovale.com.br\\\/portal\\\/wp-content\\\/uploads\\\/2022\\\/11\\\/gabriel_monteiro.jpg\",\"width\":678,\"height\":406,\"caption\":\"seu mandato na C\u00e2mara Municipal do Rio.\"},{\"@type\":\"BreadcrumbList\",\"@id\":\"https:\\\/\\\/aconteceunovale.com.br\\\/portal\\\/?p=192255#breadcrumb\",\"itemListElement\":[{\"@type\":\"ListItem\",\"position\":1,\"name\":\"In\u00edcio\",\"item\":\"https:\\\/\\\/aconteceunovale.com.br\\\/portal\\\/\"},{\"@type\":\"ListItem\",\"position\":2,\"name\":\"Ex-vereador \u00e9 preso preventivamente por estupro\"}]},{\"@type\":\"WebSite\",\"@id\":\"https:\\\/\\\/aconteceunovale.com.br\\\/portal\\\/#website\",\"url\":\"https:\\\/\\\/aconteceunovale.com.br\\\/portal\\\/\",\"name\":\"Aconteceu no Vale\",\"description\":\"Portal de Not\u00edcias\",\"potentialAction\":[{\"@type\":\"SearchAction\",\"target\":{\"@type\":\"EntryPoint\",\"urlTemplate\":\"https:\\\/\\\/aconteceunovale.com.br\\\/portal\\\/?s={search_term_string}\"},\"query-input\":{\"@type\":\"PropertyValueSpecification\",\"valueRequired\":true,\"valueName\":\"search_term_string\"}}],\"inLanguage\":\"pt-BR\"},{\"@type\":\"Person\",\"@id\":\"https:\\\/\\\/aconteceunovale.com.br\\\/portal\\\/#\\\/schema\\\/person\\\/7d2f26d1483f8a63de73da1ee0754d35\",\"name\":\"Reda\u00e7\u00e3o Aconteceu no Vale\",\"description\":\"Equipe de reportagem do Aconteceu no Vale, portal de not\u00edcias do Vale do Jequitinhonha, em Minas Gerais. Cobrimos as 51 cidades do Vale desde 2013. Sugest\u00f5es de pauta e pedidos de corre\u00e7\u00e3o: contato@aconteceunovale.com.br\",\"url\":\"https:\\\/\\\/aconteceunovale.com.br\\\/portal\\\/?author=4\"}]}<\/script>\n<!-- \/ Yoast SEO plugin. -->","yoast_head_json":{"title":"Ex-vereador \u00e9 preso preventivamente por estupro - Aconteceu no Vale","robots":{"index":"index","follow":"follow","max-snippet":"max-snippet:-1","max-image-preview":"max-image-preview:large","max-video-preview":"max-video-preview:-1"},"canonical":"https:\/\/aconteceunovale.com.br\/portal\/?p=192255","og_locale":"pt_BR","og_type":"article","og_title":"Ex-vereador \u00e9 preso preventivamente por estupro - Aconteceu no Vale","og_description":"A Pol\u00edcia Civil confirmou, em nota, que o ex-vereador Gabriel Monteiro se apresentou hoje (7) na 77\u00aa Delegacia Policial (DP), em Icara\u00ed, Niter\u00f3i, regi\u00e3o metropolitana do Rio de Janeiro, onde foi cumprir o mandado de pris\u00e3o preventiva expedido pela Justi\u00e7a, devido a processo a que ele responde por estupro. A decis\u00e3o \u00e9 do juiz Rudi [&hellip;]","og_url":"https:\/\/aconteceunovale.com.br\/portal\/?p=192255","og_site_name":"Aconteceu no Vale","article_publisher":"https:\/\/www.facebook.com\/aconteceunovale\/","article_published_time":"2022-11-08T02:09:58+00:00","article_modified_time":"2022-11-08T12:10:25+00:00","og_image":[{"width":678,"height":406,"url":"https:\/\/aconteceunovale.com.br\/portal\/wp-content\/uploads\/2022\/11\/gabriel_monteiro.jpg","type":"image\/jpeg"}],"author":"Reda\u00e7\u00e3o Aconteceu no Vale","twitter_card":"summary_large_image","twitter_creator":"@noticiadosvales","twitter_site":"@noticiadosvales","twitter_misc":{"Escrito por":"Reda\u00e7\u00e3o Aconteceu no Vale","Est. tempo de leitura":"1 minuto"},"schema":{"@context":"https:\/\/schema.org","@graph":[{"@type":"Article","@id":"https:\/\/aconteceunovale.com.br\/portal\/?p=192255#article","isPartOf":{"@id":"https:\/\/aconteceunovale.com.br\/portal\/?p=192255"},"author":{"name":"Reda\u00e7\u00e3o Aconteceu no Vale","@id":"https:\/\/aconteceunovale.com.br\/portal\/#\/schema\/person\/7d2f26d1483f8a63de73da1ee0754d35"},"headline":"Ex-vereador \u00e9 preso preventivamente por estupro","datePublished":"2022-11-08T02:09:58+00:00","dateModified":"2022-11-08T12:10:25+00:00","mainEntityOfPage":{"@id":"https:\/\/aconteceunovale.com.br\/portal\/?p=192255"},"wordCount":176,"commentCount":0,"image":{"@id":"https:\/\/aconteceunovale.com.br\/portal\/?p=192255#primaryimage"},"thumbnailUrl":"https:\/\/aconteceunovale.com.br\/portal\/wp-content\/uploads\/2022\/11\/gabriel_monteiro.jpg","keywords":["C\u00e2mara cassa mandato de Gabriel Monteiro","destaque","Ex-vereador \u00e9 preso preventivamente por estupro","Gabriel Monteiro","Gabriel Monteiro vira r\u00e9u por ass\u00e9dio sexual a ex-assessora","Justi\u00e7a decreta pris\u00e3o de Gabriel Monteiro","Justi\u00e7a decreta pris\u00e3o preventiva de Gabriel Monteiro","Justi\u00e7a do Rio de Janeiro decreta pris\u00e3o preventiva de Gabriel Monteiro","MPRJ","Ordem de pris\u00e3o de Gabriel Monteiro","Partido Liberal","PL","Pris\u00e3o de Gabriel Monteiro","Vereador \u00e9 denunciado por filmar rela\u00e7\u00e3o com adolescente","Vereador Gabriel Monteiro"],"articleSection":["Brasil","Pol\u00edtica"],"inLanguage":"pt-BR","potentialAction":[{"@type":"CommentAction","name":"Comment","target":["https:\/\/aconteceunovale.com.br\/portal\/?p=192255#respond"]}]},{"@type":"WebPage","@id":"https:\/\/aconteceunovale.com.br\/portal\/?p=192255","url":"https:\/\/aconteceunovale.com.br\/portal\/?p=192255","name":"Ex-vereador \u00e9 preso preventivamente por estupro - Aconteceu no Vale","isPartOf":{"@id":"https:\/\/aconteceunovale.com.br\/portal\/#website"},"primaryImageOfPage":{"@id":"https:\/\/aconteceunovale.com.br\/portal\/?p=192255#primaryimage"},"image":{"@id":"https:\/\/aconteceunovale.com.br\/portal\/?p=192255#primaryimage"},"thumbnailUrl":"https:\/\/aconteceunovale.com.br\/portal\/wp-content\/uploads\/2022\/11\/gabriel_monteiro.jpg","datePublished":"2022-11-08T02:09:58+00:00","dateModified":"2022-11-08T12:10:25+00:00","author":{"@id":"https:\/\/aconteceunovale.com.br\/portal\/#\/schema\/person\/7d2f26d1483f8a63de73da1ee0754d35"},"breadcrumb":{"@id":"https:\/\/aconteceunovale.com.br\/portal\/?p=192255#breadcrumb"},"inLanguage":"pt-BR","potentialAction":[{"@type":"ReadAction","target":["https:\/\/aconteceunovale.com.br\/portal\/?p=192255"]}]},{"@type":"ImageObject","inLanguage":"pt-BR","@id":"https:\/\/aconteceunovale.com.br\/portal\/?p=192255#primaryimage","url":"https:\/\/aconteceunovale.com.br\/portal\/wp-content\/uploads\/2022\/11\/gabriel_monteiro.jpg","contentUrl":"https:\/\/aconteceunovale.com.br\/portal\/wp-content\/uploads\/2022\/11\/gabriel_monteiro.jpg","width":678,"height":406,"caption":"seu mandato na C\u00e2mara Municipal do Rio."},{"@type":"BreadcrumbList","@id":"https:\/\/aconteceunovale.com.br\/portal\/?p=192255#breadcrumb","itemListElement":[{"@type":"ListItem","position":1,"name":"In\u00edcio","item":"https:\/\/aconteceunovale.com.br\/portal\/"},{"@type":"ListItem","position":2,"name":"Ex-vereador \u00e9 preso preventivamente por estupro"}]},{"@type":"WebSite","@id":"https:\/\/aconteceunovale.com.br\/portal\/#website","url":"https:\/\/aconteceunovale.com.br\/portal\/","name":"Aconteceu no Vale","description":"Portal de Not\u00edcias","potentialAction":[{"@type":"SearchAction","target":{"@type":"EntryPoint","urlTemplate":"https:\/\/aconteceunovale.com.br\/portal\/?s={search_term_string}"},"query-input":{"@type":"PropertyValueSpecification","valueRequired":true,"valueName":"search_term_string"}}],"inLanguage":"pt-BR"},{"@type":"Person","@id":"https:\/\/aconteceunovale.com.br\/portal\/#\/schema\/person\/7d2f26d1483f8a63de73da1ee0754d35","name":"Reda\u00e7\u00e3o Aconteceu no Vale","description":"Equipe de reportagem do Aconteceu no Vale, portal de not\u00edcias do Vale do Jequitinhonha, em Minas Gerais. Cobrimos as 51 cidades do Vale desde 2013. Sugest\u00f5es de pauta e pedidos de corre\u00e7\u00e3o: contato@aconteceunovale.com.br","url":"https:\/\/aconteceunovale.com.br\/portal\/?author=4"}]}},"_links":{"self":[{"href":"https:\/\/aconteceunovale.com.br\/portal\/index.php?rest_route=\/wp\/v2\/posts\/192255","targetHints":{"allow":["GET"]}}],"collection":[{"href":"https:\/\/aconteceunovale.com.br\/portal\/index.php?rest_route=\/wp\/v2\/posts"}],"about":[{"href":"https:\/\/aconteceunovale.com.br\/portal\/index.php?rest_route=\/wp\/v2\/types\/post"}],"author":[{"embeddable":true,"href":"https:\/\/aconteceunovale.com.br\/portal\/index.php?rest_route=\/wp\/v2\/users\/4"}],"replies":[{"embeddable":true,"href":"https:\/\/aconteceunovale.com.br\/portal\/index.php?rest_route=%2Fwp%2Fv2%2Fcomments&post=192255"}],"version-history":[{"count":1,"href":"https:\/\/aconteceunovale.com.br\/portal\/index.php?rest_route=\/wp\/v2\/posts\/192255\/revisions"}],"predecessor-version":[{"id":192257,"href":"https:\/\/aconteceunovale.com.br\/portal\/index.php?rest_route=\/wp\/v2\/posts\/192255\/revisions\/192257"}],"wp:featuredmedia":[{"embeddable":true,"href":"https:\/\/aconteceunovale.com.br\/portal\/index.php?rest_route=\/wp\/v2\/media\/192256"}],"wp:attachment":[{"href":"https:\/\/aconteceunovale.com.br\/portal\/index.php?rest_route=%2Fwp%2Fv2%2Fmedia&parent=192255"}],"wp:term":[{"taxonomy":"category","embeddable":true,"href":"https:\/\/aconteceunovale.com.br\/portal\/index.php?rest_route=%2Fwp%2Fv2%2Fcategories&post=192255"},{"taxonomy":"post_tag","embeddable":true,"href":"https:\/\/aconteceunovale.com.br\/portal\/index.php?rest_route=%2Fwp%2Fv2%2Ftags&post=192255"}],"curies":[{"name":"wp","href":"https:\/\/api.w.org\/{rel}","templated":true}]}}