{"id":192139,"date":"2022-11-05T07:43:00","date_gmt":"2022-11-05T10:43:00","guid":{"rendered":"https:\/\/aconteceunovale.com.br\/portal\/?p=192139"},"modified":"2022-11-05T22:30:07","modified_gmt":"2022-11-06T01:30:07","slug":"novo-distrito-de-bento-rodrigues-toma-forma-mas-se-distancia-do-aspecto-rural","status":"publish","type":"post","link":"https:\/\/aconteceunovale.com.br\/portal\/?p=192139","title":{"rendered":"Novo distrito de Bento Rodrigues toma forma, mas se distancia do aspecto rural"},"content":{"rendered":"\n<p>Casinhas simples de um pavimento, horta no quintal, galinheiro no fundo da casa, poucos muros e muito verde: na\u00a0<a rel=\"noreferrer noopener\" href=\"https:\/\/www.google.com\/maps\/@-20.2372447,-43.4176519,3a,75y,6.92h,86.62t\/data=!3m6!1e1!3m4!1sE0W60_jGU9PJ03L-r8mqVw!2e0!7i13312!8i6656\" target=\"_blank\">plataforma Google Street View<\/a>, ainda \u00e9 poss\u00edvel passear virtualmente pelas ruas do distrito de Bento Rodrigues, em Mariana (MG). As imagens dispon\u00edveis s\u00e3o de 2012, pouco mais de tr\u00eas anos antes de a comunidade ser soterrada pela avalanche de rejeitos liberada no rompimento da barragem da mineradora Samarco.<\/p>\n\n\n\n<figure class=\"wp-block-gallery has-nested-images columns-default is-cropped wp-block-gallery-1 is-layout-flex wp-block-gallery-is-layout-flex\">\n<figure class=\"wp-block-image size-large\"><img loading=\"lazy\" decoding=\"async\" width=\"678\" height=\"406\" data-id=\"192140\" src=\"https:\/\/aconteceunovale.com.br\/portal\/wp-content\/uploads\/2022\/11\/novo_bento_rodrigues_1.jpg\" alt=\"\" class=\"wp-image-192140\" srcset=\"https:\/\/aconteceunovale.com.br\/portal\/wp-content\/uploads\/2022\/11\/novo_bento_rodrigues_1.jpg 678w, https:\/\/aconteceunovale.com.br\/portal\/wp-content\/uploads\/2022\/11\/novo_bento_rodrigues_1-300x180.jpg 300w\" sizes=\"auto, (max-width: 678px) 100vw, 678px\" \/><figcaption class=\"wp-element-caption\"><em><sub>Foto: T\u00e2nia R\u00eago\/Ag\u00eancia Brasil<\/sub><\/em><\/figcaption><\/figure>\n<\/figure>\n\n\n\n<p>Passados exatos sete anos da trag\u00e9dia que deixou 19 mortos e impactou dezenas de cidades mineiras e capixabas na bacia do Rio Doce, os moradores do distrito mais arrasado ainda esperam a conclus\u00e3o das obras de reconstru\u00e7\u00e3o de suas casas.<\/p>\n\n\n\n<p>Com 78 edifica\u00e7\u00f5es conclu\u00eddas, a comunidade que vai tomando forma pouco lembra aquela que ficou embaixo da lama. Os im\u00f3veis maiores e de padr\u00e3o construtivo mais elevado, cercados por muros, alguns com churrasqueiras e piscinas, d\u00e3o ares de um condom\u00ednio urbano e se distanciam da paisagem de uma comunidade rural.<\/p>\n\n\n\n<figure class=\"wp-block-gallery has-nested-images columns-default is-cropped wp-block-gallery-2 is-layout-flex wp-block-gallery-is-layout-flex\">\n<figure class=\"wp-block-image size-large\"><img loading=\"lazy\" decoding=\"async\" width=\"754\" height=\"503\" data-id=\"192141\" src=\"https:\/\/aconteceunovale.com.br\/portal\/wp-content\/uploads\/2022\/11\/novo_bento_rodrigues_2.jpg\" alt=\"\" class=\"wp-image-192141\" srcset=\"https:\/\/aconteceunovale.com.br\/portal\/wp-content\/uploads\/2022\/11\/novo_bento_rodrigues_2.jpg 754w, https:\/\/aconteceunovale.com.br\/portal\/wp-content\/uploads\/2022\/11\/novo_bento_rodrigues_2-300x200.jpg 300w, https:\/\/aconteceunovale.com.br\/portal\/wp-content\/uploads\/2022\/11\/novo_bento_rodrigues_2-696x464.jpg 696w, https:\/\/aconteceunovale.com.br\/portal\/wp-content\/uploads\/2022\/11\/novo_bento_rodrigues_2-630x420.jpg 630w\" sizes=\"auto, (max-width: 754px) 100vw, 754px\" \/><figcaption class=\"wp-element-caption\"><em><sub>Foto: T\u00e2nia R\u00eago\/Ag\u00eancia Brasil<\/sub><\/em><\/figcaption><\/figure>\n<\/figure>\n\n\n\n<p>Al\u00e9m das edifica\u00e7\u00f5es&nbsp;conclu\u00eddas, h\u00e1 76 com obras em andamento. Outras 30 est\u00e3o prestes a come\u00e7ar a constru\u00e7\u00e3o ou permanecem em fase de elabora\u00e7\u00e3o de projeto. H\u00e1 ainda 25 casos que foram judicializados, por falta de entendimento entre as fam\u00edlias e a Funda\u00e7\u00e3o Renova, entidade que administra as&nbsp;medidas de repara\u00e7\u00e3o da trag\u00e9dia. Ela foi criada por meio de um termo de transa\u00e7\u00e3o e ajustamento de conduta (TTAC) firmado em mar\u00e7o de 2016 pelo governo federal, pelos governos de Minas Gerais e do Esp\u00edrito Santo, pela Samarco e por suas acionistas Vale e BHP Billiton.<\/p>\n\n\n\n<p>O acordo previa que as mineradoras repassassem recursos para a Funda\u00e7\u00e3o Renova, que ficou respons\u00e1vel por gerir todas as medidas de 42 programas pactuados, entre eles, o de reassentamento. A entidade, no entanto, tem sido alvo de diversos questionamentos judiciais por parte dos atingidos e do Poder P\u00fablico. O Minist\u00e9rio P\u00fablico de Minas Gerais (MPMG)\u00a0chegou a\u00a0pedir a\u00a0extin\u00e7\u00e3o\u00a0da funda\u00e7\u00e3o por considerar que ela n\u00e3o possui a devida autonomia frente \u00e0s tr\u00eas empresas. Houve recentemente uma tentativa de repactua\u00e7\u00e3o do processo reparat\u00f3rio: conduzido pelo Conselho Nacional de Justi\u00e7a (CNJ), as\u00a0negocia\u00e7\u00f5es fracassaram e foram\u00a0encerradas em agosto.<\/p>\n\n\n\n<p>Diante das diverg\u00eancias, h\u00e1 muitas quest\u00f5es relacionadas a indeniza\u00e7\u00f5es, repara\u00e7\u00e3o ambiental e outros temas sendo tratadas judicialmente. O atraso das obras de reassentamento \u00e9 assunto de um processo movido pelo MPMG: a\u00a0institui\u00e7\u00e3o\u00a0cobra uma multa\u00a0de R$ 1 milh\u00e3o por dia, contado a partir de\u00a027 de fevereiro\u00a0de 2021, \u00faltimo prazo fixado pela Justi\u00e7a para conclus\u00e3o do reassentamento.<\/p>\n\n\n\n<p>&#8220;As empresas fizeram uma proposta para extinguir a a\u00e7\u00e3o e eles iam pagar 40% ou 60% da multa. Mas eles t\u00eam que pagar a multa integral. A proposta deles \u00e9 pagar menos pra extinguir a a\u00e7\u00e3o e ainda parar de contar o tempo. Desse jeito, eles continuam atrasando sem sofrer&nbsp;novas puni\u00e7\u00f5es&#8221;, diz M\u00f4nica dos Santos, 36 anos, integrante da Comiss\u00e3o de Atingidos de Bento Rodrigues.<\/p>\n\n\n\n<p>A Samarco diz que discute a quest\u00e3o em ju\u00edzo. Por sua vez, a Funda\u00e7\u00e3o Renova afirma que aguarda o julgamento definitivo da quest\u00e3o e que apresentou fatos novos que comprovariam que os atrasos foram influenciados por quest\u00f5es que extrapolam os esfor\u00e7os da entidade, tais como mudan\u00e7as na legisla\u00e7\u00e3o municipal, obten\u00e7\u00e3o de alvar\u00e1s e aprova\u00e7\u00e3o das fam\u00edlias.<\/p>\n\n\n\n<p>Bento Rodrigues est\u00e1 sendo reconstru\u00eddo em um terreno escolhido pela pr\u00f3pria comunidade, em vota\u00e7\u00e3o realizada em 2016, e posteriormente adquirido pela Funda\u00e7\u00e3o Renova. O cronograma original das obras previa a entrega das casas em 2018. Mas foi somente em 2018 que a entidade aprovou o projeto urban\u00edstico junto aos atingidos e os trabalhos tiveram in\u00edcio. Dessa forma, as estimativas mudaram algumas vezes at\u00e9 que a Funda\u00e7\u00e3o Renova parou de divulgar datas e o MPMG decidiu judicializar a quest\u00e3o.<\/p>\n\n\n\n<p>O presidente da Funda\u00e7\u00e3o Renova, Andr\u00e9 de Freitas, considera que o car\u00e1ter&nbsp;participativo e o desenvolvimento de projetos exclusivos torna o processo mais lento. Ele tamb\u00e9m afirma que a pandemia de covid-19 causou desacelera\u00e7\u00e3o dos trabalhos, embora reconhe\u00e7a que a situa\u00e7\u00e3o \u00e9 emocionalmente dif\u00edcil para as fam\u00edlias.<\/p>\n\n\n\n<p>&#8220;Realmente j\u00e1 \u00e9 muito tempo. Do ponto de vista racional, quando eu vejo a linha do tempo, eu entendo que todas as etapas que o processo teve que cumprir n\u00e3o privilegiaram uma l\u00f3gica de celeridade. Eram outras l\u00f3gicas. O processo construtivo \u00e9 extremamente customizado, ele traz um uma complexidade maior e que demanda mais tempo&#8221;, acrescentou.<\/p>\n\n\n\n<p>A situa\u00e7\u00e3o se repete nas obras de Paracatu de Baixo, outra comunidade de Mariana que foi devastada na trag\u00e9dia. Ser\u00e3o atendidas 80 fam\u00edlias. At\u00e9 o momento, nenhuma casa est\u00e1 conclu\u00edda. H\u00e1 56 em constru\u00e7\u00e3o, com a expectativa de entrega de pelo menos 47 ainda este ano.<\/p>\n\n\n\n<p>Os planos de reconstru\u00e7\u00e3o de uma terceira comunidade devastada, at\u00e9 agora, pouco avan\u00e7aram. Diante de diversos desentendimentos com os atingidos de Gesteira, distrito da cidade de Barra Mansa (MG), as obras n\u00e3o sa\u00edram do papel e o caso acabou na Justi\u00e7a&nbsp;em 2019.<\/p>\n\n\n\n<p>Segundo a Funda\u00e7\u00e3o Renova, das 37 fam\u00edlias que viviam no local, 29 aceitaram um acordo para compra de uma casa em outra localidade ou para receber valores em dinheiro. Uma audi\u00eancia judicial agendada para a pr\u00f3xima&nbsp;quinta-feira (8) poder\u00e1 trazer respostas para as demais.<\/p>\n\n\n\n<h2 class=\"wp-block-heading\">Modos de vida<\/h2>\n\n\n\n<p>A equipe que realizou o atendimento junto \u00e0s fam\u00edlias chegou a contar, no pico, com 47 arquitetos. Segundo a Funda\u00e7\u00e3o Renova, a disposi\u00e7\u00e3o das casas levou em conta as rela\u00e7\u00f5es de vizinhan\u00e7a na comunidade destru\u00edda e cada projeto individual foi desenvolvido considerando tanto caracter\u00edsticas do antigo im\u00f3vel como desejos da fam\u00edlia, que passaram a projetar o futuro.<\/p>\n\n\n\n<p>Algumas regras foram pactuadas judicialmente com o MPMG: as casas devem\u00a0ter\u00a020 metros quadrados a mais do que tinha na origem e no m\u00ednimo 95 metros quadrados ao todo, enquanto os lotes n\u00e3o podem\u00a0ter\u00a0menos que 250 metros quadrados. Al\u00e9m disso, a Funda\u00e7\u00e3o Renova instalou tecnologias que n\u00e3o existiam para a maioria dos moradores no distrito devastado. Todos os im\u00f3veis contam, por exemplo, com aquecedor solar para o chuveiro e garagens com port\u00f5es eletr\u00f4nicos.<\/p>\n\n\n\n<figure class=\"wp-block-gallery has-nested-images columns-default is-cropped wp-block-gallery-3 is-layout-flex wp-block-gallery-is-layout-flex\">\n<figure class=\"wp-block-image size-large\"><img loading=\"lazy\" decoding=\"async\" width=\"754\" height=\"503\" data-id=\"192142\" src=\"https:\/\/aconteceunovale.com.br\/portal\/wp-content\/uploads\/2022\/11\/novo_bento_rodrigues_3.jpg\" alt=\"\" class=\"wp-image-192142\" srcset=\"https:\/\/aconteceunovale.com.br\/portal\/wp-content\/uploads\/2022\/11\/novo_bento_rodrigues_3.jpg 754w, https:\/\/aconteceunovale.com.br\/portal\/wp-content\/uploads\/2022\/11\/novo_bento_rodrigues_3-300x200.jpg 300w, https:\/\/aconteceunovale.com.br\/portal\/wp-content\/uploads\/2022\/11\/novo_bento_rodrigues_3-696x464.jpg 696w, https:\/\/aconteceunovale.com.br\/portal\/wp-content\/uploads\/2022\/11\/novo_bento_rodrigues_3-630x420.jpg 630w\" sizes=\"auto, (max-width: 754px) 100vw, 754px\" \/><figcaption class=\"wp-element-caption\"><em><sub>Foto: T\u00e2nia R\u00eago\/Ag\u00eancia Brasil<\/sub><\/em><\/figcaption><\/figure>\n<\/figure>\n\n\n\n<p>Segundo o arquiteto Alfredo Zanon, especialista em obras e projetos da Funda\u00e7\u00e3o Renova, as fam\u00edlias listaram tanto aquilo que elas queriam de volta como o que elas n\u00e3o queriam.<\/p>\n\n\n\n<p>&#8220;\u00c9 um processo que n\u00e3o \u00e9 s\u00f3 de reassentamento. \u00c9 tamb\u00e9m o resgate do modo de vida. E \u00e9 aliar esse resgate do modo de vida no antigo distrito ao modo de vida que as fam\u00edlias adquiriram ao longo desses sete anos. Ent\u00e3o a gente pensa sempre que o reassentamento est\u00e1 olhando para o passado, mas ele olha muito para o futuro&#8221;, diz Zanon.<\/p>\n\n\n\n<p>A religiosidade \u00e9 algo que remete ao antigo distrito. Foi mantida uma dist\u00e2ncia similar entre a Igreja de S\u00e3o Bento e a Igreja das Merc\u00eas, bem como a posi\u00e7\u00e3o das casas em rela\u00e7\u00e3o a elas. No entanto, os projetos arquitet\u00f4nicos de ambas, desenvolvidos pela Arquidiocese de Mariana, n\u00e3o lembram os antigos templos.<\/p>\n\n\n\n<p>Missas j\u00e1 foram celebradas, bem como prociss\u00f5es que tradicionalmente mobilizavam os moradores pelas ruas. Segundo a Funda\u00e7\u00e3o Renova, \u00e9 uma forma de estimular a manuten\u00e7\u00e3o dos la\u00e7os comunit\u00e1rios e promover ambienta\u00e7\u00e3o no novo distrito.<\/p>\n\n\n\n<p>Outros eventos t\u00eam sido realizados aproveitando as obras j\u00e1 conclu\u00eddas. Jovens puderam participar, por exemplo, de atividades esportivas na quadra da escola. Na pra\u00e7a central, rodas de viola s\u00e3o organizadas e, no Dia das Crian\u00e7as, um tel\u00e3o foi montado para uma sess\u00e3o de cinema.<\/p>\n\n\n\n<p>M\u00f4nica, no entanto, n\u00e3o considera que os modos de vida est\u00e3o sendo respeitados. Segundo a representante da Comiss\u00e3o de Atingidos, o projeto n\u00e3o \u00e9 do atingido e sim dos arquitetos e da Funda\u00e7\u00e3o Renova.<\/p>\n\n\n\n<p>&#8220;A gente s\u00f3 participa de uma fase. Nem n\u00f3s nem a C\u00e1ritas, que \u00e9 a respons\u00e1vel pela nossa assessoria t\u00e9cnica, foi ouvida para o projeto estrutural, para o projeto de eletricidade, para o projeto hidr\u00e1ulico. E a grande maioria das fam\u00edlias cansou de ficar questionando, de ficar brigando e aceitou do jeito que a funda\u00e7\u00e3o quis. Temos dificuldade at\u00e9 com coisas simples como o fog\u00e3o a lenha, que \u00e9 muito importante para n\u00f3s. Eles querem colocar fog\u00e3o a lenha pr\u00e9-moldado e ele n\u00e3o aguenta o nosso uso&#8221;, critica.<\/p>\n\n\n\n<h2 class=\"wp-block-heading\">Horta e animais<\/h2>\n\n\n\n<p>Embora o verde apare\u00e7a no horizonte, ele est\u00e1 ausente no interior das ruas da nova Bento Rodrigues, o que deixa o visual ainda mais distinto daquela comunidade rural soterrada pelos rejeitos de minera\u00e7\u00e3o. N\u00e3o h\u00e1 \u00e1rvores nas vias. A Funda\u00e7\u00e3o Renova promete que elas ainda ser\u00e3o plantadas. Al\u00e9m disso, com altos muros de concreto, nem os gramados dos quintais das casas est\u00e3o vis\u00edveis aos olhos de quem caminha pela comunidade.<\/p>\n\n\n\n<p>Apesar do aspecto mais urbano, a retomada do cultivo de hortas ainda \u00e9 um desejo de muitos atingidos. Por outro lado, a maioria j\u00e1 decidiu que n\u00e3o ir\u00e1 criar animais.<\/p>\n\n\n\n<p>&#8220;Quase todos querem l\u00e1 um p\u00e9 de jabuticaba, um p\u00e9 de mexerica, uma hortinha, mas o galinheiro n\u00e3o. Tinha muito cavalo criado solto e o pessoal decidiu que n\u00e3o quer mais porque traz carrapato. H\u00e1 uma autorregula\u00e7\u00e3o que as pr\u00f3prias fam\u00edlias est\u00e3o trazendo pra gente&#8221;, diz Alfredo Zanon.<\/p>\n\n\n\n<p>Diante da situa\u00e7\u00e3o, ainda n\u00e3o h\u00e1 uma defini\u00e7\u00e3o sobre o destino dos animais que foram resgatados e que\u00a0hoje se encontram em uma fazenda sobre a guarda da Funda\u00e7\u00e3o Renova. Alguns atingidos avaliam que ficaram sem sa\u00edda. Apesar dos terrenos serem maiores, eles seriam menos aproveitados porque possuem uma maior inclina\u00e7\u00e3o, diferente do antigo distrito que ficava em uma \u00e1rea plana. Essa caracter\u00edstica\u00a0dificultaria\u00a0tanto o cultivo de horta como a cria\u00e7\u00e3o de animais.<\/p>\n\n\n\n<p>Com a casa pronta, o operador de m\u00e1quinas Ant\u00f4nio Fernando da Silva, de 52 anos, n\u00e3o cr\u00ea que&nbsp;ter\u00e1 espa\u00e7o para sua horta. Ele explica que o terreno foi dividido com uma de suas irm\u00e3s e o quintal ficou bem menor do que era na casa onde vivia. &#8220;N\u00e3o vai poder criar galinha nem mais nada do que tinha na ro\u00e7a. Tinha horta. Aqui n\u00e3o vai&nbsp;ter&nbsp;esse espa\u00e7o. N\u00e3o vai&nbsp;ter&nbsp;n\u00e3o&#8221;.<\/p>\n\n\n\n<p>Mas o espa\u00e7o n\u00e3o \u00e9 o \u00fanico fator. M\u00f4nica explica que, no antigo Bento Rodrigues, eles faziam capta\u00e7\u00e3o de \u00e1gua bruta. Agora todo o abastecimento ser\u00e1 canalizado e administrado pelo Servi\u00e7o Aut\u00f4nomo de \u00c1gua e Esgoto de Mariana (SAAE), o que aumentaria muito os custos da cria\u00e7\u00e3o de animais.<\/p>\n\n\n\n<p>&#8220;Precisaremos pagar para irrigar as planta\u00e7\u00f5es, criar uma vaca, um porco, fazer limpeza de curral, do chiqueiro. A \u00e1gua bruta n\u00e3o vai ser restitu\u00edda&#8221;.<\/p>\n\n\n\n<p>Um poss\u00edvel aumento dos custos mensais vem gerando preocupa\u00e7\u00f5es para as fam\u00edlias segundo a integrante da Comiss\u00e3o de Atingidos, pois acredita-se que as novas casas demandar\u00e3o maior investimento em manuten\u00e7\u00e3o. Al\u00e9m disso, h\u00e1 o receio de que o Imposto Predial e Territorial Urbano (IPTU) seja bem superior.<\/p>\n\n\n\n<p>Jos\u00e9 do Nascimento de Jesus, outro integrante da Comiss\u00e3o de Atingidos, corrobora com a vis\u00e3o de M\u00f4nica. Aos 76 anos, Zezinho do Bento, como \u00e9 conhecido, n\u00e3o cr\u00ea na retomada do modo de vida que havia no antigo distrito. &#8220;A gente morava em um para\u00edso, sabe? E o que \u00e9 para\u00edso? Eu tirava leite, eu fazia queijo, eu vendia leite, eu vendia queijo e eu comia.&nbsp;Hoje&nbsp;a gente tem que comprar tudo&#8221;, lamenta.<\/p>\n\n\n\n<h2 class=\"wp-block-heading\">Plano de mudan\u00e7a<\/h2>\n\n\n\n<figure class=\"wp-block-gallery has-nested-images columns-default is-cropped wp-block-gallery-4 is-layout-flex wp-block-gallery-is-layout-flex\">\n<figure class=\"wp-block-image size-large\"><img loading=\"lazy\" decoding=\"async\" width=\"754\" height=\"503\" data-id=\"192143\" src=\"https:\/\/aconteceunovale.com.br\/portal\/wp-content\/uploads\/2022\/11\/novo_bento_rodrigues_4.jpg\" alt=\"\" class=\"wp-image-192143\" srcset=\"https:\/\/aconteceunovale.com.br\/portal\/wp-content\/uploads\/2022\/11\/novo_bento_rodrigues_4.jpg 754w, https:\/\/aconteceunovale.com.br\/portal\/wp-content\/uploads\/2022\/11\/novo_bento_rodrigues_4-300x200.jpg 300w, https:\/\/aconteceunovale.com.br\/portal\/wp-content\/uploads\/2022\/11\/novo_bento_rodrigues_4-696x464.jpg 696w, https:\/\/aconteceunovale.com.br\/portal\/wp-content\/uploads\/2022\/11\/novo_bento_rodrigues_4-630x420.jpg 630w\" sizes=\"auto, (max-width: 754px) 100vw, 754px\" \/><figcaption class=\"wp-element-caption\"><em><sub>Foto: T\u00e2nia R\u00eago\/Ag\u00eancia Brasil<\/sub><\/em><\/figcaption><\/figure>\n<\/figure>\n\n\n\n<p>O n\u00famero de im\u00f3veis previstos sofreu altera\u00e7\u00f5es ao longo do tempo por motivos variados. Algumas fam\u00edlias que viviam no distrito acabaram desistindo de esperar e aderiram a outra modalidade de reassentamento: escolheram um im\u00f3vel em uma localidade diferente ou receberam indeniza\u00e7\u00e3o em dinheiro. Restaram 196 fam\u00edlias, incluindo novos arranjos que se formaram ao longo desses sete anos. S\u00e3o casos que envolvem, por exemplo, filhos que se emanciparam e sa\u00edram de casa ou casais que se separaram. Em 2020, uma decis\u00e3o judicial assegurou o direito a moradia para os n\u00facleos familiares constitu\u00eddos ap\u00f3s a trag\u00e9dia.<\/p>\n\n\n\n<p>H\u00e1 pouco mais de duas semanas, a Funda\u00e7\u00e3o Renova anunciou a conclus\u00e3o de todos os equipamentos p\u00fablicos em uma cerim\u00f4nia com a presen\u00e7a do prefeito de Mariana, Ronaldo Alves Bento. A \u00faltima estrutura finalizada foi a Esta\u00e7\u00e3o de Tratamento de Esgoto, que \u00e9 tratada&nbsp;como um modelo moderno de sustentabilidade, de alta tecnologia e de baixa manuten\u00e7\u00e3o.&nbsp;O&nbsp;sistema n\u00e3o usa bombeamento e todo o escoamento ocorre por meio de gravidade. Al\u00e9m disso, n\u00e3o ser\u00e1 necess\u00e1rio uso de produtos qu\u00edmicos e&nbsp;o tratamento ocorre com a decomposi\u00e7\u00e3o da mat\u00e9ria org\u00e2nica atrav\u00e9s de bact\u00e9rias e raios solares.<\/p>\n\n\n\n<p>Segundo a Funda\u00e7\u00e3o Renova, a expectativa \u00e9 ter cerca de 120 casas conclu\u00eddas at\u00e9 dezembro e, a partir&nbsp;de janeiro, a entidade estar\u00e1 pronta para realizar a mudan\u00e7a dos primeiros moradores. Empresas que realizar\u00e3o&nbsp;a mudan\u00e7a e a montagem de arm\u00e1rios j\u00e1 est\u00e3o contratadas. A Funda\u00e7\u00e3o Renova j\u00e1 divulga at\u00e9 previs\u00e3o para o in\u00edcio das aulas na escola: fevereiro de 2023. &#8220;A mudan\u00e7a depende de cada um. Da nossa parte, estaremos aptos&#8221;, diz Carlos Eduardo Tannus, diretor de infraestrutura da entidade.<\/p>\n\n\n\n<p>No entanto, os moradores t\u00eam, desde 2016, um pacto coletivo para que todos se mudem juntos, apenas quando as obras estiverem 100% conclu\u00eddas. Embora esteja com sua casa pronta, Ant\u00f4nio Fernando da Silva reitera a exist\u00eancia do acordo, mas tamb\u00e9m se diz ansioso para mudar.<\/p>\n\n\n\n<p>&#8220;J\u00e1 s\u00e3o sete anos. A gente pensava que ia sair mais r\u00e1pido. Nesse tempo, a gente perdeu colegas e parentes. N\u00e3o puderam nem conhecer a casa nova&#8221;, acrescenta ele, que perdeu uma irm\u00e3 recentemente.<\/p>\n\n\n\n<p>Embora a Funda\u00e7\u00e3o Renova informe que cada atingido poder\u00e1 definir sua data de mudan\u00e7a, a Comiss\u00e3o de Atingidos considera que h\u00e1 press\u00e3o e&nbsp;ass\u00e9dio sobre as fam\u00edlias.<\/p>\n\n\n\n<p>&#8220;Temos muitas casas ainda para serem constru\u00eddas. As obras ficam expostas. E querem trazer as fam\u00edlias para morar em um canteiro de obras. Onde fica a preocupa\u00e7\u00e3o com a seguran\u00e7a? Sabemos que acidentes de trabalho podem ocorrer em obras. Como que voc\u00ea vai conseguir controlar as crian\u00e7as? Como que voc\u00ea vai conseguir controlar trabalhadores? A gente v\u00ea tanta coisa ruim acontecer. Quem que vai garantir a seguran\u00e7a dessas pessoas?&#8221;, questiona M\u00f4nica.<\/p>\n\n\n\n<p>Para Sandra Quint\u00e3o, de 50 anos, a Funda\u00e7\u00e3o Renova tenta dividir os atingidos. Ela cobra a constru\u00e7\u00e3o do seu bar e diz que sequer recebeu um projeto.<\/p>\n\n\n\n<p>&#8220;Fundei ele em 2000 e, depois de 15 anos, ele foi embora debaixo da lama. J\u00e1 me ofereceram dinheiro, mas a gente quer voltar para as nossas origens. Sa\u00ed de casa com uma menina de dois anos e meio. Minha menina&nbsp;hoje&nbsp;tem nove anos, est\u00e1 me passando no tamanho, e pergunta: &#8216;mam\u00e3e, n\u00f3s vamos voltar?&#8217;. Estou vendendo minhas coxinhas em uma pequena lanchonete que eu aluguei. Quero voltar. Bento Rodrigues n\u00e3o existe sem o bar da Sandra&#8221;.<\/p>\n\n\n\n<p>Para a Comiss\u00e3o de Atingidos, n\u00e3o \u00e9 poss\u00edvel pensar em mudan\u00e7a sem que o com\u00e9rcio tamb\u00e9m seja instalado para atender \u00e0s fam\u00edlias.<\/p>\n\n\n\n<p>A Funda\u00e7\u00e3o Renova afirma que apoia mais de 50 planos de neg\u00f3cio. &#8220;S\u00e3o com\u00e9rcios diversos. Padaria, mercearia, restaurante, bar, doceria, sorveteria&#8221;, lista Luiz Ferraro, que atua na entidade como gerente geral de repara\u00e7\u00e3o integrada dos reassentamentos.<\/p>\n\n\n\n<p>&#8212;&#8212;&#8212;&#8212;&#8212;&#8212;<br><br><strong>Sabia que o Aconteceu no Vale est\u00e1 tamb\u00e9m no Telegram? <a rel=\"noreferrer noopener\" href=\"https:\/\/t.me\/aconteceunovaleoficial\" target=\"_blank\">Inscreva-se no canal<\/a>.<\/strong><br><br><strong>J\u00e1 curtiu ou seguiu nossas p\u00e1ginas nas redes sociais?\u00a0Receba as not\u00edcias em primeira m\u00e3o:<\/strong><br>\u2022 <a rel=\"noreferrer noopener\" href=\"https:\/\/news.google.com\/publications\/CAAqBwgKMNjklQswi4etAw?hl=pt-BR&amp;gl=BR&amp;ceid=BR%3Apt-419\" target=\"_blank\">Google News<\/a><br>\u2022 <a rel=\"noreferrer noopener\" href=\"https:\/\/www.facebook.com\/aconteceunovale\/\" target=\"_blank\">Facebook<\/a><br>\u2022 <a rel=\"noreferrer noopener\" href=\"https:\/\/twitter.com\/noticiadosvales\" target=\"_blank\">Twitter<\/a><br>\u2022 <a rel=\"noreferrer noopener\" href=\"https:\/\/www.instagram.com\/aconteceunovale\" target=\"_blank\">Instagram<\/a><br>\u2022 <a rel=\"noreferrer noopener\" href=\"https:\/\/www.youtube.com\/AconteceunoValeOficial\" target=\"_blank\">Youtube<\/a><br>\u2022 <a rel=\"noreferrer noopener\" href=\"https:\/\/www.tiktok.com\/@aconteceunovale\" target=\"_blank\">TikTok<\/a><\/p>\n","protected":false},"excerpt":{"rendered":"<p>Casinhas simples de um pavimento, horta no quintal, galinheiro no fundo da casa, poucos muros e muito verde: na\u00a0plataforma Google Street View, ainda \u00e9 poss\u00edvel passear virtualmente pelas ruas do distrito de Bento Rodrigues, em Mariana (MG). As imagens dispon\u00edveis s\u00e3o de 2012, pouco mais de tr\u00eas anos antes de a comunidade ser soterrada pela [&hellip;]<\/p>\n","protected":false},"author":4,"featured_media":192140,"comment_status":"open","ping_status":"closed","sticky":false,"template":"","format":"standard","meta":{"amp_status":"","footnotes":""},"categories":[123],"tags":[77897,21801,65265,59520,66100,1018,92258,122011,54148,7363,40917,131,18887,19675,85665,265879,65761,242649,265876,1774,65317,32642,265877,265875,24666,270,65508,2910,94967],"class_list":["post-192139","post","type-post","status-publish","format-standard","has-post-thumbnail","hentry","category-gerais","tag-anchieta","tag-bacia-do-rio-doce","tag-barragem-de-fundao","tag-bento-rodrigues","tag-bhp-billiton","tag-destaque","tag-distrito-de-bento-rodrigues","tag-fundacao-renova","tag-ibama","tag-mariana","tag-mg","tag-minas-gerais","tag-mpf","tag-mpmg","tag-novo-bento-rodrigues","tag-novo-distrito-de-bento-rodrigues-toma-forma-mas-se-distancia-do-aspecto-rural","tag-reconstrucao-de-bento-rodrigues","tag-recuperacao-judicial-da-samarco","tag-retomada-de-operacoes-da-samarco","tag-rio-doce","tag-rompimento-de-barragem-em-mariana","tag-samarco","tag-samarco-retomou-operacoes-sem-quitar-multas-ambientais","tag-samarco-retomou-operacoes-sem-quitar-multas-com-ibama","tag-semad","tag-tjmg","tag-tragedia-de-mariana","tag-vale","tag-volta-da-samarco"],"_links":{"self":[{"href":"https:\/\/aconteceunovale.com.br\/portal\/index.php?rest_route=\/wp\/v2\/posts\/192139","targetHints":{"allow":["GET"]}}],"collection":[{"href":"https:\/\/aconteceunovale.com.br\/portal\/index.php?rest_route=\/wp\/v2\/posts"}],"about":[{"href":"https:\/\/aconteceunovale.com.br\/portal\/index.php?rest_route=\/wp\/v2\/types\/post"}],"author":[{"embeddable":true,"href":"https:\/\/aconteceunovale.com.br\/portal\/index.php?rest_route=\/wp\/v2\/users\/4"}],"replies":[{"embeddable":true,"href":"https:\/\/aconteceunovale.com.br\/portal\/index.php?rest_route=%2Fwp%2Fv2%2Fcomments&post=192139"}],"version-history":[{"count":1,"href":"https:\/\/aconteceunovale.com.br\/portal\/index.php?rest_route=\/wp\/v2\/posts\/192139\/revisions"}],"predecessor-version":[{"id":192144,"href":"https:\/\/aconteceunovale.com.br\/portal\/index.php?rest_route=\/wp\/v2\/posts\/192139\/revisions\/192144"}],"wp:featuredmedia":[{"embeddable":true,"href":"https:\/\/aconteceunovale.com.br\/portal\/index.php?rest_route=\/wp\/v2\/media\/192140"}],"wp:attachment":[{"href":"https:\/\/aconteceunovale.com.br\/portal\/index.php?rest_route=%2Fwp%2Fv2%2Fmedia&parent=192139"}],"wp:term":[{"taxonomy":"category","embeddable":true,"href":"https:\/\/aconteceunovale.com.br\/portal\/index.php?rest_route=%2Fwp%2Fv2%2Fcategories&post=192139"},{"taxonomy":"post_tag","embeddable":true,"href":"https:\/\/aconteceunovale.com.br\/portal\/index.php?rest_route=%2Fwp%2Fv2%2Ftags&post=192139"}],"curies":[{"name":"wp","href":"https:\/\/api.w.org\/{rel}","templated":true}]}}