{"id":192130,"date":"2022-11-05T22:06:13","date_gmt":"2022-11-06T01:06:13","guid":{"rendered":"https:\/\/aconteceunovale.com.br\/portal\/?p=192130"},"modified":"2022-11-05T22:07:01","modified_gmt":"2022-11-06T01:07:01","slug":"encontrados-destrocos-do-aviao-da-forca-aerea-brasileira-que-caiu-em-santa-catarina","status":"publish","type":"post","link":"https:\/\/aconteceunovale.com.br\/portal\/?p=192130","title":{"rendered":"Encontrados destro\u00e7os do avi\u00e3o da For\u00e7a A\u00e9rea Brasileira que caiu em Santa Catarina"},"content":{"rendered":"\n<p>Foram encontrados na manh\u00e3 de hoje (5\/11\/2022) os destro\u00e7os do avi\u00e3o da For\u00e7a A\u00e9rea Brasileira (FAB) que\u00a0desapareceu ontem (4\/11), na regi\u00e3o da Grande Florian\u00f3polis, em Santa Catarina. <\/p>\n\n\n\n<figure class=\"wp-block-gallery has-nested-images columns-default is-cropped wp-block-gallery-1 is-layout-flex wp-block-gallery-is-layout-flex\">\n<figure class=\"wp-block-image size-large\"><img loading=\"lazy\" decoding=\"async\" width=\"678\" height=\"433\" data-id=\"192131\" src=\"https:\/\/aconteceunovale.com.br\/portal\/wp-content\/uploads\/2022\/11\/acidente_aviao_sc.png\" alt=\"\" class=\"wp-image-192131\" srcset=\"https:\/\/aconteceunovale.com.br\/portal\/wp-content\/uploads\/2022\/11\/acidente_aviao_sc.png 678w, https:\/\/aconteceunovale.com.br\/portal\/wp-content\/uploads\/2022\/11\/acidente_aviao_sc-300x192.png 300w, https:\/\/aconteceunovale.com.br\/portal\/wp-content\/uploads\/2022\/11\/acidente_aviao_sc-658x420.png 658w\" sizes=\"auto, (max-width: 678px) 100vw, 678px\" \/><figcaption class=\"wp-element-caption\"><em><sub>Destro\u00e7os do avi\u00e3o &#8211; Foto: Prefeitura Canelinha \/ Divulga\u00e7\u00e3o<\/sub><\/em><\/figcaption><\/figure>\n<\/figure>\n\n\n\n<p>A aeronave, modelo T-25 Universal, estava com dois tripulantes, que faziam um voo de treinamento. As buscas foram coordenadas pelo Centro de Coordena\u00e7\u00e3o de Salvamento Aeron\u00e1utico de Curitiba, com aux\u00edlio do Corpo de Bombeiros de Santa Catarina.<\/p>\n\n\n\n<p>Em nota, a FAB expressou suas condol\u00eancias e informou que est\u00e1 prestando assist\u00eancia aos familiares dos miliares mortos no acidente.<\/p>\n\n\n\n<p>\u201cA For\u00e7a A\u00e9rea Brasileira (FAB) lamenta informar o falecimento dos dois militares que estavam a bordo da aeronave T-25 Universal da Academia da For\u00e7a A\u00e9rea (AFA) &#8211; acidentada na tarde desta sexta-feira (04\/11) em Santa Catarina e localizada no final da manh\u00e3 de s\u00e1bado (05\/11). Os tripulantes realizavam um voo de treinamento\u201d.<\/p>\n\n\n\n<p>A FAB informou tamb\u00e9m que vai investigar as causas do acidente.<\/p>\n\n\n\n<p>&#8212;&#8212;&#8212;&#8212;&#8212;&#8212;<br><br><strong>Sabia que o Aconteceu no Vale est\u00e1 tamb\u00e9m no Telegram? <a rel=\"noreferrer noopener\" href=\"https:\/\/t.me\/aconteceunovaleoficial\" target=\"_blank\">Inscreva-se no canal<\/a>.<\/strong><br><br><strong>J\u00e1 curtiu ou seguiu nossas p\u00e1ginas nas redes sociais?\u00a0Receba as not\u00edcias em primeira m\u00e3o:<\/strong><br>\u2022 <a rel=\"noreferrer noopener\" href=\"https:\/\/news.google.com\/publications\/CAAqBwgKMNjklQswi4etAw?hl=pt-BR&amp;gl=BR&amp;ceid=BR%3Apt-419\" target=\"_blank\">Google News<\/a><br>\u2022 <a rel=\"noreferrer noopener\" href=\"https:\/\/www.facebook.com\/aconteceunovale\/\" target=\"_blank\">Facebook<\/a><br>\u2022 <a rel=\"noreferrer noopener\" href=\"https:\/\/twitter.com\/noticiadosvales\" target=\"_blank\">Twitter<\/a><br>\u2022 <a rel=\"noreferrer noopener\" href=\"https:\/\/www.instagram.com\/aconteceunovale\" target=\"_blank\">Instagram<\/a><br>\u2022 <a rel=\"noreferrer noopener\" href=\"https:\/\/www.youtube.com\/AconteceunoValeOficial\" target=\"_blank\">Youtube<\/a><br>\u2022 <a rel=\"noreferrer noopener\" href=\"https:\/\/www.tiktok.com\/@aconteceunovale\" target=\"_blank\">TikTok<\/a><\/p>\n","protected":false},"excerpt":{"rendered":"<p>Foram encontrados na manh\u00e3 de hoje (5\/11\/2022) os destro\u00e7os do avi\u00e3o da For\u00e7a A\u00e9rea Brasileira (FAB) que\u00a0desapareceu ontem (4\/11), na regi\u00e3o da Grande Florian\u00f3polis, em Santa Catarina. A aeronave, modelo T-25 Universal, estava com dois tripulantes, que faziam um voo de treinamento. As buscas foram coordenadas pelo Centro de Coordena\u00e7\u00e3o de Salvamento Aeron\u00e1utico de Curitiba, [&hellip;]<\/p>\n","protected":false},"author":4,"featured_media":192132,"comment_status":"open","ping_status":"closed","sticky":false,"template":"","format":"standard","meta":{"amp_status":"","footnotes":""},"categories":[6],"tags":[265872,265871,265873,216386,265870,68211,32296,15363,265874],"class_list":["post-192130","post","type-post","status-publish","format-standard","has-post-thumbnail","hentry","category-br","tag-acidente-com-aeronave-da-fab","tag-acidente-com-aviao-da-fab","tag-acidente-com-t-25-da-fab","tag-canelinha","tag-encontrados-destrocos-do-aviao-da-forca-aerea-brasileira-que-caiu-em-santa-catarina","tag-florianopolis","tag-forca-aerea-brasileira","tag-santa-catarina","tag-t-25-da-fab"],"_links":{"self":[{"href":"https:\/\/aconteceunovale.com.br\/portal\/index.php?rest_route=\/wp\/v2\/posts\/192130","targetHints":{"allow":["GET"]}}],"collection":[{"href":"https:\/\/aconteceunovale.com.br\/portal\/index.php?rest_route=\/wp\/v2\/posts"}],"about":[{"href":"https:\/\/aconteceunovale.com.br\/portal\/index.php?rest_route=\/wp\/v2\/types\/post"}],"author":[{"embeddable":true,"href":"https:\/\/aconteceunovale.com.br\/portal\/index.php?rest_route=\/wp\/v2\/users\/4"}],"replies":[{"embeddable":true,"href":"https:\/\/aconteceunovale.com.br\/portal\/index.php?rest_route=%2Fwp%2Fv2%2Fcomments&post=192130"}],"version-history":[{"count":1,"href":"https:\/\/aconteceunovale.com.br\/portal\/index.php?rest_route=\/wp\/v2\/posts\/192130\/revisions"}],"predecessor-version":[{"id":192133,"href":"https:\/\/aconteceunovale.com.br\/portal\/index.php?rest_route=\/wp\/v2\/posts\/192130\/revisions\/192133"}],"wp:featuredmedia":[{"embeddable":true,"href":"https:\/\/aconteceunovale.com.br\/portal\/index.php?rest_route=\/wp\/v2\/media\/192132"}],"wp:attachment":[{"href":"https:\/\/aconteceunovale.com.br\/portal\/index.php?rest_route=%2Fwp%2Fv2%2Fmedia&parent=192130"}],"wp:term":[{"taxonomy":"category","embeddable":true,"href":"https:\/\/aconteceunovale.com.br\/portal\/index.php?rest_route=%2Fwp%2Fv2%2Fcategories&post=192130"},{"taxonomy":"post_tag","embeddable":true,"href":"https:\/\/aconteceunovale.com.br\/portal\/index.php?rest_route=%2Fwp%2Fv2%2Ftags&post=192130"}],"curies":[{"name":"wp","href":"https:\/\/api.w.org\/{rel}","templated":true}]}}