{"id":192127,"date":"2022-11-05T21:47:44","date_gmt":"2022-11-06T00:47:44","guid":{"rendered":"https:\/\/aconteceunovale.com.br\/portal\/?p=192127"},"modified":"2022-11-05T21:49:35","modified_gmt":"2022-11-06T00:49:35","slug":"politicas-ambientais-de-minas-gerais-integram-programacao-da-cop27-no-egito","status":"publish","type":"post","link":"https:\/\/aconteceunovale.com.br\/portal\/?p=192127","title":{"rendered":"Pol\u00edticas ambientais de Minas Gerais integram programa\u00e7\u00e3o da COP27 no Egito"},"content":{"rendered":"\n<p>A pol\u00edtica p\u00fablica desenvolvida em Minas Gerais para reduzir os efeitos da altera\u00e7\u00e3o do clima integra, a partir deste domingo (6\/11), a programa\u00e7\u00e3o da 27\u00aa Confer\u00eancia das Na\u00e7\u00f5es Unidas sobre Mudan\u00e7as Clim\u00e1ticas de 2022 (COP27), que acontece na cidade de Sharm el-Sheikh, no Egito, de 6 a 18\/11. Participar\u00e3o do evento a secret\u00e1ria de\u00a0Estado de Meio Ambiente e Desenvolvimento Sustent\u00e1vel, Mar\u00edlia Melo, o presidente da\u00a0Funda\u00e7\u00e3o Estadual de Meio Ambiente (Feam), Renato Brand\u00e3o e a chefe de gabinete da Feam, Renata Ara\u00fajo.<\/p>\n\n\n\n<figure class=\"wp-block-gallery has-nested-images columns-default is-cropped wp-block-gallery-1 is-layout-flex wp-block-gallery-is-layout-flex\">\n<figure class=\"wp-block-image size-large\"><img loading=\"lazy\" decoding=\"async\" width=\"664\" height=\"450\" data-id=\"192128\" src=\"https:\/\/aconteceunovale.com.br\/portal\/wp-content\/uploads\/2022\/11\/mata_atlantica.jpg\" alt=\"\" class=\"wp-image-192128\" srcset=\"https:\/\/aconteceunovale.com.br\/portal\/wp-content\/uploads\/2022\/11\/mata_atlantica.jpg 664w, https:\/\/aconteceunovale.com.br\/portal\/wp-content\/uploads\/2022\/11\/mata_atlantica-300x203.jpg 300w, https:\/\/aconteceunovale.com.br\/portal\/wp-content\/uploads\/2022\/11\/mata_atlantica-620x420.jpg 620w\" sizes=\"auto, (max-width: 664px) 100vw, 664px\" \/><figcaption class=\"wp-element-caption\"><em><sub>Foto: Evandro Rodney \/ Divulga\u00e7\u00e3o \/ Ag\u00eancia Minas<\/sub><\/em><\/figcaption><\/figure>\n<\/figure>\n\n\n\n<p>Eles embarcaram na sexta-feira (4\/11) e chegam ao Egito ainda no domingo, na data de abertura da confer\u00eancia. Al\u00e9m de participarem como espectadores de palestras internacionais sobre as a\u00e7\u00f5es feitas em outros pa\u00edses para mitigar os efeitos da mudan\u00e7a clim\u00e1tica, os representantes da Semad e Feam apresentar\u00e3o o que tem sido adotado no estado para alcan\u00e7ar a redu\u00e7\u00e3o dos Gases de Efeito Estufa (GEE).<\/p>\n\n\n\n<p>A primeira participa\u00e7\u00e3o de Minas \u00e9 na\u00a0quarta-feira\u00a0(9\/11), quando a secret\u00e1ria Mar\u00edlia participa de debate sobre a\u00e7\u00f5es para que a crise clim\u00e1tica seja enfrentada de forma equitativa nas cidades sul-americanas, tendo a transi\u00e7\u00e3o energ\u00e9tica como centro da conversa. Em 10\/11, Mar\u00edlia e Renato apresentam a palestra &#8220;Trajet\u00f3ria de descarboniza\u00e7\u00e3o do Estado de Minas Gerais: plano de a\u00e7\u00e3o clim\u00e1tica e invent\u00e1rio de emiss\u00f5es e remo\u00e7\u00f5es antr\u00f3picas&#8221;.<\/p>\n\n\n\n<p>Em 15\/11, Mar\u00edlia palestra sobre a descarboniza\u00e7\u00e3o das cadeias produtivas e apresentar\u00e1 o projeto Selo Verde, criado pela parceria entre o\u00a0Governo de Minas\u00a0e a Universidade Federal de Minas Gerais (UFMG) para certificar empresas que executam atividades com o menor impacto ambiental poss\u00edvel. Ainda no dia 15, Mar\u00edlia apresenta a palestra \u201cPlano de A\u00e7\u00e3o Clim\u00e1tica \u2013 Estrat\u00e9gias e Metas de Descarboniza\u00e7\u00e3o do Estado de Minas Gerais\u201d.<\/p>\n\n\n\n<h2 class=\"wp-block-heading\"><strong>Compromisso<\/strong><\/h2>\n\n\n\n<p>\u201c\u00c9 uma participa\u00e7\u00e3o importante para Minas Gerais porque teremos a oportunidade de mostrar as nossas a\u00e7\u00f5es, desafios e conquistas. Temos avan\u00e7ado muito nas pol\u00edticas p\u00fablicas, correspondendo ao acordo firmado com o governo brit\u00e2nico, em 2021, para a campanha global Race To Zero\u201d, comenta Mar\u00edlia.<\/p>\n\n\n\n<p>Em 2021, Minas Gerais se tornou o primeiro estado da Am\u00e9rica Latina e do Caribe a aderir \u00e0 campanha Race To Zero, em acordo firmado entre o governo brit\u00e2nico e o Governo de Minas. Dessa forma, Minas se comprometeu a reduzir a emiss\u00e3o l\u00edquida de GEE at\u00e9 2050.<\/p>\n\n\n\n<p>\u201cO Race to Zero, ao estabelecer metas para a redu\u00e7\u00e3o, acelerou as nossas a\u00e7\u00f5es para mitigar os efeitos da mudan\u00e7a clim\u00e1tica em nosso estado. Ao assin\u00e1-lo, o governador Romeu Zema refor\u00e7ou o compromisso com o desenvolvimento econ\u00f4mico e sustent\u00e1vel. Desde ent\u00e3o, trabalhamos muito para alcan\u00e7ar as metas previstas\u201d, afirma a secret\u00e1ria.<\/p>\n\n\n\n<h2 class=\"wp-block-heading\"><strong>COP26<\/strong><\/h2>\n\n\n\n<p>No ano passado, durante a COP26, que ocorreu Glasgow, na Esc\u00f3cia, o Governo de Minas apresentou as propostas para as a\u00e7\u00f5es e o portf\u00f3lio constru\u00eddo em parceria firmada com a Federa\u00e7\u00e3o da Agricultura e Pecu\u00e1ria do Estado de Minas Gerais (Faemg) e a Federa\u00e7\u00e3o das Ind\u00fastrias de Minas Gerais (Fiemg), com iniciativas, a\u00e7\u00f5es e projetos voltados para a economia de baixo carbono e, tamb\u00e9m, medidas de enfrentamento e adapta\u00e7\u00e3o aos efeitos decorrentes das mudan\u00e7as clim\u00e1ticas tomadas por diferentes institui\u00e7\u00f5es p\u00fablicas e privadas localizadas no estado.<\/p>\n\n\n\n<p>&#8212;&#8212;&#8212;&#8212;&#8212;&#8212;<br><br><strong>Sabia que o Aconteceu no Vale est\u00e1 tamb\u00e9m no Telegram? <a rel=\"noreferrer noopener\" href=\"https:\/\/t.me\/aconteceunovaleoficial\" target=\"_blank\">Inscreva-se no canal<\/a>.<\/strong><br><br><strong>J\u00e1 curtiu ou seguiu nossas p\u00e1ginas nas redes sociais?\u00a0Receba as not\u00edcias em primeira m\u00e3o:<\/strong><br>\u2022 <a rel=\"noreferrer noopener\" href=\"https:\/\/news.google.com\/publications\/CAAqBwgKMNjklQswi4etAw?hl=pt-BR&amp;gl=BR&amp;ceid=BR%3Apt-419\" target=\"_blank\">Google News<\/a><br>\u2022 <a rel=\"noreferrer noopener\" href=\"https:\/\/www.facebook.com\/aconteceunovale\/\" target=\"_blank\">Facebook<\/a><br>\u2022 <a rel=\"noreferrer noopener\" href=\"https:\/\/twitter.com\/noticiadosvales\" target=\"_blank\">Twitter<\/a><br>\u2022 <a rel=\"noreferrer noopener\" href=\"https:\/\/www.instagram.com\/aconteceunovale\" target=\"_blank\">Instagram<\/a><br>\u2022 <a rel=\"noreferrer noopener\" href=\"https:\/\/www.youtube.com\/AconteceunoValeOficial\" target=\"_blank\">Youtube<\/a><br>\u2022 <a rel=\"noreferrer noopener\" href=\"https:\/\/www.tiktok.com\/@aconteceunovale\" target=\"_blank\">TikTok<\/a><\/p>\n","protected":false},"excerpt":{"rendered":"<p>A pol\u00edtica p\u00fablica desenvolvida em Minas Gerais para reduzir os efeitos da altera\u00e7\u00e3o do clima integra, a partir deste domingo (6\/11), a programa\u00e7\u00e3o da 27\u00aa Confer\u00eancia das Na\u00e7\u00f5es Unidas sobre Mudan\u00e7as Clim\u00e1ticas de 2022 (COP27), que acontece na cidade de Sharm el-Sheikh, no Egito, de 6 a 18\/11. Participar\u00e3o do evento a secret\u00e1ria de\u00a0Estado de [&hellip;]<\/p>\n","protected":false},"author":4,"featured_media":192128,"comment_status":"open","ping_status":"closed","sticky":false,"template":"","format":"standard","meta":{"amp_status":"","footnotes":""},"categories":[123,28848],"tags":[21171,265867,265862,265863,47879,1018,265866,95324,32279,206668,1829,131,265865,265864,265861,254111,265868,208280,265869],"class_list":["post-192127","post","type-post","status-publish","format-standard","has-post-thumbnail","hentry","category-gerais","category-mundo","tag-clima","tag-conferencia-mundial-sobre-mudancas-climaticas","tag-cop27","tag-cop27-no-egito","tag-desenvolvimento-sustentavel","tag-destaque","tag-efeitos-da-alteracao-do-clima","tag-egito","tag-feam","tag-marilia-melo","tag-meio-ambiente","tag-minas-gerais","tag-minas-gerais-na-cop27","tag-politicas-ambientais-de-minas-gerais","tag-politicas-ambientais-de-minas-gerais-integram-programacao-da-cop27-no-egito","tag-race-to-zero","tag-renata-araujo","tag-renato-brandao","tag-sharm-el-sheikh"],"_links":{"self":[{"href":"https:\/\/aconteceunovale.com.br\/portal\/index.php?rest_route=\/wp\/v2\/posts\/192127","targetHints":{"allow":["GET"]}}],"collection":[{"href":"https:\/\/aconteceunovale.com.br\/portal\/index.php?rest_route=\/wp\/v2\/posts"}],"about":[{"href":"https:\/\/aconteceunovale.com.br\/portal\/index.php?rest_route=\/wp\/v2\/types\/post"}],"author":[{"embeddable":true,"href":"https:\/\/aconteceunovale.com.br\/portal\/index.php?rest_route=\/wp\/v2\/users\/4"}],"replies":[{"embeddable":true,"href":"https:\/\/aconteceunovale.com.br\/portal\/index.php?rest_route=%2Fwp%2Fv2%2Fcomments&post=192127"}],"version-history":[{"count":1,"href":"https:\/\/aconteceunovale.com.br\/portal\/index.php?rest_route=\/wp\/v2\/posts\/192127\/revisions"}],"predecessor-version":[{"id":192129,"href":"https:\/\/aconteceunovale.com.br\/portal\/index.php?rest_route=\/wp\/v2\/posts\/192127\/revisions\/192129"}],"wp:featuredmedia":[{"embeddable":true,"href":"https:\/\/aconteceunovale.com.br\/portal\/index.php?rest_route=\/wp\/v2\/media\/192128"}],"wp:attachment":[{"href":"https:\/\/aconteceunovale.com.br\/portal\/index.php?rest_route=%2Fwp%2Fv2%2Fmedia&parent=192127"}],"wp:term":[{"taxonomy":"category","embeddable":true,"href":"https:\/\/aconteceunovale.com.br\/portal\/index.php?rest_route=%2Fwp%2Fv2%2Fcategories&post=192127"},{"taxonomy":"post_tag","embeddable":true,"href":"https:\/\/aconteceunovale.com.br\/portal\/index.php?rest_route=%2Fwp%2Fv2%2Ftags&post=192127"}],"curies":[{"name":"wp","href":"https:\/\/api.w.org\/{rel}","templated":true}]}}