{"id":19210,"date":"2014-01-23T18:15:14","date_gmt":"2014-01-23T20:15:14","guid":{"rendered":"http:\/\/aconteceunovale.com.br\/portal\/?p=19210"},"modified":"2014-01-23T18:15:14","modified_gmt":"2014-01-23T20:15:14","slug":"pm-prende-acusados-de-trafico-e-encontra-jovens-desaparecidas-em-ferros","status":"publish","type":"post","link":"https:\/\/aconteceunovale.com.br\/portal\/?p=19210","title":{"rendered":"PM prende acusados de tr\u00e1fico e encontra jovens desaparecidas em Ferros"},"content":{"rendered":"<p>Duas jovens que eram dadas como desaparecidas, uma de 18 e outra de 19 anos, foram encontradas na tarde dessa quarta-feira, 22 de janeiro, na localidade de Mendon\u00e7a, na zona rural de Ferros. As mo\u00e7as s\u00e3o de Sarzedo e foram achadas pela Pol\u00edcia Militar durante uma abordagem a suspeitos de tr\u00e1fico de drogas. Uma das meninas est\u00e1 gr\u00e1vida.<\/p>\n<p><img decoding=\"async\" src=\"http:\/\/aconteceunovale.com.br\/portal\/wp-content\/uploads\/2014\/01\/presos_trafico_em_ferros_1.jpg\" alt=\"\" \/><\/p>\n<p>Natalia Cristina da Silva Almeida, 18, e Maria das Gra\u00e7as Iara Amorim Vieira, 19, estavam em uma resid\u00eancia que era usada pelos acusados. A PM chegou at\u00e9 o local por meio de uma den\u00fancia an\u00f4nima, que informou a presen\u00e7a de um carro com placa de Contagem, cujos ocupantes estavam mantendo contato com pessoas usu\u00e1rias de drogas. Os militares foram at\u00e9 o local e encontraram um Monza com as caracter\u00edsticas descritas pelo denunciante. Dentro do carro havia restos de cigarro de maconha.<\/p>\n<p>Aproximou-se dos militares um homem identificado como Eliezer Andrades da Silva, 22 anos, dizendo ser usu\u00e1rio de drogas e dono do carro. Os militares, ent\u00e3o, conseguiram localizar onde ele teria passado a noite foram para a resid\u00eancia. L\u00e1, encontraram as duas garotas, al\u00e9m de Klean Clever Pinheiro do Nascimento, 20 anos. Esse rapaz tentou esconder dois rev\u00f3lveres calibre 38 e oito muni\u00e7\u00f5es quando a PM chegou \u00e0 casa, mas foi flagrado. O material foi apreendido.<\/p>\n<p>A PM fez contato com os familiares das jovens. A m\u00e3e de Natalia disse que n\u00e3o via a filha h\u00e1 mais de 15 dias. Ela disse que iria para Ferros imediatamente buscar a filha. J\u00e1 Maria das Gra\u00e7as est\u00e1 gr\u00e1vida e necessitou de atendimento m\u00e9dico, por j\u00e1 estar sentindo contra\u00e7\u00f5es. Ela disse que saiu de casa por problemas familiares.<\/p>\n<p>Eliezer e Klean possuem passagens por crimes como porte ilegal de arma de fogo de uso restrito, tr\u00e1fico de entorpecentes e outros, sendo considerados de alta periculosidade. No local, ainda foi levantado pela PM que os acusados foram a Ferros para acertar d\u00edvidas referentes ao com\u00e9rcio de drogas.<\/p>\n<p>As informa\u00e7\u00f5es d\u00e3o conta de que os dois s\u00e3o fornecedores na Regi\u00e3o Metropolitana de Belo Horizonte e agora no interior. Os acusados receberam voz de pris\u00e3o em flagrante e os materiais e o ve\u00edculo foram apreendidos. <\/p>\n<p><img decoding=\"async\" src=\"http:\/\/aconteceunovale.com.br\/portal\/wp-content\/uploads\/2014\/01\/presos_trafico_em_ferros_2.jpg\" alt=\"\" \/><\/p>\n<p><em><strong>(Fonte: Portal DeFato)<\/strong><\/em><\/p>\n","protected":false},"excerpt":{"rendered":"<p>Duas jovens que eram dadas como desaparecidas, uma de 18 e outra de 19 anos, foram encontradas na tarde dessa quarta-feira, 22 de janeiro, na localidade de Mendon\u00e7a, na zona rural de Ferros. As mo\u00e7as s\u00e3o de Sarzedo e foram achadas pela Pol\u00edcia Militar durante uma abordagem a suspeitos de tr\u00e1fico de drogas. Uma das [&hellip;]<\/p>\n","protected":false},"author":1,"featured_media":19212,"comment_status":"open","ping_status":"closed","sticky":false,"template":"","format":"standard","meta":{"amp_status":"","footnotes":""},"categories":[123],"tags":[3432,3378,3436,3435,3434,3431,3433],"class_list":["post-19210","post","type-post","status-publish","format-standard","has-post-thumbnail","hentry","category-gerais","tag-eliezer-andrades-da-silva","tag-ferros","tag-klean-clever-pinheiro-do-nascimento","tag-maria-das-gracas-iara-amorim-vieira","tag-natalia-cristina-da-silva-almeida","tag-pm-prende-acusados-de-trafico-e-encontra-jovens-desaparecidas-em-ferros","tag-sarzedo"],"_links":{"self":[{"href":"https:\/\/aconteceunovale.com.br\/portal\/index.php?rest_route=\/wp\/v2\/posts\/19210","targetHints":{"allow":["GET"]}}],"collection":[{"href":"https:\/\/aconteceunovale.com.br\/portal\/index.php?rest_route=\/wp\/v2\/posts"}],"about":[{"href":"https:\/\/aconteceunovale.com.br\/portal\/index.php?rest_route=\/wp\/v2\/types\/post"}],"author":[{"embeddable":true,"href":"https:\/\/aconteceunovale.com.br\/portal\/index.php?rest_route=\/wp\/v2\/users\/1"}],"replies":[{"embeddable":true,"href":"https:\/\/aconteceunovale.com.br\/portal\/index.php?rest_route=%2Fwp%2Fv2%2Fcomments&post=19210"}],"version-history":[{"count":0,"href":"https:\/\/aconteceunovale.com.br\/portal\/index.php?rest_route=\/wp\/v2\/posts\/19210\/revisions"}],"wp:featuredmedia":[{"embeddable":true,"href":"https:\/\/aconteceunovale.com.br\/portal\/index.php?rest_route=\/wp\/v2\/media\/19212"}],"wp:attachment":[{"href":"https:\/\/aconteceunovale.com.br\/portal\/index.php?rest_route=%2Fwp%2Fv2%2Fmedia&parent=19210"}],"wp:term":[{"taxonomy":"category","embeddable":true,"href":"https:\/\/aconteceunovale.com.br\/portal\/index.php?rest_route=%2Fwp%2Fv2%2Fcategories&post=19210"},{"taxonomy":"post_tag","embeddable":true,"href":"https:\/\/aconteceunovale.com.br\/portal\/index.php?rest_route=%2Fwp%2Fv2%2Ftags&post=19210"}],"curies":[{"name":"wp","href":"https:\/\/api.w.org\/{rel}","templated":true}]}}