{"id":19208,"date":"2014-01-23T17:38:03","date_gmt":"2014-01-23T19:38:03","guid":{"rendered":"http:\/\/aconteceunovale.com.br\/portal\/?p=19208"},"modified":"2014-01-25T15:09:50","modified_gmt":"2014-01-25T17:09:50","slug":"suspeito-de-homicidio-qualificado-em-atibaiasp-e-preso-em-sao-joao-evangelista","status":"publish","type":"post","link":"https:\/\/aconteceunovale.com.br\/portal\/?p=19208","title":{"rendered":"Suspeito de homic\u00eddio qualificado em Atibaia\/SP \u00e9 preso em S\u00e3o Jo\u00e3o Evangelista"},"content":{"rendered":"<p>Um crime que teve grande repercuss\u00e3o na m\u00eddia no estado de S\u00e3o Paulo, deixou de ser mist\u00e9rio da tarde da \u00faltima ter\u00e7a-feira (21\/01). A Pol\u00edcia Civil de S\u00e3o Jo\u00e3o Evangelista, comandada pelo delegado Felipe Lig\u00f3rio, em cumprimento de mandado de pris\u00e3o expedido pela PC de S\u00e3o Paulo, prendeu Cleivson dos Santos Souza, de 25 anos, suspeito de um homic\u00eddio qualificado na cidade de Atib\u00e1ia\/SP.<\/p>\n<p>Segundo o delegado, com o levantamento realizado pela PC de S\u00e3o Paulo, a informa\u00e7\u00e3o \u00e9 que ap\u00f3s o crime cometido no dia 24 de dezembro\/2013, Cleivson teria fugido para o interior.<\/p>\n<p>Ainda segundo informa\u00e7\u00e3o da Pol\u00edcia Civil, o jovem teria agido com um comparsa. A v\u00edtima, Marlei Lemos, de 42 anos, foi morta a pauladas e h\u00e1 ind\u00edcios de esfaqueamento. A Pol\u00edcia ainda n\u00e3o sabe precisar qual o tipo de envolvimento que a vitima teria com o principal suspeito.<\/p>\n<p>O jovem, que \u00e9 natural de Guanh\u00e3es, estava na casa de sua m\u00e3e em S\u00e3o Jo\u00e3o Evangelista no momento da pris\u00e3o. Segundo Lig\u00f3rio, ele nega qualquer participa\u00e7\u00e3o no crime. \u201cEle estava tranquilo no momento da pris\u00e3o. Contou que era catador de sucata em Atib\u00e1ia e que veio para o interior para passar o ano novo com a m\u00e3e e que voltaria para l\u00e1 no final de janeiro. Sobre o poss\u00edvel comparsa, Cleivson disse que eles trabalhavam juntos, mas que n\u00e3o estava sabendo de nada que ele poderia ter feito\u201d, comentou o delegado.<\/p>\n<p>O jovem que n\u00e3o tem passagem pela Pol\u00edcia, possivelmente ser\u00e1 encaminhado para o estado de S\u00e3o Paulo.<\/p>\n<p><object id=\"player_14838455\" width=\"457\" height=\"368\" classid=\"clsid:d27cdb6e-ae6d-11cf-96b8-444553540000\" codebase=\"http:\/\/download.macromedia.com\/pub\/shockwave\/cabs\/flash\/swflash.cab#version=6,0,40,0\"><param name=\"allowfullscreen\" value=\"true\" \/><param name=\"allowscriptaccess\" value=\"always\" \/><param name=\"wmode\" value=\"window\" \/><param name=\"src\" value=\"http:\/\/player.mais.uol.com.br\/embed_v2.swf?mediaId=14838455&amp;tv=2\" \/><embed id=\"player_14838455\" width=\"457\" height=\"368\" type=\"application\/x-shockwave-flash\" src=\"http:\/\/player.mais.uol.com.br\/embed_v2.swf?mediaId=14838455&amp;tv=2\" allowfullscreen=\"true\" allowscriptaccess=\"always\" wmode=\"window\" \/><noscript><a href=\"http:\/\/mais.uol.com.br\/view\/14838455\"><\/a><\/noscript>&nbsp;<\/object><\/p>\n<p><img decoding=\"async\" alt=\"\" src=\"http:\/\/aconteceunovale.com.br\/portal\/wp-content\/uploads\/2013\/12\/preso.jpg\" \/><\/p>\n<p><em><strong>(Via Folha de Guanh\u00e3es)<\/strong><\/em><\/p>\n","protected":false},"excerpt":{"rendered":"<p>Um crime que teve grande repercuss\u00e3o na m\u00eddia no estado de S\u00e3o Paulo, deixou de ser mist\u00e9rio da tarde da \u00faltima ter\u00e7a-feira (21\/01). A Pol\u00edcia Civil de S\u00e3o Jo\u00e3o Evangelista, comandada pelo delegado Felipe Lig\u00f3rio, em cumprimento de mandado de pris\u00e3o expedido pela PC de S\u00e3o Paulo, prendeu Cleivson dos Santos Souza, de 25 anos, [&hellip;]<\/p>\n","protected":false},"author":1,"featured_media":15306,"comment_status":"open","ping_status":"closed","sticky":false,"template":"","format":"standard","meta":{"amp_status":"","footnotes":""},"categories":[121],"tags":[3429,155,3430,162,3428],"class_list":["post-19208","post","type-post","status-publish","format-standard","has-post-thumbnail","hentry","category-leste","tag-atibaia","tag-guanhaes","tag-marlei-lemos","tag-sao-joao-evangelista","tag-suspeito-de-homicidio-qualificado-em-atibaiasp-e-preso-em-sao-joao-evangelista"],"_links":{"self":[{"href":"https:\/\/aconteceunovale.com.br\/portal\/index.php?rest_route=\/wp\/v2\/posts\/19208","targetHints":{"allow":["GET"]}}],"collection":[{"href":"https:\/\/aconteceunovale.com.br\/portal\/index.php?rest_route=\/wp\/v2\/posts"}],"about":[{"href":"https:\/\/aconteceunovale.com.br\/portal\/index.php?rest_route=\/wp\/v2\/types\/post"}],"author":[{"embeddable":true,"href":"https:\/\/aconteceunovale.com.br\/portal\/index.php?rest_route=\/wp\/v2\/users\/1"}],"replies":[{"embeddable":true,"href":"https:\/\/aconteceunovale.com.br\/portal\/index.php?rest_route=%2Fwp%2Fv2%2Fcomments&post=19208"}],"version-history":[{"count":0,"href":"https:\/\/aconteceunovale.com.br\/portal\/index.php?rest_route=\/wp\/v2\/posts\/19208\/revisions"}],"wp:featuredmedia":[{"embeddable":true,"href":"https:\/\/aconteceunovale.com.br\/portal\/index.php?rest_route=\/wp\/v2\/media\/15306"}],"wp:attachment":[{"href":"https:\/\/aconteceunovale.com.br\/portal\/index.php?rest_route=%2Fwp%2Fv2%2Fmedia&parent=19208"}],"wp:term":[{"taxonomy":"category","embeddable":true,"href":"https:\/\/aconteceunovale.com.br\/portal\/index.php?rest_route=%2Fwp%2Fv2%2Fcategories&post=19208"},{"taxonomy":"post_tag","embeddable":true,"href":"https:\/\/aconteceunovale.com.br\/portal\/index.php?rest_route=%2Fwp%2Fv2%2Ftags&post=19208"}],"curies":[{"name":"wp","href":"https:\/\/api.w.org\/{rel}","templated":true}]}}