{"id":191998,"date":"2022-11-01T09:24:44","date_gmt":"2022-11-01T12:24:44","guid":{"rendered":"https:\/\/aconteceunovale.com.br\/portal\/?p=191998"},"modified":"2022-11-01T09:25:29","modified_gmt":"2022-11-01T12:25:29","slug":"maioria-do-supremo-tribunal-federal-vota-por-manter-ordem-para-prf-liberar-rodovias","status":"publish","type":"post","link":"https:\/\/aconteceunovale.com.br\/portal\/?p=191998","title":{"rendered":"Maioria do Supremo Tribunal Federal vota por manter ordem para PRF liberar rodovias"},"content":{"rendered":"\n<p class=\"wp-block-paragraph\">A maioria dos ministros do Supremo Tribunal Federal (STF) votou durante a madrugada e confirmou decis\u00e3o proferida na noite de ontem (31), pelo ministro Alexandre de Moraes, determinando a libera\u00e7\u00e3o de rodovias federais bloqueadas ap\u00f3s o resultado das elei\u00e7\u00f5es ocorridas no domingo (30).<\/p>\n\n\n\n<p class=\"wp-block-paragraph\">Na decis\u00e3o,\u00a0Moraes ordenou \u00e0 Pol\u00edcia Rodovi\u00e1ria\u00a0Federal (PRF) e \u00e0s pol\u00edcias militares que \u201ctomem todas as medidas necess\u00e1rias e suficientes\u201d para a \u201cimediata desobstru\u00e7\u00e3o de todas as vias p\u00fablicas que, ilicitamente, estejam com seu tr\u00e2nsito interrompido\u201d. Ele atendeu a pedido da Confedera\u00e7\u00e3o Nacional do Transporte (CNT), que alegou inclusive risco de desabastecimento em algumas cadeias industriais.<\/p>\n\n\n\n<p class=\"wp-block-paragraph\">At\u00e9 o momento, Moraes foi seguido pelos ministros Lu\u00eds Roberto Barroso, Edson Fachin, Gilmar Mendes, C\u00e1rmen L\u00facia, Rosa Weber e Dias Toffoli. O julgamento ocorre no plen\u00e1rio virtual, em sess\u00e3o de 24 horas, nesta ter\u00e7a-feira (1\u00b0), convocada ontem pela ministra Rosa Weber, presidente do Supremo, pouco depois de concedida a liminar (decis\u00e3o urgente e provis\u00f3ria) por Moraes. O prazo para votar segue at\u00e9 as 23h59 de hoje.<\/p>\n\n\n\n<h2 class=\"wp-block-heading\">Multa<\/h2>\n\n\n\n<p class=\"wp-block-paragraph\">No voto seguido pela maioria, Moraes determinou tamb\u00e9m multa de R$ 100 mil por hora, em car\u00e1ter pessoal, ao diretor-geral da PRF, Silvinei Vasques, \u201cem face da apontada OMISS\u00c3O e IN\u00c9RCIA\u201d do \u00f3rg\u00e3o em desobstruir as rodovias bloqueadas.<\/p>\n\n\n\n<p class=\"wp-block-paragraph\">O ministro apresenta links para v\u00eddeos publicados em redes sociais e cita registros de \u201cposs\u00edvel passividade de agentes da Pol\u00edcia Rodovi\u00e1ria Federal em face de manifesta\u00e7\u00f5es interruptivas de vias p\u00fablicas federais\u201d.<\/p>\n\n\n\n<h2 class=\"wp-block-heading\">Elei\u00e7\u00f5es<\/h2>\n\n\n\n<p class=\"wp-block-paragraph\">Moraes afirmou que as manifesta\u00e7\u00f5es \u201cs\u00e3o motivadas por pretens\u00f5es antidemocr\u00e1ticas qual seja, um protesto contra a elei\u00e7\u00e3o regular e leg\u00edtima de um novo Presidente da Rep\u00fablica, em 30 de outubro de 2022, inclusive com pretens\u00e3o impeditiva de posse por meio de atos ileg\u00edtimos e violentos como seria uma absolutamente impens\u00e1vel interven\u00e7\u00e3o militar\u201d.<\/p>\n\n\n\n<p class=\"wp-block-paragraph\">Os manifestantes, incluindo caminhoneiros, apoiam o presidente Jair Bolsonaro, que no \u00faltimo domingo perdeu a corrida ao Pal\u00e1cio do Planalto para o ex-presidente Luiz In\u00e1cio Lula da Silva. Pela decis\u00e3o de hoje, o plen\u00e1rio do Supremo ressalvou que nas a\u00e7\u00f5es de libera\u00e7\u00e3o sejam resguardadas a seguran\u00e7a do entorno, incluindo de pedestres, motoristas e manifestantes, com destaque para mulheres e crian\u00e7as.<\/p>\n\n\n\n<p class=\"wp-block-paragraph\">A PRF tem afirmado que j\u00e1 promove a libera\u00e7\u00e3o das rodovias e que dezenas de pontos de reten\u00e7\u00e3o foram liberados at\u00e9 o momento. De acordo com balan\u00e7o do fim da tarde de ontem, foram registrados ao menos 132 bloqueios em 20 estados. Ainda na segunda-feira, a Procuradoria-Geral da Rep\u00fablica (PGR) expediu of\u00edcio dando 24h para a PRF explicar os motivos da demora para a libera\u00e7\u00e3o das vias.<\/p>\n\n\n\n<p class=\"wp-block-paragraph\">No Twitter, o ministro da Justi\u00e7a Anderson Torres\u00a0postou na manh\u00e3\u00a0de hoje que, das 18h de domingo at\u00e9 \u00e0s 6h30 desta ter\u00e7a-feira &#8220;j\u00e1 foram eliminados 192 pontos de bloqueio.&#8221;<\/p>\n\n\n\n<p class=\"wp-block-paragraph\">J\u00e1 o presidente do Tribunal de Contas da Uni\u00e3o, Bruno Dantas, que no domingo do segundo turno garantiu que houve &#8220;zero diverg\u00eancia&#8221; na auditoria das urnas, postou na manh\u00e3 de hoje que os manifestantes ser\u00e3o severamente punidos:<\/p>\n\n\n\n<p class=\"wp-block-paragraph\">&#8220;Vivandeiras alvoro\u00e7adas tentam fabricar artificialmente clima de insurrei\u00e7\u00e3o num pa\u00eds cujo povo trabalhador e ordeiro deseja paz. Ser\u00e3o severamente processados, responsabilizados civilmente e presos. De t\u00e3o poucos, mal encher\u00e3o um pavilh\u00e3o de pres\u00eddio federal&#8221;, diz o post.<\/p>\n\n\n\n<p class=\"wp-block-paragraph\">&#8212;&#8212;&#8212;&#8212;&#8212;&#8212;<br><br><strong>Sabia que o Aconteceu no Vale est\u00e1 tamb\u00e9m no Telegram? <a rel=\"noreferrer noopener\" href=\"https:\/\/t.me\/aconteceunovaleoficial\" target=\"_blank\">Inscreva-se no canal<\/a>.<\/strong><br><br><strong>J\u00e1 curtiu ou seguiu nossas p\u00e1ginas nas redes sociais?\u00a0Receba as not\u00edcias em primeira m\u00e3o:<\/strong><br>\u2022 <a rel=\"noreferrer noopener\" href=\"https:\/\/news.google.com\/publications\/CAAqBwgKMNjklQswi4etAw?hl=pt-BR&amp;gl=BR&amp;ceid=BR%3Apt-419\" target=\"_blank\">Google News<\/a><br>\u2022 <a rel=\"noreferrer noopener\" href=\"https:\/\/www.facebook.com\/aconteceunovale\/\" target=\"_blank\">Facebook<\/a><br>\u2022 <a rel=\"noreferrer noopener\" href=\"https:\/\/twitter.com\/noticiadosvales\" target=\"_blank\">Twitter<\/a><br>\u2022 <a rel=\"noreferrer noopener\" href=\"https:\/\/www.instagram.com\/aconteceunovale\" target=\"_blank\">Instagram<\/a><br>\u2022 <a rel=\"noreferrer noopener\" href=\"https:\/\/www.youtube.com\/AconteceunoValeOficial\" target=\"_blank\">Youtube<\/a><br>\u2022 <a rel=\"noreferrer noopener\" href=\"https:\/\/www.tiktok.com\/@aconteceunovale\" target=\"_blank\">TikTok<\/a><\/p>\n","protected":false},"excerpt":{"rendered":"<p>A maioria dos ministros do Supremo Tribunal Federal (STF) votou durante a madrugada e confirmou decis\u00e3o proferida na noite de ontem (31), pelo ministro Alexandre de Moraes, determinando a libera\u00e7\u00e3o de rodovias federais bloqueadas ap\u00f3s o resultado das elei\u00e7\u00f5es ocorridas no domingo (30). Na decis\u00e3o,\u00a0Moraes ordenou \u00e0 Pol\u00edcia Rodovi\u00e1ria\u00a0Federal (PRF) e \u00e0s pol\u00edcias militares que [&hellip;]<\/p>\n","protected":false},"author":4,"featured_media":53882,"comment_status":"open","ping_status":"closed","sticky":false,"template":"","format":"standard","meta":{"amp_status":"","footnotes":""},"categories":[6],"tags":[35211,265733,174788,100375,265702,1018,14124,7147,265735,265703,265705,1104,265704,265706,265707],"class_list":["post-191998","post","type-post","status-publish","format-standard","has-post-thumbnail","hentry","category-br","tag-alexandre-de-moraes","tag-alexandre-de-moraes-determina-o-desbloqueio-de-rodovias","tag-bloqueio-de-rodovias","tag-bolsonaro","tag-caminhoneiros-fecham-rodovias-apos-vitoria-de-lula","tag-destaque","tag-luiz-inacio-lula-da-silva","tag-lula","tag-maioria-do-supremo-tribunal-federal-vota-por-manter-ordem-para-prf-liberar-rodovias","tag-manifestacao-em-rodovias","tag-protestos-em-rodovias","tag-rio-de-janeiro","tag-rodovias-bloqueadas","tag-rodovias-bloqueadas-por-caminhoneiros","tag-rodovias-fechadas-por-caminhoneiros"],"yoast_head":"<!-- This site is optimized with the Yoast SEO plugin v28.3 - https:\/\/yoast.com\/product\/yoast-seo-wordpress\/ -->\n<title>Maioria do Supremo Tribunal Federal vota por manter ordem para PRF liberar rodovias - Aconteceu no Vale<\/title>\n<meta name=\"robots\" content=\"index, follow, max-snippet:-1, max-image-preview:large, max-video-preview:-1\" \/>\n<link rel=\"canonical\" href=\"https:\/\/aconteceunovale.com.br\/portal\/?p=191998\" \/>\n<meta property=\"og:locale\" content=\"pt_BR\" \/>\n<meta property=\"og:type\" content=\"article\" \/>\n<meta property=\"og:title\" content=\"Maioria do Supremo Tribunal Federal vota por manter ordem para PRF liberar rodovias - Aconteceu no Vale\" \/>\n<meta property=\"og:description\" content=\"A maioria dos ministros do Supremo Tribunal Federal (STF) votou durante a madrugada e confirmou decis\u00e3o proferida na noite de ontem (31), pelo ministro Alexandre de Moraes, determinando a libera\u00e7\u00e3o de rodovias federais bloqueadas ap\u00f3s o resultado das elei\u00e7\u00f5es ocorridas no domingo (30). Na decis\u00e3o,\u00a0Moraes ordenou \u00e0 Pol\u00edcia Rodovi\u00e1ria\u00a0Federal (PRF) e \u00e0s pol\u00edcias militares que [&hellip;]\" \/>\n<meta property=\"og:url\" content=\"https:\/\/aconteceunovale.com.br\/portal\/?p=191998\" \/>\n<meta property=\"og:site_name\" content=\"Aconteceu no Vale\" \/>\n<meta property=\"article:publisher\" content=\"https:\/\/www.facebook.com\/aconteceunovale\/\" \/>\n<meta property=\"article:published_time\" content=\"2022-11-01T12:24:44+00:00\" \/>\n<meta property=\"article:modified_time\" content=\"2022-11-01T12:25:29+00:00\" \/>\n<meta property=\"og:image\" content=\"https:\/\/aconteceunovale.com.br\/portal\/wp-content\/uploads\/2015\/02\/stf.jpg\" \/>\n\t<meta property=\"og:image:width\" content=\"678\" \/>\n\t<meta property=\"og:image:height\" content=\"404\" \/>\n\t<meta property=\"og:image:type\" content=\"image\/jpeg\" \/>\n<meta name=\"author\" content=\"Reda\u00e7\u00e3o Aconteceu no Vale\" \/>\n<meta name=\"twitter:card\" content=\"summary_large_image\" \/>\n<meta name=\"twitter:creator\" content=\"@noticiadosvales\" \/>\n<meta name=\"twitter:site\" content=\"@noticiadosvales\" \/>\n<meta name=\"twitter:label1\" content=\"Escrito por\" \/>\n\t<meta name=\"twitter:data1\" content=\"Reda\u00e7\u00e3o Aconteceu no Vale\" \/>\n\t<meta name=\"twitter:label2\" content=\"Est. tempo de leitura\" \/>\n\t<meta name=\"twitter:data2\" content=\"3 minutos\" \/>\n<script type=\"application\/ld+json\" class=\"yoast-schema-graph\">{\"@context\":\"https:\\\/\\\/schema.org\",\"@graph\":[{\"@type\":\"Article\",\"@id\":\"https:\\\/\\\/aconteceunovale.com.br\\\/portal\\\/?p=191998#article\",\"isPartOf\":{\"@id\":\"https:\\\/\\\/aconteceunovale.com.br\\\/portal\\\/?p=191998\"},\"author\":{\"name\":\"Reda\u00e7\u00e3o Aconteceu no Vale\",\"@id\":\"https:\\\/\\\/aconteceunovale.com.br\\\/portal\\\/#\\\/schema\\\/person\\\/7d2f26d1483f8a63de73da1ee0754d35\"},\"headline\":\"Maioria do Supremo Tribunal Federal vota por manter ordem para PRF liberar rodovias\",\"datePublished\":\"2022-11-01T12:24:44+00:00\",\"dateModified\":\"2022-11-01T12:25:29+00:00\",\"mainEntityOfPage\":{\"@id\":\"https:\\\/\\\/aconteceunovale.com.br\\\/portal\\\/?p=191998\"},\"wordCount\":634,\"commentCount\":0,\"image\":{\"@id\":\"https:\\\/\\\/aconteceunovale.com.br\\\/portal\\\/?p=191998#primaryimage\"},\"thumbnailUrl\":\"https:\\\/\\\/aconteceunovale.com.br\\\/portal\\\/wp-content\\\/uploads\\\/2015\\\/02\\\/stf.jpg\",\"keywords\":[\"Alexandre de Moraes\",\"Alexandre de Moraes determina o desbloqueio de rodovias\",\"bloqueio de rodovias\",\"Bolsonaro\",\"Caminhoneiros fecham rodovias ap\u00f3s vit\u00f3ria de Lula\",\"destaque\",\"Luiz In\u00e1cio Lula da Silva\",\"Lula\",\"Maioria do Supremo Tribunal Federal vota por manter ordem para PRF liberar rodovias\",\"Manifesta\u00e7\u00e3o em rodovias\",\"Protestos em rodovias\",\"Rio de Janeiro\",\"Rodovias bloqueadas\",\"Rodovias bloqueadas por caminhoneiros\",\"Rodovias fechadas por caminhoneiros\"],\"articleSection\":[\"Brasil\"],\"inLanguage\":\"pt-BR\",\"potentialAction\":[{\"@type\":\"CommentAction\",\"name\":\"Comment\",\"target\":[\"https:\\\/\\\/aconteceunovale.com.br\\\/portal\\\/?p=191998#respond\"]}]},{\"@type\":\"WebPage\",\"@id\":\"https:\\\/\\\/aconteceunovale.com.br\\\/portal\\\/?p=191998\",\"url\":\"https:\\\/\\\/aconteceunovale.com.br\\\/portal\\\/?p=191998\",\"name\":\"Maioria do Supremo Tribunal Federal vota por manter ordem para PRF liberar rodovias - Aconteceu no Vale\",\"isPartOf\":{\"@id\":\"https:\\\/\\\/aconteceunovale.com.br\\\/portal\\\/#website\"},\"primaryImageOfPage\":{\"@id\":\"https:\\\/\\\/aconteceunovale.com.br\\\/portal\\\/?p=191998#primaryimage\"},\"image\":{\"@id\":\"https:\\\/\\\/aconteceunovale.com.br\\\/portal\\\/?p=191998#primaryimage\"},\"thumbnailUrl\":\"https:\\\/\\\/aconteceunovale.com.br\\\/portal\\\/wp-content\\\/uploads\\\/2015\\\/02\\\/stf.jpg\",\"datePublished\":\"2022-11-01T12:24:44+00:00\",\"dateModified\":\"2022-11-01T12:25:29+00:00\",\"author\":{\"@id\":\"https:\\\/\\\/aconteceunovale.com.br\\\/portal\\\/#\\\/schema\\\/person\\\/7d2f26d1483f8a63de73da1ee0754d35\"},\"breadcrumb\":{\"@id\":\"https:\\\/\\\/aconteceunovale.com.br\\\/portal\\\/?p=191998#breadcrumb\"},\"inLanguage\":\"pt-BR\",\"potentialAction\":[{\"@type\":\"ReadAction\",\"target\":[\"https:\\\/\\\/aconteceunovale.com.br\\\/portal\\\/?p=191998\"]}]},{\"@type\":\"ImageObject\",\"inLanguage\":\"pt-BR\",\"@id\":\"https:\\\/\\\/aconteceunovale.com.br\\\/portal\\\/?p=191998#primaryimage\",\"url\":\"https:\\\/\\\/aconteceunovale.com.br\\\/portal\\\/wp-content\\\/uploads\\\/2015\\\/02\\\/stf.jpg\",\"contentUrl\":\"https:\\\/\\\/aconteceunovale.com.br\\\/portal\\\/wp-content\\\/uploads\\\/2015\\\/02\\\/stf.jpg\",\"width\":678,\"height\":404},{\"@type\":\"BreadcrumbList\",\"@id\":\"https:\\\/\\\/aconteceunovale.com.br\\\/portal\\\/?p=191998#breadcrumb\",\"itemListElement\":[{\"@type\":\"ListItem\",\"position\":1,\"name\":\"In\u00edcio\",\"item\":\"https:\\\/\\\/aconteceunovale.com.br\\\/portal\\\/\"},{\"@type\":\"ListItem\",\"position\":2,\"name\":\"Maioria do Supremo Tribunal Federal vota por manter ordem para PRF liberar rodovias\"}]},{\"@type\":\"WebSite\",\"@id\":\"https:\\\/\\\/aconteceunovale.com.br\\\/portal\\\/#website\",\"url\":\"https:\\\/\\\/aconteceunovale.com.br\\\/portal\\\/\",\"name\":\"Aconteceu no Vale\",\"description\":\"Portal de Not\u00edcias\",\"potentialAction\":[{\"@type\":\"SearchAction\",\"target\":{\"@type\":\"EntryPoint\",\"urlTemplate\":\"https:\\\/\\\/aconteceunovale.com.br\\\/portal\\\/?s={search_term_string}\"},\"query-input\":{\"@type\":\"PropertyValueSpecification\",\"valueRequired\":true,\"valueName\":\"search_term_string\"}}],\"inLanguage\":\"pt-BR\"},{\"@type\":\"Person\",\"@id\":\"https:\\\/\\\/aconteceunovale.com.br\\\/portal\\\/#\\\/schema\\\/person\\\/7d2f26d1483f8a63de73da1ee0754d35\",\"name\":\"Reda\u00e7\u00e3o Aconteceu no Vale\",\"description\":\"Equipe de reportagem do Aconteceu no Vale, portal de not\u00edcias do Vale do Jequitinhonha, em Minas Gerais. Cobrimos as 51 cidades do Vale desde 2013. Sugest\u00f5es de pauta e pedidos de corre\u00e7\u00e3o: contato@aconteceunovale.com.br\",\"url\":\"https:\\\/\\\/aconteceunovale.com.br\\\/portal\\\/?author=4\"}]}<\/script>\n<!-- \/ Yoast SEO plugin. -->","yoast_head_json":{"title":"Maioria do Supremo Tribunal Federal vota por manter ordem para PRF liberar rodovias - Aconteceu no Vale","robots":{"index":"index","follow":"follow","max-snippet":"max-snippet:-1","max-image-preview":"max-image-preview:large","max-video-preview":"max-video-preview:-1"},"canonical":"https:\/\/aconteceunovale.com.br\/portal\/?p=191998","og_locale":"pt_BR","og_type":"article","og_title":"Maioria do Supremo Tribunal Federal vota por manter ordem para PRF liberar rodovias - Aconteceu no Vale","og_description":"A maioria dos ministros do Supremo Tribunal Federal (STF) votou durante a madrugada e confirmou decis\u00e3o proferida na noite de ontem (31), pelo ministro Alexandre de Moraes, determinando a libera\u00e7\u00e3o de rodovias federais bloqueadas ap\u00f3s o resultado das elei\u00e7\u00f5es ocorridas no domingo (30). Na decis\u00e3o,\u00a0Moraes ordenou \u00e0 Pol\u00edcia Rodovi\u00e1ria\u00a0Federal (PRF) e \u00e0s pol\u00edcias militares que [&hellip;]","og_url":"https:\/\/aconteceunovale.com.br\/portal\/?p=191998","og_site_name":"Aconteceu no Vale","article_publisher":"https:\/\/www.facebook.com\/aconteceunovale\/","article_published_time":"2022-11-01T12:24:44+00:00","article_modified_time":"2022-11-01T12:25:29+00:00","og_image":[{"width":678,"height":404,"url":"https:\/\/aconteceunovale.com.br\/portal\/wp-content\/uploads\/2015\/02\/stf.jpg","type":"image\/jpeg"}],"author":"Reda\u00e7\u00e3o Aconteceu no Vale","twitter_card":"summary_large_image","twitter_creator":"@noticiadosvales","twitter_site":"@noticiadosvales","twitter_misc":{"Escrito por":"Reda\u00e7\u00e3o Aconteceu no Vale","Est. tempo de leitura":"3 minutos"},"schema":{"@context":"https:\/\/schema.org","@graph":[{"@type":"Article","@id":"https:\/\/aconteceunovale.com.br\/portal\/?p=191998#article","isPartOf":{"@id":"https:\/\/aconteceunovale.com.br\/portal\/?p=191998"},"author":{"name":"Reda\u00e7\u00e3o Aconteceu no Vale","@id":"https:\/\/aconteceunovale.com.br\/portal\/#\/schema\/person\/7d2f26d1483f8a63de73da1ee0754d35"},"headline":"Maioria do Supremo Tribunal Federal vota por manter ordem para PRF liberar rodovias","datePublished":"2022-11-01T12:24:44+00:00","dateModified":"2022-11-01T12:25:29+00:00","mainEntityOfPage":{"@id":"https:\/\/aconteceunovale.com.br\/portal\/?p=191998"},"wordCount":634,"commentCount":0,"image":{"@id":"https:\/\/aconteceunovale.com.br\/portal\/?p=191998#primaryimage"},"thumbnailUrl":"https:\/\/aconteceunovale.com.br\/portal\/wp-content\/uploads\/2015\/02\/stf.jpg","keywords":["Alexandre de Moraes","Alexandre de Moraes determina o desbloqueio de rodovias","bloqueio de rodovias","Bolsonaro","Caminhoneiros fecham rodovias ap\u00f3s vit\u00f3ria de Lula","destaque","Luiz In\u00e1cio Lula da Silva","Lula","Maioria do Supremo Tribunal Federal vota por manter ordem para PRF liberar rodovias","Manifesta\u00e7\u00e3o em rodovias","Protestos em rodovias","Rio de Janeiro","Rodovias bloqueadas","Rodovias bloqueadas por caminhoneiros","Rodovias fechadas por caminhoneiros"],"articleSection":["Brasil"],"inLanguage":"pt-BR","potentialAction":[{"@type":"CommentAction","name":"Comment","target":["https:\/\/aconteceunovale.com.br\/portal\/?p=191998#respond"]}]},{"@type":"WebPage","@id":"https:\/\/aconteceunovale.com.br\/portal\/?p=191998","url":"https:\/\/aconteceunovale.com.br\/portal\/?p=191998","name":"Maioria do Supremo Tribunal Federal vota por manter ordem para PRF liberar rodovias - Aconteceu no Vale","isPartOf":{"@id":"https:\/\/aconteceunovale.com.br\/portal\/#website"},"primaryImageOfPage":{"@id":"https:\/\/aconteceunovale.com.br\/portal\/?p=191998#primaryimage"},"image":{"@id":"https:\/\/aconteceunovale.com.br\/portal\/?p=191998#primaryimage"},"thumbnailUrl":"https:\/\/aconteceunovale.com.br\/portal\/wp-content\/uploads\/2015\/02\/stf.jpg","datePublished":"2022-11-01T12:24:44+00:00","dateModified":"2022-11-01T12:25:29+00:00","author":{"@id":"https:\/\/aconteceunovale.com.br\/portal\/#\/schema\/person\/7d2f26d1483f8a63de73da1ee0754d35"},"breadcrumb":{"@id":"https:\/\/aconteceunovale.com.br\/portal\/?p=191998#breadcrumb"},"inLanguage":"pt-BR","potentialAction":[{"@type":"ReadAction","target":["https:\/\/aconteceunovale.com.br\/portal\/?p=191998"]}]},{"@type":"ImageObject","inLanguage":"pt-BR","@id":"https:\/\/aconteceunovale.com.br\/portal\/?p=191998#primaryimage","url":"https:\/\/aconteceunovale.com.br\/portal\/wp-content\/uploads\/2015\/02\/stf.jpg","contentUrl":"https:\/\/aconteceunovale.com.br\/portal\/wp-content\/uploads\/2015\/02\/stf.jpg","width":678,"height":404},{"@type":"BreadcrumbList","@id":"https:\/\/aconteceunovale.com.br\/portal\/?p=191998#breadcrumb","itemListElement":[{"@type":"ListItem","position":1,"name":"In\u00edcio","item":"https:\/\/aconteceunovale.com.br\/portal\/"},{"@type":"ListItem","position":2,"name":"Maioria do Supremo Tribunal Federal vota por manter ordem para PRF liberar rodovias"}]},{"@type":"WebSite","@id":"https:\/\/aconteceunovale.com.br\/portal\/#website","url":"https:\/\/aconteceunovale.com.br\/portal\/","name":"Aconteceu no Vale","description":"Portal de Not\u00edcias","potentialAction":[{"@type":"SearchAction","target":{"@type":"EntryPoint","urlTemplate":"https:\/\/aconteceunovale.com.br\/portal\/?s={search_term_string}"},"query-input":{"@type":"PropertyValueSpecification","valueRequired":true,"valueName":"search_term_string"}}],"inLanguage":"pt-BR"},{"@type":"Person","@id":"https:\/\/aconteceunovale.com.br\/portal\/#\/schema\/person\/7d2f26d1483f8a63de73da1ee0754d35","name":"Reda\u00e7\u00e3o Aconteceu no Vale","description":"Equipe de reportagem do Aconteceu no Vale, portal de not\u00edcias do Vale do Jequitinhonha, em Minas Gerais. Cobrimos as 51 cidades do Vale desde 2013. Sugest\u00f5es de pauta e pedidos de corre\u00e7\u00e3o: contato@aconteceunovale.com.br","url":"https:\/\/aconteceunovale.com.br\/portal\/?author=4"}]}},"_links":{"self":[{"href":"https:\/\/aconteceunovale.com.br\/portal\/index.php?rest_route=\/wp\/v2\/posts\/191998","targetHints":{"allow":["GET"]}}],"collection":[{"href":"https:\/\/aconteceunovale.com.br\/portal\/index.php?rest_route=\/wp\/v2\/posts"}],"about":[{"href":"https:\/\/aconteceunovale.com.br\/portal\/index.php?rest_route=\/wp\/v2\/types\/post"}],"author":[{"embeddable":true,"href":"https:\/\/aconteceunovale.com.br\/portal\/index.php?rest_route=\/wp\/v2\/users\/4"}],"replies":[{"embeddable":true,"href":"https:\/\/aconteceunovale.com.br\/portal\/index.php?rest_route=%2Fwp%2Fv2%2Fcomments&post=191998"}],"version-history":[{"count":1,"href":"https:\/\/aconteceunovale.com.br\/portal\/index.php?rest_route=\/wp\/v2\/posts\/191998\/revisions"}],"predecessor-version":[{"id":191999,"href":"https:\/\/aconteceunovale.com.br\/portal\/index.php?rest_route=\/wp\/v2\/posts\/191998\/revisions\/191999"}],"wp:featuredmedia":[{"embeddable":true,"href":"https:\/\/aconteceunovale.com.br\/portal\/index.php?rest_route=\/wp\/v2\/media\/53882"}],"wp:attachment":[{"href":"https:\/\/aconteceunovale.com.br\/portal\/index.php?rest_route=%2Fwp%2Fv2%2Fmedia&parent=191998"}],"wp:term":[{"taxonomy":"category","embeddable":true,"href":"https:\/\/aconteceunovale.com.br\/portal\/index.php?rest_route=%2Fwp%2Fv2%2Fcategories&post=191998"},{"taxonomy":"post_tag","embeddable":true,"href":"https:\/\/aconteceunovale.com.br\/portal\/index.php?rest_route=%2Fwp%2Fv2%2Ftags&post=191998"}],"curies":[{"name":"wp","href":"https:\/\/api.w.org\/{rel}","templated":true}]}}