{"id":191993,"date":"2022-11-01T09:15:01","date_gmt":"2022-11-01T12:15:01","guid":{"rendered":"https:\/\/aconteceunovale.com.br\/portal\/?p=191993"},"modified":"2022-11-01T09:20:06","modified_gmt":"2022-11-01T12:20:06","slug":"precos-de-venda-de-gas-natural-tem-reducao-a-partir-de-hoje","status":"publish","type":"post","link":"https:\/\/aconteceunovale.com.br\/portal\/?p=191993","title":{"rendered":"Pre\u00e7os de venda de g\u00e1s natural t\u00eam redu\u00e7\u00e3o a partir de hoje"},"content":{"rendered":"\n<p class=\"wp-block-paragraph\">Os pre\u00e7os atualizados de venda de g\u00e1s natural, transportado e distribu\u00eddo por dutos, ter\u00e3o &#8211; a partir de hoje (1\u00ba) &#8211; redu\u00e7\u00e3o m\u00e9dia de 5% em reais por metro c\u00fabico, com rela\u00e7\u00e3o ao trimestre entre agosto e outubro, conforme determinam os contratos acordados pela Petrobras com as distribuidoras.<\/p>\n\n\n\n<figure class=\"wp-block-gallery has-nested-images columns-default is-cropped wp-block-gallery-1 is-layout-flex wp-block-gallery-is-layout-flex\">\n<figure class=\"wp-block-image size-large\"><img loading=\"lazy\" decoding=\"async\" width=\"678\" height=\"406\" data-id=\"191441\" src=\"https:\/\/aconteceunovale.com.br\/portal\/wp-content\/uploads\/2022\/10\/gas_natural.jpg\" alt=\"\" class=\"wp-image-191441\" srcset=\"https:\/\/aconteceunovale.com.br\/portal\/wp-content\/uploads\/2022\/10\/gas_natural.jpg 678w, https:\/\/aconteceunovale.com.br\/portal\/wp-content\/uploads\/2022\/10\/gas_natural-300x180.jpg 300w\" sizes=\"auto, (max-width: 678px) 100vw, 678px\" \/><figcaption><em><sub>G\u00e1s Natural &#8211; Foto: Ag\u00eancia Petrobras \/ Divulga\u00e7\u00e3o<\/sub><\/em><\/figcaption><\/figure>\n<\/figure>\n\n\n\n<p class=\"wp-block-paragraph\">Segundo a companhia, eles \u201cpreveem atualiza\u00e7\u00f5es trimestrais e vinculam a varia\u00e7\u00e3o do pre\u00e7o do g\u00e1s \u00e0s oscila\u00e7\u00f5es do petr\u00f3leo Brent e da taxa de c\u00e2mbio\u201d.<\/p>\n\n\n\n<p class=\"wp-block-paragraph\">Durante o trimestre, de acordo com a empresa, o petr\u00f3leo teve queda de 11,5%, al\u00e9m da deprecia\u00e7\u00e3o de 6,5% no c\u00e2mbio, o que significa que \u201ca quantia em reais para se converter em um d\u00f3lar aumentou 6,5%\u201d.<br><br>A Petrobras destacou que o pre\u00e7o final do g\u00e1s natural ao consumidor n\u00e3o \u00e9 definido somente pelo pre\u00e7o de venda da companhia, as margens das distribuidoras e, no caso do g\u00e1s natural veicular &nbsp;(GNV), dos postos de revenda entram nas contas, como tamb\u00e9m os tributos federais e estaduais.<\/p>\n\n\n\n<h2 class=\"wp-block-heading\">Tarifas<\/h2>\n\n\n\n<p class=\"wp-block-paragraph\">A companhia ressaltou ainda que as tarifas ao consumidor s\u00e3o aprovadas pelas ag\u00eancias reguladoras estaduais, conforme legisla\u00e7\u00e3o e regula\u00e7\u00e3o espec\u00edficas. \u201cImportante informar que a atualiza\u00e7\u00e3o anunciada para 1\/11\/22 n\u00e3o se refere ao pre\u00e7o do GLP (g\u00e1s de cozinha), envasado em botij\u00f5es ou vendido a granel\u201d, observou a Petrobras.<\/p>\n\n\n\n<p class=\"wp-block-paragraph\">Como estabelecido nos contratos acertados, os pre\u00e7os atualizados v\u00e3o valer at\u00e9 31 de janeiro de 2023. \u201cA atualiza\u00e7\u00e3o trimestral do pre\u00e7o do g\u00e1s natural e anual para o transporte do produto permite atenuar volatilidades moment\u00e2neas e aliviar, no pre\u00e7o final, o impacto de oscila\u00e7\u00f5es bruscas e pontuais no mercado externo, assegurando, desta forma, previsibilidade e transpar\u00eancia aos clientes\u201d, informou a empresa, acrescentando que os contratos s\u00e3o p\u00fablicos e divulgados no site da Ag\u00eancia Nacional do Petr\u00f3leo, G\u00e1s Natural e Biocombust\u00edveis (ANP).<\/p>\n\n\n\n<p class=\"wp-block-paragraph\">&#8212;&#8212;&#8212;&#8212;&#8212;&#8212;<br><br><strong>Sabia que o Aconteceu no Vale est\u00e1 tamb\u00e9m no Telegram? <a rel=\"noreferrer noopener\" href=\"https:\/\/t.me\/aconteceunovaleoficial\" target=\"_blank\">Inscreva-se no canal<\/a>.<\/strong><br><br><strong>J\u00e1 curtiu ou seguiu nossas p\u00e1ginas nas redes sociais?\u00a0Receba as not\u00edcias em primeira m\u00e3o:<\/strong><br>\u2022 <a rel=\"noreferrer noopener\" href=\"https:\/\/news.google.com\/publications\/CAAqBwgKMNjklQswi4etAw?hl=pt-BR&amp;gl=BR&amp;ceid=BR%3Apt-419\" target=\"_blank\">Google News<\/a><br>\u2022 <a rel=\"noreferrer noopener\" href=\"https:\/\/www.facebook.com\/aconteceunovale\/\" target=\"_blank\">Facebook<\/a><br>\u2022 <a rel=\"noreferrer noopener\" href=\"https:\/\/twitter.com\/noticiadosvales\" target=\"_blank\">Twitter<\/a><br>\u2022 <a rel=\"noreferrer noopener\" href=\"https:\/\/www.instagram.com\/aconteceunovale\" target=\"_blank\">Instagram<\/a><br>\u2022 <a rel=\"noreferrer noopener\" href=\"https:\/\/www.youtube.com\/AconteceunoValeOficial\" target=\"_blank\">Youtube<\/a><br>\u2022 <a rel=\"noreferrer noopener\" href=\"https:\/\/www.tiktok.com\/@aconteceunovale\" target=\"_blank\">TikTok<\/a><\/p>\n","protected":false},"excerpt":{"rendered":"<p>Os pre\u00e7os atualizados de venda de g\u00e1s natural, transportado e distribu\u00eddo por dutos, ter\u00e3o &#8211; a partir de hoje (1\u00ba) &#8211; redu\u00e7\u00e3o m\u00e9dia de 5% em reais por metro c\u00fabico, com rela\u00e7\u00e3o ao trimestre entre agosto e outubro, conforme determinam os contratos acordados pela Petrobras com as distribuidoras. Segundo a companhia, eles \u201cpreveem atualiza\u00e7\u00f5es trimestrais [&hellip;]<\/p>\n","protected":false},"author":4,"featured_media":191441,"comment_status":"open","ping_status":"closed","sticky":false,"template":"","format":"standard","meta":{"amp_status":"","footnotes":""},"categories":[40239],"tags":[1018,168336,226743,76051,5499,265006,265734,265007,265008],"class_list":["post-191993","post","type-post","status-publish","format-standard","has-post-thumbnail","hentry","category-economia-2","tag-destaque","tag-gas-natural","tag-gas-natural-petrobras","tag-gnv","tag-petrobras","tag-petrobras-anuncia-reducao-de-5-no-preco-do-gas-natural","tag-precos-de-venda-de-gas-natural-tem-reducao-a-partir-de-hoje","tag-reducao-no-preco-do-gas-natural","tag-reducao-no-preco-do-gnv"],"yoast_head":"<!-- This site is optimized with the Yoast SEO plugin v28.3 - https:\/\/yoast.com\/product\/yoast-seo-wordpress\/ -->\n<title>Pre\u00e7os de venda de g\u00e1s natural t\u00eam redu\u00e7\u00e3o a partir de hoje - Aconteceu no Vale<\/title>\n<meta name=\"robots\" content=\"index, follow, max-snippet:-1, max-image-preview:large, max-video-preview:-1\" \/>\n<link rel=\"canonical\" href=\"https:\/\/aconteceunovale.com.br\/portal\/?p=191993\" \/>\n<meta property=\"og:locale\" content=\"pt_BR\" \/>\n<meta property=\"og:type\" content=\"article\" \/>\n<meta property=\"og:title\" content=\"Pre\u00e7os de venda de g\u00e1s natural t\u00eam redu\u00e7\u00e3o a partir de hoje - Aconteceu no Vale\" \/>\n<meta property=\"og:description\" content=\"Os pre\u00e7os atualizados de venda de g\u00e1s natural, transportado e distribu\u00eddo por dutos, ter\u00e3o &#8211; a partir de hoje (1\u00ba) &#8211; redu\u00e7\u00e3o m\u00e9dia de 5% em reais por metro c\u00fabico, com rela\u00e7\u00e3o ao trimestre entre agosto e outubro, conforme determinam os contratos acordados pela Petrobras com as distribuidoras. Segundo a companhia, eles \u201cpreveem atualiza\u00e7\u00f5es trimestrais [&hellip;]\" \/>\n<meta property=\"og:url\" content=\"https:\/\/aconteceunovale.com.br\/portal\/?p=191993\" \/>\n<meta property=\"og:site_name\" content=\"Aconteceu no Vale\" \/>\n<meta property=\"article:publisher\" content=\"https:\/\/www.facebook.com\/aconteceunovale\/\" \/>\n<meta property=\"article:published_time\" content=\"2022-11-01T12:15:01+00:00\" \/>\n<meta property=\"article:modified_time\" content=\"2022-11-01T12:20:06+00:00\" \/>\n<meta property=\"og:image\" content=\"https:\/\/aconteceunovale.com.br\/portal\/wp-content\/uploads\/2022\/10\/gas_natural.jpg\" \/>\n\t<meta property=\"og:image:width\" content=\"678\" \/>\n\t<meta property=\"og:image:height\" content=\"406\" \/>\n\t<meta property=\"og:image:type\" content=\"image\/jpeg\" \/>\n<meta name=\"author\" content=\"Reda\u00e7\u00e3o Aconteceu no Vale\" \/>\n<meta name=\"twitter:card\" content=\"summary_large_image\" \/>\n<meta name=\"twitter:creator\" content=\"@noticiadosvales\" \/>\n<meta name=\"twitter:site\" content=\"@noticiadosvales\" \/>\n<meta name=\"twitter:label1\" content=\"Escrito por\" \/>\n\t<meta name=\"twitter:data1\" content=\"Reda\u00e7\u00e3o Aconteceu no Vale\" \/>\n\t<meta name=\"twitter:label2\" content=\"Est. tempo de leitura\" \/>\n\t<meta name=\"twitter:data2\" content=\"2 minutos\" \/>\n<script type=\"application\/ld+json\" class=\"yoast-schema-graph\">{\"@context\":\"https:\\\/\\\/schema.org\",\"@graph\":[{\"@type\":\"Article\",\"@id\":\"https:\\\/\\\/aconteceunovale.com.br\\\/portal\\\/?p=191993#article\",\"isPartOf\":{\"@id\":\"https:\\\/\\\/aconteceunovale.com.br\\\/portal\\\/?p=191993\"},\"author\":{\"name\":\"Reda\u00e7\u00e3o Aconteceu no Vale\",\"@id\":\"https:\\\/\\\/aconteceunovale.com.br\\\/portal\\\/#\\\/schema\\\/person\\\/7d2f26d1483f8a63de73da1ee0754d35\"},\"headline\":\"Pre\u00e7os de venda de g\u00e1s natural t\u00eam redu\u00e7\u00e3o a partir de hoje\",\"datePublished\":\"2022-11-01T12:15:01+00:00\",\"dateModified\":\"2022-11-01T12:20:06+00:00\",\"mainEntityOfPage\":{\"@id\":\"https:\\\/\\\/aconteceunovale.com.br\\\/portal\\\/?p=191993\"},\"wordCount\":397,\"commentCount\":0,\"image\":{\"@id\":\"https:\\\/\\\/aconteceunovale.com.br\\\/portal\\\/?p=191993#primaryimage\"},\"thumbnailUrl\":\"https:\\\/\\\/aconteceunovale.com.br\\\/portal\\\/wp-content\\\/uploads\\\/2022\\\/10\\\/gas_natural.jpg\",\"keywords\":[\"destaque\",\"G\u00e1s Natural\",\"G\u00e1s natural Petrobras\",\"GNV\",\"petrobras\",\"Petrobras anuncia redu\u00e7\u00e3o de 5% no pre\u00e7o do g\u00e1s natural\",\"Pre\u00e7os de venda de g\u00e1s natural t\u00eam redu\u00e7\u00e3o a partir de hoje\",\"Redu\u00e7\u00e3o no pre\u00e7o do g\u00e1s natural\",\"Redu\u00e7\u00e3o no pre\u00e7o do GNV\"],\"articleSection\":[\"Economia\"],\"inLanguage\":\"pt-BR\",\"potentialAction\":[{\"@type\":\"CommentAction\",\"name\":\"Comment\",\"target\":[\"https:\\\/\\\/aconteceunovale.com.br\\\/portal\\\/?p=191993#respond\"]}]},{\"@type\":\"WebPage\",\"@id\":\"https:\\\/\\\/aconteceunovale.com.br\\\/portal\\\/?p=191993\",\"url\":\"https:\\\/\\\/aconteceunovale.com.br\\\/portal\\\/?p=191993\",\"name\":\"Pre\u00e7os de venda de g\u00e1s natural t\u00eam redu\u00e7\u00e3o a partir de hoje - Aconteceu no Vale\",\"isPartOf\":{\"@id\":\"https:\\\/\\\/aconteceunovale.com.br\\\/portal\\\/#website\"},\"primaryImageOfPage\":{\"@id\":\"https:\\\/\\\/aconteceunovale.com.br\\\/portal\\\/?p=191993#primaryimage\"},\"image\":{\"@id\":\"https:\\\/\\\/aconteceunovale.com.br\\\/portal\\\/?p=191993#primaryimage\"},\"thumbnailUrl\":\"https:\\\/\\\/aconteceunovale.com.br\\\/portal\\\/wp-content\\\/uploads\\\/2022\\\/10\\\/gas_natural.jpg\",\"datePublished\":\"2022-11-01T12:15:01+00:00\",\"dateModified\":\"2022-11-01T12:20:06+00:00\",\"author\":{\"@id\":\"https:\\\/\\\/aconteceunovale.com.br\\\/portal\\\/#\\\/schema\\\/person\\\/7d2f26d1483f8a63de73da1ee0754d35\"},\"breadcrumb\":{\"@id\":\"https:\\\/\\\/aconteceunovale.com.br\\\/portal\\\/?p=191993#breadcrumb\"},\"inLanguage\":\"pt-BR\",\"potentialAction\":[{\"@type\":\"ReadAction\",\"target\":[\"https:\\\/\\\/aconteceunovale.com.br\\\/portal\\\/?p=191993\"]}]},{\"@type\":\"ImageObject\",\"inLanguage\":\"pt-BR\",\"@id\":\"https:\\\/\\\/aconteceunovale.com.br\\\/portal\\\/?p=191993#primaryimage\",\"url\":\"https:\\\/\\\/aconteceunovale.com.br\\\/portal\\\/wp-content\\\/uploads\\\/2022\\\/10\\\/gas_natural.jpg\",\"contentUrl\":\"https:\\\/\\\/aconteceunovale.com.br\\\/portal\\\/wp-content\\\/uploads\\\/2022\\\/10\\\/gas_natural.jpg\",\"width\":678,\"height\":406,\"caption\":\"G\u00e1s Natural\"},{\"@type\":\"BreadcrumbList\",\"@id\":\"https:\\\/\\\/aconteceunovale.com.br\\\/portal\\\/?p=191993#breadcrumb\",\"itemListElement\":[{\"@type\":\"ListItem\",\"position\":1,\"name\":\"In\u00edcio\",\"item\":\"https:\\\/\\\/aconteceunovale.com.br\\\/portal\\\/\"},{\"@type\":\"ListItem\",\"position\":2,\"name\":\"Pre\u00e7os de venda de g\u00e1s natural t\u00eam redu\u00e7\u00e3o a partir de hoje\"}]},{\"@type\":\"WebSite\",\"@id\":\"https:\\\/\\\/aconteceunovale.com.br\\\/portal\\\/#website\",\"url\":\"https:\\\/\\\/aconteceunovale.com.br\\\/portal\\\/\",\"name\":\"Aconteceu no Vale\",\"description\":\"Portal de Not\u00edcias\",\"potentialAction\":[{\"@type\":\"SearchAction\",\"target\":{\"@type\":\"EntryPoint\",\"urlTemplate\":\"https:\\\/\\\/aconteceunovale.com.br\\\/portal\\\/?s={search_term_string}\"},\"query-input\":{\"@type\":\"PropertyValueSpecification\",\"valueRequired\":true,\"valueName\":\"search_term_string\"}}],\"inLanguage\":\"pt-BR\"},{\"@type\":\"Person\",\"@id\":\"https:\\\/\\\/aconteceunovale.com.br\\\/portal\\\/#\\\/schema\\\/person\\\/7d2f26d1483f8a63de73da1ee0754d35\",\"name\":\"Reda\u00e7\u00e3o Aconteceu no Vale\",\"description\":\"Equipe de reportagem do Aconteceu no Vale, portal de not\u00edcias do Vale do Jequitinhonha, em Minas Gerais. Cobrimos as 51 cidades do Vale desde 2013. Sugest\u00f5es de pauta e pedidos de corre\u00e7\u00e3o: contato@aconteceunovale.com.br\",\"url\":\"https:\\\/\\\/aconteceunovale.com.br\\\/portal\\\/?author=4\"}]}<\/script>\n<!-- \/ Yoast SEO plugin. -->","yoast_head_json":{"title":"Pre\u00e7os de venda de g\u00e1s natural t\u00eam redu\u00e7\u00e3o a partir de hoje - Aconteceu no Vale","robots":{"index":"index","follow":"follow","max-snippet":"max-snippet:-1","max-image-preview":"max-image-preview:large","max-video-preview":"max-video-preview:-1"},"canonical":"https:\/\/aconteceunovale.com.br\/portal\/?p=191993","og_locale":"pt_BR","og_type":"article","og_title":"Pre\u00e7os de venda de g\u00e1s natural t\u00eam redu\u00e7\u00e3o a partir de hoje - Aconteceu no Vale","og_description":"Os pre\u00e7os atualizados de venda de g\u00e1s natural, transportado e distribu\u00eddo por dutos, ter\u00e3o &#8211; a partir de hoje (1\u00ba) &#8211; redu\u00e7\u00e3o m\u00e9dia de 5% em reais por metro c\u00fabico, com rela\u00e7\u00e3o ao trimestre entre agosto e outubro, conforme determinam os contratos acordados pela Petrobras com as distribuidoras. Segundo a companhia, eles \u201cpreveem atualiza\u00e7\u00f5es trimestrais [&hellip;]","og_url":"https:\/\/aconteceunovale.com.br\/portal\/?p=191993","og_site_name":"Aconteceu no Vale","article_publisher":"https:\/\/www.facebook.com\/aconteceunovale\/","article_published_time":"2022-11-01T12:15:01+00:00","article_modified_time":"2022-11-01T12:20:06+00:00","og_image":[{"width":678,"height":406,"url":"https:\/\/aconteceunovale.com.br\/portal\/wp-content\/uploads\/2022\/10\/gas_natural.jpg","type":"image\/jpeg"}],"author":"Reda\u00e7\u00e3o Aconteceu no Vale","twitter_card":"summary_large_image","twitter_creator":"@noticiadosvales","twitter_site":"@noticiadosvales","twitter_misc":{"Escrito por":"Reda\u00e7\u00e3o Aconteceu no Vale","Est. tempo de leitura":"2 minutos"},"schema":{"@context":"https:\/\/schema.org","@graph":[{"@type":"Article","@id":"https:\/\/aconteceunovale.com.br\/portal\/?p=191993#article","isPartOf":{"@id":"https:\/\/aconteceunovale.com.br\/portal\/?p=191993"},"author":{"name":"Reda\u00e7\u00e3o Aconteceu no Vale","@id":"https:\/\/aconteceunovale.com.br\/portal\/#\/schema\/person\/7d2f26d1483f8a63de73da1ee0754d35"},"headline":"Pre\u00e7os de venda de g\u00e1s natural t\u00eam redu\u00e7\u00e3o a partir de hoje","datePublished":"2022-11-01T12:15:01+00:00","dateModified":"2022-11-01T12:20:06+00:00","mainEntityOfPage":{"@id":"https:\/\/aconteceunovale.com.br\/portal\/?p=191993"},"wordCount":397,"commentCount":0,"image":{"@id":"https:\/\/aconteceunovale.com.br\/portal\/?p=191993#primaryimage"},"thumbnailUrl":"https:\/\/aconteceunovale.com.br\/portal\/wp-content\/uploads\/2022\/10\/gas_natural.jpg","keywords":["destaque","G\u00e1s Natural","G\u00e1s natural Petrobras","GNV","petrobras","Petrobras anuncia redu\u00e7\u00e3o de 5% no pre\u00e7o do g\u00e1s natural","Pre\u00e7os de venda de g\u00e1s natural t\u00eam redu\u00e7\u00e3o a partir de hoje","Redu\u00e7\u00e3o no pre\u00e7o do g\u00e1s natural","Redu\u00e7\u00e3o no pre\u00e7o do GNV"],"articleSection":["Economia"],"inLanguage":"pt-BR","potentialAction":[{"@type":"CommentAction","name":"Comment","target":["https:\/\/aconteceunovale.com.br\/portal\/?p=191993#respond"]}]},{"@type":"WebPage","@id":"https:\/\/aconteceunovale.com.br\/portal\/?p=191993","url":"https:\/\/aconteceunovale.com.br\/portal\/?p=191993","name":"Pre\u00e7os de venda de g\u00e1s natural t\u00eam redu\u00e7\u00e3o a partir de hoje - Aconteceu no Vale","isPartOf":{"@id":"https:\/\/aconteceunovale.com.br\/portal\/#website"},"primaryImageOfPage":{"@id":"https:\/\/aconteceunovale.com.br\/portal\/?p=191993#primaryimage"},"image":{"@id":"https:\/\/aconteceunovale.com.br\/portal\/?p=191993#primaryimage"},"thumbnailUrl":"https:\/\/aconteceunovale.com.br\/portal\/wp-content\/uploads\/2022\/10\/gas_natural.jpg","datePublished":"2022-11-01T12:15:01+00:00","dateModified":"2022-11-01T12:20:06+00:00","author":{"@id":"https:\/\/aconteceunovale.com.br\/portal\/#\/schema\/person\/7d2f26d1483f8a63de73da1ee0754d35"},"breadcrumb":{"@id":"https:\/\/aconteceunovale.com.br\/portal\/?p=191993#breadcrumb"},"inLanguage":"pt-BR","potentialAction":[{"@type":"ReadAction","target":["https:\/\/aconteceunovale.com.br\/portal\/?p=191993"]}]},{"@type":"ImageObject","inLanguage":"pt-BR","@id":"https:\/\/aconteceunovale.com.br\/portal\/?p=191993#primaryimage","url":"https:\/\/aconteceunovale.com.br\/portal\/wp-content\/uploads\/2022\/10\/gas_natural.jpg","contentUrl":"https:\/\/aconteceunovale.com.br\/portal\/wp-content\/uploads\/2022\/10\/gas_natural.jpg","width":678,"height":406,"caption":"G\u00e1s Natural"},{"@type":"BreadcrumbList","@id":"https:\/\/aconteceunovale.com.br\/portal\/?p=191993#breadcrumb","itemListElement":[{"@type":"ListItem","position":1,"name":"In\u00edcio","item":"https:\/\/aconteceunovale.com.br\/portal\/"},{"@type":"ListItem","position":2,"name":"Pre\u00e7os de venda de g\u00e1s natural t\u00eam redu\u00e7\u00e3o a partir de hoje"}]},{"@type":"WebSite","@id":"https:\/\/aconteceunovale.com.br\/portal\/#website","url":"https:\/\/aconteceunovale.com.br\/portal\/","name":"Aconteceu no Vale","description":"Portal de Not\u00edcias","potentialAction":[{"@type":"SearchAction","target":{"@type":"EntryPoint","urlTemplate":"https:\/\/aconteceunovale.com.br\/portal\/?s={search_term_string}"},"query-input":{"@type":"PropertyValueSpecification","valueRequired":true,"valueName":"search_term_string"}}],"inLanguage":"pt-BR"},{"@type":"Person","@id":"https:\/\/aconteceunovale.com.br\/portal\/#\/schema\/person\/7d2f26d1483f8a63de73da1ee0754d35","name":"Reda\u00e7\u00e3o Aconteceu no Vale","description":"Equipe de reportagem do Aconteceu no Vale, portal de not\u00edcias do Vale do Jequitinhonha, em Minas Gerais. Cobrimos as 51 cidades do Vale desde 2013. Sugest\u00f5es de pauta e pedidos de corre\u00e7\u00e3o: contato@aconteceunovale.com.br","url":"https:\/\/aconteceunovale.com.br\/portal\/?author=4"}]}},"_links":{"self":[{"href":"https:\/\/aconteceunovale.com.br\/portal\/index.php?rest_route=\/wp\/v2\/posts\/191993","targetHints":{"allow":["GET"]}}],"collection":[{"href":"https:\/\/aconteceunovale.com.br\/portal\/index.php?rest_route=\/wp\/v2\/posts"}],"about":[{"href":"https:\/\/aconteceunovale.com.br\/portal\/index.php?rest_route=\/wp\/v2\/types\/post"}],"author":[{"embeddable":true,"href":"https:\/\/aconteceunovale.com.br\/portal\/index.php?rest_route=\/wp\/v2\/users\/4"}],"replies":[{"embeddable":true,"href":"https:\/\/aconteceunovale.com.br\/portal\/index.php?rest_route=%2Fwp%2Fv2%2Fcomments&post=191993"}],"version-history":[{"count":1,"href":"https:\/\/aconteceunovale.com.br\/portal\/index.php?rest_route=\/wp\/v2\/posts\/191993\/revisions"}],"predecessor-version":[{"id":191994,"href":"https:\/\/aconteceunovale.com.br\/portal\/index.php?rest_route=\/wp\/v2\/posts\/191993\/revisions\/191994"}],"wp:featuredmedia":[{"embeddable":true,"href":"https:\/\/aconteceunovale.com.br\/portal\/index.php?rest_route=\/wp\/v2\/media\/191441"}],"wp:attachment":[{"href":"https:\/\/aconteceunovale.com.br\/portal\/index.php?rest_route=%2Fwp%2Fv2%2Fmedia&parent=191993"}],"wp:term":[{"taxonomy":"category","embeddable":true,"href":"https:\/\/aconteceunovale.com.br\/portal\/index.php?rest_route=%2Fwp%2Fv2%2Fcategories&post=191993"},{"taxonomy":"post_tag","embeddable":true,"href":"https:\/\/aconteceunovale.com.br\/portal\/index.php?rest_route=%2Fwp%2Fv2%2Ftags&post=191993"}],"curies":[{"name":"wp","href":"https:\/\/api.w.org\/{rel}","templated":true}]}}