{"id":191989,"date":"2022-11-01T00:18:34","date_gmt":"2022-11-01T03:18:34","guid":{"rendered":"https:\/\/aconteceunovale.com.br\/portal\/?p=191989"},"modified":"2022-11-01T08:59:10","modified_gmt":"2022-11-01T11:59:10","slug":"alexandre-de-moraes-determina-o-desbloqueio-de-rodovias","status":"publish","type":"post","link":"https:\/\/aconteceunovale.com.br\/portal\/?p=191989","title":{"rendered":"Alexandre de Moraes determina o desbloqueio de rodovias"},"content":{"rendered":"\n<p class=\"wp-block-paragraph\">O ministro do Supremo Tribunal Federal (STF), Alexandre de Moraes, determinou ontem (31\/10) o total desbloqueio das rodovias federais que registraram paralisa\u00e7\u00f5es de caminhoneiros.<\/p>\n\n\n\n<figure class=\"wp-block-gallery has-nested-images columns-default is-cropped wp-block-gallery-1 is-layout-flex wp-block-gallery-is-layout-flex\">\n<figure class=\"wp-block-image size-large\"><img loading=\"lazy\" decoding=\"async\" width=\"678\" height=\"406\" data-id=\"191990\" src=\"https:\/\/aconteceunovale.com.br\/portal\/wp-content\/uploads\/2022\/11\/moraes_stf.jpg\" alt=\"\" class=\"wp-image-191990\" srcset=\"https:\/\/aconteceunovale.com.br\/portal\/wp-content\/uploads\/2022\/11\/moraes_stf.jpg 678w, https:\/\/aconteceunovale.com.br\/portal\/wp-content\/uploads\/2022\/11\/moraes_stf-300x180.jpg 300w\" sizes=\"auto, (max-width: 678px) 100vw, 678px\" \/><figcaption><em><sub>Foto: Ant\u00f4nio Augusto\/Secom\/TSE<\/sub><\/em><\/figcaption><\/figure>\n<\/figure>\n\n\n\n<p class=\"wp-block-paragraph\">Pela decis\u00e3o, a Pol\u00edcia Rodovi\u00e1ria Federal (PRF) e as policias militares estaduais dever\u00e3o cumprir a decis\u00e3o e garantir total trafegabilidade do tr\u00e2nsito de ve\u00edculos.&nbsp;<\/p>\n\n\n\n<p class=\"wp-block-paragraph\">Para Moraes, as paralisa\u00e7\u00f5es \u201cdesvirtuam o direito constitucional de reuni\u00e3o\u201d.&nbsp;<\/p>\n\n\n\n<p class=\"wp-block-paragraph\">\u201cO quadro f\u00e1tico revela com nitidez um cen\u00e1rio em que o abuso e desvirtuamento il\u00edcito e criminoso no exerc\u00edcio do direito constitucional de reuni\u00e3o vem acarretando efeito desproporcional e intoler\u00e1vel sobre todo o restante da sociedade, que depende do pleno funcionamento das cadeias de distribui\u00e7\u00e3o de produtos e servi\u00e7os para a manuten\u00e7\u00e3o dos aspectos mais essenciais e b\u00e1sicos da vida social\u201d, afirmou o ministro.&nbsp;<\/p>\n\n\n\n<p class=\"wp-block-paragraph\">No domingo (30), ap\u00f3s o an\u00fancio da vit\u00f3ria de Luiz In\u00e1cio Lula da Silva para a Presid\u00eancia da Rep\u00fablica em segundo turno, grupos de caminhoneiros iniciaram bloqueios em diversos pontos do pa\u00eds.\u00a0<\/p>\n\n\n\n<p class=\"wp-block-paragraph\">&#8212;&#8212;&#8212;&#8212;&#8212;&#8212;<br><br><strong>Sabia que o Aconteceu no Vale est\u00e1 tamb\u00e9m no Telegram? <a rel=\"noreferrer noopener\" href=\"https:\/\/t.me\/aconteceunovaleoficial\" target=\"_blank\">Inscreva-se no canal<\/a>.<\/strong><br><br><strong>J\u00e1 curtiu ou seguiu nossas p\u00e1ginas nas redes sociais?\u00a0Receba as not\u00edcias em primeira m\u00e3o:<\/strong><br>\u2022 <a rel=\"noreferrer noopener\" href=\"https:\/\/news.google.com\/publications\/CAAqBwgKMNjklQswi4etAw?hl=pt-BR&amp;gl=BR&amp;ceid=BR%3Apt-419\" target=\"_blank\">Google News<\/a><br>\u2022 <a rel=\"noreferrer noopener\" href=\"https:\/\/www.facebook.com\/aconteceunovale\/\" target=\"_blank\">Facebook<\/a><br>\u2022 <a rel=\"noreferrer noopener\" href=\"https:\/\/twitter.com\/noticiadosvales\" target=\"_blank\">Twitter<\/a><br>\u2022 <a rel=\"noreferrer noopener\" href=\"https:\/\/www.instagram.com\/aconteceunovale\" target=\"_blank\">Instagram<\/a><br>\u2022 <a rel=\"noreferrer noopener\" href=\"https:\/\/www.youtube.com\/AconteceunoValeOficial\" target=\"_blank\">Youtube<\/a><br>\u2022 <a rel=\"noreferrer noopener\" href=\"https:\/\/www.tiktok.com\/@aconteceunovale\" target=\"_blank\">TikTok<\/a><\/p>\n","protected":false},"excerpt":{"rendered":"<p>O ministro do Supremo Tribunal Federal (STF), Alexandre de Moraes, determinou ontem (31\/10) o total desbloqueio das rodovias federais que registraram paralisa\u00e7\u00f5es de caminhoneiros. Pela decis\u00e3o, a Pol\u00edcia Rodovi\u00e1ria Federal (PRF) e as policias militares estaduais dever\u00e3o cumprir a decis\u00e3o e garantir total trafegabilidade do tr\u00e2nsito de ve\u00edculos.&nbsp; Para Moraes, as paralisa\u00e7\u00f5es \u201cdesvirtuam o direito [&hellip;]<\/p>\n","protected":false},"author":4,"featured_media":191990,"comment_status":"open","ping_status":"closed","sticky":false,"template":"","format":"standard","meta":{"amp_status":"","footnotes":""},"categories":[6],"tags":[35211,265733,174788,100375,265702,1018,14124,7147,265703,265705,1104,265704,265706,265707],"class_list":["post-191989","post","type-post","status-publish","format-standard","has-post-thumbnail","hentry","category-br","tag-alexandre-de-moraes","tag-alexandre-de-moraes-determina-o-desbloqueio-de-rodovias","tag-bloqueio-de-rodovias","tag-bolsonaro","tag-caminhoneiros-fecham-rodovias-apos-vitoria-de-lula","tag-destaque","tag-luiz-inacio-lula-da-silva","tag-lula","tag-manifestacao-em-rodovias","tag-protestos-em-rodovias","tag-rio-de-janeiro","tag-rodovias-bloqueadas","tag-rodovias-bloqueadas-por-caminhoneiros","tag-rodovias-fechadas-por-caminhoneiros"],"yoast_head":"<!-- This site is optimized with the Yoast SEO plugin v28.3 - https:\/\/yoast.com\/product\/yoast-seo-wordpress\/ -->\n<title>Alexandre de Moraes determina o desbloqueio de rodovias - Aconteceu no Vale<\/title>\n<meta name=\"robots\" content=\"index, follow, max-snippet:-1, max-image-preview:large, max-video-preview:-1\" \/>\n<link rel=\"canonical\" href=\"https:\/\/aconteceunovale.com.br\/portal\/?p=191989\" \/>\n<meta property=\"og:locale\" content=\"pt_BR\" \/>\n<meta property=\"og:type\" content=\"article\" \/>\n<meta property=\"og:title\" content=\"Alexandre de Moraes determina o desbloqueio de rodovias - Aconteceu no Vale\" \/>\n<meta property=\"og:description\" content=\"O ministro do Supremo Tribunal Federal (STF), Alexandre de Moraes, determinou ontem (31\/10) o total desbloqueio das rodovias federais que registraram paralisa\u00e7\u00f5es de caminhoneiros. Pela decis\u00e3o, a Pol\u00edcia Rodovi\u00e1ria Federal (PRF) e as policias militares estaduais dever\u00e3o cumprir a decis\u00e3o e garantir total trafegabilidade do tr\u00e2nsito de ve\u00edculos.&nbsp; Para Moraes, as paralisa\u00e7\u00f5es \u201cdesvirtuam o direito [&hellip;]\" \/>\n<meta property=\"og:url\" content=\"https:\/\/aconteceunovale.com.br\/portal\/?p=191989\" \/>\n<meta property=\"og:site_name\" content=\"Aconteceu no Vale\" \/>\n<meta property=\"article:publisher\" content=\"https:\/\/www.facebook.com\/aconteceunovale\/\" \/>\n<meta property=\"article:published_time\" content=\"2022-11-01T03:18:34+00:00\" \/>\n<meta property=\"article:modified_time\" content=\"2022-11-01T11:59:10+00:00\" \/>\n<meta property=\"og:image\" content=\"https:\/\/aconteceunovale.com.br\/portal\/wp-content\/uploads\/2022\/11\/moraes_stf.jpg\" \/>\n\t<meta property=\"og:image:width\" content=\"678\" \/>\n\t<meta property=\"og:image:height\" content=\"406\" \/>\n\t<meta property=\"og:image:type\" content=\"image\/jpeg\" \/>\n<meta name=\"author\" content=\"Reda\u00e7\u00e3o Aconteceu no Vale\" \/>\n<meta name=\"twitter:card\" content=\"summary_large_image\" \/>\n<meta name=\"twitter:creator\" content=\"@noticiadosvales\" \/>\n<meta name=\"twitter:site\" content=\"@noticiadosvales\" \/>\n<meta name=\"twitter:label1\" content=\"Escrito por\" \/>\n\t<meta name=\"twitter:data1\" content=\"Reda\u00e7\u00e3o Aconteceu no Vale\" \/>\n\t<meta name=\"twitter:label2\" content=\"Est. tempo de leitura\" \/>\n\t<meta name=\"twitter:data2\" content=\"1 minuto\" \/>\n<script type=\"application\/ld+json\" class=\"yoast-schema-graph\">{\"@context\":\"https:\\\/\\\/schema.org\",\"@graph\":[{\"@type\":\"Article\",\"@id\":\"https:\\\/\\\/aconteceunovale.com.br\\\/portal\\\/?p=191989#article\",\"isPartOf\":{\"@id\":\"https:\\\/\\\/aconteceunovale.com.br\\\/portal\\\/?p=191989\"},\"author\":{\"name\":\"Reda\u00e7\u00e3o Aconteceu no Vale\",\"@id\":\"https:\\\/\\\/aconteceunovale.com.br\\\/portal\\\/#\\\/schema\\\/person\\\/7d2f26d1483f8a63de73da1ee0754d35\"},\"headline\":\"Alexandre de Moraes determina o desbloqueio de rodovias\",\"datePublished\":\"2022-11-01T03:18:34+00:00\",\"dateModified\":\"2022-11-01T11:59:10+00:00\",\"mainEntityOfPage\":{\"@id\":\"https:\\\/\\\/aconteceunovale.com.br\\\/portal\\\/?p=191989\"},\"wordCount\":236,\"commentCount\":0,\"image\":{\"@id\":\"https:\\\/\\\/aconteceunovale.com.br\\\/portal\\\/?p=191989#primaryimage\"},\"thumbnailUrl\":\"https:\\\/\\\/aconteceunovale.com.br\\\/portal\\\/wp-content\\\/uploads\\\/2022\\\/11\\\/moraes_stf.jpg\",\"keywords\":[\"Alexandre de Moraes\",\"Alexandre de Moraes determina o desbloqueio de rodovias\",\"bloqueio de rodovias\",\"Bolsonaro\",\"Caminhoneiros fecham rodovias ap\u00f3s vit\u00f3ria de Lula\",\"destaque\",\"Luiz In\u00e1cio Lula da Silva\",\"Lula\",\"Manifesta\u00e7\u00e3o em rodovias\",\"Protestos em rodovias\",\"Rio de Janeiro\",\"Rodovias bloqueadas\",\"Rodovias bloqueadas por caminhoneiros\",\"Rodovias fechadas por caminhoneiros\"],\"articleSection\":[\"Brasil\"],\"inLanguage\":\"pt-BR\",\"potentialAction\":[{\"@type\":\"CommentAction\",\"name\":\"Comment\",\"target\":[\"https:\\\/\\\/aconteceunovale.com.br\\\/portal\\\/?p=191989#respond\"]}]},{\"@type\":\"WebPage\",\"@id\":\"https:\\\/\\\/aconteceunovale.com.br\\\/portal\\\/?p=191989\",\"url\":\"https:\\\/\\\/aconteceunovale.com.br\\\/portal\\\/?p=191989\",\"name\":\"Alexandre de Moraes determina o desbloqueio de rodovias - Aconteceu no Vale\",\"isPartOf\":{\"@id\":\"https:\\\/\\\/aconteceunovale.com.br\\\/portal\\\/#website\"},\"primaryImageOfPage\":{\"@id\":\"https:\\\/\\\/aconteceunovale.com.br\\\/portal\\\/?p=191989#primaryimage\"},\"image\":{\"@id\":\"https:\\\/\\\/aconteceunovale.com.br\\\/portal\\\/?p=191989#primaryimage\"},\"thumbnailUrl\":\"https:\\\/\\\/aconteceunovale.com.br\\\/portal\\\/wp-content\\\/uploads\\\/2022\\\/11\\\/moraes_stf.jpg\",\"datePublished\":\"2022-11-01T03:18:34+00:00\",\"dateModified\":\"2022-11-01T11:59:10+00:00\",\"author\":{\"@id\":\"https:\\\/\\\/aconteceunovale.com.br\\\/portal\\\/#\\\/schema\\\/person\\\/7d2f26d1483f8a63de73da1ee0754d35\"},\"breadcrumb\":{\"@id\":\"https:\\\/\\\/aconteceunovale.com.br\\\/portal\\\/?p=191989#breadcrumb\"},\"inLanguage\":\"pt-BR\",\"potentialAction\":[{\"@type\":\"ReadAction\",\"target\":[\"https:\\\/\\\/aconteceunovale.com.br\\\/portal\\\/?p=191989\"]}]},{\"@type\":\"ImageObject\",\"inLanguage\":\"pt-BR\",\"@id\":\"https:\\\/\\\/aconteceunovale.com.br\\\/portal\\\/?p=191989#primaryimage\",\"url\":\"https:\\\/\\\/aconteceunovale.com.br\\\/portal\\\/wp-content\\\/uploads\\\/2022\\\/11\\\/moraes_stf.jpg\",\"contentUrl\":\"https:\\\/\\\/aconteceunovale.com.br\\\/portal\\\/wp-content\\\/uploads\\\/2022\\\/11\\\/moraes_stf.jpg\",\"width\":678,\"height\":406,\"caption\":\"Cerim\u00f4nia de posse do ministro Alexandre de Moraes como presidente do TSE - 16\\\/08\\\/2022\"},{\"@type\":\"BreadcrumbList\",\"@id\":\"https:\\\/\\\/aconteceunovale.com.br\\\/portal\\\/?p=191989#breadcrumb\",\"itemListElement\":[{\"@type\":\"ListItem\",\"position\":1,\"name\":\"In\u00edcio\",\"item\":\"https:\\\/\\\/aconteceunovale.com.br\\\/portal\\\/\"},{\"@type\":\"ListItem\",\"position\":2,\"name\":\"Alexandre de Moraes determina o desbloqueio de rodovias\"}]},{\"@type\":\"WebSite\",\"@id\":\"https:\\\/\\\/aconteceunovale.com.br\\\/portal\\\/#website\",\"url\":\"https:\\\/\\\/aconteceunovale.com.br\\\/portal\\\/\",\"name\":\"Aconteceu no Vale\",\"description\":\"Portal de Not\u00edcias\",\"potentialAction\":[{\"@type\":\"SearchAction\",\"target\":{\"@type\":\"EntryPoint\",\"urlTemplate\":\"https:\\\/\\\/aconteceunovale.com.br\\\/portal\\\/?s={search_term_string}\"},\"query-input\":{\"@type\":\"PropertyValueSpecification\",\"valueRequired\":true,\"valueName\":\"search_term_string\"}}],\"inLanguage\":\"pt-BR\"},{\"@type\":\"Person\",\"@id\":\"https:\\\/\\\/aconteceunovale.com.br\\\/portal\\\/#\\\/schema\\\/person\\\/7d2f26d1483f8a63de73da1ee0754d35\",\"name\":\"Reda\u00e7\u00e3o Aconteceu no Vale\",\"description\":\"Equipe de reportagem do Aconteceu no Vale, portal de not\u00edcias do Vale do Jequitinhonha, em Minas Gerais. Cobrimos as 51 cidades do Vale desde 2013. Sugest\u00f5es de pauta e pedidos de corre\u00e7\u00e3o: contato@aconteceunovale.com.br\",\"url\":\"https:\\\/\\\/aconteceunovale.com.br\\\/portal\\\/?author=4\"}]}<\/script>\n<!-- \/ Yoast SEO plugin. -->","yoast_head_json":{"title":"Alexandre de Moraes determina o desbloqueio de rodovias - Aconteceu no Vale","robots":{"index":"index","follow":"follow","max-snippet":"max-snippet:-1","max-image-preview":"max-image-preview:large","max-video-preview":"max-video-preview:-1"},"canonical":"https:\/\/aconteceunovale.com.br\/portal\/?p=191989","og_locale":"pt_BR","og_type":"article","og_title":"Alexandre de Moraes determina o desbloqueio de rodovias - Aconteceu no Vale","og_description":"O ministro do Supremo Tribunal Federal (STF), Alexandre de Moraes, determinou ontem (31\/10) o total desbloqueio das rodovias federais que registraram paralisa\u00e7\u00f5es de caminhoneiros. Pela decis\u00e3o, a Pol\u00edcia Rodovi\u00e1ria Federal (PRF) e as policias militares estaduais dever\u00e3o cumprir a decis\u00e3o e garantir total trafegabilidade do tr\u00e2nsito de ve\u00edculos.&nbsp; Para Moraes, as paralisa\u00e7\u00f5es \u201cdesvirtuam o direito [&hellip;]","og_url":"https:\/\/aconteceunovale.com.br\/portal\/?p=191989","og_site_name":"Aconteceu no Vale","article_publisher":"https:\/\/www.facebook.com\/aconteceunovale\/","article_published_time":"2022-11-01T03:18:34+00:00","article_modified_time":"2022-11-01T11:59:10+00:00","og_image":[{"width":678,"height":406,"url":"https:\/\/aconteceunovale.com.br\/portal\/wp-content\/uploads\/2022\/11\/moraes_stf.jpg","type":"image\/jpeg"}],"author":"Reda\u00e7\u00e3o Aconteceu no Vale","twitter_card":"summary_large_image","twitter_creator":"@noticiadosvales","twitter_site":"@noticiadosvales","twitter_misc":{"Escrito por":"Reda\u00e7\u00e3o Aconteceu no Vale","Est. tempo de leitura":"1 minuto"},"schema":{"@context":"https:\/\/schema.org","@graph":[{"@type":"Article","@id":"https:\/\/aconteceunovale.com.br\/portal\/?p=191989#article","isPartOf":{"@id":"https:\/\/aconteceunovale.com.br\/portal\/?p=191989"},"author":{"name":"Reda\u00e7\u00e3o Aconteceu no Vale","@id":"https:\/\/aconteceunovale.com.br\/portal\/#\/schema\/person\/7d2f26d1483f8a63de73da1ee0754d35"},"headline":"Alexandre de Moraes determina o desbloqueio de rodovias","datePublished":"2022-11-01T03:18:34+00:00","dateModified":"2022-11-01T11:59:10+00:00","mainEntityOfPage":{"@id":"https:\/\/aconteceunovale.com.br\/portal\/?p=191989"},"wordCount":236,"commentCount":0,"image":{"@id":"https:\/\/aconteceunovale.com.br\/portal\/?p=191989#primaryimage"},"thumbnailUrl":"https:\/\/aconteceunovale.com.br\/portal\/wp-content\/uploads\/2022\/11\/moraes_stf.jpg","keywords":["Alexandre de Moraes","Alexandre de Moraes determina o desbloqueio de rodovias","bloqueio de rodovias","Bolsonaro","Caminhoneiros fecham rodovias ap\u00f3s vit\u00f3ria de Lula","destaque","Luiz In\u00e1cio Lula da Silva","Lula","Manifesta\u00e7\u00e3o em rodovias","Protestos em rodovias","Rio de Janeiro","Rodovias bloqueadas","Rodovias bloqueadas por caminhoneiros","Rodovias fechadas por caminhoneiros"],"articleSection":["Brasil"],"inLanguage":"pt-BR","potentialAction":[{"@type":"CommentAction","name":"Comment","target":["https:\/\/aconteceunovale.com.br\/portal\/?p=191989#respond"]}]},{"@type":"WebPage","@id":"https:\/\/aconteceunovale.com.br\/portal\/?p=191989","url":"https:\/\/aconteceunovale.com.br\/portal\/?p=191989","name":"Alexandre de Moraes determina o desbloqueio de rodovias - Aconteceu no Vale","isPartOf":{"@id":"https:\/\/aconteceunovale.com.br\/portal\/#website"},"primaryImageOfPage":{"@id":"https:\/\/aconteceunovale.com.br\/portal\/?p=191989#primaryimage"},"image":{"@id":"https:\/\/aconteceunovale.com.br\/portal\/?p=191989#primaryimage"},"thumbnailUrl":"https:\/\/aconteceunovale.com.br\/portal\/wp-content\/uploads\/2022\/11\/moraes_stf.jpg","datePublished":"2022-11-01T03:18:34+00:00","dateModified":"2022-11-01T11:59:10+00:00","author":{"@id":"https:\/\/aconteceunovale.com.br\/portal\/#\/schema\/person\/7d2f26d1483f8a63de73da1ee0754d35"},"breadcrumb":{"@id":"https:\/\/aconteceunovale.com.br\/portal\/?p=191989#breadcrumb"},"inLanguage":"pt-BR","potentialAction":[{"@type":"ReadAction","target":["https:\/\/aconteceunovale.com.br\/portal\/?p=191989"]}]},{"@type":"ImageObject","inLanguage":"pt-BR","@id":"https:\/\/aconteceunovale.com.br\/portal\/?p=191989#primaryimage","url":"https:\/\/aconteceunovale.com.br\/portal\/wp-content\/uploads\/2022\/11\/moraes_stf.jpg","contentUrl":"https:\/\/aconteceunovale.com.br\/portal\/wp-content\/uploads\/2022\/11\/moraes_stf.jpg","width":678,"height":406,"caption":"Cerim\u00f4nia de posse do ministro Alexandre de Moraes como presidente do TSE - 16\/08\/2022"},{"@type":"BreadcrumbList","@id":"https:\/\/aconteceunovale.com.br\/portal\/?p=191989#breadcrumb","itemListElement":[{"@type":"ListItem","position":1,"name":"In\u00edcio","item":"https:\/\/aconteceunovale.com.br\/portal\/"},{"@type":"ListItem","position":2,"name":"Alexandre de Moraes determina o desbloqueio de rodovias"}]},{"@type":"WebSite","@id":"https:\/\/aconteceunovale.com.br\/portal\/#website","url":"https:\/\/aconteceunovale.com.br\/portal\/","name":"Aconteceu no Vale","description":"Portal de Not\u00edcias","potentialAction":[{"@type":"SearchAction","target":{"@type":"EntryPoint","urlTemplate":"https:\/\/aconteceunovale.com.br\/portal\/?s={search_term_string}"},"query-input":{"@type":"PropertyValueSpecification","valueRequired":true,"valueName":"search_term_string"}}],"inLanguage":"pt-BR"},{"@type":"Person","@id":"https:\/\/aconteceunovale.com.br\/portal\/#\/schema\/person\/7d2f26d1483f8a63de73da1ee0754d35","name":"Reda\u00e7\u00e3o Aconteceu no Vale","description":"Equipe de reportagem do Aconteceu no Vale, portal de not\u00edcias do Vale do Jequitinhonha, em Minas Gerais. Cobrimos as 51 cidades do Vale desde 2013. Sugest\u00f5es de pauta e pedidos de corre\u00e7\u00e3o: contato@aconteceunovale.com.br","url":"https:\/\/aconteceunovale.com.br\/portal\/?author=4"}]}},"_links":{"self":[{"href":"https:\/\/aconteceunovale.com.br\/portal\/index.php?rest_route=\/wp\/v2\/posts\/191989","targetHints":{"allow":["GET"]}}],"collection":[{"href":"https:\/\/aconteceunovale.com.br\/portal\/index.php?rest_route=\/wp\/v2\/posts"}],"about":[{"href":"https:\/\/aconteceunovale.com.br\/portal\/index.php?rest_route=\/wp\/v2\/types\/post"}],"author":[{"embeddable":true,"href":"https:\/\/aconteceunovale.com.br\/portal\/index.php?rest_route=\/wp\/v2\/users\/4"}],"replies":[{"embeddable":true,"href":"https:\/\/aconteceunovale.com.br\/portal\/index.php?rest_route=%2Fwp%2Fv2%2Fcomments&post=191989"}],"version-history":[{"count":1,"href":"https:\/\/aconteceunovale.com.br\/portal\/index.php?rest_route=\/wp\/v2\/posts\/191989\/revisions"}],"predecessor-version":[{"id":191991,"href":"https:\/\/aconteceunovale.com.br\/portal\/index.php?rest_route=\/wp\/v2\/posts\/191989\/revisions\/191991"}],"wp:featuredmedia":[{"embeddable":true,"href":"https:\/\/aconteceunovale.com.br\/portal\/index.php?rest_route=\/wp\/v2\/media\/191990"}],"wp:attachment":[{"href":"https:\/\/aconteceunovale.com.br\/portal\/index.php?rest_route=%2Fwp%2Fv2%2Fmedia&parent=191989"}],"wp:term":[{"taxonomy":"category","embeddable":true,"href":"https:\/\/aconteceunovale.com.br\/portal\/index.php?rest_route=%2Fwp%2Fv2%2Fcategories&post=191989"},{"taxonomy":"post_tag","embeddable":true,"href":"https:\/\/aconteceunovale.com.br\/portal\/index.php?rest_route=%2Fwp%2Fv2%2Ftags&post=191989"}],"curies":[{"name":"wp","href":"https:\/\/api.w.org\/{rel}","templated":true}]}}