{"id":191986,"date":"2022-11-01T08:53:45","date_gmt":"2022-11-01T11:53:45","guid":{"rendered":"https:\/\/aconteceunovale.com.br\/portal\/?p=191986"},"modified":"2022-11-01T08:54:42","modified_gmt":"2022-11-01T11:54:42","slug":"brasil-deve-vacinar-mais-de-160-milhoes-de-bovinos-e-bubalinos-contra-aftosa","status":"publish","type":"post","link":"https:\/\/aconteceunovale.com.br\/portal\/?p=191986","title":{"rendered":"Brasil deve vacinar mais de 160 milh\u00f5es de bovinos\u00a0e bubalinos contra aftosa"},"content":{"rendered":"\n<p class=\"wp-block-paragraph\">Come\u00e7a\u00a0hoje\u00a0(1\u00ba) e vai at\u00e9 o pr\u00f3ximo dia\u00a030 a\u00a0segunda\u00a0etapa da Campanha Nacional de Vacina\u00e7\u00e3o contra a Febre Aftosa 2022. Em\u00a0dez\u00a0estados &#8211; Alagoas, Amazonas, Cear\u00e1, Maranh\u00e3o, Par\u00e1, Para\u00edba, Pernambuco, Piau\u00ed, Roraima e Rio Grande do Norte &#8211; a\u00a0imuniza\u00e7\u00e3o\u00a0de 161\u00a0milh\u00f5es de bovinos e bubalinos\u00a0ocorrer\u00e1 em animais de at\u00e9 24 meses, conforme o\u00a0<a rel=\"noreferrer noopener\" href=\"https:\/\/www.gov.br\/agricultura\/pt-br\/assuntos\/sanidade-animal-e-vegetal\/saude-animal\/programas-de-saude-animal\/febre-aftosa\/CalendriodeVacinao_2022Planilha14.pdf\" target=\"_blank\">calend\u00e1rio nacional de vacina\u00e7\u00e3o<\/a>.<\/p>\n\n\n\n<figure class=\"wp-block-gallery has-nested-images columns-default is-cropped wp-block-gallery-1 is-layout-flex wp-block-gallery-is-layout-flex\">\n<figure class=\"wp-block-image size-large\"><img loading=\"lazy\" decoding=\"async\" width=\"678\" height=\"406\" data-id=\"191987\" src=\"https:\/\/aconteceunovale.com.br\/portal\/wp-content\/uploads\/2022\/11\/bovinos.jpg\" alt=\"\" class=\"wp-image-191987\" srcset=\"https:\/\/aconteceunovale.com.br\/portal\/wp-content\/uploads\/2022\/11\/bovinos.jpg 678w, https:\/\/aconteceunovale.com.br\/portal\/wp-content\/uploads\/2022\/11\/bovinos-300x180.jpg 300w\" sizes=\"auto, (max-width: 678px) 100vw, 678px\" \/><figcaption><em><sub>Foto: Arquivo \/ Ag\u00eancia Brasil<\/sub><\/em><\/figcaption><\/figure>\n<\/figure>\n\n\n\n<h2 class=\"wp-block-heading\">Cronograma<\/h2>\n\n\n\n<p class=\"wp-block-paragraph\">Segundo o Minist\u00e9rio da Agricultura e Pecu\u00e1ria ( Mapa), para as 11 unidades da Federa\u00e7\u00e3o &#8211; Bahia, Esp\u00edrito Santo, Goi\u00e1s, Minas Gerais, Mato Grosso do Sul, Mato Grosso, Rio&nbsp;de Janeiro, Sergipe, S\u00e3o Paulo, Tocantins e o Distrito Federal -, que comp\u00f5em o Bloco IV do Plano Estrat\u00e9gico do Programa Nacional de Vigil\u00e2ncia da Febre Aftosa (PE-PNEFA), a vacina\u00e7\u00e3o em novembro ser\u00e1 para bovinos e bubalinos de todas as idades. O bloco totaliza 141 milh\u00f5es de animais a serem vacinados.<\/p>\n\n\n\n<p class=\"wp-block-paragraph\">A invers\u00e3o das estrat\u00e9gias de vacina\u00e7\u00e3o em alguns estados, observou o minist\u00e9rio, foi adotada em abril com objetivo de adequar&nbsp;a demanda de vacinas contra febre aftosa ao cronograma&nbsp;previsto&nbsp;de produ\u00e7\u00e3o da ind\u00fastria e, assim, garantir a oferta de vacinas para&nbsp;manter \u00edndices satisfat\u00f3rios e a imunidade do rebanho.<\/p>\n\n\n\n<p class=\"wp-block-paragraph\">Os imunizantes&nbsp;devem ser adquiridos nas revendas autorizadas e mantidos entre 2\u00b0C e 8\u00b0C, desde a aquisi\u00e7\u00e3o at\u00e9 o momento da utiliza\u00e7\u00e3o \u2013 incluindo o transporte e a aplica\u00e7\u00e3o, j\u00e1 na fazenda. Devem ser usadas agulhas novas para aplica\u00e7\u00e3o da dose de 2 ml na t\u00e1bua do pesco\u00e7o de cada animal, preferindo as horas mais frescas do dia, para fazer a conten\u00e7\u00e3o adequada dos animais e a aplica\u00e7\u00e3o da vacina.<\/p>\n\n\n\n<p class=\"wp-block-paragraph\">\u201cAl\u00e9m da vacina\u00e7\u00e3o, o produtor deve fazer a comprova\u00e7\u00e3o no \u00f3rg\u00e3o executor de defesa sanit\u00e1ria animal de seu estado. A declara\u00e7\u00e3o da vacina pode ser entregue de forma&nbsp;<em>online<\/em>&nbsp;ou, quando n\u00e3o for poss\u00edvel, presencialmente nos postos designados pelo servi\u00e7o veterin\u00e1rio estadual nos prazos estipulados\u201d,&nbsp;orientou o minist\u00e9rio.&nbsp;Ainda segundo a pasta, em caso de d\u00favidas, a sugest\u00e3o \u00e9 para que procurem o \u00f3rg\u00e3o executor de defesa sanit\u00e1ria animal do estado.<\/p>\n\n\n\n<h2 class=\"wp-block-heading\">Retirada da vacina\u00e7\u00e3o<\/h2>\n\n\n\n<p class=\"wp-block-paragraph\">Ap\u00f3s a etapa&nbsp;de novembro, sete unidades da Federa\u00e7\u00e3o do Bloco IV do PE-PNEFA &#8211; Distrito Federal, Esp\u00edrito Santo, Goi\u00e1s, Mato Grosso, Mato Grosso do Sul, Minas Gerais e Tocantins &#8211; v\u00e3o suspender&nbsp;a vacina\u00e7\u00e3o. Ao todo,&nbsp;ser\u00e3o aproximadamente 114 milh\u00f5es de bovinos e bubalinos que deixar\u00e3o de ser vacinados, o que corresponde a quase 50% do rebanho total do pa\u00eds. A a\u00e7\u00e3o faz parte da evolu\u00e7\u00e3o do projeto de amplia\u00e7\u00e3o de zonas livres de aftosa sem vacina\u00e7\u00e3o no pa\u00eds, previstas no programa.&nbsp;<\/p>\n\n\n\n<p class=\"wp-block-paragraph\">De acordo com o minist\u00e9rio, nesse momento de evolu\u00e7\u00e3o sanit\u00e1ria da doen\u00e7a, n\u00e3o haver\u00e1 restri\u00e7\u00e3o na movimenta\u00e7\u00e3o de&nbsp;animais e de produtos entre os estados do Bloco IV, que&nbsp;ter\u00e3o a vacina\u00e7\u00e3o suspensa a partir de 2022, e os demais estados que ainda praticam a imuniza\u00e7\u00e3o.&nbsp;<\/p>\n\n\n\n<p class=\"wp-block-paragraph\">\u201cO Departamento de Sa\u00fade Animal do Minist\u00e9rio da Agricultura aguarda a evolu\u00e7\u00e3o nos demais estados, a fim de compor o pleito brasileiro para o reconhecimento internacional de zona livre sem vacina\u00e7\u00e3o na Organiza\u00e7\u00e3o Mundial da Sa\u00fade Animal\u201d, afirmou em nota.<\/p>\n\n\n\n<h2 class=\"wp-block-heading\">Zona Livre<\/h2>\n\n\n\n<p class=\"wp-block-paragraph\">Atualmente, no Brasil, somente os estados de Santa Catarina, do Paran\u00e1, Rio Grande do Sul, Acre, de Rond\u00f4nia e partes do Amazonas e de Mato Grosso\u00a0t\u00eam\u00a0a certifica\u00e7\u00e3o internacional de zona livre de febre aftosa sem vacina\u00e7\u00e3o.<\/p>\n\n\n\n<p class=\"wp-block-paragraph\">&#8212;&#8212;&#8212;&#8212;&#8212;&#8212;<br><br><strong>Sabia que o Aconteceu no Vale est\u00e1 tamb\u00e9m no Telegram? <a rel=\"noreferrer noopener\" href=\"https:\/\/t.me\/aconteceunovaleoficial\" target=\"_blank\">Inscreva-se no canal<\/a>.<\/strong><br><br><strong>J\u00e1 curtiu ou seguiu nossas p\u00e1ginas nas redes sociais?\u00a0Receba as not\u00edcias em primeira m\u00e3o:<\/strong><br>\u2022 <a rel=\"noreferrer noopener\" href=\"https:\/\/news.google.com\/publications\/CAAqBwgKMNjklQswi4etAw?hl=pt-BR&amp;gl=BR&amp;ceid=BR%3Apt-419\" target=\"_blank\">Google News<\/a><br>\u2022 <a rel=\"noreferrer noopener\" href=\"https:\/\/www.facebook.com\/aconteceunovale\/\" target=\"_blank\">Facebook<\/a><br>\u2022 <a rel=\"noreferrer noopener\" href=\"https:\/\/twitter.com\/noticiadosvales\" target=\"_blank\">Twitter<\/a><br>\u2022 <a rel=\"noreferrer noopener\" href=\"https:\/\/www.instagram.com\/aconteceunovale\" target=\"_blank\">Instagram<\/a><br>\u2022 <a rel=\"noreferrer noopener\" href=\"https:\/\/www.youtube.com\/AconteceunoValeOficial\" target=\"_blank\">Youtube<\/a><br>\u2022 <a rel=\"noreferrer noopener\" href=\"https:\/\/www.tiktok.com\/@aconteceunovale\" target=\"_blank\">TikTok<\/a><\/p>\n","protected":false},"excerpt":{"rendered":"<p>Come\u00e7a\u00a0hoje\u00a0(1\u00ba) e vai at\u00e9 o pr\u00f3ximo dia\u00a030 a\u00a0segunda\u00a0etapa da Campanha Nacional de Vacina\u00e7\u00e3o contra a Febre Aftosa 2022. Em\u00a0dez\u00a0estados &#8211; Alagoas, Amazonas, Cear\u00e1, Maranh\u00e3o, Par\u00e1, Para\u00edba, Pernambuco, Piau\u00ed, Roraima e Rio Grande do Norte &#8211; a\u00a0imuniza\u00e7\u00e3o\u00a0de 161\u00a0milh\u00f5es de bovinos e bubalinos\u00a0ocorrer\u00e1 em animais de at\u00e9 24 meses, conforme o\u00a0calend\u00e1rio nacional de vacina\u00e7\u00e3o. Cronograma Segundo o [&hellip;]<\/p>\n","protected":false},"author":4,"featured_media":191987,"comment_status":"open","ping_status":"closed","sticky":false,"template":"","format":"standard","meta":{"amp_status":"","footnotes":""},"categories":[6],"tags":[265728,265731,265732,1018,3641,265730,265729],"class_list":["post-191986","post","type-post","status-publish","format-standard","has-post-thumbnail","hentry","category-br","tag-brasil-deve-vacinar-mais-de-160-milhoes-de-bovinos-e-bubalinos-contra-aftosa","tag-calendario-nacional-de-vacinacao-contra-aftosa","tag-cronograma-de-vacinacao-contra-aftosa","tag-destaque","tag-vacinacao-contra-aftosa","tag-vacinacao-de-bovinos-contra-aftosa","tag-vacinacao-de-bovinos-e-bubalinos-contra-aftosa"],"yoast_head":"<!-- This site is optimized with the Yoast SEO plugin v28.3 - https:\/\/yoast.com\/product\/yoast-seo-wordpress\/ -->\n<title>Brasil deve vacinar mais de 160 milh\u00f5es de bovinos\u00a0e bubalinos contra aftosa - Aconteceu no Vale<\/title>\n<meta name=\"robots\" content=\"index, follow, max-snippet:-1, max-image-preview:large, max-video-preview:-1\" \/>\n<link rel=\"canonical\" href=\"https:\/\/aconteceunovale.com.br\/portal\/?p=191986\" \/>\n<meta property=\"og:locale\" content=\"pt_BR\" \/>\n<meta property=\"og:type\" content=\"article\" \/>\n<meta property=\"og:title\" content=\"Brasil deve vacinar mais de 160 milh\u00f5es de bovinos\u00a0e bubalinos contra aftosa - Aconteceu no Vale\" \/>\n<meta property=\"og:description\" content=\"Come\u00e7a\u00a0hoje\u00a0(1\u00ba) e vai at\u00e9 o pr\u00f3ximo dia\u00a030 a\u00a0segunda\u00a0etapa da Campanha Nacional de Vacina\u00e7\u00e3o contra a Febre Aftosa 2022. Em\u00a0dez\u00a0estados &#8211; Alagoas, Amazonas, Cear\u00e1, Maranh\u00e3o, Par\u00e1, Para\u00edba, Pernambuco, Piau\u00ed, Roraima e Rio Grande do Norte &#8211; a\u00a0imuniza\u00e7\u00e3o\u00a0de 161\u00a0milh\u00f5es de bovinos e bubalinos\u00a0ocorrer\u00e1 em animais de at\u00e9 24 meses, conforme o\u00a0calend\u00e1rio nacional de vacina\u00e7\u00e3o. Cronograma Segundo o [&hellip;]\" \/>\n<meta property=\"og:url\" content=\"https:\/\/aconteceunovale.com.br\/portal\/?p=191986\" \/>\n<meta property=\"og:site_name\" content=\"Aconteceu no Vale\" \/>\n<meta property=\"article:publisher\" content=\"https:\/\/www.facebook.com\/aconteceunovale\/\" \/>\n<meta property=\"article:published_time\" content=\"2022-11-01T11:53:45+00:00\" \/>\n<meta property=\"article:modified_time\" content=\"2022-11-01T11:54:42+00:00\" \/>\n<meta property=\"og:image\" content=\"https:\/\/aconteceunovale.com.br\/portal\/wp-content\/uploads\/2022\/11\/bovinos.jpg\" \/>\n\t<meta property=\"og:image:width\" content=\"678\" \/>\n\t<meta property=\"og:image:height\" content=\"406\" \/>\n\t<meta property=\"og:image:type\" content=\"image\/jpeg\" \/>\n<meta name=\"author\" content=\"Reda\u00e7\u00e3o Aconteceu no Vale\" \/>\n<meta name=\"twitter:card\" content=\"summary_large_image\" \/>\n<meta name=\"twitter:creator\" content=\"@noticiadosvales\" \/>\n<meta name=\"twitter:site\" content=\"@noticiadosvales\" \/>\n<meta name=\"twitter:label1\" content=\"Escrito por\" \/>\n\t<meta name=\"twitter:data1\" content=\"Reda\u00e7\u00e3o Aconteceu no Vale\" \/>\n\t<meta name=\"twitter:label2\" content=\"Est. tempo de leitura\" \/>\n\t<meta name=\"twitter:data2\" content=\"3 minutos\" \/>\n<script type=\"application\/ld+json\" class=\"yoast-schema-graph\">{\"@context\":\"https:\\\/\\\/schema.org\",\"@graph\":[{\"@type\":\"Article\",\"@id\":\"https:\\\/\\\/aconteceunovale.com.br\\\/portal\\\/?p=191986#article\",\"isPartOf\":{\"@id\":\"https:\\\/\\\/aconteceunovale.com.br\\\/portal\\\/?p=191986\"},\"author\":{\"name\":\"Reda\u00e7\u00e3o Aconteceu no Vale\",\"@id\":\"https:\\\/\\\/aconteceunovale.com.br\\\/portal\\\/#\\\/schema\\\/person\\\/7d2f26d1483f8a63de73da1ee0754d35\"},\"headline\":\"Brasil deve vacinar mais de 160 milh\u00f5es de bovinos\u00a0e bubalinos contra aftosa\",\"datePublished\":\"2022-11-01T11:53:45+00:00\",\"dateModified\":\"2022-11-01T11:54:42+00:00\",\"mainEntityOfPage\":{\"@id\":\"https:\\\/\\\/aconteceunovale.com.br\\\/portal\\\/?p=191986\"},\"wordCount\":695,\"commentCount\":0,\"image\":{\"@id\":\"https:\\\/\\\/aconteceunovale.com.br\\\/portal\\\/?p=191986#primaryimage\"},\"thumbnailUrl\":\"https:\\\/\\\/aconteceunovale.com.br\\\/portal\\\/wp-content\\\/uploads\\\/2022\\\/11\\\/bovinos.jpg\",\"keywords\":[\"Brasil deve vacinar mais de 160 milh\u00f5es de bovinos\u00a0e bubalinos contra aftosa\",\"Calend\u00e1rio nacional de vacina\u00e7\u00e3o contra aftosa\",\"Cronograma de vacina\u00e7\u00e3o contra aftosa\",\"destaque\",\"Vacina\u00e7\u00e3o contra aftosa\",\"Vacina\u00e7\u00e3o de bovinos contra aftosa\",\"Vacina\u00e7\u00e3o de bovinos e bubalinos contra aftosa\"],\"articleSection\":[\"Brasil\"],\"inLanguage\":\"pt-BR\",\"potentialAction\":[{\"@type\":\"CommentAction\",\"name\":\"Comment\",\"target\":[\"https:\\\/\\\/aconteceunovale.com.br\\\/portal\\\/?p=191986#respond\"]}]},{\"@type\":\"WebPage\",\"@id\":\"https:\\\/\\\/aconteceunovale.com.br\\\/portal\\\/?p=191986\",\"url\":\"https:\\\/\\\/aconteceunovale.com.br\\\/portal\\\/?p=191986\",\"name\":\"Brasil deve vacinar mais de 160 milh\u00f5es de bovinos\u00a0e bubalinos contra aftosa - Aconteceu no Vale\",\"isPartOf\":{\"@id\":\"https:\\\/\\\/aconteceunovale.com.br\\\/portal\\\/#website\"},\"primaryImageOfPage\":{\"@id\":\"https:\\\/\\\/aconteceunovale.com.br\\\/portal\\\/?p=191986#primaryimage\"},\"image\":{\"@id\":\"https:\\\/\\\/aconteceunovale.com.br\\\/portal\\\/?p=191986#primaryimage\"},\"thumbnailUrl\":\"https:\\\/\\\/aconteceunovale.com.br\\\/portal\\\/wp-content\\\/uploads\\\/2022\\\/11\\\/bovinos.jpg\",\"datePublished\":\"2022-11-01T11:53:45+00:00\",\"dateModified\":\"2022-11-01T11:54:42+00:00\",\"author\":{\"@id\":\"https:\\\/\\\/aconteceunovale.com.br\\\/portal\\\/#\\\/schema\\\/person\\\/7d2f26d1483f8a63de73da1ee0754d35\"},\"breadcrumb\":{\"@id\":\"https:\\\/\\\/aconteceunovale.com.br\\\/portal\\\/?p=191986#breadcrumb\"},\"inLanguage\":\"pt-BR\",\"potentialAction\":[{\"@type\":\"ReadAction\",\"target\":[\"https:\\\/\\\/aconteceunovale.com.br\\\/portal\\\/?p=191986\"]}]},{\"@type\":\"ImageObject\",\"inLanguage\":\"pt-BR\",\"@id\":\"https:\\\/\\\/aconteceunovale.com.br\\\/portal\\\/?p=191986#primaryimage\",\"url\":\"https:\\\/\\\/aconteceunovale.com.br\\\/portal\\\/wp-content\\\/uploads\\\/2022\\\/11\\\/bovinos.jpg\",\"contentUrl\":\"https:\\\/\\\/aconteceunovale.com.br\\\/portal\\\/wp-content\\\/uploads\\\/2022\\\/11\\\/bovinos.jpg\",\"width\":678,\"height\":406},{\"@type\":\"BreadcrumbList\",\"@id\":\"https:\\\/\\\/aconteceunovale.com.br\\\/portal\\\/?p=191986#breadcrumb\",\"itemListElement\":[{\"@type\":\"ListItem\",\"position\":1,\"name\":\"In\u00edcio\",\"item\":\"https:\\\/\\\/aconteceunovale.com.br\\\/portal\\\/\"},{\"@type\":\"ListItem\",\"position\":2,\"name\":\"Brasil deve vacinar mais de 160 milh\u00f5es de bovinos\u00a0e bubalinos contra aftosa\"}]},{\"@type\":\"WebSite\",\"@id\":\"https:\\\/\\\/aconteceunovale.com.br\\\/portal\\\/#website\",\"url\":\"https:\\\/\\\/aconteceunovale.com.br\\\/portal\\\/\",\"name\":\"Aconteceu no Vale\",\"description\":\"Portal de Not\u00edcias\",\"potentialAction\":[{\"@type\":\"SearchAction\",\"target\":{\"@type\":\"EntryPoint\",\"urlTemplate\":\"https:\\\/\\\/aconteceunovale.com.br\\\/portal\\\/?s={search_term_string}\"},\"query-input\":{\"@type\":\"PropertyValueSpecification\",\"valueRequired\":true,\"valueName\":\"search_term_string\"}}],\"inLanguage\":\"pt-BR\"},{\"@type\":\"Person\",\"@id\":\"https:\\\/\\\/aconteceunovale.com.br\\\/portal\\\/#\\\/schema\\\/person\\\/7d2f26d1483f8a63de73da1ee0754d35\",\"name\":\"Reda\u00e7\u00e3o Aconteceu no Vale\",\"description\":\"Equipe de reportagem do Aconteceu no Vale, portal de not\u00edcias do Vale do Jequitinhonha, em Minas Gerais. Cobrimos as 51 cidades do Vale desde 2013. Sugest\u00f5es de pauta e pedidos de corre\u00e7\u00e3o: contato@aconteceunovale.com.br\",\"url\":\"https:\\\/\\\/aconteceunovale.com.br\\\/portal\\\/?author=4\"}]}<\/script>\n<!-- \/ Yoast SEO plugin. -->","yoast_head_json":{"title":"Brasil deve vacinar mais de 160 milh\u00f5es de bovinos\u00a0e bubalinos contra aftosa - Aconteceu no Vale","robots":{"index":"index","follow":"follow","max-snippet":"max-snippet:-1","max-image-preview":"max-image-preview:large","max-video-preview":"max-video-preview:-1"},"canonical":"https:\/\/aconteceunovale.com.br\/portal\/?p=191986","og_locale":"pt_BR","og_type":"article","og_title":"Brasil deve vacinar mais de 160 milh\u00f5es de bovinos\u00a0e bubalinos contra aftosa - Aconteceu no Vale","og_description":"Come\u00e7a\u00a0hoje\u00a0(1\u00ba) e vai at\u00e9 o pr\u00f3ximo dia\u00a030 a\u00a0segunda\u00a0etapa da Campanha Nacional de Vacina\u00e7\u00e3o contra a Febre Aftosa 2022. Em\u00a0dez\u00a0estados &#8211; Alagoas, Amazonas, Cear\u00e1, Maranh\u00e3o, Par\u00e1, Para\u00edba, Pernambuco, Piau\u00ed, Roraima e Rio Grande do Norte &#8211; a\u00a0imuniza\u00e7\u00e3o\u00a0de 161\u00a0milh\u00f5es de bovinos e bubalinos\u00a0ocorrer\u00e1 em animais de at\u00e9 24 meses, conforme o\u00a0calend\u00e1rio nacional de vacina\u00e7\u00e3o. Cronograma Segundo o [&hellip;]","og_url":"https:\/\/aconteceunovale.com.br\/portal\/?p=191986","og_site_name":"Aconteceu no Vale","article_publisher":"https:\/\/www.facebook.com\/aconteceunovale\/","article_published_time":"2022-11-01T11:53:45+00:00","article_modified_time":"2022-11-01T11:54:42+00:00","og_image":[{"width":678,"height":406,"url":"https:\/\/aconteceunovale.com.br\/portal\/wp-content\/uploads\/2022\/11\/bovinos.jpg","type":"image\/jpeg"}],"author":"Reda\u00e7\u00e3o Aconteceu no Vale","twitter_card":"summary_large_image","twitter_creator":"@noticiadosvales","twitter_site":"@noticiadosvales","twitter_misc":{"Escrito por":"Reda\u00e7\u00e3o Aconteceu no Vale","Est. tempo de leitura":"3 minutos"},"schema":{"@context":"https:\/\/schema.org","@graph":[{"@type":"Article","@id":"https:\/\/aconteceunovale.com.br\/portal\/?p=191986#article","isPartOf":{"@id":"https:\/\/aconteceunovale.com.br\/portal\/?p=191986"},"author":{"name":"Reda\u00e7\u00e3o Aconteceu no Vale","@id":"https:\/\/aconteceunovale.com.br\/portal\/#\/schema\/person\/7d2f26d1483f8a63de73da1ee0754d35"},"headline":"Brasil deve vacinar mais de 160 milh\u00f5es de bovinos\u00a0e bubalinos contra aftosa","datePublished":"2022-11-01T11:53:45+00:00","dateModified":"2022-11-01T11:54:42+00:00","mainEntityOfPage":{"@id":"https:\/\/aconteceunovale.com.br\/portal\/?p=191986"},"wordCount":695,"commentCount":0,"image":{"@id":"https:\/\/aconteceunovale.com.br\/portal\/?p=191986#primaryimage"},"thumbnailUrl":"https:\/\/aconteceunovale.com.br\/portal\/wp-content\/uploads\/2022\/11\/bovinos.jpg","keywords":["Brasil deve vacinar mais de 160 milh\u00f5es de bovinos\u00a0e bubalinos contra aftosa","Calend\u00e1rio nacional de vacina\u00e7\u00e3o contra aftosa","Cronograma de vacina\u00e7\u00e3o contra aftosa","destaque","Vacina\u00e7\u00e3o contra aftosa","Vacina\u00e7\u00e3o de bovinos contra aftosa","Vacina\u00e7\u00e3o de bovinos e bubalinos contra aftosa"],"articleSection":["Brasil"],"inLanguage":"pt-BR","potentialAction":[{"@type":"CommentAction","name":"Comment","target":["https:\/\/aconteceunovale.com.br\/portal\/?p=191986#respond"]}]},{"@type":"WebPage","@id":"https:\/\/aconteceunovale.com.br\/portal\/?p=191986","url":"https:\/\/aconteceunovale.com.br\/portal\/?p=191986","name":"Brasil deve vacinar mais de 160 milh\u00f5es de bovinos\u00a0e bubalinos contra aftosa - Aconteceu no Vale","isPartOf":{"@id":"https:\/\/aconteceunovale.com.br\/portal\/#website"},"primaryImageOfPage":{"@id":"https:\/\/aconteceunovale.com.br\/portal\/?p=191986#primaryimage"},"image":{"@id":"https:\/\/aconteceunovale.com.br\/portal\/?p=191986#primaryimage"},"thumbnailUrl":"https:\/\/aconteceunovale.com.br\/portal\/wp-content\/uploads\/2022\/11\/bovinos.jpg","datePublished":"2022-11-01T11:53:45+00:00","dateModified":"2022-11-01T11:54:42+00:00","author":{"@id":"https:\/\/aconteceunovale.com.br\/portal\/#\/schema\/person\/7d2f26d1483f8a63de73da1ee0754d35"},"breadcrumb":{"@id":"https:\/\/aconteceunovale.com.br\/portal\/?p=191986#breadcrumb"},"inLanguage":"pt-BR","potentialAction":[{"@type":"ReadAction","target":["https:\/\/aconteceunovale.com.br\/portal\/?p=191986"]}]},{"@type":"ImageObject","inLanguage":"pt-BR","@id":"https:\/\/aconteceunovale.com.br\/portal\/?p=191986#primaryimage","url":"https:\/\/aconteceunovale.com.br\/portal\/wp-content\/uploads\/2022\/11\/bovinos.jpg","contentUrl":"https:\/\/aconteceunovale.com.br\/portal\/wp-content\/uploads\/2022\/11\/bovinos.jpg","width":678,"height":406},{"@type":"BreadcrumbList","@id":"https:\/\/aconteceunovale.com.br\/portal\/?p=191986#breadcrumb","itemListElement":[{"@type":"ListItem","position":1,"name":"In\u00edcio","item":"https:\/\/aconteceunovale.com.br\/portal\/"},{"@type":"ListItem","position":2,"name":"Brasil deve vacinar mais de 160 milh\u00f5es de bovinos\u00a0e bubalinos contra aftosa"}]},{"@type":"WebSite","@id":"https:\/\/aconteceunovale.com.br\/portal\/#website","url":"https:\/\/aconteceunovale.com.br\/portal\/","name":"Aconteceu no Vale","description":"Portal de Not\u00edcias","potentialAction":[{"@type":"SearchAction","target":{"@type":"EntryPoint","urlTemplate":"https:\/\/aconteceunovale.com.br\/portal\/?s={search_term_string}"},"query-input":{"@type":"PropertyValueSpecification","valueRequired":true,"valueName":"search_term_string"}}],"inLanguage":"pt-BR"},{"@type":"Person","@id":"https:\/\/aconteceunovale.com.br\/portal\/#\/schema\/person\/7d2f26d1483f8a63de73da1ee0754d35","name":"Reda\u00e7\u00e3o Aconteceu no Vale","description":"Equipe de reportagem do Aconteceu no Vale, portal de not\u00edcias do Vale do Jequitinhonha, em Minas Gerais. Cobrimos as 51 cidades do Vale desde 2013. Sugest\u00f5es de pauta e pedidos de corre\u00e7\u00e3o: contato@aconteceunovale.com.br","url":"https:\/\/aconteceunovale.com.br\/portal\/?author=4"}]}},"_links":{"self":[{"href":"https:\/\/aconteceunovale.com.br\/portal\/index.php?rest_route=\/wp\/v2\/posts\/191986","targetHints":{"allow":["GET"]}}],"collection":[{"href":"https:\/\/aconteceunovale.com.br\/portal\/index.php?rest_route=\/wp\/v2\/posts"}],"about":[{"href":"https:\/\/aconteceunovale.com.br\/portal\/index.php?rest_route=\/wp\/v2\/types\/post"}],"author":[{"embeddable":true,"href":"https:\/\/aconteceunovale.com.br\/portal\/index.php?rest_route=\/wp\/v2\/users\/4"}],"replies":[{"embeddable":true,"href":"https:\/\/aconteceunovale.com.br\/portal\/index.php?rest_route=%2Fwp%2Fv2%2Fcomments&post=191986"}],"version-history":[{"count":1,"href":"https:\/\/aconteceunovale.com.br\/portal\/index.php?rest_route=\/wp\/v2\/posts\/191986\/revisions"}],"predecessor-version":[{"id":191988,"href":"https:\/\/aconteceunovale.com.br\/portal\/index.php?rest_route=\/wp\/v2\/posts\/191986\/revisions\/191988"}],"wp:featuredmedia":[{"embeddable":true,"href":"https:\/\/aconteceunovale.com.br\/portal\/index.php?rest_route=\/wp\/v2\/media\/191987"}],"wp:attachment":[{"href":"https:\/\/aconteceunovale.com.br\/portal\/index.php?rest_route=%2Fwp%2Fv2%2Fmedia&parent=191986"}],"wp:term":[{"taxonomy":"category","embeddable":true,"href":"https:\/\/aconteceunovale.com.br\/portal\/index.php?rest_route=%2Fwp%2Fv2%2Fcategories&post=191986"},{"taxonomy":"post_tag","embeddable":true,"href":"https:\/\/aconteceunovale.com.br\/portal\/index.php?rest_route=%2Fwp%2Fv2%2Ftags&post=191986"}],"curies":[{"name":"wp","href":"https:\/\/api.w.org\/{rel}","templated":true}]}}