{"id":19197,"date":"2014-01-23T16:51:52","date_gmt":"2014-01-23T18:51:52","guid":{"rendered":"http:\/\/aconteceunovale.com.br\/portal\/?p=19197"},"modified":"2014-01-23T16:51:52","modified_gmt":"2014-01-23T18:51:52","slug":"policia-civil-de-turmalina-recupera-mais-dois-veiculos-roubados","status":"publish","type":"post","link":"https:\/\/aconteceunovale.com.br\/portal\/?p=19197","title":{"rendered":"Pol\u00edcia Civil de Turmalina recupera mais dois ve\u00edculos roubados"},"content":{"rendered":"<p>Na manh\u00e3 desta quinta-feira, policiais civis de Turmalina, no Vale do Jequitinhonha, realizaram a apreens\u00e3o de mais dois ve\u00edculos com queixa de furto\/roubo, sendo uma Pick-Up Strada 2009 e um Fiat Siena Atractive 2012.<\/p>\n<p><img decoding=\"async\" src=\"http:\/\/aconteceunovale.com.br\/portal\/wp-content\/uploads\/2014\/01\/veiculos_furtados_turmalina_23_2.jpg\" alt=\"\" \/><br \/>\n<em>(Foto: Guilherme Fernandes)<\/em><\/p>\n<p>De acordo com informa\u00e7\u00f5es dos investigadores, tais ve\u00edculos teriam sido vistos no distrito de Ca\u00e7aratiba &#8211; Turmalina-MG, mas s\u00f3 foi poss\u00edvel realizar a abordagem no distrito de Pedregulho &#8211; Bocai\u00fava-MG, cerca de quinze quil\u00f4metros depois. Ainda segundo os investigadores, foram motivadas por den\u00fancias an\u00f4nimas de moradores de Ca\u00e7aratiba que est\u00e3o insatisfeitos com o comportamento dos condutores de tais ve\u00edculos que vem perturbando o sossego do distrito.<\/p>\n<p>Durante a a\u00e7\u00e3o policial, o condutor do ve\u00edculo FIAT SIENA empreendeu fuga no ve\u00edculo, sendo realizada persegui\u00e7\u00e3o policial pelas vias p\u00fablicas do distrito e tamb\u00e9m por vias vicinais. Ambos os ve\u00edculos foram vistoriados e constataram ser &#8220;clones&#8221;, ou seja, as placas eram &#8220;frias&#8221;.<\/p>\n<p>Na \u00faltima segunda-feira (20\/01\/2014), policiais da mesma Delegacia j\u00e1 haviam apreendido uma outra caminhonete FIAT STRADA.<\/p>\n<p><img decoding=\"async\" src=\"http:\/\/aconteceunovale.com.br\/portal\/wp-content\/uploads\/2014\/01\/veiculos_furtados_turmalina_23_1.jpg\" alt=\"\" \/><br \/>\n(Foto: Guilherme Fernandes)<\/p>\n","protected":false},"excerpt":{"rendered":"<p>Na manh\u00e3 desta quinta-feira, policiais civis de Turmalina, no Vale do Jequitinhonha, realizaram a apreens\u00e3o de mais dois ve\u00edculos com queixa de furto\/roubo, sendo uma Pick-Up Strada 2009 e um Fiat Siena Atractive 2012. (Foto: Guilherme Fernandes) De acordo com informa\u00e7\u00f5es dos investigadores, tais ve\u00edculos teriam sido vistos no distrito de Ca\u00e7aratiba &#8211; Turmalina-MG, mas [&hellip;]<\/p>\n","protected":false},"author":1,"featured_media":19198,"comment_status":"open","ping_status":"closed","sticky":false,"template":"","format":"standard","meta":{"amp_status":"","footnotes":""},"categories":[120],"tags":[645,3142,3420,178],"class_list":["post-19197","post","type-post","status-publish","format-standard","has-post-thumbnail","hentry","category-jequi","tag-bocaiuva","tag-cacaratiba","tag-policia-civil-de-turmalina-recupera-mais-dois-veiculos-roubados","tag-turmalina"],"_links":{"self":[{"href":"https:\/\/aconteceunovale.com.br\/portal\/index.php?rest_route=\/wp\/v2\/posts\/19197","targetHints":{"allow":["GET"]}}],"collection":[{"href":"https:\/\/aconteceunovale.com.br\/portal\/index.php?rest_route=\/wp\/v2\/posts"}],"about":[{"href":"https:\/\/aconteceunovale.com.br\/portal\/index.php?rest_route=\/wp\/v2\/types\/post"}],"author":[{"embeddable":true,"href":"https:\/\/aconteceunovale.com.br\/portal\/index.php?rest_route=\/wp\/v2\/users\/1"}],"replies":[{"embeddable":true,"href":"https:\/\/aconteceunovale.com.br\/portal\/index.php?rest_route=%2Fwp%2Fv2%2Fcomments&post=19197"}],"version-history":[{"count":0,"href":"https:\/\/aconteceunovale.com.br\/portal\/index.php?rest_route=\/wp\/v2\/posts\/19197\/revisions"}],"wp:featuredmedia":[{"embeddable":true,"href":"https:\/\/aconteceunovale.com.br\/portal\/index.php?rest_route=\/wp\/v2\/media\/19198"}],"wp:attachment":[{"href":"https:\/\/aconteceunovale.com.br\/portal\/index.php?rest_route=%2Fwp%2Fv2%2Fmedia&parent=19197"}],"wp:term":[{"taxonomy":"category","embeddable":true,"href":"https:\/\/aconteceunovale.com.br\/portal\/index.php?rest_route=%2Fwp%2Fv2%2Fcategories&post=19197"},{"taxonomy":"post_tag","embeddable":true,"href":"https:\/\/aconteceunovale.com.br\/portal\/index.php?rest_route=%2Fwp%2Fv2%2Ftags&post=19197"}],"curies":[{"name":"wp","href":"https:\/\/api.w.org\/{rel}","templated":true}]}}