{"id":191960,"date":"2022-10-31T10:56:10","date_gmt":"2022-10-31T13:56:10","guid":{"rendered":"https:\/\/aconteceunovale.com.br\/portal\/?p=191960"},"modified":"2022-10-31T11:12:58","modified_gmt":"2022-10-31T14:12:58","slug":"caminhoneiros-fecham-rodovias-apos-vitoria-de-lula","status":"publish","type":"post","link":"https:\/\/aconteceunovale.com.br\/portal\/?p=191960","title":{"rendered":"Caminhoneiros fecham rodovias ap\u00f3s vit\u00f3ria de Lula"},"content":{"rendered":"\n<p class=\"wp-block-paragraph\">Ap\u00f3s o an\u00fancio da vit\u00f3ria de Luiz&nbsp;In\u00e1cio Lula da Silva para a Presid\u00eancia da Rep\u00fablica&nbsp;em segundo turno, na noite desse domingo (30\/10\/2022), grupos de caminhoneiros protestam com bloqueios em rodovias. No Rio de Janeiro, a Pol\u00edcia Rodovi\u00e1ria Federal (PRF) informa que as ocorr\u00eancias come\u00e7aram por volta de 00h30 e ainda permanecem nesta&nbsp;manh\u00e3.<\/p>\n\n\n\n<figure class=\"wp-block-gallery has-nested-images columns-default is-cropped wp-block-gallery-1 is-layout-flex wp-block-gallery-is-layout-flex\">\n<figure class=\"wp-block-image size-large\"><img loading=\"lazy\" decoding=\"async\" width=\"678\" height=\"381\" data-id=\"191961\" src=\"https:\/\/aconteceunovale.com.br\/portal\/wp-content\/uploads\/2022\/10\/bloqueio_caminhoneiros.jpg\" alt=\"\" class=\"wp-image-191961\" srcset=\"https:\/\/aconteceunovale.com.br\/portal\/wp-content\/uploads\/2022\/10\/bloqueio_caminhoneiros.jpg 678w, https:\/\/aconteceunovale.com.br\/portal\/wp-content\/uploads\/2022\/10\/bloqueio_caminhoneiros-300x169.jpg 300w\" sizes=\"auto, (max-width: 678px) 100vw, 678px\" \/><figcaption><em><sub>Bloqueio entre Rio de Janeiro e S\u00e3o Paulo &#8211; Foto: Reprodu\u00e7\u00e3o \/ Twitter @tossiro<\/sub><\/em><\/figcaption><\/figure>\n<\/figure>\n\n\n\n<p class=\"wp-block-paragraph\">A BR-116 segue com bloqueios na regi\u00e3o de Barra Mansa, no sul fluminense. Segundo a concession\u00e1ria CCR RioSP, que administra o trecho da rodovia, o tr\u00e1fego est\u00e1 interrompido entre os quil\u00f4metros 281 e 298 na pista sentido Rio, \u201cdevido a manifesta\u00e7\u00e3o de caminhoneiros\u201d, assim como entre os quil\u00f4metros 272 e 281 no sentido S\u00e3o Paulo.<\/p>\n\n\n\n<p class=\"wp-block-paragraph\">A PRF informa que, no norte fluminense, houve interdi\u00e7\u00e3o no in\u00edcio da manh\u00e3 no quil\u00f4metro 64 da BR-101, em Campos dos Goytacazes, com queima de pneus. O protesto come\u00e7ou por volta das&nbsp;5h e \u00e0s 6h30 a via j\u00e1 havia sido liberada pelos agentes.<\/p>\n\n\n\n<p class=\"wp-block-paragraph\">Por voltas das 7h, por\u00e9m, mais manifestantes se dirigiram \u00e0 regi\u00e3o e, segundo a PRF, foram registrados atos de vandalismo.<\/p>\n\n\n\n<p class=\"wp-block-paragraph\">De acordo com v\u00eddeos publicados nas redes sociais, o protesto \u00e9 contra o resultado da elei\u00e7\u00e3o e, em alguns locais, h\u00e1 pedido de interven\u00e7\u00e3o militar.<\/p>\n\n\n\n<h2 class=\"wp-block-heading\">Outros bloqueios<\/h2>\n\n\n\n<p class=\"wp-block-paragraph\">As manifesta\u00e7\u00f5es iniciaram ainda na noite de ontem, dia 30 de outubro, logo ap\u00f3s o an\u00fancio do resultado da elei\u00e7\u00e3o para presidente do Brasil. V\u00eddeos divulgados por caminhoneiros mostraram bloqueios ou aglomera\u00e7\u00f5es em rodovias de Santa Catarina, Rio Grande do Sul, Paran\u00e1, Minas Gerais, S\u00e3o Paulo, Rio de Janeiro, Mato Grosso, Mato Grosso do Sul, Rond\u00f4nia, Par\u00e1, Goi\u00e1s e Distrito Federal.<\/p>\n\n\n\n<p class=\"wp-block-paragraph\">No estado de Santa Catarina, segundo informa\u00e7\u00f5es de \u00f3rg\u00e3os de seguran\u00e7a, manifestantes bloquearam diferentes pontos da BR-101, em munic\u00edpios como Palho\u00e7a, Joinville e Itapema. A SC-418, em S\u00e3o Bento do Sul, tamb\u00e9m teve o tr\u00e2nsito interrompido.<\/p>\n\n\n\n<p class=\"wp-block-paragraph\">No Rio Grande do Sul, moradores de Iju\u00ed bloquearam a BR-285, pr\u00f3ximo ao trevo com a RS-522 e RS-342. No Paran\u00e1, segundo a Pol\u00edcia Rodovi\u00e1ria Federal, confirmou protestos em diferentes rodovias. No Mato Grosso, a concession\u00e1ria Rota do Oeste confirmou a interdi\u00e7\u00e3o da BR-163 na altura dos munic\u00edpios de Lucas do Rio Verde, Nova Mutum, Sorriso e Sinop.<\/p>\n\n\n\n<p class=\"wp-block-paragraph\">Aqui em Minas Gerais, caminhoneiros realizam manifesta\u00e7\u00e3o na BR-381, em Ipatinga, desde a noite de ontem (30). Tamb\u00e9m h\u00e1 relatos de bloqueio na BR-262, no munic\u00edpio de Manhua\u00e7u, na regi\u00e3o da Zona da Mata.<\/p>\n\n\n\n<p class=\"wp-block-paragraph\">&#8212;&#8212;&#8212;&#8212;&#8212;&#8212;<br><br><strong>Sabia que o Aconteceu no Vale est\u00e1 tamb\u00e9m no Telegram? <a rel=\"noreferrer noopener\" href=\"https:\/\/t.me\/aconteceunovaleoficial\" target=\"_blank\">Inscreva-se no canal<\/a>.<\/strong><br><br><strong>J\u00e1 curtiu ou seguiu nossas p\u00e1ginas nas redes sociais?&nbsp;Receba as not\u00edcias em primeira m\u00e3o:<\/strong><br>\u2022 <a rel=\"noreferrer noopener\" href=\"https:\/\/news.google.com\/publications\/CAAqBwgKMNjklQswi4etAw?hl=pt-BR&amp;gl=BR&amp;ceid=BR%3Apt-419\" target=\"_blank\">Google News<\/a><br>\u2022 <a rel=\"noreferrer noopener\" href=\"https:\/\/www.facebook.com\/aconteceunovale\/\" target=\"_blank\">Facebook<\/a><br>\u2022 <a rel=\"noreferrer noopener\" href=\"https:\/\/twitter.com\/noticiadosvales\" target=\"_blank\">Twitter<\/a><br>\u2022 <a rel=\"noreferrer noopener\" href=\"https:\/\/www.instagram.com\/aconteceunovale\" target=\"_blank\">Instagram<\/a><br>\u2022 <a rel=\"noreferrer noopener\" href=\"https:\/\/www.youtube.com\/AconteceunoValeOficial\" target=\"_blank\">Youtube<\/a><br>\u2022 <a rel=\"noreferrer noopener\" href=\"https:\/\/www.tiktok.com\/@aconteceunovale\" target=\"_blank\">TikTok<\/a><\/p>\n","protected":false},"excerpt":{"rendered":"<p>Ap\u00f3s o an\u00fancio da vit\u00f3ria de Luiz&nbsp;In\u00e1cio Lula da Silva para a Presid\u00eancia da Rep\u00fablica&nbsp;em segundo turno, na noite desse domingo (30\/10\/2022), grupos de caminhoneiros protestam com bloqueios em rodovias. No Rio de Janeiro, a Pol\u00edcia Rodovi\u00e1ria Federal (PRF) informa que as ocorr\u00eancias come\u00e7aram por volta de 00h30 e ainda permanecem nesta&nbsp;manh\u00e3. A BR-116 segue [&hellip;]<\/p>\n","protected":false},"author":4,"featured_media":191961,"comment_status":"open","ping_status":"closed","sticky":false,"template":"","format":"standard","meta":{"amp_status":"","footnotes":""},"categories":[6,123],"tags":[174788,100375,265702,1018,14124,7147,265703,265705,1104,265704,265706,265707],"class_list":["post-191960","post","type-post","status-publish","format-standard","has-post-thumbnail","hentry","category-br","category-gerais","tag-bloqueio-de-rodovias","tag-bolsonaro","tag-caminhoneiros-fecham-rodovias-apos-vitoria-de-lula","tag-destaque","tag-luiz-inacio-lula-da-silva","tag-lula","tag-manifestacao-em-rodovias","tag-protestos-em-rodovias","tag-rio-de-janeiro","tag-rodovias-bloqueadas","tag-rodovias-bloqueadas-por-caminhoneiros","tag-rodovias-fechadas-por-caminhoneiros"],"yoast_head":"<!-- This site is optimized with the Yoast SEO plugin v28.3 - https:\/\/yoast.com\/product\/yoast-seo-wordpress\/ -->\n<title>Caminhoneiros fecham rodovias ap\u00f3s vit\u00f3ria de Lula - Aconteceu no Vale<\/title>\n<meta name=\"robots\" content=\"index, follow, max-snippet:-1, max-image-preview:large, max-video-preview:-1\" \/>\n<link rel=\"canonical\" href=\"https:\/\/aconteceunovale.com.br\/portal\/?p=191960\" \/>\n<meta property=\"og:locale\" content=\"pt_BR\" \/>\n<meta property=\"og:type\" content=\"article\" \/>\n<meta property=\"og:title\" content=\"Caminhoneiros fecham rodovias ap\u00f3s vit\u00f3ria de Lula - Aconteceu no Vale\" \/>\n<meta property=\"og:description\" content=\"Ap\u00f3s o an\u00fancio da vit\u00f3ria de Luiz&nbsp;In\u00e1cio Lula da Silva para a Presid\u00eancia da Rep\u00fablica&nbsp;em segundo turno, na noite desse domingo (30\/10\/2022), grupos de caminhoneiros protestam com bloqueios em rodovias. No Rio de Janeiro, a Pol\u00edcia Rodovi\u00e1ria Federal (PRF) informa que as ocorr\u00eancias come\u00e7aram por volta de 00h30 e ainda permanecem nesta&nbsp;manh\u00e3. A BR-116 segue [&hellip;]\" \/>\n<meta property=\"og:url\" content=\"https:\/\/aconteceunovale.com.br\/portal\/?p=191960\" \/>\n<meta property=\"og:site_name\" content=\"Aconteceu no Vale\" \/>\n<meta property=\"article:publisher\" content=\"https:\/\/www.facebook.com\/aconteceunovale\/\" \/>\n<meta property=\"article:published_time\" content=\"2022-10-31T13:56:10+00:00\" \/>\n<meta property=\"article:modified_time\" content=\"2022-10-31T14:12:58+00:00\" \/>\n<meta property=\"og:image\" content=\"https:\/\/aconteceunovale.com.br\/portal\/wp-content\/uploads\/2022\/10\/bloqueio_caminhoneiros.jpg\" \/>\n\t<meta property=\"og:image:width\" content=\"678\" \/>\n\t<meta property=\"og:image:height\" content=\"381\" \/>\n\t<meta property=\"og:image:type\" content=\"image\/jpeg\" \/>\n<meta name=\"author\" content=\"Reda\u00e7\u00e3o Aconteceu no Vale\" \/>\n<meta name=\"twitter:card\" content=\"summary_large_image\" \/>\n<meta name=\"twitter:creator\" content=\"@noticiadosvales\" \/>\n<meta name=\"twitter:site\" content=\"@noticiadosvales\" \/>\n<meta name=\"twitter:label1\" content=\"Escrito por\" \/>\n\t<meta name=\"twitter:data1\" content=\"Reda\u00e7\u00e3o Aconteceu no Vale\" \/>\n\t<meta name=\"twitter:label2\" content=\"Est. tempo de leitura\" \/>\n\t<meta name=\"twitter:data2\" content=\"2 minutos\" \/>\n<script type=\"application\/ld+json\" class=\"yoast-schema-graph\">{\"@context\":\"https:\\\/\\\/schema.org\",\"@graph\":[{\"@type\":\"Article\",\"@id\":\"https:\\\/\\\/aconteceunovale.com.br\\\/portal\\\/?p=191960#article\",\"isPartOf\":{\"@id\":\"https:\\\/\\\/aconteceunovale.com.br\\\/portal\\\/?p=191960\"},\"author\":{\"name\":\"Reda\u00e7\u00e3o Aconteceu no Vale\",\"@id\":\"https:\\\/\\\/aconteceunovale.com.br\\\/portal\\\/#\\\/schema\\\/person\\\/7d2f26d1483f8a63de73da1ee0754d35\"},\"headline\":\"Caminhoneiros fecham rodovias ap\u00f3s vit\u00f3ria de Lula\",\"datePublished\":\"2022-10-31T13:56:10+00:00\",\"dateModified\":\"2022-10-31T14:12:58+00:00\",\"mainEntityOfPage\":{\"@id\":\"https:\\\/\\\/aconteceunovale.com.br\\\/portal\\\/?p=191960\"},\"wordCount\":503,\"commentCount\":0,\"image\":{\"@id\":\"https:\\\/\\\/aconteceunovale.com.br\\\/portal\\\/?p=191960#primaryimage\"},\"thumbnailUrl\":\"https:\\\/\\\/aconteceunovale.com.br\\\/portal\\\/wp-content\\\/uploads\\\/2022\\\/10\\\/bloqueio_caminhoneiros.jpg\",\"keywords\":[\"bloqueio de rodovias\",\"Bolsonaro\",\"Caminhoneiros fecham rodovias ap\u00f3s vit\u00f3ria de Lula\",\"destaque\",\"Luiz In\u00e1cio Lula da Silva\",\"Lula\",\"Manifesta\u00e7\u00e3o em rodovias\",\"Protestos em rodovias\",\"Rio de Janeiro\",\"Rodovias bloqueadas\",\"Rodovias bloqueadas por caminhoneiros\",\"Rodovias fechadas por caminhoneiros\"],\"articleSection\":[\"Brasil\",\"Minas Gerais\"],\"inLanguage\":\"pt-BR\",\"potentialAction\":[{\"@type\":\"CommentAction\",\"name\":\"Comment\",\"target\":[\"https:\\\/\\\/aconteceunovale.com.br\\\/portal\\\/?p=191960#respond\"]}]},{\"@type\":\"WebPage\",\"@id\":\"https:\\\/\\\/aconteceunovale.com.br\\\/portal\\\/?p=191960\",\"url\":\"https:\\\/\\\/aconteceunovale.com.br\\\/portal\\\/?p=191960\",\"name\":\"Caminhoneiros fecham rodovias ap\u00f3s vit\u00f3ria de Lula - Aconteceu no Vale\",\"isPartOf\":{\"@id\":\"https:\\\/\\\/aconteceunovale.com.br\\\/portal\\\/#website\"},\"primaryImageOfPage\":{\"@id\":\"https:\\\/\\\/aconteceunovale.com.br\\\/portal\\\/?p=191960#primaryimage\"},\"image\":{\"@id\":\"https:\\\/\\\/aconteceunovale.com.br\\\/portal\\\/?p=191960#primaryimage\"},\"thumbnailUrl\":\"https:\\\/\\\/aconteceunovale.com.br\\\/portal\\\/wp-content\\\/uploads\\\/2022\\\/10\\\/bloqueio_caminhoneiros.jpg\",\"datePublished\":\"2022-10-31T13:56:10+00:00\",\"dateModified\":\"2022-10-31T14:12:58+00:00\",\"author\":{\"@id\":\"https:\\\/\\\/aconteceunovale.com.br\\\/portal\\\/#\\\/schema\\\/person\\\/7d2f26d1483f8a63de73da1ee0754d35\"},\"breadcrumb\":{\"@id\":\"https:\\\/\\\/aconteceunovale.com.br\\\/portal\\\/?p=191960#breadcrumb\"},\"inLanguage\":\"pt-BR\",\"potentialAction\":[{\"@type\":\"ReadAction\",\"target\":[\"https:\\\/\\\/aconteceunovale.com.br\\\/portal\\\/?p=191960\"]}]},{\"@type\":\"ImageObject\",\"inLanguage\":\"pt-BR\",\"@id\":\"https:\\\/\\\/aconteceunovale.com.br\\\/portal\\\/?p=191960#primaryimage\",\"url\":\"https:\\\/\\\/aconteceunovale.com.br\\\/portal\\\/wp-content\\\/uploads\\\/2022\\\/10\\\/bloqueio_caminhoneiros.jpg\",\"contentUrl\":\"https:\\\/\\\/aconteceunovale.com.br\\\/portal\\\/wp-content\\\/uploads\\\/2022\\\/10\\\/bloqueio_caminhoneiros.jpg\",\"width\":678,\"height\":381},{\"@type\":\"BreadcrumbList\",\"@id\":\"https:\\\/\\\/aconteceunovale.com.br\\\/portal\\\/?p=191960#breadcrumb\",\"itemListElement\":[{\"@type\":\"ListItem\",\"position\":1,\"name\":\"In\u00edcio\",\"item\":\"https:\\\/\\\/aconteceunovale.com.br\\\/portal\\\/\"},{\"@type\":\"ListItem\",\"position\":2,\"name\":\"Caminhoneiros fecham rodovias ap\u00f3s vit\u00f3ria de Lula\"}]},{\"@type\":\"WebSite\",\"@id\":\"https:\\\/\\\/aconteceunovale.com.br\\\/portal\\\/#website\",\"url\":\"https:\\\/\\\/aconteceunovale.com.br\\\/portal\\\/\",\"name\":\"Aconteceu no Vale\",\"description\":\"Portal de Not\u00edcias\",\"potentialAction\":[{\"@type\":\"SearchAction\",\"target\":{\"@type\":\"EntryPoint\",\"urlTemplate\":\"https:\\\/\\\/aconteceunovale.com.br\\\/portal\\\/?s={search_term_string}\"},\"query-input\":{\"@type\":\"PropertyValueSpecification\",\"valueRequired\":true,\"valueName\":\"search_term_string\"}}],\"inLanguage\":\"pt-BR\"},{\"@type\":\"Person\",\"@id\":\"https:\\\/\\\/aconteceunovale.com.br\\\/portal\\\/#\\\/schema\\\/person\\\/7d2f26d1483f8a63de73da1ee0754d35\",\"name\":\"Reda\u00e7\u00e3o Aconteceu no Vale\",\"description\":\"Equipe de reportagem do Aconteceu no Vale, portal de not\u00edcias do Vale do Jequitinhonha, em Minas Gerais. Cobrimos as 51 cidades do Vale desde 2013. Sugest\u00f5es de pauta e pedidos de corre\u00e7\u00e3o: contato@aconteceunovale.com.br\",\"url\":\"https:\\\/\\\/aconteceunovale.com.br\\\/portal\\\/?author=4\"}]}<\/script>\n<!-- \/ Yoast SEO plugin. -->","yoast_head_json":{"title":"Caminhoneiros fecham rodovias ap\u00f3s vit\u00f3ria de Lula - Aconteceu no Vale","robots":{"index":"index","follow":"follow","max-snippet":"max-snippet:-1","max-image-preview":"max-image-preview:large","max-video-preview":"max-video-preview:-1"},"canonical":"https:\/\/aconteceunovale.com.br\/portal\/?p=191960","og_locale":"pt_BR","og_type":"article","og_title":"Caminhoneiros fecham rodovias ap\u00f3s vit\u00f3ria de Lula - Aconteceu no Vale","og_description":"Ap\u00f3s o an\u00fancio da vit\u00f3ria de Luiz&nbsp;In\u00e1cio Lula da Silva para a Presid\u00eancia da Rep\u00fablica&nbsp;em segundo turno, na noite desse domingo (30\/10\/2022), grupos de caminhoneiros protestam com bloqueios em rodovias. No Rio de Janeiro, a Pol\u00edcia Rodovi\u00e1ria Federal (PRF) informa que as ocorr\u00eancias come\u00e7aram por volta de 00h30 e ainda permanecem nesta&nbsp;manh\u00e3. A BR-116 segue [&hellip;]","og_url":"https:\/\/aconteceunovale.com.br\/portal\/?p=191960","og_site_name":"Aconteceu no Vale","article_publisher":"https:\/\/www.facebook.com\/aconteceunovale\/","article_published_time":"2022-10-31T13:56:10+00:00","article_modified_time":"2022-10-31T14:12:58+00:00","og_image":[{"width":678,"height":381,"url":"https:\/\/aconteceunovale.com.br\/portal\/wp-content\/uploads\/2022\/10\/bloqueio_caminhoneiros.jpg","type":"image\/jpeg"}],"author":"Reda\u00e7\u00e3o Aconteceu no Vale","twitter_card":"summary_large_image","twitter_creator":"@noticiadosvales","twitter_site":"@noticiadosvales","twitter_misc":{"Escrito por":"Reda\u00e7\u00e3o Aconteceu no Vale","Est. tempo de leitura":"2 minutos"},"schema":{"@context":"https:\/\/schema.org","@graph":[{"@type":"Article","@id":"https:\/\/aconteceunovale.com.br\/portal\/?p=191960#article","isPartOf":{"@id":"https:\/\/aconteceunovale.com.br\/portal\/?p=191960"},"author":{"name":"Reda\u00e7\u00e3o Aconteceu no Vale","@id":"https:\/\/aconteceunovale.com.br\/portal\/#\/schema\/person\/7d2f26d1483f8a63de73da1ee0754d35"},"headline":"Caminhoneiros fecham rodovias ap\u00f3s vit\u00f3ria de Lula","datePublished":"2022-10-31T13:56:10+00:00","dateModified":"2022-10-31T14:12:58+00:00","mainEntityOfPage":{"@id":"https:\/\/aconteceunovale.com.br\/portal\/?p=191960"},"wordCount":503,"commentCount":0,"image":{"@id":"https:\/\/aconteceunovale.com.br\/portal\/?p=191960#primaryimage"},"thumbnailUrl":"https:\/\/aconteceunovale.com.br\/portal\/wp-content\/uploads\/2022\/10\/bloqueio_caminhoneiros.jpg","keywords":["bloqueio de rodovias","Bolsonaro","Caminhoneiros fecham rodovias ap\u00f3s vit\u00f3ria de Lula","destaque","Luiz In\u00e1cio Lula da Silva","Lula","Manifesta\u00e7\u00e3o em rodovias","Protestos em rodovias","Rio de Janeiro","Rodovias bloqueadas","Rodovias bloqueadas por caminhoneiros","Rodovias fechadas por caminhoneiros"],"articleSection":["Brasil","Minas Gerais"],"inLanguage":"pt-BR","potentialAction":[{"@type":"CommentAction","name":"Comment","target":["https:\/\/aconteceunovale.com.br\/portal\/?p=191960#respond"]}]},{"@type":"WebPage","@id":"https:\/\/aconteceunovale.com.br\/portal\/?p=191960","url":"https:\/\/aconteceunovale.com.br\/portal\/?p=191960","name":"Caminhoneiros fecham rodovias ap\u00f3s vit\u00f3ria de Lula - Aconteceu no Vale","isPartOf":{"@id":"https:\/\/aconteceunovale.com.br\/portal\/#website"},"primaryImageOfPage":{"@id":"https:\/\/aconteceunovale.com.br\/portal\/?p=191960#primaryimage"},"image":{"@id":"https:\/\/aconteceunovale.com.br\/portal\/?p=191960#primaryimage"},"thumbnailUrl":"https:\/\/aconteceunovale.com.br\/portal\/wp-content\/uploads\/2022\/10\/bloqueio_caminhoneiros.jpg","datePublished":"2022-10-31T13:56:10+00:00","dateModified":"2022-10-31T14:12:58+00:00","author":{"@id":"https:\/\/aconteceunovale.com.br\/portal\/#\/schema\/person\/7d2f26d1483f8a63de73da1ee0754d35"},"breadcrumb":{"@id":"https:\/\/aconteceunovale.com.br\/portal\/?p=191960#breadcrumb"},"inLanguage":"pt-BR","potentialAction":[{"@type":"ReadAction","target":["https:\/\/aconteceunovale.com.br\/portal\/?p=191960"]}]},{"@type":"ImageObject","inLanguage":"pt-BR","@id":"https:\/\/aconteceunovale.com.br\/portal\/?p=191960#primaryimage","url":"https:\/\/aconteceunovale.com.br\/portal\/wp-content\/uploads\/2022\/10\/bloqueio_caminhoneiros.jpg","contentUrl":"https:\/\/aconteceunovale.com.br\/portal\/wp-content\/uploads\/2022\/10\/bloqueio_caminhoneiros.jpg","width":678,"height":381},{"@type":"BreadcrumbList","@id":"https:\/\/aconteceunovale.com.br\/portal\/?p=191960#breadcrumb","itemListElement":[{"@type":"ListItem","position":1,"name":"In\u00edcio","item":"https:\/\/aconteceunovale.com.br\/portal\/"},{"@type":"ListItem","position":2,"name":"Caminhoneiros fecham rodovias ap\u00f3s vit\u00f3ria de Lula"}]},{"@type":"WebSite","@id":"https:\/\/aconteceunovale.com.br\/portal\/#website","url":"https:\/\/aconteceunovale.com.br\/portal\/","name":"Aconteceu no Vale","description":"Portal de Not\u00edcias","potentialAction":[{"@type":"SearchAction","target":{"@type":"EntryPoint","urlTemplate":"https:\/\/aconteceunovale.com.br\/portal\/?s={search_term_string}"},"query-input":{"@type":"PropertyValueSpecification","valueRequired":true,"valueName":"search_term_string"}}],"inLanguage":"pt-BR"},{"@type":"Person","@id":"https:\/\/aconteceunovale.com.br\/portal\/#\/schema\/person\/7d2f26d1483f8a63de73da1ee0754d35","name":"Reda\u00e7\u00e3o Aconteceu no Vale","description":"Equipe de reportagem do Aconteceu no Vale, portal de not\u00edcias do Vale do Jequitinhonha, em Minas Gerais. Cobrimos as 51 cidades do Vale desde 2013. Sugest\u00f5es de pauta e pedidos de corre\u00e7\u00e3o: contato@aconteceunovale.com.br","url":"https:\/\/aconteceunovale.com.br\/portal\/?author=4"}]}},"_links":{"self":[{"href":"https:\/\/aconteceunovale.com.br\/portal\/index.php?rest_route=\/wp\/v2\/posts\/191960","targetHints":{"allow":["GET"]}}],"collection":[{"href":"https:\/\/aconteceunovale.com.br\/portal\/index.php?rest_route=\/wp\/v2\/posts"}],"about":[{"href":"https:\/\/aconteceunovale.com.br\/portal\/index.php?rest_route=\/wp\/v2\/types\/post"}],"author":[{"embeddable":true,"href":"https:\/\/aconteceunovale.com.br\/portal\/index.php?rest_route=\/wp\/v2\/users\/4"}],"replies":[{"embeddable":true,"href":"https:\/\/aconteceunovale.com.br\/portal\/index.php?rest_route=%2Fwp%2Fv2%2Fcomments&post=191960"}],"version-history":[{"count":2,"href":"https:\/\/aconteceunovale.com.br\/portal\/index.php?rest_route=\/wp\/v2\/posts\/191960\/revisions"}],"predecessor-version":[{"id":191964,"href":"https:\/\/aconteceunovale.com.br\/portal\/index.php?rest_route=\/wp\/v2\/posts\/191960\/revisions\/191964"}],"wp:featuredmedia":[{"embeddable":true,"href":"https:\/\/aconteceunovale.com.br\/portal\/index.php?rest_route=\/wp\/v2\/media\/191961"}],"wp:attachment":[{"href":"https:\/\/aconteceunovale.com.br\/portal\/index.php?rest_route=%2Fwp%2Fv2%2Fmedia&parent=191960"}],"wp:term":[{"taxonomy":"category","embeddable":true,"href":"https:\/\/aconteceunovale.com.br\/portal\/index.php?rest_route=%2Fwp%2Fv2%2Fcategories&post=191960"},{"taxonomy":"post_tag","embeddable":true,"href":"https:\/\/aconteceunovale.com.br\/portal\/index.php?rest_route=%2Fwp%2Fv2%2Ftags&post=191960"}],"curies":[{"name":"wp","href":"https:\/\/api.w.org\/{rel}","templated":true}]}}