{"id":191954,"date":"2022-10-31T09:28:34","date_gmt":"2022-10-31T12:28:34","guid":{"rendered":"https:\/\/aconteceunovale.com.br\/portal\/?p=191954"},"modified":"2022-10-31T09:29:25","modified_gmt":"2022-10-31T12:29:25","slug":"agricultura-familiar-tera-novo-cadastro-a-partir-desta-terca-feira","status":"publish","type":"post","link":"https:\/\/aconteceunovale.com.br\/portal\/?p=191954","title":{"rendered":"Agricultura familiar ter\u00e1 novo cadastro a partir desta ter\u00e7a-feira"},"content":{"rendered":"\n<p class=\"wp-block-paragraph\">A partir de amanh\u00e3 (1\/11\/2022), o acesso a a\u00e7\u00f5es, programas e pol\u00edticas p\u00fablicas voltadas para a gera\u00e7\u00e3o de renda e fortalecimento da agricultura familiar dever\u00e1 ser feito exclusivamente via Cadastro Nacional da Agricultura Familiar (CAF).<\/p>\n\n\n\n<figure class=\"wp-block-gallery has-nested-images columns-default is-cropped wp-block-gallery-1 is-layout-flex wp-block-gallery-is-layout-flex\">\n<figure class=\"wp-block-image size-large\"><img loading=\"lazy\" decoding=\"async\" width=\"678\" height=\"406\" data-id=\"191955\" src=\"https:\/\/aconteceunovale.com.br\/portal\/wp-content\/uploads\/2022\/10\/ministerio_da_agricultura.jpg\" alt=\"\" class=\"wp-image-191955\" srcset=\"https:\/\/aconteceunovale.com.br\/portal\/wp-content\/uploads\/2022\/10\/ministerio_da_agricultura.jpg 678w, https:\/\/aconteceunovale.com.br\/portal\/wp-content\/uploads\/2022\/10\/ministerio_da_agricultura-300x180.jpg 300w\" sizes=\"auto, (max-width: 678px) 100vw, 678px\" \/><figcaption><em><sub>Foto: Valter Campanato\/Ag\u00eancia Brasil<\/sub><\/em><\/figcaption><\/figure>\n<\/figure>\n\n\n\n<p class=\"wp-block-paragraph\">A ferramenta foi adotada para identificar e qualificar as Unidades Familiares de Produ\u00e7\u00e3o Agr\u00e1ria (UFPA) da agricultura familiar, bem como empreendimentos familiares rurais e formas associativas de organiza\u00e7\u00e3o da agricultura familiar.<\/p>\n\n\n\n<p class=\"wp-block-paragraph\">Segundo o Minist\u00e9rio da Agricultura, Pecu\u00e1ria e Abastecimento (Mapa), a mudan\u00e7a decorre do fim do prazo do prazo de emiss\u00e3o da Declara\u00e7\u00e3o de Aptid\u00e3o ao Programa Nacional de Fortalecimento da Agricultura Familiar (DAP\/Pronaf), que se encerra hoje (31).<\/p>\n\n\n\n<p class=\"wp-block-paragraph\">Com a mudan\u00e7a, o CAF ser\u00e1 a principal ferramenta do agricultor familiar para acesso aos programas federais, sendo utilizado, inclusive, para verifica\u00e7\u00e3o da aposentadoria rural.<\/p>\n\n\n\n<p class=\"wp-block-paragraph\">\u201cDesde 2 de janeiro deste ano, o CAF j\u00e1 estava substituindo gradativamente a DAP\/Pronaf, que deixar\u00e1 de ser emitida. As DAPs continuar\u00e3o v\u00e1lidas at\u00e9 o fim da sua vig\u00eancia, n\u00e3o sendo necess\u00e1rio que o benefici\u00e1rio se antecipe ao fim da vig\u00eancia de sua DAP\u201d, informou a pasta.<\/p>\n\n\n\n<p class=\"wp-block-paragraph\">Ainda segundo o Mapa, apenas os agricultores que n\u00e3o t\u00eam a DAP ativa precisar\u00e3o buscar, a partir de 1\u00ba de novembro, a Rede CAF. A inscri\u00e7\u00e3o ter\u00e1 car\u00e1ter permanente e a validade do registro ser\u00e1 renovada a cada dois anos.<\/p>\n\n\n\n<p class=\"wp-block-paragraph\">\u201cNeste momento, praticamente toda Rede DAP j\u00e1 fez a sua migra\u00e7\u00e3o para a Rede CAF. Espera-se que, at\u00e9 o final de 2023, 2.519.854 fam\u00edlias sejam beneficiadas por meio do registro de inscri\u00e7\u00e3o ativa no CAF\u201d, complementa o minist\u00e9rio.<\/p>\n\n\n\n<p class=\"wp-block-paragraph\">O sistema do CAF \u00e9 integrado \u00e0s principais bases de dados do governo federal e valida as informa\u00e7\u00f5es declaradas pelo requerente no ato da inscri\u00e7\u00e3o. \u201cCaso seja detectada alguma inconsist\u00eancia, o sistema n\u00e3o permitir\u00e1 a conclus\u00e3o da inscri\u00e7\u00e3o at\u00e9 que a pend\u00eancia seja corrigida, minimizando a possibilidade de fraude\u201d, informou, em nota o Mapa.<\/p>\n\n\n\n<p class=\"wp-block-paragraph\">&#8212;&#8212;&#8212;&#8212;&#8212;&#8212;<br><br><strong>Sabia que o Aconteceu no Vale est\u00e1 tamb\u00e9m no Telegram? <a rel=\"noreferrer noopener\" href=\"https:\/\/t.me\/aconteceunovaleoficial\" target=\"_blank\">Inscreva-se no canal<\/a>.<\/strong><br><br><strong>J\u00e1 curtiu ou seguiu nossas p\u00e1ginas nas redes sociais?\u00a0Receba as not\u00edcias em primeira m\u00e3o:<\/strong><br>\u2022 <a rel=\"noreferrer noopener\" href=\"https:\/\/news.google.com\/publications\/CAAqBwgKMNjklQswi4etAw?hl=pt-BR&amp;gl=BR&amp;ceid=BR%3Apt-419\" target=\"_blank\">Google News<\/a><br>\u2022 <a rel=\"noreferrer noopener\" href=\"https:\/\/www.facebook.com\/aconteceunovale\/\" target=\"_blank\">Facebook<\/a><br>\u2022 <a rel=\"noreferrer noopener\" href=\"https:\/\/twitter.com\/noticiadosvales\" target=\"_blank\">Twitter<\/a><br>\u2022 <a rel=\"noreferrer noopener\" href=\"https:\/\/www.instagram.com\/aconteceunovale\" target=\"_blank\">Instagram<\/a><br>\u2022 <a rel=\"noreferrer noopener\" href=\"https:\/\/www.youtube.com\/AconteceunoValeOficial\" target=\"_blank\">Youtube<\/a><br>\u2022 <a rel=\"noreferrer noopener\" href=\"https:\/\/www.tiktok.com\/@aconteceunovale\" target=\"_blank\">TikTok<\/a><\/p>\n","protected":false},"excerpt":{"rendered":"<p>A partir de amanh\u00e3 (1\/11\/2022), o acesso a a\u00e7\u00f5es, programas e pol\u00edticas p\u00fablicas voltadas para a gera\u00e7\u00e3o de renda e fortalecimento da agricultura familiar dever\u00e1 ser feito exclusivamente via Cadastro Nacional da Agricultura Familiar (CAF). A ferramenta foi adotada para identificar e qualificar as Unidades Familiares de Produ\u00e7\u00e3o Agr\u00e1ria (UFPA) da agricultura familiar, bem como [&hellip;]<\/p>\n","protected":false},"author":4,"featured_media":191955,"comment_status":"open","ping_status":"closed","sticky":false,"template":"","format":"standard","meta":{"amp_status":"","footnotes":""},"categories":[6],"tags":[25577,751,265695,265696,265697,1018,23235,91974],"class_list":["post-191954","post","type-post","status-publish","format-standard","has-post-thumbnail","hentry","category-br","tag-agricultura","tag-agricultura-familiar","tag-agricultura-familiar-tera-novo-cadastro-a-partir-desta-terca-feira","tag-cadastro-nacional-da-agricultura-familiar","tag-caf","tag-destaque","tag-mapa","tag-ministerio-da-agricultura"],"yoast_head":"<!-- This site is optimized with the Yoast SEO plugin v28.3 - https:\/\/yoast.com\/product\/yoast-seo-wordpress\/ -->\n<title>Agricultura familiar ter\u00e1 novo cadastro a partir desta ter\u00e7a-feira - Aconteceu no Vale<\/title>\n<meta name=\"robots\" content=\"index, follow, max-snippet:-1, max-image-preview:large, max-video-preview:-1\" \/>\n<link rel=\"canonical\" href=\"https:\/\/aconteceunovale.com.br\/portal\/?p=191954\" \/>\n<meta property=\"og:locale\" content=\"pt_BR\" \/>\n<meta property=\"og:type\" content=\"article\" \/>\n<meta property=\"og:title\" content=\"Agricultura familiar ter\u00e1 novo cadastro a partir desta ter\u00e7a-feira - Aconteceu no Vale\" \/>\n<meta property=\"og:description\" content=\"A partir de amanh\u00e3 (1\/11\/2022), o acesso a a\u00e7\u00f5es, programas e pol\u00edticas p\u00fablicas voltadas para a gera\u00e7\u00e3o de renda e fortalecimento da agricultura familiar dever\u00e1 ser feito exclusivamente via Cadastro Nacional da Agricultura Familiar (CAF). A ferramenta foi adotada para identificar e qualificar as Unidades Familiares de Produ\u00e7\u00e3o Agr\u00e1ria (UFPA) da agricultura familiar, bem como [&hellip;]\" \/>\n<meta property=\"og:url\" content=\"https:\/\/aconteceunovale.com.br\/portal\/?p=191954\" \/>\n<meta property=\"og:site_name\" content=\"Aconteceu no Vale\" \/>\n<meta property=\"article:publisher\" content=\"https:\/\/www.facebook.com\/aconteceunovale\/\" \/>\n<meta property=\"article:published_time\" content=\"2022-10-31T12:28:34+00:00\" \/>\n<meta property=\"article:modified_time\" content=\"2022-10-31T12:29:25+00:00\" \/>\n<meta property=\"og:image\" content=\"https:\/\/aconteceunovale.com.br\/portal\/wp-content\/uploads\/2022\/10\/ministerio_da_agricultura.jpg\" \/>\n\t<meta property=\"og:image:width\" content=\"678\" \/>\n\t<meta property=\"og:image:height\" content=\"406\" \/>\n\t<meta property=\"og:image:type\" content=\"image\/jpeg\" \/>\n<meta name=\"author\" content=\"Reda\u00e7\u00e3o Aconteceu no Vale\" \/>\n<meta name=\"twitter:card\" content=\"summary_large_image\" \/>\n<meta name=\"twitter:creator\" content=\"@noticiadosvales\" \/>\n<meta name=\"twitter:site\" content=\"@noticiadosvales\" \/>\n<meta name=\"twitter:label1\" content=\"Escrito por\" \/>\n\t<meta name=\"twitter:data1\" content=\"Reda\u00e7\u00e3o Aconteceu no Vale\" \/>\n\t<meta name=\"twitter:label2\" content=\"Est. tempo de leitura\" \/>\n\t<meta name=\"twitter:data2\" content=\"2 minutos\" \/>\n<script type=\"application\/ld+json\" class=\"yoast-schema-graph\">{\"@context\":\"https:\\\/\\\/schema.org\",\"@graph\":[{\"@type\":\"Article\",\"@id\":\"https:\\\/\\\/aconteceunovale.com.br\\\/portal\\\/?p=191954#article\",\"isPartOf\":{\"@id\":\"https:\\\/\\\/aconteceunovale.com.br\\\/portal\\\/?p=191954\"},\"author\":{\"name\":\"Reda\u00e7\u00e3o Aconteceu no Vale\",\"@id\":\"https:\\\/\\\/aconteceunovale.com.br\\\/portal\\\/#\\\/schema\\\/person\\\/7d2f26d1483f8a63de73da1ee0754d35\"},\"headline\":\"Agricultura familiar ter\u00e1 novo cadastro a partir desta ter\u00e7a-feira\",\"datePublished\":\"2022-10-31T12:28:34+00:00\",\"dateModified\":\"2022-10-31T12:29:25+00:00\",\"mainEntityOfPage\":{\"@id\":\"https:\\\/\\\/aconteceunovale.com.br\\\/portal\\\/?p=191954\"},\"wordCount\":397,\"commentCount\":0,\"image\":{\"@id\":\"https:\\\/\\\/aconteceunovale.com.br\\\/portal\\\/?p=191954#primaryimage\"},\"thumbnailUrl\":\"https:\\\/\\\/aconteceunovale.com.br\\\/portal\\\/wp-content\\\/uploads\\\/2022\\\/10\\\/ministerio_da_agricultura.jpg\",\"keywords\":[\"agricultura\",\"Agricultura familiar\",\"Agricultura familiar ter\u00e1 novo cadastro a partir desta ter\u00e7a-feira\",\"Cadastro Nacional da Agricultura Familiar\",\"CAF\",\"destaque\",\"Mapa\",\"Minist\u00e9rio da Agricultura\"],\"articleSection\":[\"Brasil\"],\"inLanguage\":\"pt-BR\",\"potentialAction\":[{\"@type\":\"CommentAction\",\"name\":\"Comment\",\"target\":[\"https:\\\/\\\/aconteceunovale.com.br\\\/portal\\\/?p=191954#respond\"]}]},{\"@type\":\"WebPage\",\"@id\":\"https:\\\/\\\/aconteceunovale.com.br\\\/portal\\\/?p=191954\",\"url\":\"https:\\\/\\\/aconteceunovale.com.br\\\/portal\\\/?p=191954\",\"name\":\"Agricultura familiar ter\u00e1 novo cadastro a partir desta ter\u00e7a-feira - Aconteceu no Vale\",\"isPartOf\":{\"@id\":\"https:\\\/\\\/aconteceunovale.com.br\\\/portal\\\/#website\"},\"primaryImageOfPage\":{\"@id\":\"https:\\\/\\\/aconteceunovale.com.br\\\/portal\\\/?p=191954#primaryimage\"},\"image\":{\"@id\":\"https:\\\/\\\/aconteceunovale.com.br\\\/portal\\\/?p=191954#primaryimage\"},\"thumbnailUrl\":\"https:\\\/\\\/aconteceunovale.com.br\\\/portal\\\/wp-content\\\/uploads\\\/2022\\\/10\\\/ministerio_da_agricultura.jpg\",\"datePublished\":\"2022-10-31T12:28:34+00:00\",\"dateModified\":\"2022-10-31T12:29:25+00:00\",\"author\":{\"@id\":\"https:\\\/\\\/aconteceunovale.com.br\\\/portal\\\/#\\\/schema\\\/person\\\/7d2f26d1483f8a63de73da1ee0754d35\"},\"breadcrumb\":{\"@id\":\"https:\\\/\\\/aconteceunovale.com.br\\\/portal\\\/?p=191954#breadcrumb\"},\"inLanguage\":\"pt-BR\",\"potentialAction\":[{\"@type\":\"ReadAction\",\"target\":[\"https:\\\/\\\/aconteceunovale.com.br\\\/portal\\\/?p=191954\"]}]},{\"@type\":\"ImageObject\",\"inLanguage\":\"pt-BR\",\"@id\":\"https:\\\/\\\/aconteceunovale.com.br\\\/portal\\\/?p=191954#primaryimage\",\"url\":\"https:\\\/\\\/aconteceunovale.com.br\\\/portal\\\/wp-content\\\/uploads\\\/2022\\\/10\\\/ministerio_da_agricultura.jpg\",\"contentUrl\":\"https:\\\/\\\/aconteceunovale.com.br\\\/portal\\\/wp-content\\\/uploads\\\/2022\\\/10\\\/ministerio_da_agricultura.jpg\",\"width\":678,\"height\":406,\"caption\":\"Fachada do Minist\u00e9rio da Agricultura, Pecu\u00e1ria e Abastecimento (Mapa)\"},{\"@type\":\"BreadcrumbList\",\"@id\":\"https:\\\/\\\/aconteceunovale.com.br\\\/portal\\\/?p=191954#breadcrumb\",\"itemListElement\":[{\"@type\":\"ListItem\",\"position\":1,\"name\":\"In\u00edcio\",\"item\":\"https:\\\/\\\/aconteceunovale.com.br\\\/portal\\\/\"},{\"@type\":\"ListItem\",\"position\":2,\"name\":\"Agricultura familiar ter\u00e1 novo cadastro a partir desta ter\u00e7a-feira\"}]},{\"@type\":\"WebSite\",\"@id\":\"https:\\\/\\\/aconteceunovale.com.br\\\/portal\\\/#website\",\"url\":\"https:\\\/\\\/aconteceunovale.com.br\\\/portal\\\/\",\"name\":\"Aconteceu no Vale\",\"description\":\"Portal de Not\u00edcias\",\"potentialAction\":[{\"@type\":\"SearchAction\",\"target\":{\"@type\":\"EntryPoint\",\"urlTemplate\":\"https:\\\/\\\/aconteceunovale.com.br\\\/portal\\\/?s={search_term_string}\"},\"query-input\":{\"@type\":\"PropertyValueSpecification\",\"valueRequired\":true,\"valueName\":\"search_term_string\"}}],\"inLanguage\":\"pt-BR\"},{\"@type\":\"Person\",\"@id\":\"https:\\\/\\\/aconteceunovale.com.br\\\/portal\\\/#\\\/schema\\\/person\\\/7d2f26d1483f8a63de73da1ee0754d35\",\"name\":\"Reda\u00e7\u00e3o Aconteceu no Vale\",\"description\":\"Equipe de reportagem do Aconteceu no Vale, portal de not\u00edcias do Vale do Jequitinhonha, em Minas Gerais. Cobrimos as 51 cidades do Vale desde 2013. Sugest\u00f5es de pauta e pedidos de corre\u00e7\u00e3o: contato@aconteceunovale.com.br\",\"url\":\"https:\\\/\\\/aconteceunovale.com.br\\\/portal\\\/?author=4\"}]}<\/script>\n<!-- \/ Yoast SEO plugin. -->","yoast_head_json":{"title":"Agricultura familiar ter\u00e1 novo cadastro a partir desta ter\u00e7a-feira - Aconteceu no Vale","robots":{"index":"index","follow":"follow","max-snippet":"max-snippet:-1","max-image-preview":"max-image-preview:large","max-video-preview":"max-video-preview:-1"},"canonical":"https:\/\/aconteceunovale.com.br\/portal\/?p=191954","og_locale":"pt_BR","og_type":"article","og_title":"Agricultura familiar ter\u00e1 novo cadastro a partir desta ter\u00e7a-feira - Aconteceu no Vale","og_description":"A partir de amanh\u00e3 (1\/11\/2022), o acesso a a\u00e7\u00f5es, programas e pol\u00edticas p\u00fablicas voltadas para a gera\u00e7\u00e3o de renda e fortalecimento da agricultura familiar dever\u00e1 ser feito exclusivamente via Cadastro Nacional da Agricultura Familiar (CAF). A ferramenta foi adotada para identificar e qualificar as Unidades Familiares de Produ\u00e7\u00e3o Agr\u00e1ria (UFPA) da agricultura familiar, bem como [&hellip;]","og_url":"https:\/\/aconteceunovale.com.br\/portal\/?p=191954","og_site_name":"Aconteceu no Vale","article_publisher":"https:\/\/www.facebook.com\/aconteceunovale\/","article_published_time":"2022-10-31T12:28:34+00:00","article_modified_time":"2022-10-31T12:29:25+00:00","og_image":[{"width":678,"height":406,"url":"https:\/\/aconteceunovale.com.br\/portal\/wp-content\/uploads\/2022\/10\/ministerio_da_agricultura.jpg","type":"image\/jpeg"}],"author":"Reda\u00e7\u00e3o Aconteceu no Vale","twitter_card":"summary_large_image","twitter_creator":"@noticiadosvales","twitter_site":"@noticiadosvales","twitter_misc":{"Escrito por":"Reda\u00e7\u00e3o Aconteceu no Vale","Est. tempo de leitura":"2 minutos"},"schema":{"@context":"https:\/\/schema.org","@graph":[{"@type":"Article","@id":"https:\/\/aconteceunovale.com.br\/portal\/?p=191954#article","isPartOf":{"@id":"https:\/\/aconteceunovale.com.br\/portal\/?p=191954"},"author":{"name":"Reda\u00e7\u00e3o Aconteceu no Vale","@id":"https:\/\/aconteceunovale.com.br\/portal\/#\/schema\/person\/7d2f26d1483f8a63de73da1ee0754d35"},"headline":"Agricultura familiar ter\u00e1 novo cadastro a partir desta ter\u00e7a-feira","datePublished":"2022-10-31T12:28:34+00:00","dateModified":"2022-10-31T12:29:25+00:00","mainEntityOfPage":{"@id":"https:\/\/aconteceunovale.com.br\/portal\/?p=191954"},"wordCount":397,"commentCount":0,"image":{"@id":"https:\/\/aconteceunovale.com.br\/portal\/?p=191954#primaryimage"},"thumbnailUrl":"https:\/\/aconteceunovale.com.br\/portal\/wp-content\/uploads\/2022\/10\/ministerio_da_agricultura.jpg","keywords":["agricultura","Agricultura familiar","Agricultura familiar ter\u00e1 novo cadastro a partir desta ter\u00e7a-feira","Cadastro Nacional da Agricultura Familiar","CAF","destaque","Mapa","Minist\u00e9rio da Agricultura"],"articleSection":["Brasil"],"inLanguage":"pt-BR","potentialAction":[{"@type":"CommentAction","name":"Comment","target":["https:\/\/aconteceunovale.com.br\/portal\/?p=191954#respond"]}]},{"@type":"WebPage","@id":"https:\/\/aconteceunovale.com.br\/portal\/?p=191954","url":"https:\/\/aconteceunovale.com.br\/portal\/?p=191954","name":"Agricultura familiar ter\u00e1 novo cadastro a partir desta ter\u00e7a-feira - Aconteceu no Vale","isPartOf":{"@id":"https:\/\/aconteceunovale.com.br\/portal\/#website"},"primaryImageOfPage":{"@id":"https:\/\/aconteceunovale.com.br\/portal\/?p=191954#primaryimage"},"image":{"@id":"https:\/\/aconteceunovale.com.br\/portal\/?p=191954#primaryimage"},"thumbnailUrl":"https:\/\/aconteceunovale.com.br\/portal\/wp-content\/uploads\/2022\/10\/ministerio_da_agricultura.jpg","datePublished":"2022-10-31T12:28:34+00:00","dateModified":"2022-10-31T12:29:25+00:00","author":{"@id":"https:\/\/aconteceunovale.com.br\/portal\/#\/schema\/person\/7d2f26d1483f8a63de73da1ee0754d35"},"breadcrumb":{"@id":"https:\/\/aconteceunovale.com.br\/portal\/?p=191954#breadcrumb"},"inLanguage":"pt-BR","potentialAction":[{"@type":"ReadAction","target":["https:\/\/aconteceunovale.com.br\/portal\/?p=191954"]}]},{"@type":"ImageObject","inLanguage":"pt-BR","@id":"https:\/\/aconteceunovale.com.br\/portal\/?p=191954#primaryimage","url":"https:\/\/aconteceunovale.com.br\/portal\/wp-content\/uploads\/2022\/10\/ministerio_da_agricultura.jpg","contentUrl":"https:\/\/aconteceunovale.com.br\/portal\/wp-content\/uploads\/2022\/10\/ministerio_da_agricultura.jpg","width":678,"height":406,"caption":"Fachada do Minist\u00e9rio da Agricultura, Pecu\u00e1ria e Abastecimento (Mapa)"},{"@type":"BreadcrumbList","@id":"https:\/\/aconteceunovale.com.br\/portal\/?p=191954#breadcrumb","itemListElement":[{"@type":"ListItem","position":1,"name":"In\u00edcio","item":"https:\/\/aconteceunovale.com.br\/portal\/"},{"@type":"ListItem","position":2,"name":"Agricultura familiar ter\u00e1 novo cadastro a partir desta ter\u00e7a-feira"}]},{"@type":"WebSite","@id":"https:\/\/aconteceunovale.com.br\/portal\/#website","url":"https:\/\/aconteceunovale.com.br\/portal\/","name":"Aconteceu no Vale","description":"Portal de Not\u00edcias","potentialAction":[{"@type":"SearchAction","target":{"@type":"EntryPoint","urlTemplate":"https:\/\/aconteceunovale.com.br\/portal\/?s={search_term_string}"},"query-input":{"@type":"PropertyValueSpecification","valueRequired":true,"valueName":"search_term_string"}}],"inLanguage":"pt-BR"},{"@type":"Person","@id":"https:\/\/aconteceunovale.com.br\/portal\/#\/schema\/person\/7d2f26d1483f8a63de73da1ee0754d35","name":"Reda\u00e7\u00e3o Aconteceu no Vale","description":"Equipe de reportagem do Aconteceu no Vale, portal de not\u00edcias do Vale do Jequitinhonha, em Minas Gerais. Cobrimos as 51 cidades do Vale desde 2013. Sugest\u00f5es de pauta e pedidos de corre\u00e7\u00e3o: contato@aconteceunovale.com.br","url":"https:\/\/aconteceunovale.com.br\/portal\/?author=4"}]}},"_links":{"self":[{"href":"https:\/\/aconteceunovale.com.br\/portal\/index.php?rest_route=\/wp\/v2\/posts\/191954","targetHints":{"allow":["GET"]}}],"collection":[{"href":"https:\/\/aconteceunovale.com.br\/portal\/index.php?rest_route=\/wp\/v2\/posts"}],"about":[{"href":"https:\/\/aconteceunovale.com.br\/portal\/index.php?rest_route=\/wp\/v2\/types\/post"}],"author":[{"embeddable":true,"href":"https:\/\/aconteceunovale.com.br\/portal\/index.php?rest_route=\/wp\/v2\/users\/4"}],"replies":[{"embeddable":true,"href":"https:\/\/aconteceunovale.com.br\/portal\/index.php?rest_route=%2Fwp%2Fv2%2Fcomments&post=191954"}],"version-history":[{"count":1,"href":"https:\/\/aconteceunovale.com.br\/portal\/index.php?rest_route=\/wp\/v2\/posts\/191954\/revisions"}],"predecessor-version":[{"id":191956,"href":"https:\/\/aconteceunovale.com.br\/portal\/index.php?rest_route=\/wp\/v2\/posts\/191954\/revisions\/191956"}],"wp:featuredmedia":[{"embeddable":true,"href":"https:\/\/aconteceunovale.com.br\/portal\/index.php?rest_route=\/wp\/v2\/media\/191955"}],"wp:attachment":[{"href":"https:\/\/aconteceunovale.com.br\/portal\/index.php?rest_route=%2Fwp%2Fv2%2Fmedia&parent=191954"}],"wp:term":[{"taxonomy":"category","embeddable":true,"href":"https:\/\/aconteceunovale.com.br\/portal\/index.php?rest_route=%2Fwp%2Fv2%2Fcategories&post=191954"},{"taxonomy":"post_tag","embeddable":true,"href":"https:\/\/aconteceunovale.com.br\/portal\/index.php?rest_route=%2Fwp%2Fv2%2Ftags&post=191954"}],"curies":[{"name":"wp","href":"https:\/\/api.w.org\/{rel}","templated":true}]}}