{"id":191942,"date":"2022-10-30T19:28:25","date_gmt":"2022-10-30T22:28:25","guid":{"rendered":"https:\/\/aconteceunovale.com.br\/portal\/?p=191942"},"modified":"2022-10-30T21:40:26","modified_gmt":"2022-10-31T00:40:26","slug":"tarcisio-de-freitas-e-eleito-governador-de-sao-paulo","status":"publish","type":"post","link":"https:\/\/aconteceunovale.com.br\/portal\/?p=191942","title":{"rendered":"Tarc\u00edsio de Freitas \u00e9 eleito governador de S\u00e3o Paulo"},"content":{"rendered":"\n<p class=\"wp-block-paragraph\">O candidato Tarc\u00edsio de Freitas (Republicanos) foi eleito para o governo de S\u00e3o Paulo com 55,27% dos votos v\u00e1lidos. Fernando Haddad (PT) obteve 44,73% e ficou em segundo lugar.<\/p>\n\n\n\n<figure class=\"wp-block-gallery has-nested-images columns-default is-cropped wp-block-gallery-1 is-layout-flex wp-block-gallery-is-layout-flex\">\n<figure class=\"wp-block-image size-large\"><img loading=\"lazy\" decoding=\"async\" width=\"678\" height=\"450\" data-id=\"191943\" src=\"https:\/\/aconteceunovale.com.br\/portal\/wp-content\/uploads\/2022\/10\/tarcisio.jpg\" alt=\"\" class=\"wp-image-191943\" srcset=\"https:\/\/aconteceunovale.com.br\/portal\/wp-content\/uploads\/2022\/10\/tarcisio.jpg 678w, https:\/\/aconteceunovale.com.br\/portal\/wp-content\/uploads\/2022\/10\/tarcisio-300x199.jpg 300w, https:\/\/aconteceunovale.com.br\/portal\/wp-content\/uploads\/2022\/10\/tarcisio-633x420.jpg 633w\" sizes=\"auto, (max-width: 678px) 100vw, 678px\" \/><figcaption><em><sub>Tarc\u00edsio de Freitas &#8211; Foto: Reprodu\u00e7\u00e3o \/ Facebook @tarcisiogdf<\/sub><\/em><\/figcaption><\/figure>\n<\/figure>\n\n\n\n<p class=\"wp-block-paragraph\"><strong>Resultado:<\/strong><\/p>\n\n\n\n<ul class=\"wp-block-list\"><li>Tarc\u00edsio de Freitas (Republicanos) &#8211; 55,27% (13.480.347 votos) &#8211; eleito<\/li><li>Fernando Haddad (PT) &#8211; 44,73% (10.909.100 votos<\/li><li><a rel=\"noreferrer noopener\" href=\"https:\/\/aconteceunovale.com.br\/portal\/?p=190684\" target=\"_blank\">Apura\u00e7\u00e3o em tempo real e resultados do 2\u00ba turno das Elei\u00e7\u00f5es 2022<\/a><\/li><\/ul>\n\n\n\n<p class=\"wp-block-paragraph\"><strong>Tarc\u00edsio de Freitas:<\/strong><\/p>\n\n\n\n<p class=\"wp-block-paragraph\">Tarc\u00edsio de Freitas (Republicanos) \u00e9 servidor p\u00fablico de carreira, 47 anos, formado pela Academia Militar das Agulhas Negras (AMAN) e graduado em engenharia no Instituto Militar de Engenharia. Fez parte da miss\u00e3o de paz da Organiza\u00e7\u00e3o das Na\u00e7\u00f5es Unidas (ONU) no Haiti. Trabalhou nas \u00e1reas de infraestrutura e investimento, foi presidente do Departamento Nacional de Infraestrutura de Transportes (DNIT), e ministro da Infraestrutura. O vice na chapa \u00e9 o administrador Felicio Ramuth.<\/p>\n\n\n\n<p class=\"wp-block-paragraph\">&#8212;&#8212;&#8212;&#8212;&#8212;&#8212;<br><br><strong>Sabia que o Aconteceu no Vale est\u00e1 tamb\u00e9m no Telegram? <a rel=\"noreferrer noopener\" href=\"https:\/\/t.me\/aconteceunovaleoficial\" target=\"_blank\">Inscreva-se no canal<\/a>.<\/strong><br><br><strong>J\u00e1 curtiu ou seguiu nossas p\u00e1ginas nas redes sociais?\u00a0Receba as not\u00edcias em primeira m\u00e3o:<\/strong><br>\u2022 <a rel=\"noreferrer noopener\" href=\"https:\/\/news.google.com\/publications\/CAAqBwgKMNjklQswi4etAw?hl=pt-BR&amp;gl=BR&amp;ceid=BR%3Apt-419\" target=\"_blank\">Google News<\/a><br>\u2022 <a rel=\"noreferrer noopener\" href=\"https:\/\/www.facebook.com\/aconteceunovale\/\" target=\"_blank\">Facebook<\/a><br>\u2022 <a rel=\"noreferrer noopener\" href=\"https:\/\/twitter.com\/noticiadosvales\" target=\"_blank\">Twitter<\/a><br>\u2022 <a rel=\"noreferrer noopener\" href=\"https:\/\/www.instagram.com\/aconteceunovale\" target=\"_blank\">Instagram<\/a><br>\u2022 <a rel=\"noreferrer noopener\" href=\"https:\/\/www.youtube.com\/AconteceunoValeOficial\" target=\"_blank\">Youtube<\/a><br>\u2022 <a rel=\"noreferrer noopener\" href=\"https:\/\/www.tiktok.com\/@aconteceunovale\" target=\"_blank\">TikTok<\/a><\/p>\n","protected":false},"excerpt":{"rendered":"<p>O candidato Tarc\u00edsio de Freitas (Republicanos) foi eleito para o governo de S\u00e3o Paulo com 55,27% dos votos v\u00e1lidos. Fernando Haddad (PT) obteve 44,73% e ficou em segundo lugar. Resultado: Tarc\u00edsio de Freitas (Republicanos) &#8211; 55,27% (13.480.347 votos) &#8211; eleito Fernando Haddad (PT) &#8211; 44,73% (10.909.100 votos Apura\u00e7\u00e3o em tempo real e resultados do 2\u00ba [&hellip;]<\/p>\n","protected":false},"author":4,"featured_media":191943,"comment_status":"open","ping_status":"closed","sticky":false,"template":"","format":"standard","meta":{"amp_status":"","footnotes":""},"categories":[6,249933],"tags":[265679,265681,264166,265680,4785,1018,265527,718,252238,265682,265683,265523,261226,265684,28351,265685,2382,264572,265524,265525,40916,197319,265678,265508],"class_list":["post-191942","post","type-post","status-publish","format-standard","has-post-thumbnail","hentry","category-br","category-eleicoes-2022","tag-apuracao-das-eleicoes-para-governador-sao-paulo","tag-apuracao-para-governador-sp","tag-apuracao-sao-paulo","tag-apuracao-sp","tag-brasil","tag-destaque","tag-eleicao-para-governador","tag-eleicoes","tag-eleicoes-2022","tag-eleicoes-2022-sao-paulo","tag-eleicoes-2022-sp","tag-eleicoes-brasileiras","tag-eleicoes-no-brasil","tag-eleicoes-para-governador-sao-paulo","tag-fernando-haddad","tag-resultado-sao-paulo","tag-sao-paulo","tag-segundo-turno-das-eleicoes-2022","tag-segundo-turno-das-eleicoes-brasileiras","tag-segundo-turno-no-brasil","tag-sp","tag-tarcisio-de-freitas","tag-tarcisio-de-freitas-e-eleito-governador-de-sao-paulo","tag-votacao-eleicoes-2022"],"yoast_head":"<!-- This site is optimized with the Yoast SEO plugin v28.3 - https:\/\/yoast.com\/product\/yoast-seo-wordpress\/ -->\n<title>Tarc\u00edsio de Freitas \u00e9 eleito governador de S\u00e3o Paulo - Aconteceu no Vale<\/title>\n<meta name=\"robots\" content=\"index, follow, max-snippet:-1, max-image-preview:large, max-video-preview:-1\" \/>\n<link rel=\"canonical\" href=\"https:\/\/aconteceunovale.com.br\/portal\/?p=191942\" \/>\n<meta property=\"og:locale\" content=\"pt_BR\" \/>\n<meta property=\"og:type\" content=\"article\" \/>\n<meta property=\"og:title\" content=\"Tarc\u00edsio de Freitas \u00e9 eleito governador de S\u00e3o Paulo - Aconteceu no Vale\" \/>\n<meta property=\"og:description\" content=\"O candidato Tarc\u00edsio de Freitas (Republicanos) foi eleito para o governo de S\u00e3o Paulo com 55,27% dos votos v\u00e1lidos. Fernando Haddad (PT) obteve 44,73% e ficou em segundo lugar. Resultado: Tarc\u00edsio de Freitas (Republicanos) &#8211; 55,27% (13.480.347 votos) &#8211; eleito Fernando Haddad (PT) &#8211; 44,73% (10.909.100 votos Apura\u00e7\u00e3o em tempo real e resultados do 2\u00ba [&hellip;]\" \/>\n<meta property=\"og:url\" content=\"https:\/\/aconteceunovale.com.br\/portal\/?p=191942\" \/>\n<meta property=\"og:site_name\" content=\"Aconteceu no Vale\" \/>\n<meta property=\"article:publisher\" content=\"https:\/\/www.facebook.com\/aconteceunovale\/\" \/>\n<meta property=\"article:published_time\" content=\"2022-10-30T22:28:25+00:00\" \/>\n<meta property=\"article:modified_time\" content=\"2022-10-31T00:40:26+00:00\" \/>\n<meta property=\"og:image\" content=\"https:\/\/aconteceunovale.com.br\/portal\/wp-content\/uploads\/2022\/10\/tarcisio.jpg\" \/>\n\t<meta property=\"og:image:width\" content=\"678\" \/>\n\t<meta property=\"og:image:height\" content=\"450\" \/>\n\t<meta property=\"og:image:type\" content=\"image\/jpeg\" \/>\n<meta name=\"author\" content=\"Reda\u00e7\u00e3o Aconteceu no Vale\" \/>\n<meta name=\"twitter:card\" content=\"summary_large_image\" \/>\n<meta name=\"twitter:creator\" content=\"@noticiadosvales\" \/>\n<meta name=\"twitter:site\" content=\"@noticiadosvales\" \/>\n<meta name=\"twitter:label1\" content=\"Escrito por\" \/>\n\t<meta name=\"twitter:data1\" content=\"Reda\u00e7\u00e3o Aconteceu no Vale\" \/>\n\t<meta name=\"twitter:label2\" content=\"Est. tempo de leitura\" \/>\n\t<meta name=\"twitter:data2\" content=\"1 minuto\" \/>\n<script type=\"application\/ld+json\" class=\"yoast-schema-graph\">{\"@context\":\"https:\\\/\\\/schema.org\",\"@graph\":[{\"@type\":\"Article\",\"@id\":\"https:\\\/\\\/aconteceunovale.com.br\\\/portal\\\/?p=191942#article\",\"isPartOf\":{\"@id\":\"https:\\\/\\\/aconteceunovale.com.br\\\/portal\\\/?p=191942\"},\"author\":{\"name\":\"Reda\u00e7\u00e3o Aconteceu no Vale\",\"@id\":\"https:\\\/\\\/aconteceunovale.com.br\\\/portal\\\/#\\\/schema\\\/person\\\/7d2f26d1483f8a63de73da1ee0754d35\"},\"headline\":\"Tarc\u00edsio de Freitas \u00e9 eleito governador de S\u00e3o Paulo\",\"datePublished\":\"2022-10-30T22:28:25+00:00\",\"dateModified\":\"2022-10-31T00:40:26+00:00\",\"mainEntityOfPage\":{\"@id\":\"https:\\\/\\\/aconteceunovale.com.br\\\/portal\\\/?p=191942\"},\"wordCount\":195,\"commentCount\":0,\"image\":{\"@id\":\"https:\\\/\\\/aconteceunovale.com.br\\\/portal\\\/?p=191942#primaryimage\"},\"thumbnailUrl\":\"https:\\\/\\\/aconteceunovale.com.br\\\/portal\\\/wp-content\\\/uploads\\\/2022\\\/10\\\/tarcisio.jpg\",\"keywords\":[\"Apura\u00e7\u00e3o das elei\u00e7\u00f5es para governador S\u00e3o Paulo\",\"Apura\u00e7\u00e3o para governador SP\",\"Apura\u00e7\u00e3o S\u00e3o Paulo\",\"Apura\u00e7\u00e3o SP\",\"brasil\",\"destaque\",\"Elei\u00e7\u00e3o para governador\",\"Elei\u00e7\u00f5es\",\"Elei\u00e7\u00f5es 2022\",\"Elei\u00e7\u00f5es 2022 S\u00e3o Paulo\",\"Elei\u00e7\u00f5es 2022 SP\",\"Elei\u00e7\u00f5es brasileiras\",\"Elei\u00e7\u00f5es no Brasil\",\"Elei\u00e7\u00f5es para governador S\u00e3o Paulo\",\"Fernando Haddad\",\"Resultado S\u00e3o Paulo\",\"S\u00e3o Paulo\",\"Segundo turno das elei\u00e7\u00f5es 2022\",\"Segundo turno das elei\u00e7\u00f5es brasileiras\",\"Segundo turno no Brasil\",\"SP\",\"Tarc\u00edsio de Freitas\",\"Tarc\u00edsio de Freitas \u00e9 eleito governador de S\u00e3o Paulo\",\"Vota\u00e7\u00e3o elei\u00e7\u00f5es 2022\"],\"articleSection\":[\"Brasil\",\"Elei\u00e7\u00f5es 2022\"],\"inLanguage\":\"pt-BR\",\"potentialAction\":[{\"@type\":\"CommentAction\",\"name\":\"Comment\",\"target\":[\"https:\\\/\\\/aconteceunovale.com.br\\\/portal\\\/?p=191942#respond\"]}]},{\"@type\":\"WebPage\",\"@id\":\"https:\\\/\\\/aconteceunovale.com.br\\\/portal\\\/?p=191942\",\"url\":\"https:\\\/\\\/aconteceunovale.com.br\\\/portal\\\/?p=191942\",\"name\":\"Tarc\u00edsio de Freitas \u00e9 eleito governador de S\u00e3o Paulo - Aconteceu no Vale\",\"isPartOf\":{\"@id\":\"https:\\\/\\\/aconteceunovale.com.br\\\/portal\\\/#website\"},\"primaryImageOfPage\":{\"@id\":\"https:\\\/\\\/aconteceunovale.com.br\\\/portal\\\/?p=191942#primaryimage\"},\"image\":{\"@id\":\"https:\\\/\\\/aconteceunovale.com.br\\\/portal\\\/?p=191942#primaryimage\"},\"thumbnailUrl\":\"https:\\\/\\\/aconteceunovale.com.br\\\/portal\\\/wp-content\\\/uploads\\\/2022\\\/10\\\/tarcisio.jpg\",\"datePublished\":\"2022-10-30T22:28:25+00:00\",\"dateModified\":\"2022-10-31T00:40:26+00:00\",\"author\":{\"@id\":\"https:\\\/\\\/aconteceunovale.com.br\\\/portal\\\/#\\\/schema\\\/person\\\/7d2f26d1483f8a63de73da1ee0754d35\"},\"breadcrumb\":{\"@id\":\"https:\\\/\\\/aconteceunovale.com.br\\\/portal\\\/?p=191942#breadcrumb\"},\"inLanguage\":\"pt-BR\",\"potentialAction\":[{\"@type\":\"ReadAction\",\"target\":[\"https:\\\/\\\/aconteceunovale.com.br\\\/portal\\\/?p=191942\"]}]},{\"@type\":\"ImageObject\",\"inLanguage\":\"pt-BR\",\"@id\":\"https:\\\/\\\/aconteceunovale.com.br\\\/portal\\\/?p=191942#primaryimage\",\"url\":\"https:\\\/\\\/aconteceunovale.com.br\\\/portal\\\/wp-content\\\/uploads\\\/2022\\\/10\\\/tarcisio.jpg\",\"contentUrl\":\"https:\\\/\\\/aconteceunovale.com.br\\\/portal\\\/wp-content\\\/uploads\\\/2022\\\/10\\\/tarcisio.jpg\",\"width\":678,\"height\":450},{\"@type\":\"BreadcrumbList\",\"@id\":\"https:\\\/\\\/aconteceunovale.com.br\\\/portal\\\/?p=191942#breadcrumb\",\"itemListElement\":[{\"@type\":\"ListItem\",\"position\":1,\"name\":\"In\u00edcio\",\"item\":\"https:\\\/\\\/aconteceunovale.com.br\\\/portal\\\/\"},{\"@type\":\"ListItem\",\"position\":2,\"name\":\"Tarc\u00edsio de Freitas \u00e9 eleito governador de S\u00e3o Paulo\"}]},{\"@type\":\"WebSite\",\"@id\":\"https:\\\/\\\/aconteceunovale.com.br\\\/portal\\\/#website\",\"url\":\"https:\\\/\\\/aconteceunovale.com.br\\\/portal\\\/\",\"name\":\"Aconteceu no Vale\",\"description\":\"Portal de Not\u00edcias\",\"potentialAction\":[{\"@type\":\"SearchAction\",\"target\":{\"@type\":\"EntryPoint\",\"urlTemplate\":\"https:\\\/\\\/aconteceunovale.com.br\\\/portal\\\/?s={search_term_string}\"},\"query-input\":{\"@type\":\"PropertyValueSpecification\",\"valueRequired\":true,\"valueName\":\"search_term_string\"}}],\"inLanguage\":\"pt-BR\"},{\"@type\":\"Person\",\"@id\":\"https:\\\/\\\/aconteceunovale.com.br\\\/portal\\\/#\\\/schema\\\/person\\\/7d2f26d1483f8a63de73da1ee0754d35\",\"name\":\"Reda\u00e7\u00e3o Aconteceu no Vale\",\"description\":\"Equipe de reportagem do Aconteceu no Vale, portal de not\u00edcias do Vale do Jequitinhonha, em Minas Gerais. Cobrimos as 51 cidades do Vale desde 2013. Sugest\u00f5es de pauta e pedidos de corre\u00e7\u00e3o: contato@aconteceunovale.com.br\",\"url\":\"https:\\\/\\\/aconteceunovale.com.br\\\/portal\\\/?author=4\"}]}<\/script>\n<!-- \/ Yoast SEO plugin. -->","yoast_head_json":{"title":"Tarc\u00edsio de Freitas \u00e9 eleito governador de S\u00e3o Paulo - Aconteceu no Vale","robots":{"index":"index","follow":"follow","max-snippet":"max-snippet:-1","max-image-preview":"max-image-preview:large","max-video-preview":"max-video-preview:-1"},"canonical":"https:\/\/aconteceunovale.com.br\/portal\/?p=191942","og_locale":"pt_BR","og_type":"article","og_title":"Tarc\u00edsio de Freitas \u00e9 eleito governador de S\u00e3o Paulo - Aconteceu no Vale","og_description":"O candidato Tarc\u00edsio de Freitas (Republicanos) foi eleito para o governo de S\u00e3o Paulo com 55,27% dos votos v\u00e1lidos. Fernando Haddad (PT) obteve 44,73% e ficou em segundo lugar. Resultado: Tarc\u00edsio de Freitas (Republicanos) &#8211; 55,27% (13.480.347 votos) &#8211; eleito Fernando Haddad (PT) &#8211; 44,73% (10.909.100 votos Apura\u00e7\u00e3o em tempo real e resultados do 2\u00ba [&hellip;]","og_url":"https:\/\/aconteceunovale.com.br\/portal\/?p=191942","og_site_name":"Aconteceu no Vale","article_publisher":"https:\/\/www.facebook.com\/aconteceunovale\/","article_published_time":"2022-10-30T22:28:25+00:00","article_modified_time":"2022-10-31T00:40:26+00:00","og_image":[{"width":678,"height":450,"url":"https:\/\/aconteceunovale.com.br\/portal\/wp-content\/uploads\/2022\/10\/tarcisio.jpg","type":"image\/jpeg"}],"author":"Reda\u00e7\u00e3o Aconteceu no Vale","twitter_card":"summary_large_image","twitter_creator":"@noticiadosvales","twitter_site":"@noticiadosvales","twitter_misc":{"Escrito por":"Reda\u00e7\u00e3o Aconteceu no Vale","Est. tempo de leitura":"1 minuto"},"schema":{"@context":"https:\/\/schema.org","@graph":[{"@type":"Article","@id":"https:\/\/aconteceunovale.com.br\/portal\/?p=191942#article","isPartOf":{"@id":"https:\/\/aconteceunovale.com.br\/portal\/?p=191942"},"author":{"name":"Reda\u00e7\u00e3o Aconteceu no Vale","@id":"https:\/\/aconteceunovale.com.br\/portal\/#\/schema\/person\/7d2f26d1483f8a63de73da1ee0754d35"},"headline":"Tarc\u00edsio de Freitas \u00e9 eleito governador de S\u00e3o Paulo","datePublished":"2022-10-30T22:28:25+00:00","dateModified":"2022-10-31T00:40:26+00:00","mainEntityOfPage":{"@id":"https:\/\/aconteceunovale.com.br\/portal\/?p=191942"},"wordCount":195,"commentCount":0,"image":{"@id":"https:\/\/aconteceunovale.com.br\/portal\/?p=191942#primaryimage"},"thumbnailUrl":"https:\/\/aconteceunovale.com.br\/portal\/wp-content\/uploads\/2022\/10\/tarcisio.jpg","keywords":["Apura\u00e7\u00e3o das elei\u00e7\u00f5es para governador S\u00e3o Paulo","Apura\u00e7\u00e3o para governador SP","Apura\u00e7\u00e3o S\u00e3o Paulo","Apura\u00e7\u00e3o SP","brasil","destaque","Elei\u00e7\u00e3o para governador","Elei\u00e7\u00f5es","Elei\u00e7\u00f5es 2022","Elei\u00e7\u00f5es 2022 S\u00e3o Paulo","Elei\u00e7\u00f5es 2022 SP","Elei\u00e7\u00f5es brasileiras","Elei\u00e7\u00f5es no Brasil","Elei\u00e7\u00f5es para governador S\u00e3o Paulo","Fernando Haddad","Resultado S\u00e3o Paulo","S\u00e3o Paulo","Segundo turno das elei\u00e7\u00f5es 2022","Segundo turno das elei\u00e7\u00f5es brasileiras","Segundo turno no Brasil","SP","Tarc\u00edsio de Freitas","Tarc\u00edsio de Freitas \u00e9 eleito governador de S\u00e3o Paulo","Vota\u00e7\u00e3o elei\u00e7\u00f5es 2022"],"articleSection":["Brasil","Elei\u00e7\u00f5es 2022"],"inLanguage":"pt-BR","potentialAction":[{"@type":"CommentAction","name":"Comment","target":["https:\/\/aconteceunovale.com.br\/portal\/?p=191942#respond"]}]},{"@type":"WebPage","@id":"https:\/\/aconteceunovale.com.br\/portal\/?p=191942","url":"https:\/\/aconteceunovale.com.br\/portal\/?p=191942","name":"Tarc\u00edsio de Freitas \u00e9 eleito governador de S\u00e3o Paulo - Aconteceu no Vale","isPartOf":{"@id":"https:\/\/aconteceunovale.com.br\/portal\/#website"},"primaryImageOfPage":{"@id":"https:\/\/aconteceunovale.com.br\/portal\/?p=191942#primaryimage"},"image":{"@id":"https:\/\/aconteceunovale.com.br\/portal\/?p=191942#primaryimage"},"thumbnailUrl":"https:\/\/aconteceunovale.com.br\/portal\/wp-content\/uploads\/2022\/10\/tarcisio.jpg","datePublished":"2022-10-30T22:28:25+00:00","dateModified":"2022-10-31T00:40:26+00:00","author":{"@id":"https:\/\/aconteceunovale.com.br\/portal\/#\/schema\/person\/7d2f26d1483f8a63de73da1ee0754d35"},"breadcrumb":{"@id":"https:\/\/aconteceunovale.com.br\/portal\/?p=191942#breadcrumb"},"inLanguage":"pt-BR","potentialAction":[{"@type":"ReadAction","target":["https:\/\/aconteceunovale.com.br\/portal\/?p=191942"]}]},{"@type":"ImageObject","inLanguage":"pt-BR","@id":"https:\/\/aconteceunovale.com.br\/portal\/?p=191942#primaryimage","url":"https:\/\/aconteceunovale.com.br\/portal\/wp-content\/uploads\/2022\/10\/tarcisio.jpg","contentUrl":"https:\/\/aconteceunovale.com.br\/portal\/wp-content\/uploads\/2022\/10\/tarcisio.jpg","width":678,"height":450},{"@type":"BreadcrumbList","@id":"https:\/\/aconteceunovale.com.br\/portal\/?p=191942#breadcrumb","itemListElement":[{"@type":"ListItem","position":1,"name":"In\u00edcio","item":"https:\/\/aconteceunovale.com.br\/portal\/"},{"@type":"ListItem","position":2,"name":"Tarc\u00edsio de Freitas \u00e9 eleito governador de S\u00e3o Paulo"}]},{"@type":"WebSite","@id":"https:\/\/aconteceunovale.com.br\/portal\/#website","url":"https:\/\/aconteceunovale.com.br\/portal\/","name":"Aconteceu no Vale","description":"Portal de Not\u00edcias","potentialAction":[{"@type":"SearchAction","target":{"@type":"EntryPoint","urlTemplate":"https:\/\/aconteceunovale.com.br\/portal\/?s={search_term_string}"},"query-input":{"@type":"PropertyValueSpecification","valueRequired":true,"valueName":"search_term_string"}}],"inLanguage":"pt-BR"},{"@type":"Person","@id":"https:\/\/aconteceunovale.com.br\/portal\/#\/schema\/person\/7d2f26d1483f8a63de73da1ee0754d35","name":"Reda\u00e7\u00e3o Aconteceu no Vale","description":"Equipe de reportagem do Aconteceu no Vale, portal de not\u00edcias do Vale do Jequitinhonha, em Minas Gerais. Cobrimos as 51 cidades do Vale desde 2013. Sugest\u00f5es de pauta e pedidos de corre\u00e7\u00e3o: contato@aconteceunovale.com.br","url":"https:\/\/aconteceunovale.com.br\/portal\/?author=4"}]}},"_links":{"self":[{"href":"https:\/\/aconteceunovale.com.br\/portal\/index.php?rest_route=\/wp\/v2\/posts\/191942","targetHints":{"allow":["GET"]}}],"collection":[{"href":"https:\/\/aconteceunovale.com.br\/portal\/index.php?rest_route=\/wp\/v2\/posts"}],"about":[{"href":"https:\/\/aconteceunovale.com.br\/portal\/index.php?rest_route=\/wp\/v2\/types\/post"}],"author":[{"embeddable":true,"href":"https:\/\/aconteceunovale.com.br\/portal\/index.php?rest_route=\/wp\/v2\/users\/4"}],"replies":[{"embeddable":true,"href":"https:\/\/aconteceunovale.com.br\/portal\/index.php?rest_route=%2Fwp%2Fv2%2Fcomments&post=191942"}],"version-history":[{"count":1,"href":"https:\/\/aconteceunovale.com.br\/portal\/index.php?rest_route=\/wp\/v2\/posts\/191942\/revisions"}],"predecessor-version":[{"id":191944,"href":"https:\/\/aconteceunovale.com.br\/portal\/index.php?rest_route=\/wp\/v2\/posts\/191942\/revisions\/191944"}],"wp:featuredmedia":[{"embeddable":true,"href":"https:\/\/aconteceunovale.com.br\/portal\/index.php?rest_route=\/wp\/v2\/media\/191943"}],"wp:attachment":[{"href":"https:\/\/aconteceunovale.com.br\/portal\/index.php?rest_route=%2Fwp%2Fv2%2Fmedia&parent=191942"}],"wp:term":[{"taxonomy":"category","embeddable":true,"href":"https:\/\/aconteceunovale.com.br\/portal\/index.php?rest_route=%2Fwp%2Fv2%2Fcategories&post=191942"},{"taxonomy":"post_tag","embeddable":true,"href":"https:\/\/aconteceunovale.com.br\/portal\/index.php?rest_route=%2Fwp%2Fv2%2Ftags&post=191942"}],"curies":[{"name":"wp","href":"https:\/\/api.w.org\/{rel}","templated":true}]}}