{"id":191939,"date":"2022-10-30T19:19:11","date_gmt":"2022-10-30T22:19:11","guid":{"rendered":"https:\/\/aconteceunovale.com.br\/portal\/?p=191939"},"modified":"2022-10-30T21:34:06","modified_gmt":"2022-10-31T00:34:06","slug":"raquel-lyra-e-eleita-governadora-pelo-estado-de-pernambuco","status":"publish","type":"post","link":"https:\/\/aconteceunovale.com.br\/portal\/?p=191939","title":{"rendered":"Raquel Lyra \u00e9 eleita governadora pelo estado de Pernambuco"},"content":{"rendered":"\n<p class=\"wp-block-paragraph\">A candidata Raquel Lyra (PSDB) foi eleita governadora do estado de Pernambuco com 58,70% dos votos v\u00e1lidos. A segunda colocada, Mar\u00edlia Arraes (Solidariedade), obteve 41,30%.<\/p>\n\n\n\n<figure class=\"wp-block-gallery has-nested-images columns-default is-cropped wp-block-gallery-1 is-layout-flex wp-block-gallery-is-layout-flex\">\n<figure class=\"wp-block-image size-large\"><img loading=\"lazy\" decoding=\"async\" width=\"625\" height=\"450\" data-id=\"191940\" src=\"https:\/\/aconteceunovale.com.br\/portal\/wp-content\/uploads\/2022\/10\/raquel_lyra.jpg\" alt=\"\" class=\"wp-image-191940\" srcset=\"https:\/\/aconteceunovale.com.br\/portal\/wp-content\/uploads\/2022\/10\/raquel_lyra.jpg 625w, https:\/\/aconteceunovale.com.br\/portal\/wp-content\/uploads\/2022\/10\/raquel_lyra-300x216.jpg 300w, https:\/\/aconteceunovale.com.br\/portal\/wp-content\/uploads\/2022\/10\/raquel_lyra-583x420.jpg 583w\" sizes=\"auto, (max-width: 625px) 100vw, 625px\" \/><figcaption><em><sub>Raquel Lyra &#8211; Foto: Reprodu\u00e7\u00e3o \/ Facebook @raquellyraoficial<\/sub><\/em><\/figcaption><\/figure>\n<\/figure>\n\n\n\n<p class=\"wp-block-paragraph\"><strong>Resultado:<\/strong><\/p>\n\n\n\n<ul class=\"wp-block-list\"><li>Raquel Lyra (PSDB) &#8211; 58,70% (3.113.415 votos)<\/li><li>Mar\u00edlia Arraes (Solidariedade) &#8211; 41,30% (2.190.264 votos<\/li><li><a rel=\"noreferrer noopener\" href=\"https:\/\/aconteceunovale.com.br\/portal\/?p=190684\" target=\"_blank\">Apura\u00e7\u00e3o em tempo real e resultados do 2\u00ba turno das Elei\u00e7\u00f5es 2022<\/a><\/li><\/ul>\n\n\n\n<p class=\"wp-block-paragraph\"><strong>Raquel Lyra:<\/strong><\/p>\n\n\n\n<p class=\"wp-block-paragraph\">Raquel Lyra (PSDB) \u00e9 servidora concursada da Procuradoria-Geral do Estado e tem 44 anos. Ela \u00e9 formada em direito pela Universidade Federal de Pernambuco (UFPE), com p\u00f3s-gradua\u00e7\u00e3o em direito econ\u00f4mico e de empresas. Se elegeu deputada estadual por duas vezes e foi secret\u00e1ria da Inf\u00e2ncia e Juventude do Estado. Foi eleita prefeita de Caruaru (PE) em 2016 e reeleita em 2020. A vice-governadora ser\u00e1 a atual deputada Priscila Krause (Cidadania), de 44 anos.<\/p>\n\n\n\n<p class=\"wp-block-paragraph\">&#8212;&#8212;&#8212;&#8212;&#8212;&#8212;<br><br><strong>Sabia que o Aconteceu no Vale est\u00e1 tamb\u00e9m no Telegram? <a rel=\"noreferrer noopener\" href=\"https:\/\/t.me\/aconteceunovaleoficial\" target=\"_blank\">Inscreva-se no canal<\/a>.<\/strong><br><br><strong>J\u00e1 curtiu ou seguiu nossas p\u00e1ginas nas redes sociais?\u00a0Receba as not\u00edcias em primeira m\u00e3o:<\/strong><br>\u2022 <a rel=\"noreferrer noopener\" href=\"https:\/\/news.google.com\/publications\/CAAqBwgKMNjklQswi4etAw?hl=pt-BR&amp;gl=BR&amp;ceid=BR%3Apt-419\" target=\"_blank\">Google News<\/a><br>\u2022 <a rel=\"noreferrer noopener\" href=\"https:\/\/www.facebook.com\/aconteceunovale\/\" target=\"_blank\">Facebook<\/a><br>\u2022 <a rel=\"noreferrer noopener\" href=\"https:\/\/twitter.com\/noticiadosvales\" target=\"_blank\">Twitter<\/a><br>\u2022 <a rel=\"noreferrer noopener\" href=\"https:\/\/www.instagram.com\/aconteceunovale\" target=\"_blank\">Instagram<\/a><br>\u2022 <a rel=\"noreferrer noopener\" href=\"https:\/\/www.youtube.com\/AconteceunoValeOficial\" target=\"_blank\">Youtube<\/a><br>\u2022 <a rel=\"noreferrer noopener\" href=\"https:\/\/www.tiktok.com\/@aconteceunovale\" target=\"_blank\">TikTok<\/a><\/p>\n","protected":false},"excerpt":{"rendered":"<p>A candidata Raquel Lyra (PSDB) foi eleita governadora do estado de Pernambuco com 58,70% dos votos v\u00e1lidos. A segunda colocada, Mar\u00edlia Arraes (Solidariedade), obteve 41,30%. Resultado: Raquel Lyra (PSDB) &#8211; 58,70% (3.113.415 votos) Mar\u00edlia Arraes (Solidariedade) &#8211; 41,30% (2.190.264 votos Apura\u00e7\u00e3o em tempo real e resultados do 2\u00ba turno das Elei\u00e7\u00f5es 2022 Raquel Lyra: Raquel [&hellip;]<\/p>\n","protected":false},"author":4,"featured_media":191940,"comment_status":"open","ping_status":"closed","sticky":false,"template":"","format":"standard","meta":{"amp_status":"","footnotes":""},"categories":[6,249933],"tags":[265670,265673,265672,265671,4785,1018,265527,718,252238,265675,265674,265523,261226,265676,262445,238614,12300,262447,265669,265677,264572,265524,265525,265508],"class_list":["post-191939","post","type-post","status-publish","format-standard","has-post-thumbnail","hentry","category-br","category-eleicoes-2022","tag-apuracao-das-eleicoes-para-governador-pernambuco","tag-apuracao-para-governador-pe","tag-apuracao-pe","tag-apuracao-pernambuco","tag-brasil","tag-destaque","tag-eleicao-para-governador","tag-eleicoes","tag-eleicoes-2022","tag-eleicoes-2022-pe","tag-eleicoes-2022-pernambuco","tag-eleicoes-brasileiras","tag-eleicoes-no-brasil","tag-eleicoes-para-governador-pernambuco","tag-marilia-arraes","tag-pe","tag-pernambuco","tag-raquel-lyra","tag-raquel-lyra-e-eleita-governadora-pelo-estado-de-pernambuco","tag-resultado-pernambuco","tag-segundo-turno-das-eleicoes-2022","tag-segundo-turno-das-eleicoes-brasileiras","tag-segundo-turno-no-brasil","tag-votacao-eleicoes-2022"],"yoast_head":"<!-- This site is optimized with the Yoast SEO plugin v28.3 - https:\/\/yoast.com\/product\/yoast-seo-wordpress\/ -->\n<title>Raquel Lyra \u00e9 eleita governadora pelo estado de Pernambuco - Aconteceu no Vale<\/title>\n<meta name=\"robots\" content=\"index, follow, max-snippet:-1, max-image-preview:large, max-video-preview:-1\" \/>\n<link rel=\"canonical\" href=\"https:\/\/aconteceunovale.com.br\/portal\/?p=191939\" \/>\n<meta property=\"og:locale\" content=\"pt_BR\" \/>\n<meta property=\"og:type\" content=\"article\" \/>\n<meta property=\"og:title\" content=\"Raquel Lyra \u00e9 eleita governadora pelo estado de Pernambuco - Aconteceu no Vale\" \/>\n<meta property=\"og:description\" content=\"A candidata Raquel Lyra (PSDB) foi eleita governadora do estado de Pernambuco com 58,70% dos votos v\u00e1lidos. A segunda colocada, Mar\u00edlia Arraes (Solidariedade), obteve 41,30%. Resultado: Raquel Lyra (PSDB) &#8211; 58,70% (3.113.415 votos) Mar\u00edlia Arraes (Solidariedade) &#8211; 41,30% (2.190.264 votos Apura\u00e7\u00e3o em tempo real e resultados do 2\u00ba turno das Elei\u00e7\u00f5es 2022 Raquel Lyra: Raquel [&hellip;]\" \/>\n<meta property=\"og:url\" content=\"https:\/\/aconteceunovale.com.br\/portal\/?p=191939\" \/>\n<meta property=\"og:site_name\" content=\"Aconteceu no Vale\" \/>\n<meta property=\"article:publisher\" content=\"https:\/\/www.facebook.com\/aconteceunovale\/\" \/>\n<meta property=\"article:published_time\" content=\"2022-10-30T22:19:11+00:00\" \/>\n<meta property=\"article:modified_time\" content=\"2022-10-31T00:34:06+00:00\" \/>\n<meta property=\"og:image\" content=\"https:\/\/aconteceunovale.com.br\/portal\/wp-content\/uploads\/2022\/10\/raquel_lyra.jpg\" \/>\n\t<meta property=\"og:image:width\" content=\"625\" \/>\n\t<meta property=\"og:image:height\" content=\"450\" \/>\n\t<meta property=\"og:image:type\" content=\"image\/jpeg\" \/>\n<meta name=\"author\" content=\"Reda\u00e7\u00e3o Aconteceu no Vale\" \/>\n<meta name=\"twitter:card\" content=\"summary_large_image\" \/>\n<meta name=\"twitter:creator\" content=\"@noticiadosvales\" \/>\n<meta name=\"twitter:site\" content=\"@noticiadosvales\" \/>\n<meta name=\"twitter:label1\" content=\"Escrito por\" \/>\n\t<meta name=\"twitter:data1\" content=\"Reda\u00e7\u00e3o Aconteceu no Vale\" \/>\n\t<meta name=\"twitter:label2\" content=\"Est. tempo de leitura\" \/>\n\t<meta name=\"twitter:data2\" content=\"1 minuto\" \/>\n<script type=\"application\/ld+json\" class=\"yoast-schema-graph\">{\"@context\":\"https:\\\/\\\/schema.org\",\"@graph\":[{\"@type\":\"Article\",\"@id\":\"https:\\\/\\\/aconteceunovale.com.br\\\/portal\\\/?p=191939#article\",\"isPartOf\":{\"@id\":\"https:\\\/\\\/aconteceunovale.com.br\\\/portal\\\/?p=191939\"},\"author\":{\"name\":\"Reda\u00e7\u00e3o Aconteceu no Vale\",\"@id\":\"https:\\\/\\\/aconteceunovale.com.br\\\/portal\\\/#\\\/schema\\\/person\\\/7d2f26d1483f8a63de73da1ee0754d35\"},\"headline\":\"Raquel Lyra \u00e9 eleita governadora pelo estado de Pernambuco\",\"datePublished\":\"2022-10-30T22:19:11+00:00\",\"dateModified\":\"2022-10-31T00:34:06+00:00\",\"mainEntityOfPage\":{\"@id\":\"https:\\\/\\\/aconteceunovale.com.br\\\/portal\\\/?p=191939\"},\"wordCount\":179,\"commentCount\":0,\"image\":{\"@id\":\"https:\\\/\\\/aconteceunovale.com.br\\\/portal\\\/?p=191939#primaryimage\"},\"thumbnailUrl\":\"https:\\\/\\\/aconteceunovale.com.br\\\/portal\\\/wp-content\\\/uploads\\\/2022\\\/10\\\/raquel_lyra.jpg\",\"keywords\":[\"Apura\u00e7\u00e3o das elei\u00e7\u00f5es para governador Pernambuco\",\"Apura\u00e7\u00e3o para governador PE\",\"Apura\u00e7\u00e3o PE\",\"Apura\u00e7\u00e3o Pernambuco\",\"brasil\",\"destaque\",\"Elei\u00e7\u00e3o para governador\",\"Elei\u00e7\u00f5es\",\"Elei\u00e7\u00f5es 2022\",\"Elei\u00e7\u00f5es 2022 PE\",\"Elei\u00e7\u00f5es 2022 Pernambuco\",\"Elei\u00e7\u00f5es brasileiras\",\"Elei\u00e7\u00f5es no Brasil\",\"Elei\u00e7\u00f5es para governador Pernambuco\",\"Mar\u00edlia Arraes\",\"PE\",\"Pernambuco\",\"Raquel Lyra\",\"Raquel Lyra \u00e9 eleita governadora pelo estado de Pernambuco\",\"Resultado Pernambuco\",\"Segundo turno das elei\u00e7\u00f5es 2022\",\"Segundo turno das elei\u00e7\u00f5es brasileiras\",\"Segundo turno no Brasil\",\"Vota\u00e7\u00e3o elei\u00e7\u00f5es 2022\"],\"articleSection\":[\"Brasil\",\"Elei\u00e7\u00f5es 2022\"],\"inLanguage\":\"pt-BR\",\"potentialAction\":[{\"@type\":\"CommentAction\",\"name\":\"Comment\",\"target\":[\"https:\\\/\\\/aconteceunovale.com.br\\\/portal\\\/?p=191939#respond\"]}]},{\"@type\":\"WebPage\",\"@id\":\"https:\\\/\\\/aconteceunovale.com.br\\\/portal\\\/?p=191939\",\"url\":\"https:\\\/\\\/aconteceunovale.com.br\\\/portal\\\/?p=191939\",\"name\":\"Raquel Lyra \u00e9 eleita governadora pelo estado de Pernambuco - Aconteceu no Vale\",\"isPartOf\":{\"@id\":\"https:\\\/\\\/aconteceunovale.com.br\\\/portal\\\/#website\"},\"primaryImageOfPage\":{\"@id\":\"https:\\\/\\\/aconteceunovale.com.br\\\/portal\\\/?p=191939#primaryimage\"},\"image\":{\"@id\":\"https:\\\/\\\/aconteceunovale.com.br\\\/portal\\\/?p=191939#primaryimage\"},\"thumbnailUrl\":\"https:\\\/\\\/aconteceunovale.com.br\\\/portal\\\/wp-content\\\/uploads\\\/2022\\\/10\\\/raquel_lyra.jpg\",\"datePublished\":\"2022-10-30T22:19:11+00:00\",\"dateModified\":\"2022-10-31T00:34:06+00:00\",\"author\":{\"@id\":\"https:\\\/\\\/aconteceunovale.com.br\\\/portal\\\/#\\\/schema\\\/person\\\/7d2f26d1483f8a63de73da1ee0754d35\"},\"breadcrumb\":{\"@id\":\"https:\\\/\\\/aconteceunovale.com.br\\\/portal\\\/?p=191939#breadcrumb\"},\"inLanguage\":\"pt-BR\",\"potentialAction\":[{\"@type\":\"ReadAction\",\"target\":[\"https:\\\/\\\/aconteceunovale.com.br\\\/portal\\\/?p=191939\"]}]},{\"@type\":\"ImageObject\",\"inLanguage\":\"pt-BR\",\"@id\":\"https:\\\/\\\/aconteceunovale.com.br\\\/portal\\\/?p=191939#primaryimage\",\"url\":\"https:\\\/\\\/aconteceunovale.com.br\\\/portal\\\/wp-content\\\/uploads\\\/2022\\\/10\\\/raquel_lyra.jpg\",\"contentUrl\":\"https:\\\/\\\/aconteceunovale.com.br\\\/portal\\\/wp-content\\\/uploads\\\/2022\\\/10\\\/raquel_lyra.jpg\",\"width\":625,\"height\":450},{\"@type\":\"BreadcrumbList\",\"@id\":\"https:\\\/\\\/aconteceunovale.com.br\\\/portal\\\/?p=191939#breadcrumb\",\"itemListElement\":[{\"@type\":\"ListItem\",\"position\":1,\"name\":\"In\u00edcio\",\"item\":\"https:\\\/\\\/aconteceunovale.com.br\\\/portal\\\/\"},{\"@type\":\"ListItem\",\"position\":2,\"name\":\"Raquel Lyra \u00e9 eleita governadora pelo estado de Pernambuco\"}]},{\"@type\":\"WebSite\",\"@id\":\"https:\\\/\\\/aconteceunovale.com.br\\\/portal\\\/#website\",\"url\":\"https:\\\/\\\/aconteceunovale.com.br\\\/portal\\\/\",\"name\":\"Aconteceu no Vale\",\"description\":\"Portal de Not\u00edcias\",\"potentialAction\":[{\"@type\":\"SearchAction\",\"target\":{\"@type\":\"EntryPoint\",\"urlTemplate\":\"https:\\\/\\\/aconteceunovale.com.br\\\/portal\\\/?s={search_term_string}\"},\"query-input\":{\"@type\":\"PropertyValueSpecification\",\"valueRequired\":true,\"valueName\":\"search_term_string\"}}],\"inLanguage\":\"pt-BR\"},{\"@type\":\"Person\",\"@id\":\"https:\\\/\\\/aconteceunovale.com.br\\\/portal\\\/#\\\/schema\\\/person\\\/7d2f26d1483f8a63de73da1ee0754d35\",\"name\":\"Reda\u00e7\u00e3o Aconteceu no Vale\",\"description\":\"Equipe de reportagem do Aconteceu no Vale, portal de not\u00edcias do Vale do Jequitinhonha, em Minas Gerais. Cobrimos as 51 cidades do Vale desde 2013. Sugest\u00f5es de pauta e pedidos de corre\u00e7\u00e3o: contato@aconteceunovale.com.br\",\"url\":\"https:\\\/\\\/aconteceunovale.com.br\\\/portal\\\/?author=4\"}]}<\/script>\n<!-- \/ Yoast SEO plugin. -->","yoast_head_json":{"title":"Raquel Lyra \u00e9 eleita governadora pelo estado de Pernambuco - Aconteceu no Vale","robots":{"index":"index","follow":"follow","max-snippet":"max-snippet:-1","max-image-preview":"max-image-preview:large","max-video-preview":"max-video-preview:-1"},"canonical":"https:\/\/aconteceunovale.com.br\/portal\/?p=191939","og_locale":"pt_BR","og_type":"article","og_title":"Raquel Lyra \u00e9 eleita governadora pelo estado de Pernambuco - Aconteceu no Vale","og_description":"A candidata Raquel Lyra (PSDB) foi eleita governadora do estado de Pernambuco com 58,70% dos votos v\u00e1lidos. A segunda colocada, Mar\u00edlia Arraes (Solidariedade), obteve 41,30%. Resultado: Raquel Lyra (PSDB) &#8211; 58,70% (3.113.415 votos) Mar\u00edlia Arraes (Solidariedade) &#8211; 41,30% (2.190.264 votos Apura\u00e7\u00e3o em tempo real e resultados do 2\u00ba turno das Elei\u00e7\u00f5es 2022 Raquel Lyra: Raquel [&hellip;]","og_url":"https:\/\/aconteceunovale.com.br\/portal\/?p=191939","og_site_name":"Aconteceu no Vale","article_publisher":"https:\/\/www.facebook.com\/aconteceunovale\/","article_published_time":"2022-10-30T22:19:11+00:00","article_modified_time":"2022-10-31T00:34:06+00:00","og_image":[{"width":625,"height":450,"url":"https:\/\/aconteceunovale.com.br\/portal\/wp-content\/uploads\/2022\/10\/raquel_lyra.jpg","type":"image\/jpeg"}],"author":"Reda\u00e7\u00e3o Aconteceu no Vale","twitter_card":"summary_large_image","twitter_creator":"@noticiadosvales","twitter_site":"@noticiadosvales","twitter_misc":{"Escrito por":"Reda\u00e7\u00e3o Aconteceu no Vale","Est. tempo de leitura":"1 minuto"},"schema":{"@context":"https:\/\/schema.org","@graph":[{"@type":"Article","@id":"https:\/\/aconteceunovale.com.br\/portal\/?p=191939#article","isPartOf":{"@id":"https:\/\/aconteceunovale.com.br\/portal\/?p=191939"},"author":{"name":"Reda\u00e7\u00e3o Aconteceu no Vale","@id":"https:\/\/aconteceunovale.com.br\/portal\/#\/schema\/person\/7d2f26d1483f8a63de73da1ee0754d35"},"headline":"Raquel Lyra \u00e9 eleita governadora pelo estado de Pernambuco","datePublished":"2022-10-30T22:19:11+00:00","dateModified":"2022-10-31T00:34:06+00:00","mainEntityOfPage":{"@id":"https:\/\/aconteceunovale.com.br\/portal\/?p=191939"},"wordCount":179,"commentCount":0,"image":{"@id":"https:\/\/aconteceunovale.com.br\/portal\/?p=191939#primaryimage"},"thumbnailUrl":"https:\/\/aconteceunovale.com.br\/portal\/wp-content\/uploads\/2022\/10\/raquel_lyra.jpg","keywords":["Apura\u00e7\u00e3o das elei\u00e7\u00f5es para governador Pernambuco","Apura\u00e7\u00e3o para governador PE","Apura\u00e7\u00e3o PE","Apura\u00e7\u00e3o Pernambuco","brasil","destaque","Elei\u00e7\u00e3o para governador","Elei\u00e7\u00f5es","Elei\u00e7\u00f5es 2022","Elei\u00e7\u00f5es 2022 PE","Elei\u00e7\u00f5es 2022 Pernambuco","Elei\u00e7\u00f5es brasileiras","Elei\u00e7\u00f5es no Brasil","Elei\u00e7\u00f5es para governador Pernambuco","Mar\u00edlia Arraes","PE","Pernambuco","Raquel Lyra","Raquel Lyra \u00e9 eleita governadora pelo estado de Pernambuco","Resultado Pernambuco","Segundo turno das elei\u00e7\u00f5es 2022","Segundo turno das elei\u00e7\u00f5es brasileiras","Segundo turno no Brasil","Vota\u00e7\u00e3o elei\u00e7\u00f5es 2022"],"articleSection":["Brasil","Elei\u00e7\u00f5es 2022"],"inLanguage":"pt-BR","potentialAction":[{"@type":"CommentAction","name":"Comment","target":["https:\/\/aconteceunovale.com.br\/portal\/?p=191939#respond"]}]},{"@type":"WebPage","@id":"https:\/\/aconteceunovale.com.br\/portal\/?p=191939","url":"https:\/\/aconteceunovale.com.br\/portal\/?p=191939","name":"Raquel Lyra \u00e9 eleita governadora pelo estado de Pernambuco - Aconteceu no Vale","isPartOf":{"@id":"https:\/\/aconteceunovale.com.br\/portal\/#website"},"primaryImageOfPage":{"@id":"https:\/\/aconteceunovale.com.br\/portal\/?p=191939#primaryimage"},"image":{"@id":"https:\/\/aconteceunovale.com.br\/portal\/?p=191939#primaryimage"},"thumbnailUrl":"https:\/\/aconteceunovale.com.br\/portal\/wp-content\/uploads\/2022\/10\/raquel_lyra.jpg","datePublished":"2022-10-30T22:19:11+00:00","dateModified":"2022-10-31T00:34:06+00:00","author":{"@id":"https:\/\/aconteceunovale.com.br\/portal\/#\/schema\/person\/7d2f26d1483f8a63de73da1ee0754d35"},"breadcrumb":{"@id":"https:\/\/aconteceunovale.com.br\/portal\/?p=191939#breadcrumb"},"inLanguage":"pt-BR","potentialAction":[{"@type":"ReadAction","target":["https:\/\/aconteceunovale.com.br\/portal\/?p=191939"]}]},{"@type":"ImageObject","inLanguage":"pt-BR","@id":"https:\/\/aconteceunovale.com.br\/portal\/?p=191939#primaryimage","url":"https:\/\/aconteceunovale.com.br\/portal\/wp-content\/uploads\/2022\/10\/raquel_lyra.jpg","contentUrl":"https:\/\/aconteceunovale.com.br\/portal\/wp-content\/uploads\/2022\/10\/raquel_lyra.jpg","width":625,"height":450},{"@type":"BreadcrumbList","@id":"https:\/\/aconteceunovale.com.br\/portal\/?p=191939#breadcrumb","itemListElement":[{"@type":"ListItem","position":1,"name":"In\u00edcio","item":"https:\/\/aconteceunovale.com.br\/portal\/"},{"@type":"ListItem","position":2,"name":"Raquel Lyra \u00e9 eleita governadora pelo estado de Pernambuco"}]},{"@type":"WebSite","@id":"https:\/\/aconteceunovale.com.br\/portal\/#website","url":"https:\/\/aconteceunovale.com.br\/portal\/","name":"Aconteceu no Vale","description":"Portal de Not\u00edcias","potentialAction":[{"@type":"SearchAction","target":{"@type":"EntryPoint","urlTemplate":"https:\/\/aconteceunovale.com.br\/portal\/?s={search_term_string}"},"query-input":{"@type":"PropertyValueSpecification","valueRequired":true,"valueName":"search_term_string"}}],"inLanguage":"pt-BR"},{"@type":"Person","@id":"https:\/\/aconteceunovale.com.br\/portal\/#\/schema\/person\/7d2f26d1483f8a63de73da1ee0754d35","name":"Reda\u00e7\u00e3o Aconteceu no Vale","description":"Equipe de reportagem do Aconteceu no Vale, portal de not\u00edcias do Vale do Jequitinhonha, em Minas Gerais. Cobrimos as 51 cidades do Vale desde 2013. Sugest\u00f5es de pauta e pedidos de corre\u00e7\u00e3o: contato@aconteceunovale.com.br","url":"https:\/\/aconteceunovale.com.br\/portal\/?author=4"}]}},"_links":{"self":[{"href":"https:\/\/aconteceunovale.com.br\/portal\/index.php?rest_route=\/wp\/v2\/posts\/191939","targetHints":{"allow":["GET"]}}],"collection":[{"href":"https:\/\/aconteceunovale.com.br\/portal\/index.php?rest_route=\/wp\/v2\/posts"}],"about":[{"href":"https:\/\/aconteceunovale.com.br\/portal\/index.php?rest_route=\/wp\/v2\/types\/post"}],"author":[{"embeddable":true,"href":"https:\/\/aconteceunovale.com.br\/portal\/index.php?rest_route=\/wp\/v2\/users\/4"}],"replies":[{"embeddable":true,"href":"https:\/\/aconteceunovale.com.br\/portal\/index.php?rest_route=%2Fwp%2Fv2%2Fcomments&post=191939"}],"version-history":[{"count":1,"href":"https:\/\/aconteceunovale.com.br\/portal\/index.php?rest_route=\/wp\/v2\/posts\/191939\/revisions"}],"predecessor-version":[{"id":191941,"href":"https:\/\/aconteceunovale.com.br\/portal\/index.php?rest_route=\/wp\/v2\/posts\/191939\/revisions\/191941"}],"wp:featuredmedia":[{"embeddable":true,"href":"https:\/\/aconteceunovale.com.br\/portal\/index.php?rest_route=\/wp\/v2\/media\/191940"}],"wp:attachment":[{"href":"https:\/\/aconteceunovale.com.br\/portal\/index.php?rest_route=%2Fwp%2Fv2%2Fmedia&parent=191939"}],"wp:term":[{"taxonomy":"category","embeddable":true,"href":"https:\/\/aconteceunovale.com.br\/portal\/index.php?rest_route=%2Fwp%2Fv2%2Fcategories&post=191939"},{"taxonomy":"post_tag","embeddable":true,"href":"https:\/\/aconteceunovale.com.br\/portal\/index.php?rest_route=%2Fwp%2Fv2%2Ftags&post=191939"}],"curies":[{"name":"wp","href":"https:\/\/api.w.org\/{rel}","templated":true}]}}