{"id":191936,"date":"2022-10-30T19:34:54","date_gmt":"2022-10-30T22:34:54","guid":{"rendered":"https:\/\/aconteceunovale.com.br\/portal\/?p=191936"},"modified":"2022-10-31T08:50:42","modified_gmt":"2022-10-31T11:50:42","slug":"jeronimo-rodrigues-e-eleito-governador-da-bahia","status":"publish","type":"post","link":"https:\/\/aconteceunovale.com.br\/portal\/?p=191936","title":{"rendered":"Jer\u00f4nimo Rodrigues \u00e9 eleito governador da Bahia"},"content":{"rendered":"\n<p class=\"wp-block-paragraph\">O candidato Jer\u00f4nimo Rodrigues (PT) venceu a disputa para o governo da Bahia, com 52,79% dos votos v\u00e1lidos. ACM Neto (Uni\u00e3o Brasil) ficou em segundo lugar, com 47,21% dos votos v\u00e1lidos.<\/p>\n\n\n\n<figure class=\"wp-block-gallery has-nested-images columns-default is-cropped wp-block-gallery-1 is-layout-flex wp-block-gallery-is-layout-flex\">\n<figure class=\"wp-block-image size-large\"><img loading=\"lazy\" decoding=\"async\" width=\"637\" height=\"450\" data-id=\"191937\" src=\"https:\/\/aconteceunovale.com.br\/portal\/wp-content\/uploads\/2022\/10\/jeronimo_bahia.jpg\" alt=\"\" class=\"wp-image-191937\" srcset=\"https:\/\/aconteceunovale.com.br\/portal\/wp-content\/uploads\/2022\/10\/jeronimo_bahia.jpg 637w, https:\/\/aconteceunovale.com.br\/portal\/wp-content\/uploads\/2022\/10\/jeronimo_bahia-300x212.jpg 300w, https:\/\/aconteceunovale.com.br\/portal\/wp-content\/uploads\/2022\/10\/jeronimo_bahia-100x70.jpg 100w, https:\/\/aconteceunovale.com.br\/portal\/wp-content\/uploads\/2022\/10\/jeronimo_bahia-595x420.jpg 595w\" sizes=\"auto, (max-width: 637px) 100vw, 637px\" \/><figcaption><em><sub>Jer\u00f4nimo Rodrigues &#8211; Foto: Reprodu\u00e7\u00e3o \/ Facebook @jeronimorodriguesba<\/sub><\/em><\/figcaption><\/figure>\n<\/figure>\n\n\n\n<p class=\"wp-block-paragraph\"><strong>Resultado:<\/strong><\/p>\n\n\n\n<ul class=\"wp-block-list\"><li>Jer\u00f4nimo Rodrigues &#8211; 52,79% (4.480.464 votos) &#8211; eleito<\/li><li>ACM Neto (Uni\u00e3o Brasil) &#8211; 47,21% (4.007.023 votos)<\/li><li><a rel=\"noreferrer noopener\" href=\"https:\/\/aconteceunovale.com.br\/portal\/?p=190684\" target=\"_blank\">Apura\u00e7\u00e3o em tempo real e resultados do 2\u00ba turno das Elei\u00e7\u00f5es 2022<\/a><\/li><\/ul>\n\n\n\n<p class=\"wp-block-paragraph\"><strong>Jer\u00f4nimo (PT):<\/strong><\/p>\n\n\n\n<p class=\"wp-block-paragraph\">57 anos, \u00e9 ex-secret\u00e1rio de Educa\u00e7\u00e3o e professor licenciado da Universidade Estadual de Feira de Santana (UEFS). Ele tamb\u00e9m j\u00e1 ocupou o cargo de secret\u00e1rio nacional do Desenvolvimento Social e assessor especial da Secretaria de Planejamento e secret\u00e1rio de Desenvolvimento Rural. Formado em engenharia agron\u00f4mica, nasceu em Aiquara (BA) e esta foi sua primeira disputa em uma elei\u00e7\u00e3o. Geraldo J\u00fanior (MDB), 53 anos, ser\u00e1 o vice.<\/p>\n\n\n\n<p class=\"wp-block-paragraph\">&#8212;&#8212;&#8212;&#8212;&#8212;&#8212;<br><br><strong>Sabia que o Aconteceu no Vale est\u00e1 tamb\u00e9m no Telegram? <a rel=\"noreferrer noopener\" href=\"https:\/\/t.me\/aconteceunovaleoficial\" target=\"_blank\">Inscreva-se no canal<\/a>.<\/strong><br><br><strong>J\u00e1 curtiu ou seguiu nossas p\u00e1ginas nas redes sociais?&nbsp;Receba as not\u00edcias em primeira m\u00e3o:<\/strong><br>\u2022 <a rel=\"noreferrer noopener\" href=\"https:\/\/news.google.com\/publications\/CAAqBwgKMNjklQswi4etAw?hl=pt-BR&amp;gl=BR&amp;ceid=BR%3Apt-419\" target=\"_blank\">Google News<\/a><br>\u2022 <a rel=\"noreferrer noopener\" href=\"https:\/\/www.facebook.com\/aconteceunovale\/\" target=\"_blank\">Facebook<\/a><br>\u2022 <a rel=\"noreferrer noopener\" href=\"https:\/\/twitter.com\/noticiadosvales\" target=\"_blank\">Twitter<\/a><br>\u2022 <a rel=\"noreferrer noopener\" href=\"https:\/\/www.instagram.com\/aconteceunovale\" target=\"_blank\">Instagram<\/a><br>\u2022 <a rel=\"noreferrer noopener\" href=\"https:\/\/www.youtube.com\/AconteceunoValeOficial\" target=\"_blank\">Youtube<\/a><br>\u2022 <a rel=\"noreferrer noopener\" href=\"https:\/\/www.tiktok.com\/@aconteceunovale\" target=\"_blank\">TikTok<\/a><\/p>\n","protected":false},"excerpt":{"rendered":"<p>O candidato Jer\u00f4nimo Rodrigues (PT) venceu a disputa para o governo da Bahia, com 52,79% dos votos v\u00e1lidos. ACM Neto (Uni\u00e3o Brasil) ficou em segundo lugar, com 47,21% dos votos v\u00e1lidos. Resultado: Jer\u00f4nimo Rodrigues &#8211; 52,79% (4.480.464 votos) &#8211; eleito ACM Neto (Uni\u00e3o Brasil) &#8211; 47,21% (4.007.023 votos) Apura\u00e7\u00e3o em tempo real e resultados do [&hellip;]<\/p>\n","protected":false},"author":4,"featured_media":191937,"comment_status":"open","ping_status":"closed","sticky":false,"template":"","format":"standard","meta":{"amp_status":"","footnotes":""},"categories":[6,249933],"tags":[231141,265663,265662,265661,265664,138440,2379,4785,1018,265527,718,252238,265666,265665,265523,261226,265667,265660,265659,265668,264572,265524,265525,265508],"class_list":["post-191936","post","type-post","status-publish","format-standard","has-post-thumbnail","hentry","category-br","category-eleicoes-2022","tag-acm-neto","tag-apuracao-ba","tag-apuracao-bahia","tag-apuracao-das-eleicoes-para-governador-bahia","tag-apuracao-para-governador-ba","tag-ba","tag-bahia","tag-brasil","tag-destaque","tag-eleicao-para-governador","tag-eleicoes","tag-eleicoes-2022","tag-eleicoes-2022-ba","tag-eleicoes-2022-bahia","tag-eleicoes-brasileiras","tag-eleicoes-no-brasil","tag-eleicoes-para-governador-bahia","tag-jeronimo-rodrigues","tag-jeronimo-rodrigues-e-eleito-governador-da-bahia","tag-resultado-bahia","tag-segundo-turno-das-eleicoes-2022","tag-segundo-turno-das-eleicoes-brasileiras","tag-segundo-turno-no-brasil","tag-votacao-eleicoes-2022"],"yoast_head":"<!-- This site is optimized with the Yoast SEO plugin v28.3 - https:\/\/yoast.com\/product\/yoast-seo-wordpress\/ -->\n<title>Jer\u00f4nimo Rodrigues \u00e9 eleito governador da Bahia - Aconteceu no Vale<\/title>\n<meta name=\"robots\" content=\"index, follow, max-snippet:-1, max-image-preview:large, max-video-preview:-1\" \/>\n<link rel=\"canonical\" href=\"https:\/\/aconteceunovale.com.br\/portal\/?p=191936\" \/>\n<meta property=\"og:locale\" content=\"pt_BR\" \/>\n<meta property=\"og:type\" content=\"article\" \/>\n<meta property=\"og:title\" content=\"Jer\u00f4nimo Rodrigues \u00e9 eleito governador da Bahia - Aconteceu no Vale\" \/>\n<meta property=\"og:description\" content=\"O candidato Jer\u00f4nimo Rodrigues (PT) venceu a disputa para o governo da Bahia, com 52,79% dos votos v\u00e1lidos. ACM Neto (Uni\u00e3o Brasil) ficou em segundo lugar, com 47,21% dos votos v\u00e1lidos. Resultado: Jer\u00f4nimo Rodrigues &#8211; 52,79% (4.480.464 votos) &#8211; eleito ACM Neto (Uni\u00e3o Brasil) &#8211; 47,21% (4.007.023 votos) Apura\u00e7\u00e3o em tempo real e resultados do [&hellip;]\" \/>\n<meta property=\"og:url\" content=\"https:\/\/aconteceunovale.com.br\/portal\/?p=191936\" \/>\n<meta property=\"og:site_name\" content=\"Aconteceu no Vale\" \/>\n<meta property=\"article:publisher\" content=\"https:\/\/www.facebook.com\/aconteceunovale\/\" \/>\n<meta property=\"article:published_time\" content=\"2022-10-30T22:34:54+00:00\" \/>\n<meta property=\"article:modified_time\" content=\"2022-10-31T11:50:42+00:00\" \/>\n<meta property=\"og:image\" content=\"https:\/\/aconteceunovale.com.br\/portal\/wp-content\/uploads\/2022\/10\/jeronimo_bahia.jpg\" \/>\n\t<meta property=\"og:image:width\" content=\"637\" \/>\n\t<meta property=\"og:image:height\" content=\"450\" \/>\n\t<meta property=\"og:image:type\" content=\"image\/jpeg\" \/>\n<meta name=\"author\" content=\"Reda\u00e7\u00e3o Aconteceu no Vale\" \/>\n<meta name=\"twitter:card\" content=\"summary_large_image\" \/>\n<meta name=\"twitter:creator\" content=\"@noticiadosvales\" \/>\n<meta name=\"twitter:site\" content=\"@noticiadosvales\" \/>\n<meta name=\"twitter:label1\" content=\"Escrito por\" \/>\n\t<meta name=\"twitter:data1\" content=\"Reda\u00e7\u00e3o Aconteceu no Vale\" \/>\n\t<meta name=\"twitter:label2\" content=\"Est. tempo de leitura\" \/>\n\t<meta name=\"twitter:data2\" content=\"1 minuto\" \/>\n<script type=\"application\/ld+json\" class=\"yoast-schema-graph\">{\"@context\":\"https:\\\/\\\/schema.org\",\"@graph\":[{\"@type\":\"Article\",\"@id\":\"https:\\\/\\\/aconteceunovale.com.br\\\/portal\\\/?p=191936#article\",\"isPartOf\":{\"@id\":\"https:\\\/\\\/aconteceunovale.com.br\\\/portal\\\/?p=191936\"},\"author\":{\"name\":\"Reda\u00e7\u00e3o Aconteceu no Vale\",\"@id\":\"https:\\\/\\\/aconteceunovale.com.br\\\/portal\\\/#\\\/schema\\\/person\\\/7d2f26d1483f8a63de73da1ee0754d35\"},\"headline\":\"Jer\u00f4nimo Rodrigues \u00e9 eleito governador da Bahia\",\"datePublished\":\"2022-10-30T22:34:54+00:00\",\"dateModified\":\"2022-10-31T11:50:42+00:00\",\"mainEntityOfPage\":{\"@id\":\"https:\\\/\\\/aconteceunovale.com.br\\\/portal\\\/?p=191936\"},\"wordCount\":191,\"commentCount\":0,\"image\":{\"@id\":\"https:\\\/\\\/aconteceunovale.com.br\\\/portal\\\/?p=191936#primaryimage\"},\"thumbnailUrl\":\"https:\\\/\\\/aconteceunovale.com.br\\\/portal\\\/wp-content\\\/uploads\\\/2022\\\/10\\\/jeronimo_bahia.jpg\",\"keywords\":[\"ACM Neto\",\"Apura\u00e7\u00e3o BA\",\"Apura\u00e7\u00e3o Bahia\",\"Apura\u00e7\u00e3o das elei\u00e7\u00f5es para governador Bahia\",\"Apura\u00e7\u00e3o para governador BA\",\"BA\",\"Bahia\",\"brasil\",\"destaque\",\"Elei\u00e7\u00e3o para governador\",\"Elei\u00e7\u00f5es\",\"Elei\u00e7\u00f5es 2022\",\"Elei\u00e7\u00f5es 2022 BA\",\"Elei\u00e7\u00f5es 2022 Bahia\",\"Elei\u00e7\u00f5es brasileiras\",\"Elei\u00e7\u00f5es no Brasil\",\"Elei\u00e7\u00f5es para governador Bahia\",\"Jer\u00f4nimo Rodrigues\",\"Jer\u00f4nimo Rodrigues \u00e9 eleito governador da Bahia\",\"Resultado Bahia\",\"Segundo turno das elei\u00e7\u00f5es 2022\",\"Segundo turno das elei\u00e7\u00f5es brasileiras\",\"Segundo turno no Brasil\",\"Vota\u00e7\u00e3o elei\u00e7\u00f5es 2022\"],\"articleSection\":[\"Brasil\",\"Elei\u00e7\u00f5es 2022\"],\"inLanguage\":\"pt-BR\",\"potentialAction\":[{\"@type\":\"CommentAction\",\"name\":\"Comment\",\"target\":[\"https:\\\/\\\/aconteceunovale.com.br\\\/portal\\\/?p=191936#respond\"]}]},{\"@type\":\"WebPage\",\"@id\":\"https:\\\/\\\/aconteceunovale.com.br\\\/portal\\\/?p=191936\",\"url\":\"https:\\\/\\\/aconteceunovale.com.br\\\/portal\\\/?p=191936\",\"name\":\"Jer\u00f4nimo Rodrigues \u00e9 eleito governador da Bahia - Aconteceu no Vale\",\"isPartOf\":{\"@id\":\"https:\\\/\\\/aconteceunovale.com.br\\\/portal\\\/#website\"},\"primaryImageOfPage\":{\"@id\":\"https:\\\/\\\/aconteceunovale.com.br\\\/portal\\\/?p=191936#primaryimage\"},\"image\":{\"@id\":\"https:\\\/\\\/aconteceunovale.com.br\\\/portal\\\/?p=191936#primaryimage\"},\"thumbnailUrl\":\"https:\\\/\\\/aconteceunovale.com.br\\\/portal\\\/wp-content\\\/uploads\\\/2022\\\/10\\\/jeronimo_bahia.jpg\",\"datePublished\":\"2022-10-30T22:34:54+00:00\",\"dateModified\":\"2022-10-31T11:50:42+00:00\",\"author\":{\"@id\":\"https:\\\/\\\/aconteceunovale.com.br\\\/portal\\\/#\\\/schema\\\/person\\\/7d2f26d1483f8a63de73da1ee0754d35\"},\"breadcrumb\":{\"@id\":\"https:\\\/\\\/aconteceunovale.com.br\\\/portal\\\/?p=191936#breadcrumb\"},\"inLanguage\":\"pt-BR\",\"potentialAction\":[{\"@type\":\"ReadAction\",\"target\":[\"https:\\\/\\\/aconteceunovale.com.br\\\/portal\\\/?p=191936\"]}]},{\"@type\":\"ImageObject\",\"inLanguage\":\"pt-BR\",\"@id\":\"https:\\\/\\\/aconteceunovale.com.br\\\/portal\\\/?p=191936#primaryimage\",\"url\":\"https:\\\/\\\/aconteceunovale.com.br\\\/portal\\\/wp-content\\\/uploads\\\/2022\\\/10\\\/jeronimo_bahia.jpg\",\"contentUrl\":\"https:\\\/\\\/aconteceunovale.com.br\\\/portal\\\/wp-content\\\/uploads\\\/2022\\\/10\\\/jeronimo_bahia.jpg\",\"width\":637,\"height\":450},{\"@type\":\"BreadcrumbList\",\"@id\":\"https:\\\/\\\/aconteceunovale.com.br\\\/portal\\\/?p=191936#breadcrumb\",\"itemListElement\":[{\"@type\":\"ListItem\",\"position\":1,\"name\":\"In\u00edcio\",\"item\":\"https:\\\/\\\/aconteceunovale.com.br\\\/portal\\\/\"},{\"@type\":\"ListItem\",\"position\":2,\"name\":\"Jer\u00f4nimo Rodrigues \u00e9 eleito governador da Bahia\"}]},{\"@type\":\"WebSite\",\"@id\":\"https:\\\/\\\/aconteceunovale.com.br\\\/portal\\\/#website\",\"url\":\"https:\\\/\\\/aconteceunovale.com.br\\\/portal\\\/\",\"name\":\"Aconteceu no Vale\",\"description\":\"Portal de Not\u00edcias\",\"potentialAction\":[{\"@type\":\"SearchAction\",\"target\":{\"@type\":\"EntryPoint\",\"urlTemplate\":\"https:\\\/\\\/aconteceunovale.com.br\\\/portal\\\/?s={search_term_string}\"},\"query-input\":{\"@type\":\"PropertyValueSpecification\",\"valueRequired\":true,\"valueName\":\"search_term_string\"}}],\"inLanguage\":\"pt-BR\"},{\"@type\":\"Person\",\"@id\":\"https:\\\/\\\/aconteceunovale.com.br\\\/portal\\\/#\\\/schema\\\/person\\\/7d2f26d1483f8a63de73da1ee0754d35\",\"name\":\"Reda\u00e7\u00e3o Aconteceu no Vale\",\"description\":\"Equipe de reportagem do Aconteceu no Vale, portal de not\u00edcias do Vale do Jequitinhonha, em Minas Gerais. Cobrimos as 51 cidades do Vale desde 2013. Sugest\u00f5es de pauta e pedidos de corre\u00e7\u00e3o: contato@aconteceunovale.com.br\",\"url\":\"https:\\\/\\\/aconteceunovale.com.br\\\/portal\\\/?author=4\"}]}<\/script>\n<!-- \/ Yoast SEO plugin. -->","yoast_head_json":{"title":"Jer\u00f4nimo Rodrigues \u00e9 eleito governador da Bahia - Aconteceu no Vale","robots":{"index":"index","follow":"follow","max-snippet":"max-snippet:-1","max-image-preview":"max-image-preview:large","max-video-preview":"max-video-preview:-1"},"canonical":"https:\/\/aconteceunovale.com.br\/portal\/?p=191936","og_locale":"pt_BR","og_type":"article","og_title":"Jer\u00f4nimo Rodrigues \u00e9 eleito governador da Bahia - Aconteceu no Vale","og_description":"O candidato Jer\u00f4nimo Rodrigues (PT) venceu a disputa para o governo da Bahia, com 52,79% dos votos v\u00e1lidos. ACM Neto (Uni\u00e3o Brasil) ficou em segundo lugar, com 47,21% dos votos v\u00e1lidos. Resultado: Jer\u00f4nimo Rodrigues &#8211; 52,79% (4.480.464 votos) &#8211; eleito ACM Neto (Uni\u00e3o Brasil) &#8211; 47,21% (4.007.023 votos) Apura\u00e7\u00e3o em tempo real e resultados do [&hellip;]","og_url":"https:\/\/aconteceunovale.com.br\/portal\/?p=191936","og_site_name":"Aconteceu no Vale","article_publisher":"https:\/\/www.facebook.com\/aconteceunovale\/","article_published_time":"2022-10-30T22:34:54+00:00","article_modified_time":"2022-10-31T11:50:42+00:00","og_image":[{"width":637,"height":450,"url":"https:\/\/aconteceunovale.com.br\/portal\/wp-content\/uploads\/2022\/10\/jeronimo_bahia.jpg","type":"image\/jpeg"}],"author":"Reda\u00e7\u00e3o Aconteceu no Vale","twitter_card":"summary_large_image","twitter_creator":"@noticiadosvales","twitter_site":"@noticiadosvales","twitter_misc":{"Escrito por":"Reda\u00e7\u00e3o Aconteceu no Vale","Est. tempo de leitura":"1 minuto"},"schema":{"@context":"https:\/\/schema.org","@graph":[{"@type":"Article","@id":"https:\/\/aconteceunovale.com.br\/portal\/?p=191936#article","isPartOf":{"@id":"https:\/\/aconteceunovale.com.br\/portal\/?p=191936"},"author":{"name":"Reda\u00e7\u00e3o Aconteceu no Vale","@id":"https:\/\/aconteceunovale.com.br\/portal\/#\/schema\/person\/7d2f26d1483f8a63de73da1ee0754d35"},"headline":"Jer\u00f4nimo Rodrigues \u00e9 eleito governador da Bahia","datePublished":"2022-10-30T22:34:54+00:00","dateModified":"2022-10-31T11:50:42+00:00","mainEntityOfPage":{"@id":"https:\/\/aconteceunovale.com.br\/portal\/?p=191936"},"wordCount":191,"commentCount":0,"image":{"@id":"https:\/\/aconteceunovale.com.br\/portal\/?p=191936#primaryimage"},"thumbnailUrl":"https:\/\/aconteceunovale.com.br\/portal\/wp-content\/uploads\/2022\/10\/jeronimo_bahia.jpg","keywords":["ACM Neto","Apura\u00e7\u00e3o BA","Apura\u00e7\u00e3o Bahia","Apura\u00e7\u00e3o das elei\u00e7\u00f5es para governador Bahia","Apura\u00e7\u00e3o para governador BA","BA","Bahia","brasil","destaque","Elei\u00e7\u00e3o para governador","Elei\u00e7\u00f5es","Elei\u00e7\u00f5es 2022","Elei\u00e7\u00f5es 2022 BA","Elei\u00e7\u00f5es 2022 Bahia","Elei\u00e7\u00f5es brasileiras","Elei\u00e7\u00f5es no Brasil","Elei\u00e7\u00f5es para governador Bahia","Jer\u00f4nimo Rodrigues","Jer\u00f4nimo Rodrigues \u00e9 eleito governador da Bahia","Resultado Bahia","Segundo turno das elei\u00e7\u00f5es 2022","Segundo turno das elei\u00e7\u00f5es brasileiras","Segundo turno no Brasil","Vota\u00e7\u00e3o elei\u00e7\u00f5es 2022"],"articleSection":["Brasil","Elei\u00e7\u00f5es 2022"],"inLanguage":"pt-BR","potentialAction":[{"@type":"CommentAction","name":"Comment","target":["https:\/\/aconteceunovale.com.br\/portal\/?p=191936#respond"]}]},{"@type":"WebPage","@id":"https:\/\/aconteceunovale.com.br\/portal\/?p=191936","url":"https:\/\/aconteceunovale.com.br\/portal\/?p=191936","name":"Jer\u00f4nimo Rodrigues \u00e9 eleito governador da Bahia - Aconteceu no Vale","isPartOf":{"@id":"https:\/\/aconteceunovale.com.br\/portal\/#website"},"primaryImageOfPage":{"@id":"https:\/\/aconteceunovale.com.br\/portal\/?p=191936#primaryimage"},"image":{"@id":"https:\/\/aconteceunovale.com.br\/portal\/?p=191936#primaryimage"},"thumbnailUrl":"https:\/\/aconteceunovale.com.br\/portal\/wp-content\/uploads\/2022\/10\/jeronimo_bahia.jpg","datePublished":"2022-10-30T22:34:54+00:00","dateModified":"2022-10-31T11:50:42+00:00","author":{"@id":"https:\/\/aconteceunovale.com.br\/portal\/#\/schema\/person\/7d2f26d1483f8a63de73da1ee0754d35"},"breadcrumb":{"@id":"https:\/\/aconteceunovale.com.br\/portal\/?p=191936#breadcrumb"},"inLanguage":"pt-BR","potentialAction":[{"@type":"ReadAction","target":["https:\/\/aconteceunovale.com.br\/portal\/?p=191936"]}]},{"@type":"ImageObject","inLanguage":"pt-BR","@id":"https:\/\/aconteceunovale.com.br\/portal\/?p=191936#primaryimage","url":"https:\/\/aconteceunovale.com.br\/portal\/wp-content\/uploads\/2022\/10\/jeronimo_bahia.jpg","contentUrl":"https:\/\/aconteceunovale.com.br\/portal\/wp-content\/uploads\/2022\/10\/jeronimo_bahia.jpg","width":637,"height":450},{"@type":"BreadcrumbList","@id":"https:\/\/aconteceunovale.com.br\/portal\/?p=191936#breadcrumb","itemListElement":[{"@type":"ListItem","position":1,"name":"In\u00edcio","item":"https:\/\/aconteceunovale.com.br\/portal\/"},{"@type":"ListItem","position":2,"name":"Jer\u00f4nimo Rodrigues \u00e9 eleito governador da Bahia"}]},{"@type":"WebSite","@id":"https:\/\/aconteceunovale.com.br\/portal\/#website","url":"https:\/\/aconteceunovale.com.br\/portal\/","name":"Aconteceu no Vale","description":"Portal de Not\u00edcias","potentialAction":[{"@type":"SearchAction","target":{"@type":"EntryPoint","urlTemplate":"https:\/\/aconteceunovale.com.br\/portal\/?s={search_term_string}"},"query-input":{"@type":"PropertyValueSpecification","valueRequired":true,"valueName":"search_term_string"}}],"inLanguage":"pt-BR"},{"@type":"Person","@id":"https:\/\/aconteceunovale.com.br\/portal\/#\/schema\/person\/7d2f26d1483f8a63de73da1ee0754d35","name":"Reda\u00e7\u00e3o Aconteceu no Vale","description":"Equipe de reportagem do Aconteceu no Vale, portal de not\u00edcias do Vale do Jequitinhonha, em Minas Gerais. Cobrimos as 51 cidades do Vale desde 2013. Sugest\u00f5es de pauta e pedidos de corre\u00e7\u00e3o: contato@aconteceunovale.com.br","url":"https:\/\/aconteceunovale.com.br\/portal\/?author=4"}]}},"_links":{"self":[{"href":"https:\/\/aconteceunovale.com.br\/portal\/index.php?rest_route=\/wp\/v2\/posts\/191936","targetHints":{"allow":["GET"]}}],"collection":[{"href":"https:\/\/aconteceunovale.com.br\/portal\/index.php?rest_route=\/wp\/v2\/posts"}],"about":[{"href":"https:\/\/aconteceunovale.com.br\/portal\/index.php?rest_route=\/wp\/v2\/types\/post"}],"author":[{"embeddable":true,"href":"https:\/\/aconteceunovale.com.br\/portal\/index.php?rest_route=\/wp\/v2\/users\/4"}],"replies":[{"embeddable":true,"href":"https:\/\/aconteceunovale.com.br\/portal\/index.php?rest_route=%2Fwp%2Fv2%2Fcomments&post=191936"}],"version-history":[{"count":2,"href":"https:\/\/aconteceunovale.com.br\/portal\/index.php?rest_route=\/wp\/v2\/posts\/191936\/revisions"}],"predecessor-version":[{"id":191951,"href":"https:\/\/aconteceunovale.com.br\/portal\/index.php?rest_route=\/wp\/v2\/posts\/191936\/revisions\/191951"}],"wp:featuredmedia":[{"embeddable":true,"href":"https:\/\/aconteceunovale.com.br\/portal\/index.php?rest_route=\/wp\/v2\/media\/191937"}],"wp:attachment":[{"href":"https:\/\/aconteceunovale.com.br\/portal\/index.php?rest_route=%2Fwp%2Fv2%2Fmedia&parent=191936"}],"wp:term":[{"taxonomy":"category","embeddable":true,"href":"https:\/\/aconteceunovale.com.br\/portal\/index.php?rest_route=%2Fwp%2Fv2%2Fcategories&post=191936"},{"taxonomy":"post_tag","embeddable":true,"href":"https:\/\/aconteceunovale.com.br\/portal\/index.php?rest_route=%2Fwp%2Fv2%2Ftags&post=191936"}],"curies":[{"name":"wp","href":"https:\/\/api.w.org\/{rel}","templated":true}]}}