{"id":191927,"date":"2022-10-30T18:57:35","date_gmt":"2022-10-30T21:57:35","guid":{"rendered":"https:\/\/aconteceunovale.com.br\/portal\/?p=191927"},"modified":"2022-10-31T08:48:51","modified_gmt":"2022-10-31T11:48:51","slug":"wilson-lima-e-reeleito-governador-do-amazonas","status":"publish","type":"post","link":"https:\/\/aconteceunovale.com.br\/portal\/?p=191927","title":{"rendered":"Wilson Lima \u00e9 reeleito governador do Amazonas"},"content":{"rendered":"\n<p class=\"wp-block-paragraph\">O candidato Wilson Lima (Uni\u00e3o Brasil) venceu a disputa pelo governo do Amazonas com 56,65% dos votos v\u00e1lidos. Eduardo Braga (MDB) ficou em segundo lugar, com 43,35%.<\/p>\n\n\n\n<figure class=\"wp-block-gallery has-nested-images columns-default is-cropped wp-block-gallery-1 is-layout-flex wp-block-gallery-is-layout-flex\">\n<figure class=\"wp-block-image size-large\"><img loading=\"lazy\" decoding=\"async\" width=\"595\" height=\"450\" data-id=\"191928\" src=\"https:\/\/aconteceunovale.com.br\/portal\/wp-content\/uploads\/2022\/10\/wilson_lima.jpg\" alt=\"\" class=\"wp-image-191928\" srcset=\"https:\/\/aconteceunovale.com.br\/portal\/wp-content\/uploads\/2022\/10\/wilson_lima.jpg 595w, https:\/\/aconteceunovale.com.br\/portal\/wp-content\/uploads\/2022\/10\/wilson_lima-300x227.jpg 300w, https:\/\/aconteceunovale.com.br\/portal\/wp-content\/uploads\/2022\/10\/wilson_lima-80x60.jpg 80w, https:\/\/aconteceunovale.com.br\/portal\/wp-content\/uploads\/2022\/10\/wilson_lima-555x420.jpg 555w\" sizes=\"auto, (max-width: 595px) 100vw, 595px\" \/><figcaption><em><sub>Wilson Lima &#8211; Foto: Reprodu\u00e7\u00e3o \/ Facebook @WilsonLimaAM<\/sub><\/em><\/figcaption><\/figure>\n<\/figure>\n\n\n\n<p class=\"wp-block-paragraph\"><strong>Resultado:<\/strong><\/p>\n\n\n\n<ul class=\"wp-block-list\"><li>Wilson Lima (Uni\u00e3o Brasil) &#8211; 56,65% (1.039.192 votos)<\/li><li>Eduardo Braga (MDB) &#8211; 43,35% (795.098 votos)<\/li><li><a rel=\"noreferrer noopener\" href=\"https:\/\/aconteceunovale.com.br\/portal\/?p=190684\" target=\"_blank\">Apura\u00e7\u00e3o em tempo real e resultados do 2\u00ba turno das Elei\u00e7\u00f5es 2022<\/a><\/li><\/ul>\n\n\n\n<p class=\"wp-block-paragraph\"><strong>Wilson Lima:<\/strong><\/p>\n\n\n\n<p class=\"wp-block-paragraph\">Wilson Lima (Uni\u00e3o Brasil) tem 46 anos. Ele \u00e9 formado em jornalismo e natural de Santar\u00e9m (PA). Foi rep\u00f3rter, radialista e apresentador do programa Al\u00f4 Amazonas. O vice-governador na chapa \u00e9 Tadeu de Souza (Avante), 50 anos.<\/p>\n\n\n\n<p class=\"wp-block-paragraph\">&#8212;&#8212;&#8212;&#8212;&#8212;&#8212;<br><br><strong>Sabia que o Aconteceu no Vale est\u00e1 tamb\u00e9m no Telegram? <a rel=\"noreferrer noopener\" href=\"https:\/\/t.me\/aconteceunovaleoficial\" target=\"_blank\">Inscreva-se no canal<\/a>.<\/strong><br><br><strong>J\u00e1 curtiu ou seguiu nossas p\u00e1ginas nas redes sociais?&nbsp;Receba as not\u00edcias em primeira m\u00e3o:<\/strong><br>\u2022 <a rel=\"noreferrer noopener\" href=\"https:\/\/news.google.com\/publications\/CAAqBwgKMNjklQswi4etAw?hl=pt-BR&amp;gl=BR&amp;ceid=BR%3Apt-419\" target=\"_blank\">Google News<\/a><br>\u2022 <a rel=\"noreferrer noopener\" href=\"https:\/\/www.facebook.com\/aconteceunovale\/\" target=\"_blank\">Facebook<\/a><br>\u2022 <a rel=\"noreferrer noopener\" href=\"https:\/\/twitter.com\/noticiadosvales\" target=\"_blank\">Twitter<\/a><br>\u2022 <a rel=\"noreferrer noopener\" href=\"https:\/\/www.instagram.com\/aconteceunovale\" target=\"_blank\">Instagram<\/a><br>\u2022 <a rel=\"noreferrer noopener\" href=\"https:\/\/www.youtube.com\/AconteceunoValeOficial\" target=\"_blank\">Youtube<\/a><br>\u2022 <a rel=\"noreferrer noopener\" href=\"https:\/\/www.tiktok.com\/@aconteceunovale\" target=\"_blank\">TikTok<\/a><\/p>\n","protected":false},"excerpt":{"rendered":"<p>O candidato Wilson Lima (Uni\u00e3o Brasil) venceu a disputa pelo governo do Amazonas com 56,65% dos votos v\u00e1lidos. Eduardo Braga (MDB) ficou em segundo lugar, com 43,35%. Resultado: Wilson Lima (Uni\u00e3o Brasil) &#8211; 56,65% (1.039.192 votos) Eduardo Braga (MDB) &#8211; 43,35% (795.098 votos) Apura\u00e7\u00e3o em tempo real e resultados do 2\u00ba turno das Elei\u00e7\u00f5es 2022 [&hellip;]<\/p>\n","protected":false},"author":4,"featured_media":191928,"comment_status":"open","ping_status":"closed","sticky":false,"template":"","format":"standard","meta":{"amp_status":"","footnotes":""},"categories":[6,249933],"tags":[59820,15952,265634,265633,265632,265635,4785,1018,27836,265527,718,252238,265637,265636,265523,261226,265638,265639,264572,265524,265525,265508,184366,265640],"class_list":["post-191927","post","type-post","status-publish","format-standard","has-post-thumbnail","hentry","category-br","category-eleicoes-2022","tag-am","tag-amazonas","tag-apuracao-am","tag-apuracao-amazonas","tag-apuracao-das-eleicoes-para-governador-amazonas","tag-apuracao-para-governador-am","tag-brasil","tag-destaque","tag-eduardo-braga","tag-eleicao-para-governador","tag-eleicoes","tag-eleicoes-2022","tag-eleicoes-2022-am","tag-eleicoes-2022-amazonas","tag-eleicoes-brasileiras","tag-eleicoes-no-brasil","tag-eleicoes-para-governador-amazonas","tag-resultado-amazonas","tag-segundo-turno-das-eleicoes-2022","tag-segundo-turno-das-eleicoes-brasileiras","tag-segundo-turno-no-brasil","tag-votacao-eleicoes-2022","tag-wilson-lima","tag-wilson-lima-e-reeleito-governador-do-amazonas"],"yoast_head":"<!-- This site is optimized with the Yoast SEO plugin v28.3 - https:\/\/yoast.com\/product\/yoast-seo-wordpress\/ -->\n<title>Wilson Lima \u00e9 reeleito governador do Amazonas - Aconteceu no Vale<\/title>\n<meta name=\"robots\" content=\"index, follow, max-snippet:-1, max-image-preview:large, max-video-preview:-1\" \/>\n<link rel=\"canonical\" href=\"https:\/\/aconteceunovale.com.br\/portal\/?p=191927\" \/>\n<meta property=\"og:locale\" content=\"pt_BR\" \/>\n<meta property=\"og:type\" content=\"article\" \/>\n<meta property=\"og:title\" content=\"Wilson Lima \u00e9 reeleito governador do Amazonas - Aconteceu no Vale\" \/>\n<meta property=\"og:description\" content=\"O candidato Wilson Lima (Uni\u00e3o Brasil) venceu a disputa pelo governo do Amazonas com 56,65% dos votos v\u00e1lidos. Eduardo Braga (MDB) ficou em segundo lugar, com 43,35%. Resultado: Wilson Lima (Uni\u00e3o Brasil) &#8211; 56,65% (1.039.192 votos) Eduardo Braga (MDB) &#8211; 43,35% (795.098 votos) Apura\u00e7\u00e3o em tempo real e resultados do 2\u00ba turno das Elei\u00e7\u00f5es 2022 [&hellip;]\" \/>\n<meta property=\"og:url\" content=\"https:\/\/aconteceunovale.com.br\/portal\/?p=191927\" \/>\n<meta property=\"og:site_name\" content=\"Aconteceu no Vale\" \/>\n<meta property=\"article:publisher\" content=\"https:\/\/www.facebook.com\/aconteceunovale\/\" \/>\n<meta property=\"article:published_time\" content=\"2022-10-30T21:57:35+00:00\" \/>\n<meta property=\"article:modified_time\" content=\"2022-10-31T11:48:51+00:00\" \/>\n<meta property=\"og:image\" content=\"https:\/\/aconteceunovale.com.br\/portal\/wp-content\/uploads\/2022\/10\/wilson_lima.jpg\" \/>\n\t<meta property=\"og:image:width\" content=\"595\" \/>\n\t<meta property=\"og:image:height\" content=\"450\" \/>\n\t<meta property=\"og:image:type\" content=\"image\/jpeg\" \/>\n<meta name=\"author\" content=\"Reda\u00e7\u00e3o Aconteceu no Vale\" \/>\n<meta name=\"twitter:card\" content=\"summary_large_image\" \/>\n<meta name=\"twitter:creator\" content=\"@noticiadosvales\" \/>\n<meta name=\"twitter:site\" content=\"@noticiadosvales\" \/>\n<meta name=\"twitter:label1\" content=\"Escrito por\" \/>\n\t<meta name=\"twitter:data1\" content=\"Reda\u00e7\u00e3o Aconteceu no Vale\" \/>\n\t<meta name=\"twitter:label2\" content=\"Est. tempo de leitura\" \/>\n\t<meta name=\"twitter:data2\" content=\"1 minuto\" \/>\n<script type=\"application\/ld+json\" class=\"yoast-schema-graph\">{\"@context\":\"https:\\\/\\\/schema.org\",\"@graph\":[{\"@type\":\"Article\",\"@id\":\"https:\\\/\\\/aconteceunovale.com.br\\\/portal\\\/?p=191927#article\",\"isPartOf\":{\"@id\":\"https:\\\/\\\/aconteceunovale.com.br\\\/portal\\\/?p=191927\"},\"author\":{\"name\":\"Reda\u00e7\u00e3o Aconteceu no Vale\",\"@id\":\"https:\\\/\\\/aconteceunovale.com.br\\\/portal\\\/#\\\/schema\\\/person\\\/7d2f26d1483f8a63de73da1ee0754d35\"},\"headline\":\"Wilson Lima \u00e9 reeleito governador do Amazonas\",\"datePublished\":\"2022-10-30T21:57:35+00:00\",\"dateModified\":\"2022-10-31T11:48:51+00:00\",\"mainEntityOfPage\":{\"@id\":\"https:\\\/\\\/aconteceunovale.com.br\\\/portal\\\/?p=191927\"},\"wordCount\":145,\"commentCount\":0,\"image\":{\"@id\":\"https:\\\/\\\/aconteceunovale.com.br\\\/portal\\\/?p=191927#primaryimage\"},\"thumbnailUrl\":\"https:\\\/\\\/aconteceunovale.com.br\\\/portal\\\/wp-content\\\/uploads\\\/2022\\\/10\\\/wilson_lima.jpg\",\"keywords\":[\"AM\",\"Amazonas\",\"Apura\u00e7\u00e3o AM\",\"Apura\u00e7\u00e3o Amazonas\",\"Apura\u00e7\u00e3o das elei\u00e7\u00f5es para governador Amazonas\",\"Apura\u00e7\u00e3o para governador AM\",\"brasil\",\"destaque\",\"Eduardo Braga\",\"Elei\u00e7\u00e3o para governador\",\"Elei\u00e7\u00f5es\",\"Elei\u00e7\u00f5es 2022\",\"Elei\u00e7\u00f5es 2022 AM\",\"Elei\u00e7\u00f5es 2022 Amazonas\",\"Elei\u00e7\u00f5es brasileiras\",\"Elei\u00e7\u00f5es no Brasil\",\"Elei\u00e7\u00f5es para governador Amazonas\",\"Resultado Amazonas\",\"Segundo turno das elei\u00e7\u00f5es 2022\",\"Segundo turno das elei\u00e7\u00f5es brasileiras\",\"Segundo turno no Brasil\",\"Vota\u00e7\u00e3o elei\u00e7\u00f5es 2022\",\"Wilson Lima\",\"Wilson Lima \u00e9 reeleito governador do Amazonas\"],\"articleSection\":[\"Brasil\",\"Elei\u00e7\u00f5es 2022\"],\"inLanguage\":\"pt-BR\",\"potentialAction\":[{\"@type\":\"CommentAction\",\"name\":\"Comment\",\"target\":[\"https:\\\/\\\/aconteceunovale.com.br\\\/portal\\\/?p=191927#respond\"]}]},{\"@type\":\"WebPage\",\"@id\":\"https:\\\/\\\/aconteceunovale.com.br\\\/portal\\\/?p=191927\",\"url\":\"https:\\\/\\\/aconteceunovale.com.br\\\/portal\\\/?p=191927\",\"name\":\"Wilson Lima \u00e9 reeleito governador do Amazonas - Aconteceu no Vale\",\"isPartOf\":{\"@id\":\"https:\\\/\\\/aconteceunovale.com.br\\\/portal\\\/#website\"},\"primaryImageOfPage\":{\"@id\":\"https:\\\/\\\/aconteceunovale.com.br\\\/portal\\\/?p=191927#primaryimage\"},\"image\":{\"@id\":\"https:\\\/\\\/aconteceunovale.com.br\\\/portal\\\/?p=191927#primaryimage\"},\"thumbnailUrl\":\"https:\\\/\\\/aconteceunovale.com.br\\\/portal\\\/wp-content\\\/uploads\\\/2022\\\/10\\\/wilson_lima.jpg\",\"datePublished\":\"2022-10-30T21:57:35+00:00\",\"dateModified\":\"2022-10-31T11:48:51+00:00\",\"author\":{\"@id\":\"https:\\\/\\\/aconteceunovale.com.br\\\/portal\\\/#\\\/schema\\\/person\\\/7d2f26d1483f8a63de73da1ee0754d35\"},\"breadcrumb\":{\"@id\":\"https:\\\/\\\/aconteceunovale.com.br\\\/portal\\\/?p=191927#breadcrumb\"},\"inLanguage\":\"pt-BR\",\"potentialAction\":[{\"@type\":\"ReadAction\",\"target\":[\"https:\\\/\\\/aconteceunovale.com.br\\\/portal\\\/?p=191927\"]}]},{\"@type\":\"ImageObject\",\"inLanguage\":\"pt-BR\",\"@id\":\"https:\\\/\\\/aconteceunovale.com.br\\\/portal\\\/?p=191927#primaryimage\",\"url\":\"https:\\\/\\\/aconteceunovale.com.br\\\/portal\\\/wp-content\\\/uploads\\\/2022\\\/10\\\/wilson_lima.jpg\",\"contentUrl\":\"https:\\\/\\\/aconteceunovale.com.br\\\/portal\\\/wp-content\\\/uploads\\\/2022\\\/10\\\/wilson_lima.jpg\",\"width\":595,\"height\":450},{\"@type\":\"BreadcrumbList\",\"@id\":\"https:\\\/\\\/aconteceunovale.com.br\\\/portal\\\/?p=191927#breadcrumb\",\"itemListElement\":[{\"@type\":\"ListItem\",\"position\":1,\"name\":\"In\u00edcio\",\"item\":\"https:\\\/\\\/aconteceunovale.com.br\\\/portal\\\/\"},{\"@type\":\"ListItem\",\"position\":2,\"name\":\"Wilson Lima \u00e9 reeleito governador do Amazonas\"}]},{\"@type\":\"WebSite\",\"@id\":\"https:\\\/\\\/aconteceunovale.com.br\\\/portal\\\/#website\",\"url\":\"https:\\\/\\\/aconteceunovale.com.br\\\/portal\\\/\",\"name\":\"Aconteceu no Vale\",\"description\":\"Portal de Not\u00edcias\",\"potentialAction\":[{\"@type\":\"SearchAction\",\"target\":{\"@type\":\"EntryPoint\",\"urlTemplate\":\"https:\\\/\\\/aconteceunovale.com.br\\\/portal\\\/?s={search_term_string}\"},\"query-input\":{\"@type\":\"PropertyValueSpecification\",\"valueRequired\":true,\"valueName\":\"search_term_string\"}}],\"inLanguage\":\"pt-BR\"},{\"@type\":\"Person\",\"@id\":\"https:\\\/\\\/aconteceunovale.com.br\\\/portal\\\/#\\\/schema\\\/person\\\/7d2f26d1483f8a63de73da1ee0754d35\",\"name\":\"Reda\u00e7\u00e3o Aconteceu no Vale\",\"description\":\"Equipe de reportagem do Aconteceu no Vale, portal de not\u00edcias do Vale do Jequitinhonha, em Minas Gerais. Cobrimos as 51 cidades do Vale desde 2013. Sugest\u00f5es de pauta e pedidos de corre\u00e7\u00e3o: contato@aconteceunovale.com.br\",\"url\":\"https:\\\/\\\/aconteceunovale.com.br\\\/portal\\\/?author=4\"}]}<\/script>\n<!-- \/ Yoast SEO plugin. -->","yoast_head_json":{"title":"Wilson Lima \u00e9 reeleito governador do Amazonas - Aconteceu no Vale","robots":{"index":"index","follow":"follow","max-snippet":"max-snippet:-1","max-image-preview":"max-image-preview:large","max-video-preview":"max-video-preview:-1"},"canonical":"https:\/\/aconteceunovale.com.br\/portal\/?p=191927","og_locale":"pt_BR","og_type":"article","og_title":"Wilson Lima \u00e9 reeleito governador do Amazonas - Aconteceu no Vale","og_description":"O candidato Wilson Lima (Uni\u00e3o Brasil) venceu a disputa pelo governo do Amazonas com 56,65% dos votos v\u00e1lidos. Eduardo Braga (MDB) ficou em segundo lugar, com 43,35%. Resultado: Wilson Lima (Uni\u00e3o Brasil) &#8211; 56,65% (1.039.192 votos) Eduardo Braga (MDB) &#8211; 43,35% (795.098 votos) Apura\u00e7\u00e3o em tempo real e resultados do 2\u00ba turno das Elei\u00e7\u00f5es 2022 [&hellip;]","og_url":"https:\/\/aconteceunovale.com.br\/portal\/?p=191927","og_site_name":"Aconteceu no Vale","article_publisher":"https:\/\/www.facebook.com\/aconteceunovale\/","article_published_time":"2022-10-30T21:57:35+00:00","article_modified_time":"2022-10-31T11:48:51+00:00","og_image":[{"width":595,"height":450,"url":"https:\/\/aconteceunovale.com.br\/portal\/wp-content\/uploads\/2022\/10\/wilson_lima.jpg","type":"image\/jpeg"}],"author":"Reda\u00e7\u00e3o Aconteceu no Vale","twitter_card":"summary_large_image","twitter_creator":"@noticiadosvales","twitter_site":"@noticiadosvales","twitter_misc":{"Escrito por":"Reda\u00e7\u00e3o Aconteceu no Vale","Est. tempo de leitura":"1 minuto"},"schema":{"@context":"https:\/\/schema.org","@graph":[{"@type":"Article","@id":"https:\/\/aconteceunovale.com.br\/portal\/?p=191927#article","isPartOf":{"@id":"https:\/\/aconteceunovale.com.br\/portal\/?p=191927"},"author":{"name":"Reda\u00e7\u00e3o Aconteceu no Vale","@id":"https:\/\/aconteceunovale.com.br\/portal\/#\/schema\/person\/7d2f26d1483f8a63de73da1ee0754d35"},"headline":"Wilson Lima \u00e9 reeleito governador do Amazonas","datePublished":"2022-10-30T21:57:35+00:00","dateModified":"2022-10-31T11:48:51+00:00","mainEntityOfPage":{"@id":"https:\/\/aconteceunovale.com.br\/portal\/?p=191927"},"wordCount":145,"commentCount":0,"image":{"@id":"https:\/\/aconteceunovale.com.br\/portal\/?p=191927#primaryimage"},"thumbnailUrl":"https:\/\/aconteceunovale.com.br\/portal\/wp-content\/uploads\/2022\/10\/wilson_lima.jpg","keywords":["AM","Amazonas","Apura\u00e7\u00e3o AM","Apura\u00e7\u00e3o Amazonas","Apura\u00e7\u00e3o das elei\u00e7\u00f5es para governador Amazonas","Apura\u00e7\u00e3o para governador AM","brasil","destaque","Eduardo Braga","Elei\u00e7\u00e3o para governador","Elei\u00e7\u00f5es","Elei\u00e7\u00f5es 2022","Elei\u00e7\u00f5es 2022 AM","Elei\u00e7\u00f5es 2022 Amazonas","Elei\u00e7\u00f5es brasileiras","Elei\u00e7\u00f5es no Brasil","Elei\u00e7\u00f5es para governador Amazonas","Resultado Amazonas","Segundo turno das elei\u00e7\u00f5es 2022","Segundo turno das elei\u00e7\u00f5es brasileiras","Segundo turno no Brasil","Vota\u00e7\u00e3o elei\u00e7\u00f5es 2022","Wilson Lima","Wilson Lima \u00e9 reeleito governador do Amazonas"],"articleSection":["Brasil","Elei\u00e7\u00f5es 2022"],"inLanguage":"pt-BR","potentialAction":[{"@type":"CommentAction","name":"Comment","target":["https:\/\/aconteceunovale.com.br\/portal\/?p=191927#respond"]}]},{"@type":"WebPage","@id":"https:\/\/aconteceunovale.com.br\/portal\/?p=191927","url":"https:\/\/aconteceunovale.com.br\/portal\/?p=191927","name":"Wilson Lima \u00e9 reeleito governador do Amazonas - Aconteceu no Vale","isPartOf":{"@id":"https:\/\/aconteceunovale.com.br\/portal\/#website"},"primaryImageOfPage":{"@id":"https:\/\/aconteceunovale.com.br\/portal\/?p=191927#primaryimage"},"image":{"@id":"https:\/\/aconteceunovale.com.br\/portal\/?p=191927#primaryimage"},"thumbnailUrl":"https:\/\/aconteceunovale.com.br\/portal\/wp-content\/uploads\/2022\/10\/wilson_lima.jpg","datePublished":"2022-10-30T21:57:35+00:00","dateModified":"2022-10-31T11:48:51+00:00","author":{"@id":"https:\/\/aconteceunovale.com.br\/portal\/#\/schema\/person\/7d2f26d1483f8a63de73da1ee0754d35"},"breadcrumb":{"@id":"https:\/\/aconteceunovale.com.br\/portal\/?p=191927#breadcrumb"},"inLanguage":"pt-BR","potentialAction":[{"@type":"ReadAction","target":["https:\/\/aconteceunovale.com.br\/portal\/?p=191927"]}]},{"@type":"ImageObject","inLanguage":"pt-BR","@id":"https:\/\/aconteceunovale.com.br\/portal\/?p=191927#primaryimage","url":"https:\/\/aconteceunovale.com.br\/portal\/wp-content\/uploads\/2022\/10\/wilson_lima.jpg","contentUrl":"https:\/\/aconteceunovale.com.br\/portal\/wp-content\/uploads\/2022\/10\/wilson_lima.jpg","width":595,"height":450},{"@type":"BreadcrumbList","@id":"https:\/\/aconteceunovale.com.br\/portal\/?p=191927#breadcrumb","itemListElement":[{"@type":"ListItem","position":1,"name":"In\u00edcio","item":"https:\/\/aconteceunovale.com.br\/portal\/"},{"@type":"ListItem","position":2,"name":"Wilson Lima \u00e9 reeleito governador do Amazonas"}]},{"@type":"WebSite","@id":"https:\/\/aconteceunovale.com.br\/portal\/#website","url":"https:\/\/aconteceunovale.com.br\/portal\/","name":"Aconteceu no Vale","description":"Portal de Not\u00edcias","potentialAction":[{"@type":"SearchAction","target":{"@type":"EntryPoint","urlTemplate":"https:\/\/aconteceunovale.com.br\/portal\/?s={search_term_string}"},"query-input":{"@type":"PropertyValueSpecification","valueRequired":true,"valueName":"search_term_string"}}],"inLanguage":"pt-BR"},{"@type":"Person","@id":"https:\/\/aconteceunovale.com.br\/portal\/#\/schema\/person\/7d2f26d1483f8a63de73da1ee0754d35","name":"Reda\u00e7\u00e3o Aconteceu no Vale","description":"Equipe de reportagem do Aconteceu no Vale, portal de not\u00edcias do Vale do Jequitinhonha, em Minas Gerais. Cobrimos as 51 cidades do Vale desde 2013. Sugest\u00f5es de pauta e pedidos de corre\u00e7\u00e3o: contato@aconteceunovale.com.br","url":"https:\/\/aconteceunovale.com.br\/portal\/?author=4"}]}},"_links":{"self":[{"href":"https:\/\/aconteceunovale.com.br\/portal\/index.php?rest_route=\/wp\/v2\/posts\/191927","targetHints":{"allow":["GET"]}}],"collection":[{"href":"https:\/\/aconteceunovale.com.br\/portal\/index.php?rest_route=\/wp\/v2\/posts"}],"about":[{"href":"https:\/\/aconteceunovale.com.br\/portal\/index.php?rest_route=\/wp\/v2\/types\/post"}],"author":[{"embeddable":true,"href":"https:\/\/aconteceunovale.com.br\/portal\/index.php?rest_route=\/wp\/v2\/users\/4"}],"replies":[{"embeddable":true,"href":"https:\/\/aconteceunovale.com.br\/portal\/index.php?rest_route=%2Fwp%2Fv2%2Fcomments&post=191927"}],"version-history":[{"count":2,"href":"https:\/\/aconteceunovale.com.br\/portal\/index.php?rest_route=\/wp\/v2\/posts\/191927\/revisions"}],"predecessor-version":[{"id":191949,"href":"https:\/\/aconteceunovale.com.br\/portal\/index.php?rest_route=\/wp\/v2\/posts\/191927\/revisions\/191949"}],"wp:featuredmedia":[{"embeddable":true,"href":"https:\/\/aconteceunovale.com.br\/portal\/index.php?rest_route=\/wp\/v2\/media\/191928"}],"wp:attachment":[{"href":"https:\/\/aconteceunovale.com.br\/portal\/index.php?rest_route=%2Fwp%2Fv2%2Fmedia&parent=191927"}],"wp:term":[{"taxonomy":"category","embeddable":true,"href":"https:\/\/aconteceunovale.com.br\/portal\/index.php?rest_route=%2Fwp%2Fv2%2Fcategories&post=191927"},{"taxonomy":"post_tag","embeddable":true,"href":"https:\/\/aconteceunovale.com.br\/portal\/index.php?rest_route=%2Fwp%2Fv2%2Ftags&post=191927"}],"curies":[{"name":"wp","href":"https:\/\/api.w.org\/{rel}","templated":true}]}}