{"id":191919,"date":"2022-10-30T19:33:31","date_gmt":"2022-10-30T22:33:31","guid":{"rendered":"https:\/\/aconteceunovale.com.br\/portal\/?p=191919"},"modified":"2022-10-30T20:35:05","modified_gmt":"2022-10-30T23:35:05","slug":"fabio-mitidieri-e-o-governador-eleito-do-estado-de-sergipe","status":"publish","type":"post","link":"https:\/\/aconteceunovale.com.br\/portal\/?p=191919","title":{"rendered":"F\u00e1bio Mitidieri \u00e9 o governador eleito do estado de Sergipe"},"content":{"rendered":"\n<p class=\"wp-block-paragraph\">O candidato F\u00e1bio Mitidieri (PSD) foi eleito governador do estado de Sergipe, com 51,70% dos votos v\u00e1lidos. Rog\u00e9rio Carvalho (PT) ficou com 48,30%.<\/p>\n\n\n\n<figure class=\"wp-block-gallery has-nested-images columns-default is-cropped wp-block-gallery-1 is-layout-flex wp-block-gallery-is-layout-flex\">\n<figure class=\"wp-block-image size-large\"><img loading=\"lazy\" decoding=\"async\" width=\"647\" height=\"450\" data-id=\"191920\" src=\"https:\/\/aconteceunovale.com.br\/portal\/wp-content\/uploads\/2022\/10\/fabio_sergipe.jpg\" alt=\"\" class=\"wp-image-191920\" srcset=\"https:\/\/aconteceunovale.com.br\/portal\/wp-content\/uploads\/2022\/10\/fabio_sergipe.jpg 647w, https:\/\/aconteceunovale.com.br\/portal\/wp-content\/uploads\/2022\/10\/fabio_sergipe-300x209.jpg 300w, https:\/\/aconteceunovale.com.br\/portal\/wp-content\/uploads\/2022\/10\/fabio_sergipe-100x70.jpg 100w, https:\/\/aconteceunovale.com.br\/portal\/wp-content\/uploads\/2022\/10\/fabio_sergipe-604x420.jpg 604w\" sizes=\"auto, (max-width: 647px) 100vw, 647px\" \/><figcaption><em><sub>F\u00e1bio Mitidieri &#8211; Foto: Reprodu\u00e7\u00e3o \/ Facebook @fabiogov55<\/sub><\/em><\/figcaption><\/figure>\n<\/figure>\n\n\n\n<p class=\"wp-block-paragraph\"><strong>Resultado:<\/strong><\/p>\n\n\n\n<ul class=\"wp-block-list\"><li>F\u00e1bio Mitidieri (PSD) &#8211; 51,70% (623.851 votos) &#8211; Eleito<\/li><li>Rog\u00e9rio Carvalho (PT) &#8211; 48,30% (582.940 votos)<\/li><li><a rel=\"noreferrer noopener\" href=\"https:\/\/aconteceunovale.com.br\/portal\/?p=190684\" target=\"_blank\">Apura\u00e7\u00e3o em tempo real e resultados do 2\u00ba turno das Elei\u00e7\u00f5es 2022<\/a><\/li><\/ul>\n\n\n\n<p class=\"wp-block-paragraph\"><strong>F\u00e1bio Mitidieri:<\/strong><\/p>\n\n\n\n<p class=\"wp-block-paragraph\">F\u00e1bio Mitidieri (PSD), 45 anos, \u00e9 deputado federal por dois mandatos e tamb\u00e9m j\u00e1 foi vereador de Aracaju. Natural da capital sergipana, ele \u00e9 formado em administra\u00e7\u00e3o e j\u00e1 ocupou os cargos de secret\u00e1rio municipal de Esportes e de Estado de Trabalho. Para vice, o partido indicou o nome do empres\u00e1rio Zezinho Sobral (PDT), 57 anos.<\/p>\n\n\n\n<p class=\"wp-block-paragraph\">&#8212;&#8212;&#8212;&#8212;&#8212;&#8212;<br><br><strong>Sabia que o Aconteceu no Vale est\u00e1 tamb\u00e9m no Telegram? <a rel=\"noreferrer noopener\" href=\"https:\/\/t.me\/aconteceunovaleoficial\" target=\"_blank\">Inscreva-se no canal<\/a>.<\/strong><br><br><strong>J\u00e1 curtiu ou seguiu nossas p\u00e1ginas nas redes sociais?\u00a0Receba as not\u00edcias em primeira m\u00e3o:<\/strong><br>\u2022 <a rel=\"noreferrer noopener\" href=\"https:\/\/news.google.com\/publications\/CAAqBwgKMNjklQswi4etAw?hl=pt-BR&amp;gl=BR&amp;ceid=BR%3Apt-419\" target=\"_blank\">Google News<\/a><br>\u2022 <a rel=\"noreferrer noopener\" href=\"https:\/\/www.facebook.com\/aconteceunovale\/\" target=\"_blank\">Facebook<\/a><br>\u2022 <a rel=\"noreferrer noopener\" href=\"https:\/\/twitter.com\/noticiadosvales\" target=\"_blank\">Twitter<\/a><br>\u2022 <a rel=\"noreferrer noopener\" href=\"https:\/\/www.instagram.com\/aconteceunovale\" target=\"_blank\">Instagram<\/a><br>\u2022 <a rel=\"noreferrer noopener\" href=\"https:\/\/www.youtube.com\/AconteceunoValeOficial\" target=\"_blank\">Youtube<\/a><br>\u2022 <a rel=\"noreferrer noopener\" href=\"https:\/\/www.tiktok.com\/@aconteceunovale\" target=\"_blank\">TikTok<\/a><\/p>\n","protected":false},"excerpt":{"rendered":"<p>O candidato F\u00e1bio Mitidieri (PSD) foi eleito governador do estado de Sergipe, com 51,70% dos votos v\u00e1lidos. Rog\u00e9rio Carvalho (PT) ficou com 48,30%. Resultado: F\u00e1bio Mitidieri (PSD) &#8211; 51,70% (623.851 votos) &#8211; Eleito Rog\u00e9rio Carvalho (PT) &#8211; 48,30% (582.940 votos) Apura\u00e7\u00e3o em tempo real e resultados do 2\u00ba turno das Elei\u00e7\u00f5es 2022 F\u00e1bio Mitidieri: F\u00e1bio [&hellip;]<\/p>\n","protected":false},"author":4,"featured_media":191920,"comment_status":"open","ping_status":"closed","sticky":false,"template":"","format":"standard","meta":{"amp_status":"","footnotes":""},"categories":[6,249933],"tags":[265606,265609,265608,265607,4785,1018,265527,718,252238,265611,265610,265523,261226,265612,122565,265605,265613,262474,258325,264572,265524,265525,6532,265508],"class_list":["post-191919","post","type-post","status-publish","format-standard","has-post-thumbnail","hentry","category-br","category-eleicoes-2022","tag-apuracao-das-eleicoes-para-governador-de-sergipe","tag-apuracao-para-governador-se","tag-apuracao-se","tag-apuracao-sergipe","tag-brasil","tag-destaque","tag-eleicao-para-governador","tag-eleicoes","tag-eleicoes-2022","tag-eleicoes-2022-na-se","tag-eleicoes-2022-na-sergipe","tag-eleicoes-brasileiras","tag-eleicoes-no-brasil","tag-eleicoes-para-governador-na-sergipe","tag-fabio-mitidieri","tag-fabio-mitidieri-e-o-governador-eleito-do-estado-de-sergipe","tag-resultado-sergipe","tag-rogerio-carvalho","tag-se","tag-segundo-turno-das-eleicoes-2022","tag-segundo-turno-das-eleicoes-brasileiras","tag-segundo-turno-no-brasil","tag-sergipe","tag-votacao-eleicoes-2022"],"yoast_head":"<!-- This site is optimized with the Yoast SEO plugin v28.3 - https:\/\/yoast.com\/product\/yoast-seo-wordpress\/ -->\n<title>F\u00e1bio Mitidieri \u00e9 o governador eleito do estado de Sergipe - Aconteceu no Vale<\/title>\n<meta name=\"robots\" content=\"index, follow, max-snippet:-1, max-image-preview:large, max-video-preview:-1\" \/>\n<link rel=\"canonical\" href=\"https:\/\/aconteceunovale.com.br\/portal\/?p=191919\" \/>\n<meta property=\"og:locale\" content=\"pt_BR\" \/>\n<meta property=\"og:type\" content=\"article\" \/>\n<meta property=\"og:title\" content=\"F\u00e1bio Mitidieri \u00e9 o governador eleito do estado de Sergipe - Aconteceu no Vale\" \/>\n<meta property=\"og:description\" content=\"O candidato F\u00e1bio Mitidieri (PSD) foi eleito governador do estado de Sergipe, com 51,70% dos votos v\u00e1lidos. Rog\u00e9rio Carvalho (PT) ficou com 48,30%. Resultado: F\u00e1bio Mitidieri (PSD) &#8211; 51,70% (623.851 votos) &#8211; Eleito Rog\u00e9rio Carvalho (PT) &#8211; 48,30% (582.940 votos) Apura\u00e7\u00e3o em tempo real e resultados do 2\u00ba turno das Elei\u00e7\u00f5es 2022 F\u00e1bio Mitidieri: F\u00e1bio [&hellip;]\" \/>\n<meta property=\"og:url\" content=\"https:\/\/aconteceunovale.com.br\/portal\/?p=191919\" \/>\n<meta property=\"og:site_name\" content=\"Aconteceu no Vale\" \/>\n<meta property=\"article:publisher\" content=\"https:\/\/www.facebook.com\/aconteceunovale\/\" \/>\n<meta property=\"article:published_time\" content=\"2022-10-30T22:33:31+00:00\" \/>\n<meta property=\"article:modified_time\" content=\"2022-10-30T23:35:05+00:00\" \/>\n<meta property=\"og:image\" content=\"https:\/\/aconteceunovale.com.br\/portal\/wp-content\/uploads\/2022\/10\/fabio_sergipe.jpg\" \/>\n\t<meta property=\"og:image:width\" content=\"647\" \/>\n\t<meta property=\"og:image:height\" content=\"450\" \/>\n\t<meta property=\"og:image:type\" content=\"image\/jpeg\" \/>\n<meta name=\"author\" content=\"Reda\u00e7\u00e3o Aconteceu no Vale\" \/>\n<meta name=\"twitter:card\" content=\"summary_large_image\" \/>\n<meta name=\"twitter:creator\" content=\"@noticiadosvales\" \/>\n<meta name=\"twitter:site\" content=\"@noticiadosvales\" \/>\n<meta name=\"twitter:label1\" content=\"Escrito por\" \/>\n\t<meta name=\"twitter:data1\" content=\"Reda\u00e7\u00e3o Aconteceu no Vale\" \/>\n\t<meta name=\"twitter:label2\" content=\"Est. tempo de leitura\" \/>\n\t<meta name=\"twitter:data2\" content=\"1 minuto\" \/>\n<script type=\"application\/ld+json\" class=\"yoast-schema-graph\">{\"@context\":\"https:\\\/\\\/schema.org\",\"@graph\":[{\"@type\":\"Article\",\"@id\":\"https:\\\/\\\/aconteceunovale.com.br\\\/portal\\\/?p=191919#article\",\"isPartOf\":{\"@id\":\"https:\\\/\\\/aconteceunovale.com.br\\\/portal\\\/?p=191919\"},\"author\":{\"name\":\"Reda\u00e7\u00e3o Aconteceu no Vale\",\"@id\":\"https:\\\/\\\/aconteceunovale.com.br\\\/portal\\\/#\\\/schema\\\/person\\\/7d2f26d1483f8a63de73da1ee0754d35\"},\"headline\":\"F\u00e1bio Mitidieri \u00e9 o governador eleito do estado de Sergipe\",\"datePublished\":\"2022-10-30T22:33:31+00:00\",\"dateModified\":\"2022-10-30T23:35:05+00:00\",\"mainEntityOfPage\":{\"@id\":\"https:\\\/\\\/aconteceunovale.com.br\\\/portal\\\/?p=191919\"},\"wordCount\":170,\"commentCount\":0,\"image\":{\"@id\":\"https:\\\/\\\/aconteceunovale.com.br\\\/portal\\\/?p=191919#primaryimage\"},\"thumbnailUrl\":\"https:\\\/\\\/aconteceunovale.com.br\\\/portal\\\/wp-content\\\/uploads\\\/2022\\\/10\\\/fabio_sergipe.jpg\",\"keywords\":[\"Apura\u00e7\u00e3o das elei\u00e7\u00f5es para governador de Sergipe\",\"Apura\u00e7\u00e3o para governador SE\",\"Apura\u00e7\u00e3o SE\",\"Apura\u00e7\u00e3o Sergipe\",\"brasil\",\"destaque\",\"Elei\u00e7\u00e3o para governador\",\"Elei\u00e7\u00f5es\",\"Elei\u00e7\u00f5es 2022\",\"Elei\u00e7\u00f5es 2022 na SE\",\"Elei\u00e7\u00f5es 2022 na Sergipe\",\"Elei\u00e7\u00f5es brasileiras\",\"Elei\u00e7\u00f5es no Brasil\",\"Elei\u00e7\u00f5es para governador na Sergipe\",\"F\u00e1bio Mitidieri\",\"F\u00e1bio Mitidieri \u00e9 o governador eleito do estado de Sergipe\",\"Resultado Sergipe\",\"Rog\u00e9rio Carvalho\",\"SE\",\"Segundo turno das elei\u00e7\u00f5es 2022\",\"Segundo turno das elei\u00e7\u00f5es brasileiras\",\"Segundo turno no Brasil\",\"Sergipe\",\"Vota\u00e7\u00e3o elei\u00e7\u00f5es 2022\"],\"articleSection\":[\"Brasil\",\"Elei\u00e7\u00f5es 2022\"],\"inLanguage\":\"pt-BR\",\"potentialAction\":[{\"@type\":\"CommentAction\",\"name\":\"Comment\",\"target\":[\"https:\\\/\\\/aconteceunovale.com.br\\\/portal\\\/?p=191919#respond\"]}]},{\"@type\":\"WebPage\",\"@id\":\"https:\\\/\\\/aconteceunovale.com.br\\\/portal\\\/?p=191919\",\"url\":\"https:\\\/\\\/aconteceunovale.com.br\\\/portal\\\/?p=191919\",\"name\":\"F\u00e1bio Mitidieri \u00e9 o governador eleito do estado de Sergipe - Aconteceu no Vale\",\"isPartOf\":{\"@id\":\"https:\\\/\\\/aconteceunovale.com.br\\\/portal\\\/#website\"},\"primaryImageOfPage\":{\"@id\":\"https:\\\/\\\/aconteceunovale.com.br\\\/portal\\\/?p=191919#primaryimage\"},\"image\":{\"@id\":\"https:\\\/\\\/aconteceunovale.com.br\\\/portal\\\/?p=191919#primaryimage\"},\"thumbnailUrl\":\"https:\\\/\\\/aconteceunovale.com.br\\\/portal\\\/wp-content\\\/uploads\\\/2022\\\/10\\\/fabio_sergipe.jpg\",\"datePublished\":\"2022-10-30T22:33:31+00:00\",\"dateModified\":\"2022-10-30T23:35:05+00:00\",\"author\":{\"@id\":\"https:\\\/\\\/aconteceunovale.com.br\\\/portal\\\/#\\\/schema\\\/person\\\/7d2f26d1483f8a63de73da1ee0754d35\"},\"breadcrumb\":{\"@id\":\"https:\\\/\\\/aconteceunovale.com.br\\\/portal\\\/?p=191919#breadcrumb\"},\"inLanguage\":\"pt-BR\",\"potentialAction\":[{\"@type\":\"ReadAction\",\"target\":[\"https:\\\/\\\/aconteceunovale.com.br\\\/portal\\\/?p=191919\"]}]},{\"@type\":\"ImageObject\",\"inLanguage\":\"pt-BR\",\"@id\":\"https:\\\/\\\/aconteceunovale.com.br\\\/portal\\\/?p=191919#primaryimage\",\"url\":\"https:\\\/\\\/aconteceunovale.com.br\\\/portal\\\/wp-content\\\/uploads\\\/2022\\\/10\\\/fabio_sergipe.jpg\",\"contentUrl\":\"https:\\\/\\\/aconteceunovale.com.br\\\/portal\\\/wp-content\\\/uploads\\\/2022\\\/10\\\/fabio_sergipe.jpg\",\"width\":647,\"height\":450},{\"@type\":\"BreadcrumbList\",\"@id\":\"https:\\\/\\\/aconteceunovale.com.br\\\/portal\\\/?p=191919#breadcrumb\",\"itemListElement\":[{\"@type\":\"ListItem\",\"position\":1,\"name\":\"In\u00edcio\",\"item\":\"https:\\\/\\\/aconteceunovale.com.br\\\/portal\\\/\"},{\"@type\":\"ListItem\",\"position\":2,\"name\":\"F\u00e1bio Mitidieri \u00e9 o governador eleito do estado de Sergipe\"}]},{\"@type\":\"WebSite\",\"@id\":\"https:\\\/\\\/aconteceunovale.com.br\\\/portal\\\/#website\",\"url\":\"https:\\\/\\\/aconteceunovale.com.br\\\/portal\\\/\",\"name\":\"Aconteceu no Vale\",\"description\":\"Portal de Not\u00edcias\",\"potentialAction\":[{\"@type\":\"SearchAction\",\"target\":{\"@type\":\"EntryPoint\",\"urlTemplate\":\"https:\\\/\\\/aconteceunovale.com.br\\\/portal\\\/?s={search_term_string}\"},\"query-input\":{\"@type\":\"PropertyValueSpecification\",\"valueRequired\":true,\"valueName\":\"search_term_string\"}}],\"inLanguage\":\"pt-BR\"},{\"@type\":\"Person\",\"@id\":\"https:\\\/\\\/aconteceunovale.com.br\\\/portal\\\/#\\\/schema\\\/person\\\/7d2f26d1483f8a63de73da1ee0754d35\",\"name\":\"Reda\u00e7\u00e3o Aconteceu no Vale\",\"description\":\"Equipe de reportagem do Aconteceu no Vale, portal de not\u00edcias do Vale do Jequitinhonha, em Minas Gerais. Cobrimos as 51 cidades do Vale desde 2013. Sugest\u00f5es de pauta e pedidos de corre\u00e7\u00e3o: contato@aconteceunovale.com.br\",\"url\":\"https:\\\/\\\/aconteceunovale.com.br\\\/portal\\\/?author=4\"}]}<\/script>\n<!-- \/ Yoast SEO plugin. -->","yoast_head_json":{"title":"F\u00e1bio Mitidieri \u00e9 o governador eleito do estado de Sergipe - Aconteceu no Vale","robots":{"index":"index","follow":"follow","max-snippet":"max-snippet:-1","max-image-preview":"max-image-preview:large","max-video-preview":"max-video-preview:-1"},"canonical":"https:\/\/aconteceunovale.com.br\/portal\/?p=191919","og_locale":"pt_BR","og_type":"article","og_title":"F\u00e1bio Mitidieri \u00e9 o governador eleito do estado de Sergipe - Aconteceu no Vale","og_description":"O candidato F\u00e1bio Mitidieri (PSD) foi eleito governador do estado de Sergipe, com 51,70% dos votos v\u00e1lidos. Rog\u00e9rio Carvalho (PT) ficou com 48,30%. Resultado: F\u00e1bio Mitidieri (PSD) &#8211; 51,70% (623.851 votos) &#8211; Eleito Rog\u00e9rio Carvalho (PT) &#8211; 48,30% (582.940 votos) Apura\u00e7\u00e3o em tempo real e resultados do 2\u00ba turno das Elei\u00e7\u00f5es 2022 F\u00e1bio Mitidieri: F\u00e1bio [&hellip;]","og_url":"https:\/\/aconteceunovale.com.br\/portal\/?p=191919","og_site_name":"Aconteceu no Vale","article_publisher":"https:\/\/www.facebook.com\/aconteceunovale\/","article_published_time":"2022-10-30T22:33:31+00:00","article_modified_time":"2022-10-30T23:35:05+00:00","og_image":[{"width":647,"height":450,"url":"https:\/\/aconteceunovale.com.br\/portal\/wp-content\/uploads\/2022\/10\/fabio_sergipe.jpg","type":"image\/jpeg"}],"author":"Reda\u00e7\u00e3o Aconteceu no Vale","twitter_card":"summary_large_image","twitter_creator":"@noticiadosvales","twitter_site":"@noticiadosvales","twitter_misc":{"Escrito por":"Reda\u00e7\u00e3o Aconteceu no Vale","Est. tempo de leitura":"1 minuto"},"schema":{"@context":"https:\/\/schema.org","@graph":[{"@type":"Article","@id":"https:\/\/aconteceunovale.com.br\/portal\/?p=191919#article","isPartOf":{"@id":"https:\/\/aconteceunovale.com.br\/portal\/?p=191919"},"author":{"name":"Reda\u00e7\u00e3o Aconteceu no Vale","@id":"https:\/\/aconteceunovale.com.br\/portal\/#\/schema\/person\/7d2f26d1483f8a63de73da1ee0754d35"},"headline":"F\u00e1bio Mitidieri \u00e9 o governador eleito do estado de Sergipe","datePublished":"2022-10-30T22:33:31+00:00","dateModified":"2022-10-30T23:35:05+00:00","mainEntityOfPage":{"@id":"https:\/\/aconteceunovale.com.br\/portal\/?p=191919"},"wordCount":170,"commentCount":0,"image":{"@id":"https:\/\/aconteceunovale.com.br\/portal\/?p=191919#primaryimage"},"thumbnailUrl":"https:\/\/aconteceunovale.com.br\/portal\/wp-content\/uploads\/2022\/10\/fabio_sergipe.jpg","keywords":["Apura\u00e7\u00e3o das elei\u00e7\u00f5es para governador de Sergipe","Apura\u00e7\u00e3o para governador SE","Apura\u00e7\u00e3o SE","Apura\u00e7\u00e3o Sergipe","brasil","destaque","Elei\u00e7\u00e3o para governador","Elei\u00e7\u00f5es","Elei\u00e7\u00f5es 2022","Elei\u00e7\u00f5es 2022 na SE","Elei\u00e7\u00f5es 2022 na Sergipe","Elei\u00e7\u00f5es brasileiras","Elei\u00e7\u00f5es no Brasil","Elei\u00e7\u00f5es para governador na Sergipe","F\u00e1bio Mitidieri","F\u00e1bio Mitidieri \u00e9 o governador eleito do estado de Sergipe","Resultado Sergipe","Rog\u00e9rio Carvalho","SE","Segundo turno das elei\u00e7\u00f5es 2022","Segundo turno das elei\u00e7\u00f5es brasileiras","Segundo turno no Brasil","Sergipe","Vota\u00e7\u00e3o elei\u00e7\u00f5es 2022"],"articleSection":["Brasil","Elei\u00e7\u00f5es 2022"],"inLanguage":"pt-BR","potentialAction":[{"@type":"CommentAction","name":"Comment","target":["https:\/\/aconteceunovale.com.br\/portal\/?p=191919#respond"]}]},{"@type":"WebPage","@id":"https:\/\/aconteceunovale.com.br\/portal\/?p=191919","url":"https:\/\/aconteceunovale.com.br\/portal\/?p=191919","name":"F\u00e1bio Mitidieri \u00e9 o governador eleito do estado de Sergipe - Aconteceu no Vale","isPartOf":{"@id":"https:\/\/aconteceunovale.com.br\/portal\/#website"},"primaryImageOfPage":{"@id":"https:\/\/aconteceunovale.com.br\/portal\/?p=191919#primaryimage"},"image":{"@id":"https:\/\/aconteceunovale.com.br\/portal\/?p=191919#primaryimage"},"thumbnailUrl":"https:\/\/aconteceunovale.com.br\/portal\/wp-content\/uploads\/2022\/10\/fabio_sergipe.jpg","datePublished":"2022-10-30T22:33:31+00:00","dateModified":"2022-10-30T23:35:05+00:00","author":{"@id":"https:\/\/aconteceunovale.com.br\/portal\/#\/schema\/person\/7d2f26d1483f8a63de73da1ee0754d35"},"breadcrumb":{"@id":"https:\/\/aconteceunovale.com.br\/portal\/?p=191919#breadcrumb"},"inLanguage":"pt-BR","potentialAction":[{"@type":"ReadAction","target":["https:\/\/aconteceunovale.com.br\/portal\/?p=191919"]}]},{"@type":"ImageObject","inLanguage":"pt-BR","@id":"https:\/\/aconteceunovale.com.br\/portal\/?p=191919#primaryimage","url":"https:\/\/aconteceunovale.com.br\/portal\/wp-content\/uploads\/2022\/10\/fabio_sergipe.jpg","contentUrl":"https:\/\/aconteceunovale.com.br\/portal\/wp-content\/uploads\/2022\/10\/fabio_sergipe.jpg","width":647,"height":450},{"@type":"BreadcrumbList","@id":"https:\/\/aconteceunovale.com.br\/portal\/?p=191919#breadcrumb","itemListElement":[{"@type":"ListItem","position":1,"name":"In\u00edcio","item":"https:\/\/aconteceunovale.com.br\/portal\/"},{"@type":"ListItem","position":2,"name":"F\u00e1bio Mitidieri \u00e9 o governador eleito do estado de Sergipe"}]},{"@type":"WebSite","@id":"https:\/\/aconteceunovale.com.br\/portal\/#website","url":"https:\/\/aconteceunovale.com.br\/portal\/","name":"Aconteceu no Vale","description":"Portal de Not\u00edcias","potentialAction":[{"@type":"SearchAction","target":{"@type":"EntryPoint","urlTemplate":"https:\/\/aconteceunovale.com.br\/portal\/?s={search_term_string}"},"query-input":{"@type":"PropertyValueSpecification","valueRequired":true,"valueName":"search_term_string"}}],"inLanguage":"pt-BR"},{"@type":"Person","@id":"https:\/\/aconteceunovale.com.br\/portal\/#\/schema\/person\/7d2f26d1483f8a63de73da1ee0754d35","name":"Reda\u00e7\u00e3o Aconteceu no Vale","description":"Equipe de reportagem do Aconteceu no Vale, portal de not\u00edcias do Vale do Jequitinhonha, em Minas Gerais. Cobrimos as 51 cidades do Vale desde 2013. Sugest\u00f5es de pauta e pedidos de corre\u00e7\u00e3o: contato@aconteceunovale.com.br","url":"https:\/\/aconteceunovale.com.br\/portal\/?author=4"}]}},"_links":{"self":[{"href":"https:\/\/aconteceunovale.com.br\/portal\/index.php?rest_route=\/wp\/v2\/posts\/191919","targetHints":{"allow":["GET"]}}],"collection":[{"href":"https:\/\/aconteceunovale.com.br\/portal\/index.php?rest_route=\/wp\/v2\/posts"}],"about":[{"href":"https:\/\/aconteceunovale.com.br\/portal\/index.php?rest_route=\/wp\/v2\/types\/post"}],"author":[{"embeddable":true,"href":"https:\/\/aconteceunovale.com.br\/portal\/index.php?rest_route=\/wp\/v2\/users\/4"}],"replies":[{"embeddable":true,"href":"https:\/\/aconteceunovale.com.br\/portal\/index.php?rest_route=%2Fwp%2Fv2%2Fcomments&post=191919"}],"version-history":[{"count":1,"href":"https:\/\/aconteceunovale.com.br\/portal\/index.php?rest_route=\/wp\/v2\/posts\/191919\/revisions"}],"predecessor-version":[{"id":191921,"href":"https:\/\/aconteceunovale.com.br\/portal\/index.php?rest_route=\/wp\/v2\/posts\/191919\/revisions\/191921"}],"wp:featuredmedia":[{"embeddable":true,"href":"https:\/\/aconteceunovale.com.br\/portal\/index.php?rest_route=\/wp\/v2\/media\/191920"}],"wp:attachment":[{"href":"https:\/\/aconteceunovale.com.br\/portal\/index.php?rest_route=%2Fwp%2Fv2%2Fmedia&parent=191919"}],"wp:term":[{"taxonomy":"category","embeddable":true,"href":"https:\/\/aconteceunovale.com.br\/portal\/index.php?rest_route=%2Fwp%2Fv2%2Fcategories&post=191919"},{"taxonomy":"post_tag","embeddable":true,"href":"https:\/\/aconteceunovale.com.br\/portal\/index.php?rest_route=%2Fwp%2Fv2%2Ftags&post=191919"}],"curies":[{"name":"wp","href":"https:\/\/api.w.org\/{rel}","templated":true}]}}