{"id":191900,"date":"2022-10-30T13:06:19","date_gmt":"2022-10-30T16:06:19","guid":{"rendered":"https:\/\/aconteceunovale.com.br\/portal\/?p=191900"},"modified":"2022-10-30T13:06:36","modified_gmt":"2022-10-30T16:06:36","slug":"ministro-do-tse-nega-registro-de-pablo-marcal-deputado-do-pt-e-eleito","status":"publish","type":"post","link":"https:\/\/aconteceunovale.com.br\/portal\/?p=191900","title":{"rendered":"Ministro do TSE nega registro de Pablo Mar\u00e7al; deputado do PT \u00e9 eleito"},"content":{"rendered":"\n<p class=\"wp-block-paragraph\">O ministro Ricardo Lewandowski, do Tribunal Superior Eleitoral (TSE), negou o registro de candidatura do coach motivacional Pablo Mar\u00e7al (Pros) a deputado federal. Com isso, os votos recebidos por ele acabam sendo desconsiderados e uma nova totaliza\u00e7\u00e3o \u00e9 feita para se calcular os eleitos. Pela retotaliza\u00e7\u00e3o, o deputado Paulo Teixeira (PT-SP) torna-se eleito no lugar de Mar\u00e7al.<\/p>\n\n\n\n<p class=\"wp-block-paragraph\">Lewandowski atendeu a pedido de Teixeira e da coliga\u00e7\u00e3o Brasil da Esperan\u00e7a, do candidato a presidente Luiz In\u00e1cio Lula da Silva, que ingressaram com reclama\u00e7\u00e3o no TSE. O ministro derrubou decis\u00e3o do Tribunal Regional Eleitoral de S\u00e3o Paulo (TRE-SP), que havia deferido o registro de Mar\u00e7al.<\/p>\n\n\n\n<p class=\"wp-block-paragraph\">O relator disse que o registro fora aceito \u201csurpreendentemente\u201d pela corte eleitoral estadual uma vez que contrariou parecer da Procuradoria Regional Eleitoral e decis\u00e3o do pr\u00f3prio Lewandowski, que j\u00e1 havia anulado atos partid\u00e1rios que resultaram na candidatura de Mar\u00e7al.<\/p>\n\n\n\n<p class=\"wp-block-paragraph\">Na decis\u00e3o, Lewandowski escreveu que \u201ca presente a\u00e7\u00e3o reclamat\u00f3ria tem plausibilidade jur\u00eddica, porquanto a Corte Eleitoral paulista, ao que tudo indica, desconsiderou, sem mais, ato decis\u00f3rio emanado deste Tribunal Superior\u201d.<\/p>\n\n\n\n<p class=\"wp-block-paragraph\">O caso \u00e9 mais um epis\u00f3dio na disputa pelo comando do Pros, que foi alvo de diversas liminares desde o in\u00edcio do ano, at\u00e9 o TSE restituir a presid\u00eancia ao fundador da legenda, Eur\u00edpedes Jr., e destituir da diretoria Jos\u00e9 Willame Cavalcante de Souza, aliado de Mar\u00e7al.<\/p>\n\n\n\n<p class=\"wp-block-paragraph\">\u201cRegistro que deixei consignado naquela decis\u00e3o, de modo inequ\u00edvoco, que a nulidade decretada alcan\u00e7ava todos os atos que haviam sido praticados pela Comiss\u00e3o sob a sua presid\u00eancia, tornando-os \u00edrritos, ou seja, despojados de qualquer efeito legal\u201d, frisou Lewandowski.<\/p>\n\n\n\n<p class=\"wp-block-paragraph\">O ministro ressalta que tal decis\u00e3o anulou a ata partid\u00e1ria que estabeleceu a candidatura de Mar\u00e7al, raz\u00e3o pela qual ele n\u00e3o poderia ter sido candidato. Lewandowski determinou que o status da candidatura do coach seja agora modificada para \u201cindeferido com recurso\u201d. A decis\u00e3o tem efeito ao menos at\u00e9 que o plen\u00e1rio do TSE analise o caso.<\/p>\n\n\n\n<p class=\"wp-block-paragraph\">Antes de se candidatar a deputado, Mar\u00e7al tentou concorrer ao cargo de presidente da Rep\u00fablica, mas tamb\u00e9m teve o registro negado pelo TSE.<\/p>\n\n\n\n<p class=\"wp-block-paragraph\">&#8212;&#8212;&#8212;&#8212;&#8212;&#8212;<br><br><strong>Sabia que o Aconteceu no Vale est\u00e1 tamb\u00e9m no Telegram? <a rel=\"noreferrer noopener\" href=\"https:\/\/t.me\/aconteceunovaleoficial\" target=\"_blank\">Inscreva-se no canal<\/a>.<\/strong><br><br><strong>J\u00e1 curtiu ou seguiu nossas p\u00e1ginas nas redes sociais?\u00a0Receba as not\u00edcias em primeira m\u00e3o:<\/strong><br>\u2022 <a rel=\"noreferrer noopener\" href=\"https:\/\/news.google.com\/publications\/CAAqBwgKMNjklQswi4etAw?hl=pt-BR&amp;gl=BR&amp;ceid=BR%3Apt-419\" target=\"_blank\">Google News<\/a><br>\u2022 <a rel=\"noreferrer noopener\" href=\"https:\/\/www.facebook.com\/aconteceunovale\/\" target=\"_blank\">Facebook<\/a><br>\u2022 <a rel=\"noreferrer noopener\" href=\"https:\/\/twitter.com\/noticiadosvales\" target=\"_blank\">Twitter<\/a><br>\u2022 <a rel=\"noreferrer noopener\" href=\"https:\/\/www.instagram.com\/aconteceunovale\" target=\"_blank\">Instagram<\/a><br>\u2022 <a rel=\"noreferrer noopener\" href=\"https:\/\/www.youtube.com\/AconteceunoValeOficial\" target=\"_blank\">Youtube<\/a><br>\u2022 <a rel=\"noreferrer noopener\" href=\"https:\/\/www.tiktok.com\/@aconteceunovale\" target=\"_blank\">TikTok<\/a><\/p>\n","protected":false},"excerpt":{"rendered":"<p>O ministro Ricardo Lewandowski, do Tribunal Superior Eleitoral (TSE), negou o registro de candidatura do coach motivacional Pablo Mar\u00e7al (Pros) a deputado federal. Com isso, os votos recebidos por ele acabam sendo desconsiderados e uma nova totaliza\u00e7\u00e3o \u00e9 feita para se calcular os eleitos. Pela retotaliza\u00e7\u00e3o, o deputado Paulo Teixeira (PT-SP) torna-se eleito no lugar [&hellip;]<\/p>\n","protected":false},"author":4,"featured_media":191901,"comment_status":"open","ping_status":"closed","sticky":false,"template":"","format":"standard","meta":{"amp_status":"","footnotes":""},"categories":[6,249933],"tags":[265578,265579,1018,265577,261788,265581,54315,265580,28512,94060,267],"class_list":["post-191900","post","type-post","status-publish","format-standard","has-post-thumbnail","hentry","category-br","category-eleicoes-2022","tag-candidatura-de-pablo-marcal","tag-candidatura-de-pablo-marcal-a-deputado-federal","tag-destaque","tag-ministro-do-tse-nega-registro-de-pablo-marcal-deputado-do-pt-e-eleito","tag-pablo-marcal","tag-paulo-teixeira","tag-pros","tag-pt-sp","tag-ricardo-lewandowski","tag-tribunal-superior-eleitoral","tag-tse"],"yoast_head":"<!-- This site is optimized with the Yoast SEO plugin v28.3 - https:\/\/yoast.com\/product\/yoast-seo-wordpress\/ -->\n<title>Ministro do TSE nega registro de Pablo Mar\u00e7al; deputado do PT \u00e9 eleito - Aconteceu no Vale<\/title>\n<meta name=\"robots\" content=\"index, follow, max-snippet:-1, max-image-preview:large, max-video-preview:-1\" \/>\n<link rel=\"canonical\" href=\"https:\/\/aconteceunovale.com.br\/portal\/?p=191900\" \/>\n<meta property=\"og:locale\" content=\"pt_BR\" \/>\n<meta property=\"og:type\" content=\"article\" \/>\n<meta property=\"og:title\" content=\"Ministro do TSE nega registro de Pablo Mar\u00e7al; deputado do PT \u00e9 eleito - Aconteceu no Vale\" \/>\n<meta property=\"og:description\" content=\"O ministro Ricardo Lewandowski, do Tribunal Superior Eleitoral (TSE), negou o registro de candidatura do coach motivacional Pablo Mar\u00e7al (Pros) a deputado federal. Com isso, os votos recebidos por ele acabam sendo desconsiderados e uma nova totaliza\u00e7\u00e3o \u00e9 feita para se calcular os eleitos. Pela retotaliza\u00e7\u00e3o, o deputado Paulo Teixeira (PT-SP) torna-se eleito no lugar [&hellip;]\" \/>\n<meta property=\"og:url\" content=\"https:\/\/aconteceunovale.com.br\/portal\/?p=191900\" \/>\n<meta property=\"og:site_name\" content=\"Aconteceu no Vale\" \/>\n<meta property=\"article:publisher\" content=\"https:\/\/www.facebook.com\/aconteceunovale\/\" \/>\n<meta property=\"article:published_time\" content=\"2022-10-30T16:06:19+00:00\" \/>\n<meta property=\"article:modified_time\" content=\"2022-10-30T16:06:36+00:00\" \/>\n<meta property=\"og:image\" content=\"https:\/\/aconteceunovale.com.br\/portal\/wp-content\/uploads\/2022\/10\/pablo_marcal.jpg\" \/>\n\t<meta property=\"og:image:width\" content=\"678\" \/>\n\t<meta property=\"og:image:height\" content=\"446\" \/>\n\t<meta property=\"og:image:type\" content=\"image\/jpeg\" \/>\n<meta name=\"author\" content=\"Reda\u00e7\u00e3o Aconteceu no Vale\" \/>\n<meta name=\"twitter:card\" content=\"summary_large_image\" \/>\n<meta name=\"twitter:creator\" content=\"@noticiadosvales\" \/>\n<meta name=\"twitter:site\" content=\"@noticiadosvales\" \/>\n<meta name=\"twitter:label1\" content=\"Escrito por\" \/>\n\t<meta name=\"twitter:data1\" content=\"Reda\u00e7\u00e3o Aconteceu no Vale\" \/>\n\t<meta name=\"twitter:label2\" content=\"Est. tempo de leitura\" \/>\n\t<meta name=\"twitter:data2\" content=\"2 minutos\" \/>\n<script type=\"application\/ld+json\" class=\"yoast-schema-graph\">{\"@context\":\"https:\\\/\\\/schema.org\",\"@graph\":[{\"@type\":\"Article\",\"@id\":\"https:\\\/\\\/aconteceunovale.com.br\\\/portal\\\/?p=191900#article\",\"isPartOf\":{\"@id\":\"https:\\\/\\\/aconteceunovale.com.br\\\/portal\\\/?p=191900\"},\"author\":{\"name\":\"Reda\u00e7\u00e3o Aconteceu no Vale\",\"@id\":\"https:\\\/\\\/aconteceunovale.com.br\\\/portal\\\/#\\\/schema\\\/person\\\/7d2f26d1483f8a63de73da1ee0754d35\"},\"headline\":\"Ministro do TSE nega registro de Pablo Mar\u00e7al; deputado do PT \u00e9 eleito\",\"datePublished\":\"2022-10-30T16:06:19+00:00\",\"dateModified\":\"2022-10-30T16:06:36+00:00\",\"mainEntityOfPage\":{\"@id\":\"https:\\\/\\\/aconteceunovale.com.br\\\/portal\\\/?p=191900\"},\"wordCount\":427,\"commentCount\":0,\"image\":{\"@id\":\"https:\\\/\\\/aconteceunovale.com.br\\\/portal\\\/?p=191900#primaryimage\"},\"thumbnailUrl\":\"https:\\\/\\\/aconteceunovale.com.br\\\/portal\\\/wp-content\\\/uploads\\\/2022\\\/10\\\/pablo_marcal.jpg\",\"keywords\":[\"Candidatura de Pablo Mar\u00e7al\",\"Candidatura de Pablo Mar\u00e7al a deputado federal\",\"destaque\",\"Ministro do TSE nega registro de Pablo Mar\u00e7al; deputado do PT \u00e9 eleito\",\"Pablo Mar\u00e7al\",\"Paulo Teixeira\",\"PROS\",\"PT-SP\",\"Ricardo Lewandowski\",\"Tribunal Superior Eleitoral\",\"TSE\"],\"articleSection\":[\"Brasil\",\"Elei\u00e7\u00f5es 2022\"],\"inLanguage\":\"pt-BR\",\"potentialAction\":[{\"@type\":\"CommentAction\",\"name\":\"Comment\",\"target\":[\"https:\\\/\\\/aconteceunovale.com.br\\\/portal\\\/?p=191900#respond\"]}]},{\"@type\":\"WebPage\",\"@id\":\"https:\\\/\\\/aconteceunovale.com.br\\\/portal\\\/?p=191900\",\"url\":\"https:\\\/\\\/aconteceunovale.com.br\\\/portal\\\/?p=191900\",\"name\":\"Ministro do TSE nega registro de Pablo Mar\u00e7al; deputado do PT \u00e9 eleito - Aconteceu no Vale\",\"isPartOf\":{\"@id\":\"https:\\\/\\\/aconteceunovale.com.br\\\/portal\\\/#website\"},\"primaryImageOfPage\":{\"@id\":\"https:\\\/\\\/aconteceunovale.com.br\\\/portal\\\/?p=191900#primaryimage\"},\"image\":{\"@id\":\"https:\\\/\\\/aconteceunovale.com.br\\\/portal\\\/?p=191900#primaryimage\"},\"thumbnailUrl\":\"https:\\\/\\\/aconteceunovale.com.br\\\/portal\\\/wp-content\\\/uploads\\\/2022\\\/10\\\/pablo_marcal.jpg\",\"datePublished\":\"2022-10-30T16:06:19+00:00\",\"dateModified\":\"2022-10-30T16:06:36+00:00\",\"author\":{\"@id\":\"https:\\\/\\\/aconteceunovale.com.br\\\/portal\\\/#\\\/schema\\\/person\\\/7d2f26d1483f8a63de73da1ee0754d35\"},\"breadcrumb\":{\"@id\":\"https:\\\/\\\/aconteceunovale.com.br\\\/portal\\\/?p=191900#breadcrumb\"},\"inLanguage\":\"pt-BR\",\"potentialAction\":[{\"@type\":\"ReadAction\",\"target\":[\"https:\\\/\\\/aconteceunovale.com.br\\\/portal\\\/?p=191900\"]}]},{\"@type\":\"ImageObject\",\"inLanguage\":\"pt-BR\",\"@id\":\"https:\\\/\\\/aconteceunovale.com.br\\\/portal\\\/?p=191900#primaryimage\",\"url\":\"https:\\\/\\\/aconteceunovale.com.br\\\/portal\\\/wp-content\\\/uploads\\\/2022\\\/10\\\/pablo_marcal.jpg\",\"contentUrl\":\"https:\\\/\\\/aconteceunovale.com.br\\\/portal\\\/wp-content\\\/uploads\\\/2022\\\/10\\\/pablo_marcal.jpg\",\"width\":678,\"height\":446},{\"@type\":\"BreadcrumbList\",\"@id\":\"https:\\\/\\\/aconteceunovale.com.br\\\/portal\\\/?p=191900#breadcrumb\",\"itemListElement\":[{\"@type\":\"ListItem\",\"position\":1,\"name\":\"In\u00edcio\",\"item\":\"https:\\\/\\\/aconteceunovale.com.br\\\/portal\\\/\"},{\"@type\":\"ListItem\",\"position\":2,\"name\":\"Ministro do TSE nega registro de Pablo Mar\u00e7al; deputado do PT \u00e9 eleito\"}]},{\"@type\":\"WebSite\",\"@id\":\"https:\\\/\\\/aconteceunovale.com.br\\\/portal\\\/#website\",\"url\":\"https:\\\/\\\/aconteceunovale.com.br\\\/portal\\\/\",\"name\":\"Aconteceu no Vale\",\"description\":\"Portal de Not\u00edcias\",\"potentialAction\":[{\"@type\":\"SearchAction\",\"target\":{\"@type\":\"EntryPoint\",\"urlTemplate\":\"https:\\\/\\\/aconteceunovale.com.br\\\/portal\\\/?s={search_term_string}\"},\"query-input\":{\"@type\":\"PropertyValueSpecification\",\"valueRequired\":true,\"valueName\":\"search_term_string\"}}],\"inLanguage\":\"pt-BR\"},{\"@type\":\"Person\",\"@id\":\"https:\\\/\\\/aconteceunovale.com.br\\\/portal\\\/#\\\/schema\\\/person\\\/7d2f26d1483f8a63de73da1ee0754d35\",\"name\":\"Reda\u00e7\u00e3o Aconteceu no Vale\",\"description\":\"Equipe de reportagem do Aconteceu no Vale, portal de not\u00edcias do Vale do Jequitinhonha, em Minas Gerais. Cobrimos as 51 cidades do Vale desde 2013. Sugest\u00f5es de pauta e pedidos de corre\u00e7\u00e3o: contato@aconteceunovale.com.br\",\"url\":\"https:\\\/\\\/aconteceunovale.com.br\\\/portal\\\/?author=4\"}]}<\/script>\n<!-- \/ Yoast SEO plugin. -->","yoast_head_json":{"title":"Ministro do TSE nega registro de Pablo Mar\u00e7al; deputado do PT \u00e9 eleito - Aconteceu no Vale","robots":{"index":"index","follow":"follow","max-snippet":"max-snippet:-1","max-image-preview":"max-image-preview:large","max-video-preview":"max-video-preview:-1"},"canonical":"https:\/\/aconteceunovale.com.br\/portal\/?p=191900","og_locale":"pt_BR","og_type":"article","og_title":"Ministro do TSE nega registro de Pablo Mar\u00e7al; deputado do PT \u00e9 eleito - Aconteceu no Vale","og_description":"O ministro Ricardo Lewandowski, do Tribunal Superior Eleitoral (TSE), negou o registro de candidatura do coach motivacional Pablo Mar\u00e7al (Pros) a deputado federal. Com isso, os votos recebidos por ele acabam sendo desconsiderados e uma nova totaliza\u00e7\u00e3o \u00e9 feita para se calcular os eleitos. Pela retotaliza\u00e7\u00e3o, o deputado Paulo Teixeira (PT-SP) torna-se eleito no lugar [&hellip;]","og_url":"https:\/\/aconteceunovale.com.br\/portal\/?p=191900","og_site_name":"Aconteceu no Vale","article_publisher":"https:\/\/www.facebook.com\/aconteceunovale\/","article_published_time":"2022-10-30T16:06:19+00:00","article_modified_time":"2022-10-30T16:06:36+00:00","og_image":[{"width":678,"height":446,"url":"https:\/\/aconteceunovale.com.br\/portal\/wp-content\/uploads\/2022\/10\/pablo_marcal.jpg","type":"image\/jpeg"}],"author":"Reda\u00e7\u00e3o Aconteceu no Vale","twitter_card":"summary_large_image","twitter_creator":"@noticiadosvales","twitter_site":"@noticiadosvales","twitter_misc":{"Escrito por":"Reda\u00e7\u00e3o Aconteceu no Vale","Est. tempo de leitura":"2 minutos"},"schema":{"@context":"https:\/\/schema.org","@graph":[{"@type":"Article","@id":"https:\/\/aconteceunovale.com.br\/portal\/?p=191900#article","isPartOf":{"@id":"https:\/\/aconteceunovale.com.br\/portal\/?p=191900"},"author":{"name":"Reda\u00e7\u00e3o Aconteceu no Vale","@id":"https:\/\/aconteceunovale.com.br\/portal\/#\/schema\/person\/7d2f26d1483f8a63de73da1ee0754d35"},"headline":"Ministro do TSE nega registro de Pablo Mar\u00e7al; deputado do PT \u00e9 eleito","datePublished":"2022-10-30T16:06:19+00:00","dateModified":"2022-10-30T16:06:36+00:00","mainEntityOfPage":{"@id":"https:\/\/aconteceunovale.com.br\/portal\/?p=191900"},"wordCount":427,"commentCount":0,"image":{"@id":"https:\/\/aconteceunovale.com.br\/portal\/?p=191900#primaryimage"},"thumbnailUrl":"https:\/\/aconteceunovale.com.br\/portal\/wp-content\/uploads\/2022\/10\/pablo_marcal.jpg","keywords":["Candidatura de Pablo Mar\u00e7al","Candidatura de Pablo Mar\u00e7al a deputado federal","destaque","Ministro do TSE nega registro de Pablo Mar\u00e7al; deputado do PT \u00e9 eleito","Pablo Mar\u00e7al","Paulo Teixeira","PROS","PT-SP","Ricardo Lewandowski","Tribunal Superior Eleitoral","TSE"],"articleSection":["Brasil","Elei\u00e7\u00f5es 2022"],"inLanguage":"pt-BR","potentialAction":[{"@type":"CommentAction","name":"Comment","target":["https:\/\/aconteceunovale.com.br\/portal\/?p=191900#respond"]}]},{"@type":"WebPage","@id":"https:\/\/aconteceunovale.com.br\/portal\/?p=191900","url":"https:\/\/aconteceunovale.com.br\/portal\/?p=191900","name":"Ministro do TSE nega registro de Pablo Mar\u00e7al; deputado do PT \u00e9 eleito - Aconteceu no Vale","isPartOf":{"@id":"https:\/\/aconteceunovale.com.br\/portal\/#website"},"primaryImageOfPage":{"@id":"https:\/\/aconteceunovale.com.br\/portal\/?p=191900#primaryimage"},"image":{"@id":"https:\/\/aconteceunovale.com.br\/portal\/?p=191900#primaryimage"},"thumbnailUrl":"https:\/\/aconteceunovale.com.br\/portal\/wp-content\/uploads\/2022\/10\/pablo_marcal.jpg","datePublished":"2022-10-30T16:06:19+00:00","dateModified":"2022-10-30T16:06:36+00:00","author":{"@id":"https:\/\/aconteceunovale.com.br\/portal\/#\/schema\/person\/7d2f26d1483f8a63de73da1ee0754d35"},"breadcrumb":{"@id":"https:\/\/aconteceunovale.com.br\/portal\/?p=191900#breadcrumb"},"inLanguage":"pt-BR","potentialAction":[{"@type":"ReadAction","target":["https:\/\/aconteceunovale.com.br\/portal\/?p=191900"]}]},{"@type":"ImageObject","inLanguage":"pt-BR","@id":"https:\/\/aconteceunovale.com.br\/portal\/?p=191900#primaryimage","url":"https:\/\/aconteceunovale.com.br\/portal\/wp-content\/uploads\/2022\/10\/pablo_marcal.jpg","contentUrl":"https:\/\/aconteceunovale.com.br\/portal\/wp-content\/uploads\/2022\/10\/pablo_marcal.jpg","width":678,"height":446},{"@type":"BreadcrumbList","@id":"https:\/\/aconteceunovale.com.br\/portal\/?p=191900#breadcrumb","itemListElement":[{"@type":"ListItem","position":1,"name":"In\u00edcio","item":"https:\/\/aconteceunovale.com.br\/portal\/"},{"@type":"ListItem","position":2,"name":"Ministro do TSE nega registro de Pablo Mar\u00e7al; deputado do PT \u00e9 eleito"}]},{"@type":"WebSite","@id":"https:\/\/aconteceunovale.com.br\/portal\/#website","url":"https:\/\/aconteceunovale.com.br\/portal\/","name":"Aconteceu no Vale","description":"Portal de Not\u00edcias","potentialAction":[{"@type":"SearchAction","target":{"@type":"EntryPoint","urlTemplate":"https:\/\/aconteceunovale.com.br\/portal\/?s={search_term_string}"},"query-input":{"@type":"PropertyValueSpecification","valueRequired":true,"valueName":"search_term_string"}}],"inLanguage":"pt-BR"},{"@type":"Person","@id":"https:\/\/aconteceunovale.com.br\/portal\/#\/schema\/person\/7d2f26d1483f8a63de73da1ee0754d35","name":"Reda\u00e7\u00e3o Aconteceu no Vale","description":"Equipe de reportagem do Aconteceu no Vale, portal de not\u00edcias do Vale do Jequitinhonha, em Minas Gerais. Cobrimos as 51 cidades do Vale desde 2013. Sugest\u00f5es de pauta e pedidos de corre\u00e7\u00e3o: contato@aconteceunovale.com.br","url":"https:\/\/aconteceunovale.com.br\/portal\/?author=4"}]}},"_links":{"self":[{"href":"https:\/\/aconteceunovale.com.br\/portal\/index.php?rest_route=\/wp\/v2\/posts\/191900","targetHints":{"allow":["GET"]}}],"collection":[{"href":"https:\/\/aconteceunovale.com.br\/portal\/index.php?rest_route=\/wp\/v2\/posts"}],"about":[{"href":"https:\/\/aconteceunovale.com.br\/portal\/index.php?rest_route=\/wp\/v2\/types\/post"}],"author":[{"embeddable":true,"href":"https:\/\/aconteceunovale.com.br\/portal\/index.php?rest_route=\/wp\/v2\/users\/4"}],"replies":[{"embeddable":true,"href":"https:\/\/aconteceunovale.com.br\/portal\/index.php?rest_route=%2Fwp%2Fv2%2Fcomments&post=191900"}],"version-history":[{"count":1,"href":"https:\/\/aconteceunovale.com.br\/portal\/index.php?rest_route=\/wp\/v2\/posts\/191900\/revisions"}],"predecessor-version":[{"id":191902,"href":"https:\/\/aconteceunovale.com.br\/portal\/index.php?rest_route=\/wp\/v2\/posts\/191900\/revisions\/191902"}],"wp:featuredmedia":[{"embeddable":true,"href":"https:\/\/aconteceunovale.com.br\/portal\/index.php?rest_route=\/wp\/v2\/media\/191901"}],"wp:attachment":[{"href":"https:\/\/aconteceunovale.com.br\/portal\/index.php?rest_route=%2Fwp%2Fv2%2Fmedia&parent=191900"}],"wp:term":[{"taxonomy":"category","embeddable":true,"href":"https:\/\/aconteceunovale.com.br\/portal\/index.php?rest_route=%2Fwp%2Fv2%2Fcategories&post=191900"},{"taxonomy":"post_tag","embeddable":true,"href":"https:\/\/aconteceunovale.com.br\/portal\/index.php?rest_route=%2Fwp%2Fv2%2Ftags&post=191900"}],"curies":[{"name":"wp","href":"https:\/\/api.w.org\/{rel}","templated":true}]}}