{"id":191887,"date":"2022-10-30T09:25:10","date_gmt":"2022-10-30T12:25:10","guid":{"rendered":"https:\/\/aconteceunovale.com.br\/portal\/?p=191887"},"modified":"2022-10-30T10:33:29","modified_gmt":"2022-10-30T13:33:29","slug":"deputada-carla-zambelli-aponta-arma-contra-suposto-agressor-seguranca-e-preso-por-disparo","status":"publish","type":"post","link":"https:\/\/aconteceunovale.com.br\/portal\/?p=191887","title":{"rendered":"Deputada Carla Zambelli aponta arma contra suposto agressor; seguran\u00e7a \u00e9 preso por disparo"},"content":{"rendered":"\n<p class=\"wp-block-paragraph\">Um seguran\u00e7a da deputada Carla Zambelli (PL), que n\u00e3o teve a identidade oficialmente revelada, foi preso em flagrante por disparo de arma de fogo pela Pol\u00edcia Civil de S\u00e3o Paulo, na madrugada deste domingo (30\/10\/2022). O seguran\u00e7a \u00e9 um dos envolvidos na confus\u00e3o entre a parlamentar e o jornalista Luan Ara\u00fajo durante uma discuss\u00e3o, no bairro de Jardins, em S\u00e3o Paulo. A deputada apontou uma arma de fogo contra ele.<\/p>\n\n\n\n<figure class=\"wp-block-gallery has-nested-images columns-default is-cropped wp-block-gallery-1 is-layout-flex wp-block-gallery-is-layout-flex\">\n<figure class=\"wp-block-image size-large\"><img loading=\"lazy\" decoding=\"async\" width=\"678\" height=\"356\" data-id=\"191888\" src=\"https:\/\/aconteceunovale.com.br\/portal\/wp-content\/uploads\/2022\/10\/carla_zambeli.jpg\" alt=\"\" class=\"wp-image-191888\" srcset=\"https:\/\/aconteceunovale.com.br\/portal\/wp-content\/uploads\/2022\/10\/carla_zambeli.jpg 678w, https:\/\/aconteceunovale.com.br\/portal\/wp-content\/uploads\/2022\/10\/carla_zambeli-300x158.jpg 300w\" sizes=\"auto, (max-width: 678px) 100vw, 678px\" \/><figcaption><em><sub>Foto: Reprodu\u00e7\u00e3o \/ Redes Sociais<\/sub><\/em><\/figcaption><\/figure>\n<\/figure>\n\n\n\n<p class=\"wp-block-paragraph\">A deputada federal afirma ter agido em leg\u00edtima defesa ap\u00f3s ter sido agredida por &#8220;um homem negro&#8221; e &#8220;militante de Lula&#8221;. V\u00eddeos, que viralizaram na internet, mostram a parlamentar, um seguran\u00e7a e seus assessores correndo atr\u00e1s de Luan Ara\u00fajo ap\u00f3s uma discuss\u00e3o pol\u00edtica entre os dois. No momento da confus\u00e3o, \u00e9 poss\u00edvel ver o homem xingando a parlamentar. Ela tenta correr, cai sozinha e depois segue Luan Ara\u00fajo. O homem grita por socorro enquanto corre, um barulho de tiro \u00e9 ouvido e algu\u00e9m pede que a pol\u00edcia seja chamada. Ao entrar em um bar onde Luan Ara\u00fajo tentou se refugiar, Carla Zambelli manda que o jornalista deite de no ch\u00e3o. Ele diz que ela quer mat\u00e1-lo e senta em uma cadeira.<\/p>\n\n\n\n<p class=\"wp-block-paragraph\">Ap\u00f3s o incidente, Luan Ara\u00fajo registrou queixa em uma delegacia em S\u00e3o Paulo contra a parlamentar por amea\u00e7a e racismo. Depois de prestar depoimento, o homem pediu prote\u00e7\u00e3o e disse que est\u00e1 assustado.<\/p>\n\n\n\n<p class=\"wp-block-paragraph\">Carla Zambelli tamb\u00e9m registrou boletim de ocorr\u00eancia. A deputada publicou em suas redes sociais um v\u00eddeo em que descreve o ocorrido. Na vers\u00e3o dela, um grupo de homens tentou intimid\u00e1-la, e ela foi empurrada para o&nbsp; ch\u00e3o. Ela diz ter apontado o rev\u00f3lver na inten\u00e7\u00e3o de deter o sujeito at\u00e9 a chegada de policiais militares. \u201cE a\u00ed, quando ele me empurrou, eu ca\u00ed, eu sa\u00ed correndo atr\u00e1s dele, falei que ia chamar a pol\u00edcia, que ele tinha que ficar aqui para poder esperar a pol\u00edcia chegar. A pol\u00edcia j\u00e1 est\u00e1 aqui. A\u00ed ele se evadiu, da\u00ed eu saquei a arma e sa\u00ed correndo atr\u00e1s dele. Pedindo para ele parar, ele ficou com medo e parou dentro de um bar\u201d, disse.<\/p>\n\n\n\n<h2 class=\"wp-block-heading\">Resolu\u00e7\u00e3o do TSE<\/h2>\n\n\n\n<p class=\"wp-block-paragraph\">Uma resolu\u00e7\u00e3o do Tribunal Superior Eleitoral (TSE)\u00a0restringe o transporte de armas 24h antes das elei\u00e7\u00f5es. A decis\u00e3o do TSE foi tomada, por unanimidade, em setembro deste ano, atendendo a um pedido dos chefes de Pol\u00edcia Civil dos estados, que alertavam para os riscos diante do cen\u00e1rio pol\u00edtico polarizado. \u201cA resolu\u00e7\u00e3o \u00e9 ilegal, e ordens ilegais n\u00e3o se cumprem. Eu conscientemente estava ignorando a resolu\u00e7\u00e3o e continuarei ignorando a resolu\u00e7\u00e3o do senhor Alexandre de Moraes [presidente do TSE], porque ele n\u00e3o \u00e9 legislador. Ele \u00e9 simplesmente presidente do TSE e membro do STF. Ele n\u00e3o pode em nenhum momento fazer uma lei. Isso \u00e9 ativismo judicial\u201d, avaliou a deputada.<\/p>\n\n\n\n<p class=\"wp-block-paragraph\">A assessoria da parlamentar divulgou nota em que aborda a proibi\u00e7\u00e3o. \u201cA deputada federal possui registro de arma de fogo para defesa pessoal. A resolu\u00e7\u00e3o do TSE que pro\u00edbe o porte aplica-se apenas aos CACs [Certificado de Registro Pessoa F\u00edsica &#8211; Colecionador, Atirador Desportivo e Ca\u00e7ador], ou para ingresso de armas em se\u00e7\u00f5es eleitorais\u201d, aponta o texto.<\/p>\n\n\n\n<p class=\"wp-block-paragraph\">O ministro Alexandre de Moraes determinou a investiga\u00e7\u00e3o da conduta da deputada federal. Ser\u00e1 investigado o poss\u00edvel crime eleitoral por porte ilegal de arma.<\/p>\n\n\n\n<p class=\"wp-block-paragraph\">&#8212;&#8212;&#8212;&#8212;&#8212;&#8212;<br><br><strong>Sabia que o Aconteceu no Vale est\u00e1 tamb\u00e9m no Telegram? <a rel=\"noreferrer noopener\" href=\"https:\/\/t.me\/aconteceunovaleoficial\" target=\"_blank\">Inscreva-se no canal<\/a>.<\/strong><br><br><strong>J\u00e1 curtiu ou seguiu nossas p\u00e1ginas nas redes sociais?\u00a0Receba as not\u00edcias em primeira m\u00e3o:<\/strong><br>\u2022 <a rel=\"noreferrer noopener\" href=\"https:\/\/news.google.com\/publications\/CAAqBwgKMNjklQswi4etAw?hl=pt-BR&amp;gl=BR&amp;ceid=BR%3Apt-419\" target=\"_blank\">Google News<\/a><br>\u2022 <a rel=\"noreferrer noopener\" href=\"https:\/\/www.facebook.com\/aconteceunovale\/\" target=\"_blank\">Facebook<\/a><br>\u2022 <a rel=\"noreferrer noopener\" href=\"https:\/\/twitter.com\/noticiadosvales\" target=\"_blank\">Twitter<\/a><br>\u2022 <a rel=\"noreferrer noopener\" href=\"https:\/\/www.instagram.com\/aconteceunovale\" target=\"_blank\">Instagram<\/a><br>\u2022 <a rel=\"noreferrer noopener\" href=\"https:\/\/www.youtube.com\/AconteceunoValeOficial\" target=\"_blank\">Youtube<\/a><br>\u2022 <a rel=\"noreferrer noopener\" href=\"https:\/\/www.tiktok.com\/@aconteceunovale\" target=\"_blank\">TikTok<\/a><\/p>\n","protected":false},"excerpt":{"rendered":"<p>Um seguran\u00e7a da deputada Carla Zambelli (PL), que n\u00e3o teve a identidade oficialmente revelada, foi preso em flagrante por disparo de arma de fogo pela Pol\u00edcia Civil de S\u00e3o Paulo, na madrugada deste domingo (30\/10\/2022). O seguran\u00e7a \u00e9 um dos envolvidos na confus\u00e3o entre a parlamentar e o jornalista Luan Ara\u00fajo durante uma discuss\u00e3o, no [&hellip;]<\/p>\n","protected":false},"author":4,"featured_media":191888,"comment_status":"open","ping_status":"closed","sticky":false,"template":"","format":"standard","meta":{"amp_status":"","footnotes":""},"categories":[6,249933],"tags":[35211,4785,201905,265563,265564,265562,265527,265526,261746,718,252238,265523,261226,265565,17165,265566,243467,2382,264572,265524,265525,267,265508],"class_list":["post-191887","post","type-post","status-publish","format-standard","has-post-thumbnail","hentry","category-br","category-eleicoes-2022","tag-alexandre-de-moraes","tag-brasil","tag-carla-zambelli","tag-caso-carla-zambelli","tag-deputada-carla-zambelli","tag-deputada-carla-zambelli-aponta-arma-contra-suposto-agressor","tag-eleicao-para-governador","tag-eleicao-para-presidente-da-republica","tag-eleicao-para-presidente-do-brasil","tag-eleicoes","tag-eleicoes-2022","tag-eleicoes-brasileiras","tag-eleicoes-no-brasil","tag-jornalista-luan-araujo","tag-justica-eleitoral","tag-luan-araujo-carla-zambelli","tag-pl","tag-sao-paulo","tag-segundo-turno-das-eleicoes-2022","tag-segundo-turno-das-eleicoes-brasileiras","tag-segundo-turno-no-brasil","tag-tse","tag-votacao-eleicoes-2022"],"yoast_head":"<!-- This site is optimized with the Yoast SEO plugin v28.3 - https:\/\/yoast.com\/product\/yoast-seo-wordpress\/ -->\n<title>Deputada Carla Zambelli aponta arma contra suposto agressor; seguran\u00e7a \u00e9 preso por disparo - Aconteceu no Vale<\/title>\n<meta name=\"robots\" content=\"index, follow, max-snippet:-1, max-image-preview:large, max-video-preview:-1\" \/>\n<link rel=\"canonical\" href=\"https:\/\/aconteceunovale.com.br\/portal\/?p=191887\" \/>\n<meta property=\"og:locale\" content=\"pt_BR\" \/>\n<meta property=\"og:type\" content=\"article\" \/>\n<meta property=\"og:title\" content=\"Deputada Carla Zambelli aponta arma contra suposto agressor; seguran\u00e7a \u00e9 preso por disparo - Aconteceu no Vale\" \/>\n<meta property=\"og:description\" content=\"Um seguran\u00e7a da deputada Carla Zambelli (PL), que n\u00e3o teve a identidade oficialmente revelada, foi preso em flagrante por disparo de arma de fogo pela Pol\u00edcia Civil de S\u00e3o Paulo, na madrugada deste domingo (30\/10\/2022). O seguran\u00e7a \u00e9 um dos envolvidos na confus\u00e3o entre a parlamentar e o jornalista Luan Ara\u00fajo durante uma discuss\u00e3o, no [&hellip;]\" \/>\n<meta property=\"og:url\" content=\"https:\/\/aconteceunovale.com.br\/portal\/?p=191887\" \/>\n<meta property=\"og:site_name\" content=\"Aconteceu no Vale\" \/>\n<meta property=\"article:publisher\" content=\"https:\/\/www.facebook.com\/aconteceunovale\/\" \/>\n<meta property=\"article:published_time\" content=\"2022-10-30T12:25:10+00:00\" \/>\n<meta property=\"article:modified_time\" content=\"2022-10-30T13:33:29+00:00\" \/>\n<meta property=\"og:image\" content=\"https:\/\/aconteceunovale.com.br\/portal\/wp-content\/uploads\/2022\/10\/carla_zambeli.jpg\" \/>\n\t<meta property=\"og:image:width\" content=\"678\" \/>\n\t<meta property=\"og:image:height\" content=\"356\" \/>\n\t<meta property=\"og:image:type\" content=\"image\/jpeg\" \/>\n<meta name=\"author\" content=\"Reda\u00e7\u00e3o Aconteceu no Vale\" \/>\n<meta name=\"twitter:card\" content=\"summary_large_image\" \/>\n<meta name=\"twitter:creator\" content=\"@noticiadosvales\" \/>\n<meta name=\"twitter:site\" content=\"@noticiadosvales\" \/>\n<meta name=\"twitter:label1\" content=\"Escrito por\" \/>\n\t<meta name=\"twitter:data1\" content=\"Reda\u00e7\u00e3o Aconteceu no Vale\" \/>\n\t<meta name=\"twitter:label2\" content=\"Est. tempo de leitura\" \/>\n\t<meta name=\"twitter:data2\" content=\"3 minutos\" \/>\n<script type=\"application\/ld+json\" class=\"yoast-schema-graph\">{\"@context\":\"https:\\\/\\\/schema.org\",\"@graph\":[{\"@type\":\"Article\",\"@id\":\"https:\\\/\\\/aconteceunovale.com.br\\\/portal\\\/?p=191887#article\",\"isPartOf\":{\"@id\":\"https:\\\/\\\/aconteceunovale.com.br\\\/portal\\\/?p=191887\"},\"author\":{\"name\":\"Reda\u00e7\u00e3o Aconteceu no Vale\",\"@id\":\"https:\\\/\\\/aconteceunovale.com.br\\\/portal\\\/#\\\/schema\\\/person\\\/7d2f26d1483f8a63de73da1ee0754d35\"},\"headline\":\"Deputada Carla Zambelli aponta arma contra suposto agressor; seguran\u00e7a \u00e9 preso por disparo\",\"datePublished\":\"2022-10-30T12:25:10+00:00\",\"dateModified\":\"2022-10-30T13:33:29+00:00\",\"mainEntityOfPage\":{\"@id\":\"https:\\\/\\\/aconteceunovale.com.br\\\/portal\\\/?p=191887\"},\"wordCount\":653,\"commentCount\":0,\"image\":{\"@id\":\"https:\\\/\\\/aconteceunovale.com.br\\\/portal\\\/?p=191887#primaryimage\"},\"thumbnailUrl\":\"https:\\\/\\\/aconteceunovale.com.br\\\/portal\\\/wp-content\\\/uploads\\\/2022\\\/10\\\/carla_zambeli.jpg\",\"keywords\":[\"Alexandre de Moraes\",\"brasil\",\"Carla Zambelli\",\"Caso Carla Zambelli\",\"Deputada Carla Zambelli\",\"Deputada Carla Zambelli aponta arma contra suposto agressor\",\"Elei\u00e7\u00e3o para governador\",\"Elei\u00e7\u00e3o para presidente da Rep\u00fablica\",\"Elei\u00e7\u00e3o para presidente do Brasil\",\"Elei\u00e7\u00f5es\",\"Elei\u00e7\u00f5es 2022\",\"Elei\u00e7\u00f5es brasileiras\",\"Elei\u00e7\u00f5es no Brasil\",\"Jornalista Luan Ara\u00fajo\",\"Justi\u00e7a Eleitoral\",\"Luan Ara\u00fajo Carla Zambelli\",\"PL\",\"S\u00e3o Paulo\",\"Segundo turno das elei\u00e7\u00f5es 2022\",\"Segundo turno das elei\u00e7\u00f5es brasileiras\",\"Segundo turno no Brasil\",\"TSE\",\"Vota\u00e7\u00e3o elei\u00e7\u00f5es 2022\"],\"articleSection\":[\"Brasil\",\"Elei\u00e7\u00f5es 2022\"],\"inLanguage\":\"pt-BR\",\"potentialAction\":[{\"@type\":\"CommentAction\",\"name\":\"Comment\",\"target\":[\"https:\\\/\\\/aconteceunovale.com.br\\\/portal\\\/?p=191887#respond\"]}]},{\"@type\":\"WebPage\",\"@id\":\"https:\\\/\\\/aconteceunovale.com.br\\\/portal\\\/?p=191887\",\"url\":\"https:\\\/\\\/aconteceunovale.com.br\\\/portal\\\/?p=191887\",\"name\":\"Deputada Carla Zambelli aponta arma contra suposto agressor; seguran\u00e7a \u00e9 preso por disparo - Aconteceu no Vale\",\"isPartOf\":{\"@id\":\"https:\\\/\\\/aconteceunovale.com.br\\\/portal\\\/#website\"},\"primaryImageOfPage\":{\"@id\":\"https:\\\/\\\/aconteceunovale.com.br\\\/portal\\\/?p=191887#primaryimage\"},\"image\":{\"@id\":\"https:\\\/\\\/aconteceunovale.com.br\\\/portal\\\/?p=191887#primaryimage\"},\"thumbnailUrl\":\"https:\\\/\\\/aconteceunovale.com.br\\\/portal\\\/wp-content\\\/uploads\\\/2022\\\/10\\\/carla_zambeli.jpg\",\"datePublished\":\"2022-10-30T12:25:10+00:00\",\"dateModified\":\"2022-10-30T13:33:29+00:00\",\"author\":{\"@id\":\"https:\\\/\\\/aconteceunovale.com.br\\\/portal\\\/#\\\/schema\\\/person\\\/7d2f26d1483f8a63de73da1ee0754d35\"},\"breadcrumb\":{\"@id\":\"https:\\\/\\\/aconteceunovale.com.br\\\/portal\\\/?p=191887#breadcrumb\"},\"inLanguage\":\"pt-BR\",\"potentialAction\":[{\"@type\":\"ReadAction\",\"target\":[\"https:\\\/\\\/aconteceunovale.com.br\\\/portal\\\/?p=191887\"]}]},{\"@type\":\"ImageObject\",\"inLanguage\":\"pt-BR\",\"@id\":\"https:\\\/\\\/aconteceunovale.com.br\\\/portal\\\/?p=191887#primaryimage\",\"url\":\"https:\\\/\\\/aconteceunovale.com.br\\\/portal\\\/wp-content\\\/uploads\\\/2022\\\/10\\\/carla_zambeli.jpg\",\"contentUrl\":\"https:\\\/\\\/aconteceunovale.com.br\\\/portal\\\/wp-content\\\/uploads\\\/2022\\\/10\\\/carla_zambeli.jpg\",\"width\":678,\"height\":356},{\"@type\":\"BreadcrumbList\",\"@id\":\"https:\\\/\\\/aconteceunovale.com.br\\\/portal\\\/?p=191887#breadcrumb\",\"itemListElement\":[{\"@type\":\"ListItem\",\"position\":1,\"name\":\"In\u00edcio\",\"item\":\"https:\\\/\\\/aconteceunovale.com.br\\\/portal\\\/\"},{\"@type\":\"ListItem\",\"position\":2,\"name\":\"Deputada Carla Zambelli aponta arma contra suposto agressor; seguran\u00e7a \u00e9 preso por disparo\"}]},{\"@type\":\"WebSite\",\"@id\":\"https:\\\/\\\/aconteceunovale.com.br\\\/portal\\\/#website\",\"url\":\"https:\\\/\\\/aconteceunovale.com.br\\\/portal\\\/\",\"name\":\"Aconteceu no Vale\",\"description\":\"Portal de Not\u00edcias\",\"potentialAction\":[{\"@type\":\"SearchAction\",\"target\":{\"@type\":\"EntryPoint\",\"urlTemplate\":\"https:\\\/\\\/aconteceunovale.com.br\\\/portal\\\/?s={search_term_string}\"},\"query-input\":{\"@type\":\"PropertyValueSpecification\",\"valueRequired\":true,\"valueName\":\"search_term_string\"}}],\"inLanguage\":\"pt-BR\"},{\"@type\":\"Person\",\"@id\":\"https:\\\/\\\/aconteceunovale.com.br\\\/portal\\\/#\\\/schema\\\/person\\\/7d2f26d1483f8a63de73da1ee0754d35\",\"name\":\"Reda\u00e7\u00e3o Aconteceu no Vale\",\"description\":\"Equipe de reportagem do Aconteceu no Vale, portal de not\u00edcias do Vale do Jequitinhonha, em Minas Gerais. Cobrimos as 51 cidades do Vale desde 2013. Sugest\u00f5es de pauta e pedidos de corre\u00e7\u00e3o: contato@aconteceunovale.com.br\",\"url\":\"https:\\\/\\\/aconteceunovale.com.br\\\/portal\\\/?author=4\"}]}<\/script>\n<!-- \/ Yoast SEO plugin. -->","yoast_head_json":{"title":"Deputada Carla Zambelli aponta arma contra suposto agressor; seguran\u00e7a \u00e9 preso por disparo - Aconteceu no Vale","robots":{"index":"index","follow":"follow","max-snippet":"max-snippet:-1","max-image-preview":"max-image-preview:large","max-video-preview":"max-video-preview:-1"},"canonical":"https:\/\/aconteceunovale.com.br\/portal\/?p=191887","og_locale":"pt_BR","og_type":"article","og_title":"Deputada Carla Zambelli aponta arma contra suposto agressor; seguran\u00e7a \u00e9 preso por disparo - Aconteceu no Vale","og_description":"Um seguran\u00e7a da deputada Carla Zambelli (PL), que n\u00e3o teve a identidade oficialmente revelada, foi preso em flagrante por disparo de arma de fogo pela Pol\u00edcia Civil de S\u00e3o Paulo, na madrugada deste domingo (30\/10\/2022). O seguran\u00e7a \u00e9 um dos envolvidos na confus\u00e3o entre a parlamentar e o jornalista Luan Ara\u00fajo durante uma discuss\u00e3o, no [&hellip;]","og_url":"https:\/\/aconteceunovale.com.br\/portal\/?p=191887","og_site_name":"Aconteceu no Vale","article_publisher":"https:\/\/www.facebook.com\/aconteceunovale\/","article_published_time":"2022-10-30T12:25:10+00:00","article_modified_time":"2022-10-30T13:33:29+00:00","og_image":[{"width":678,"height":356,"url":"https:\/\/aconteceunovale.com.br\/portal\/wp-content\/uploads\/2022\/10\/carla_zambeli.jpg","type":"image\/jpeg"}],"author":"Reda\u00e7\u00e3o Aconteceu no Vale","twitter_card":"summary_large_image","twitter_creator":"@noticiadosvales","twitter_site":"@noticiadosvales","twitter_misc":{"Escrito por":"Reda\u00e7\u00e3o Aconteceu no Vale","Est. tempo de leitura":"3 minutos"},"schema":{"@context":"https:\/\/schema.org","@graph":[{"@type":"Article","@id":"https:\/\/aconteceunovale.com.br\/portal\/?p=191887#article","isPartOf":{"@id":"https:\/\/aconteceunovale.com.br\/portal\/?p=191887"},"author":{"name":"Reda\u00e7\u00e3o Aconteceu no Vale","@id":"https:\/\/aconteceunovale.com.br\/portal\/#\/schema\/person\/7d2f26d1483f8a63de73da1ee0754d35"},"headline":"Deputada Carla Zambelli aponta arma contra suposto agressor; seguran\u00e7a \u00e9 preso por disparo","datePublished":"2022-10-30T12:25:10+00:00","dateModified":"2022-10-30T13:33:29+00:00","mainEntityOfPage":{"@id":"https:\/\/aconteceunovale.com.br\/portal\/?p=191887"},"wordCount":653,"commentCount":0,"image":{"@id":"https:\/\/aconteceunovale.com.br\/portal\/?p=191887#primaryimage"},"thumbnailUrl":"https:\/\/aconteceunovale.com.br\/portal\/wp-content\/uploads\/2022\/10\/carla_zambeli.jpg","keywords":["Alexandre de Moraes","brasil","Carla Zambelli","Caso Carla Zambelli","Deputada Carla Zambelli","Deputada Carla Zambelli aponta arma contra suposto agressor","Elei\u00e7\u00e3o para governador","Elei\u00e7\u00e3o para presidente da Rep\u00fablica","Elei\u00e7\u00e3o para presidente do Brasil","Elei\u00e7\u00f5es","Elei\u00e7\u00f5es 2022","Elei\u00e7\u00f5es brasileiras","Elei\u00e7\u00f5es no Brasil","Jornalista Luan Ara\u00fajo","Justi\u00e7a Eleitoral","Luan Ara\u00fajo Carla Zambelli","PL","S\u00e3o Paulo","Segundo turno das elei\u00e7\u00f5es 2022","Segundo turno das elei\u00e7\u00f5es brasileiras","Segundo turno no Brasil","TSE","Vota\u00e7\u00e3o elei\u00e7\u00f5es 2022"],"articleSection":["Brasil","Elei\u00e7\u00f5es 2022"],"inLanguage":"pt-BR","potentialAction":[{"@type":"CommentAction","name":"Comment","target":["https:\/\/aconteceunovale.com.br\/portal\/?p=191887#respond"]}]},{"@type":"WebPage","@id":"https:\/\/aconteceunovale.com.br\/portal\/?p=191887","url":"https:\/\/aconteceunovale.com.br\/portal\/?p=191887","name":"Deputada Carla Zambelli aponta arma contra suposto agressor; seguran\u00e7a \u00e9 preso por disparo - Aconteceu no Vale","isPartOf":{"@id":"https:\/\/aconteceunovale.com.br\/portal\/#website"},"primaryImageOfPage":{"@id":"https:\/\/aconteceunovale.com.br\/portal\/?p=191887#primaryimage"},"image":{"@id":"https:\/\/aconteceunovale.com.br\/portal\/?p=191887#primaryimage"},"thumbnailUrl":"https:\/\/aconteceunovale.com.br\/portal\/wp-content\/uploads\/2022\/10\/carla_zambeli.jpg","datePublished":"2022-10-30T12:25:10+00:00","dateModified":"2022-10-30T13:33:29+00:00","author":{"@id":"https:\/\/aconteceunovale.com.br\/portal\/#\/schema\/person\/7d2f26d1483f8a63de73da1ee0754d35"},"breadcrumb":{"@id":"https:\/\/aconteceunovale.com.br\/portal\/?p=191887#breadcrumb"},"inLanguage":"pt-BR","potentialAction":[{"@type":"ReadAction","target":["https:\/\/aconteceunovale.com.br\/portal\/?p=191887"]}]},{"@type":"ImageObject","inLanguage":"pt-BR","@id":"https:\/\/aconteceunovale.com.br\/portal\/?p=191887#primaryimage","url":"https:\/\/aconteceunovale.com.br\/portal\/wp-content\/uploads\/2022\/10\/carla_zambeli.jpg","contentUrl":"https:\/\/aconteceunovale.com.br\/portal\/wp-content\/uploads\/2022\/10\/carla_zambeli.jpg","width":678,"height":356},{"@type":"BreadcrumbList","@id":"https:\/\/aconteceunovale.com.br\/portal\/?p=191887#breadcrumb","itemListElement":[{"@type":"ListItem","position":1,"name":"In\u00edcio","item":"https:\/\/aconteceunovale.com.br\/portal\/"},{"@type":"ListItem","position":2,"name":"Deputada Carla Zambelli aponta arma contra suposto agressor; seguran\u00e7a \u00e9 preso por disparo"}]},{"@type":"WebSite","@id":"https:\/\/aconteceunovale.com.br\/portal\/#website","url":"https:\/\/aconteceunovale.com.br\/portal\/","name":"Aconteceu no Vale","description":"Portal de Not\u00edcias","potentialAction":[{"@type":"SearchAction","target":{"@type":"EntryPoint","urlTemplate":"https:\/\/aconteceunovale.com.br\/portal\/?s={search_term_string}"},"query-input":{"@type":"PropertyValueSpecification","valueRequired":true,"valueName":"search_term_string"}}],"inLanguage":"pt-BR"},{"@type":"Person","@id":"https:\/\/aconteceunovale.com.br\/portal\/#\/schema\/person\/7d2f26d1483f8a63de73da1ee0754d35","name":"Reda\u00e7\u00e3o Aconteceu no Vale","description":"Equipe de reportagem do Aconteceu no Vale, portal de not\u00edcias do Vale do Jequitinhonha, em Minas Gerais. Cobrimos as 51 cidades do Vale desde 2013. Sugest\u00f5es de pauta e pedidos de corre\u00e7\u00e3o: contato@aconteceunovale.com.br","url":"https:\/\/aconteceunovale.com.br\/portal\/?author=4"}]}},"_links":{"self":[{"href":"https:\/\/aconteceunovale.com.br\/portal\/index.php?rest_route=\/wp\/v2\/posts\/191887","targetHints":{"allow":["GET"]}}],"collection":[{"href":"https:\/\/aconteceunovale.com.br\/portal\/index.php?rest_route=\/wp\/v2\/posts"}],"about":[{"href":"https:\/\/aconteceunovale.com.br\/portal\/index.php?rest_route=\/wp\/v2\/types\/post"}],"author":[{"embeddable":true,"href":"https:\/\/aconteceunovale.com.br\/portal\/index.php?rest_route=\/wp\/v2\/users\/4"}],"replies":[{"embeddable":true,"href":"https:\/\/aconteceunovale.com.br\/portal\/index.php?rest_route=%2Fwp%2Fv2%2Fcomments&post=191887"}],"version-history":[{"count":1,"href":"https:\/\/aconteceunovale.com.br\/portal\/index.php?rest_route=\/wp\/v2\/posts\/191887\/revisions"}],"predecessor-version":[{"id":191889,"href":"https:\/\/aconteceunovale.com.br\/portal\/index.php?rest_route=\/wp\/v2\/posts\/191887\/revisions\/191889"}],"wp:featuredmedia":[{"embeddable":true,"href":"https:\/\/aconteceunovale.com.br\/portal\/index.php?rest_route=\/wp\/v2\/media\/191888"}],"wp:attachment":[{"href":"https:\/\/aconteceunovale.com.br\/portal\/index.php?rest_route=%2Fwp%2Fv2%2Fmedia&parent=191887"}],"wp:term":[{"taxonomy":"category","embeddable":true,"href":"https:\/\/aconteceunovale.com.br\/portal\/index.php?rest_route=%2Fwp%2Fv2%2Fcategories&post=191887"},{"taxonomy":"post_tag","embeddable":true,"href":"https:\/\/aconteceunovale.com.br\/portal\/index.php?rest_route=%2Fwp%2Fv2%2Ftags&post=191887"}],"curies":[{"name":"wp","href":"https:\/\/api.w.org\/{rel}","templated":true}]}}