{"id":191878,"date":"2022-10-30T08:14:00","date_gmt":"2022-10-30T11:14:00","guid":{"rendered":"https:\/\/aconteceunovale.com.br\/portal\/?p=191878"},"modified":"2022-10-30T10:17:51","modified_gmt":"2022-10-30T13:17:51","slug":"justificativa-eleitoral-deve-ser-feita-no-mesmo-horario-da-votacao","status":"publish","type":"post","link":"https:\/\/aconteceunovale.com.br\/portal\/?p=191878","title":{"rendered":"Justificativa eleitoral deve ser feita no mesmo hor\u00e1rio da vota\u00e7\u00e3o"},"content":{"rendered":"\n<p class=\"wp-block-paragraph\">Os eleitores que precisarem justificar a aus\u00eancia no segundo turno das elei\u00e7\u00f5es poder\u00e3o utilizar o aplicativo e-T\u00edtulo durante o hor\u00e1rio de vota\u00e7\u00e3o, das 8h \u00e0s 17h.<\/p>\n\n\n\n<p class=\"wp-block-paragraph\">O eleitor tamb\u00e9m pode entregar o formul\u00e1rio\u00a0<a rel=\"noreferrer noopener\" href=\"https:\/\/www.tse.jus.br\/++theme++justica_eleitoral\/pdfjs\/web\/viewer.html?file=https:\/\/www.tse.jus.br\/eleitor\/justificativa-eleitoral\/arquivos\/formulario-requerimento-de-justificativa-eleitoral-rje-eleicoes-2022\/@@download\/file\/formulario-de-requerimento-de-justificativa-eleitoral-dia-da-eleicao-2022.pdf\" target=\"_blank\">Requerimento de Justificativa Eleitoral<\/a>\u00a0preenchido nas mesas receptoras de votos ou de justificativas instaladas nos locais divulgados pelo\u00a0<a rel=\"noreferrer noopener\" href=\"https:\/\/www.tse.jus.br\/o-tse\/justica-eleitoral\/tres\/tribunais-regionais\" target=\"_blank\">Tribunal\u00a0Regional\u00a0Eleitoral<\/a>\u00a0do seu estado.\u00a0<\/p>\n\n\n\n<p class=\"wp-block-paragraph\">Quem n\u00e3o votou no primeiro turno e justificou, e n\u00e3o vai votar novamente no segundo turno,&nbsp;precisa fazer nova justificativa eleitoral.&nbsp;O eleitor que n\u00e3o votar e n\u00e3o justificar a aus\u00eancia do voto por&nbsp;tr\u00eas turnos consecutivos ter\u00e1 sua inscri\u00e7\u00e3o eleitoral cancelada.&nbsp;<\/p>\n\n\n\n<p class=\"wp-block-paragraph\">Se n\u00e3o for poss\u00edvel fazer a justificativa durante o hor\u00e1rio de vota\u00e7\u00e3o, \u00e9 poss\u00edvel regularizar a situa\u00e7\u00e3o at\u00e9 60 dias ap\u00f3s cada turno sem o pagamento de multa. Nas elei\u00e7\u00f5es de 2022, o&nbsp;eleitor&nbsp;que deixar de votar e n\u00e3o justificar a aus\u00eancia no dia da elei\u00e7\u00e3o poder\u00e1 apresentar justificativa \u00e0 zona eleitoral em que for inscrito(a)&nbsp;at\u00e9 1\u00ba de dezembro de 2022&nbsp;(para aus\u00eancia no 1\u00ba turno \u2013 02\/10\/2022);&nbsp;at\u00e9 9 de janeiro de 2023&nbsp;(para aus\u00eancia no 2\u00ba turno \u2013 30\/10\/2022, se houver).<\/p>\n\n\n\n<p class=\"wp-block-paragraph\">O procedimento pode ser feito pelo e-T\u00edtulo ou pelo&nbsp;<a href=\"https:\/\/justifica.tse.jus.br\/\" target=\"_blank\" rel=\"noreferrer noopener\">Sistema Justifica<\/a>. Al\u00e9m de preencher os documentos, \u00e9 necess\u00e1rio anexar comprovantes (um bilhete de passagem, por exemplo)&nbsp;que justifiquem a aus\u00eancia na vota\u00e7\u00e3o. A justificativa&nbsp;ser\u00e1 analisada por um juiz eleitoral.<\/p>\n\n\n\n<p class=\"wp-block-paragraph\">Quem estiver no exterior pode justificar pelo e-T\u00edtulo no hor\u00e1rio da vota\u00e7\u00e3o. Tamb\u00e9m \u00e9 poss\u00edvel fazer a justificativa posterior com prazo de 60 dias ap\u00f3s cada turno ou 30 dias depois do retorno ao Brasil.&nbsp;<\/p>\n\n\n\n<h2 class=\"wp-block-heading\">Confira o hor\u00e1rio de vota\u00e7\u00e3o e justificativa em todo o pa\u00eds:<\/h2>\n\n\n\n<figure class=\"wp-block-gallery has-nested-images columns-default is-cropped wp-block-gallery-1 is-layout-flex wp-block-gallery-is-layout-flex\">\n<figure class=\"wp-block-image size-large\"><img loading=\"lazy\" decoding=\"async\" width=\"754\" height=\"451\" data-id=\"191861\" src=\"https:\/\/aconteceunovale.com.br\/portal\/wp-content\/uploads\/2022\/10\/horario_votacao-1.jpg\" alt=\"\" class=\"wp-image-191861\" srcset=\"https:\/\/aconteceunovale.com.br\/portal\/wp-content\/uploads\/2022\/10\/horario_votacao-1.jpg 754w, https:\/\/aconteceunovale.com.br\/portal\/wp-content\/uploads\/2022\/10\/horario_votacao-1-300x179.jpg 300w, https:\/\/aconteceunovale.com.br\/portal\/wp-content\/uploads\/2022\/10\/horario_votacao-1-696x416.jpg 696w, https:\/\/aconteceunovale.com.br\/portal\/wp-content\/uploads\/2022\/10\/horario_votacao-1-702x420.jpg 702w\" sizes=\"auto, (max-width: 754px) 100vw, 754px\" \/><figcaption><em><sub>Arte: EBC<\/sub><\/em><\/figcaption><\/figure>\n<\/figure>\n\n\n\n<p class=\"wp-block-paragraph\">&#8212;&#8212;&#8212;&#8212;&#8212;&#8212;<br><br><strong>Sabia que o Aconteceu no Vale est\u00e1 tamb\u00e9m no Telegram? <a rel=\"noreferrer noopener\" href=\"https:\/\/t.me\/aconteceunovaleoficial\" target=\"_blank\">Inscreva-se no canal<\/a>.<\/strong><br><br><strong>J\u00e1 curtiu ou seguiu nossas p\u00e1ginas nas redes sociais?\u00a0Receba as not\u00edcias em primeira m\u00e3o:<\/strong><br>\u2022 <a rel=\"noreferrer noopener\" href=\"https:\/\/news.google.com\/publications\/CAAqBwgKMNjklQswi4etAw?hl=pt-BR&amp;gl=BR&amp;ceid=BR%3Apt-419\" target=\"_blank\">Google News<\/a><br>\u2022 <a rel=\"noreferrer noopener\" href=\"https:\/\/www.facebook.com\/aconteceunovale\/\" target=\"_blank\">Facebook<\/a><br>\u2022 <a rel=\"noreferrer noopener\" href=\"https:\/\/twitter.com\/noticiadosvales\" target=\"_blank\">Twitter<\/a><br>\u2022 <a rel=\"noreferrer noopener\" href=\"https:\/\/www.instagram.com\/aconteceunovale\" target=\"_blank\">Instagram<\/a><br>\u2022 <a rel=\"noreferrer noopener\" href=\"https:\/\/www.youtube.com\/AconteceunoValeOficial\" target=\"_blank\">Youtube<\/a><br>\u2022 <a rel=\"noreferrer noopener\" href=\"https:\/\/www.tiktok.com\/@aconteceunovale\" target=\"_blank\">TikTok<\/a><\/p>\n","protected":false},"excerpt":{"rendered":"<p>Os eleitores que precisarem justificar a aus\u00eancia no segundo turno das elei\u00e7\u00f5es poder\u00e3o utilizar o aplicativo e-T\u00edtulo durante o hor\u00e1rio de vota\u00e7\u00e3o, das 8h \u00e0s 17h. O eleitor tamb\u00e9m pode entregar o formul\u00e1rio\u00a0Requerimento de Justificativa Eleitoral\u00a0preenchido nas mesas receptoras de votos ou de justificativas instaladas nos locais divulgados pelo\u00a0Tribunal\u00a0Regional\u00a0Eleitoral\u00a0do seu estado.\u00a0 Quem n\u00e3o votou no [&hellip;]<\/p>\n","protected":false},"author":4,"featured_media":172288,"comment_status":"open","ping_status":"closed","sticky":false,"template":"","format":"standard","meta":{"amp_status":"","footnotes":""},"categories":[6,249933],"tags":[4785,265556,17641,265527,265526,261746,718,252238,265523,261226,17642,124832,265555,264572,265524,265525,265508],"class_list":["post-191878","post","type-post","status-publish","format-standard","has-post-thumbnail","hentry","category-br","category-eleicoes-2022","tag-brasil","tag-como-justificar-ausencia-na-votacao","tag-como-justificar-voto","tag-eleicao-para-governador","tag-eleicao-para-presidente-da-republica","tag-eleicao-para-presidente-do-brasil","tag-eleicoes","tag-eleicoes-2022","tag-eleicoes-brasileiras","tag-eleicoes-no-brasil","tag-justificar-voto","tag-justificativa-eleitoral","tag-justificativa-eleitoral-deve-ser-feita-no-mesmo-horario-da-votacao","tag-segundo-turno-das-eleicoes-2022","tag-segundo-turno-das-eleicoes-brasileiras","tag-segundo-turno-no-brasil","tag-votacao-eleicoes-2022"],"yoast_head":"<!-- This site is optimized with the Yoast SEO plugin v28.3 - https:\/\/yoast.com\/product\/yoast-seo-wordpress\/ -->\n<title>Justificativa eleitoral deve ser feita no mesmo hor\u00e1rio da vota\u00e7\u00e3o - Aconteceu no Vale<\/title>\n<meta name=\"robots\" content=\"index, follow, max-snippet:-1, max-image-preview:large, max-video-preview:-1\" \/>\n<link rel=\"canonical\" href=\"https:\/\/aconteceunovale.com.br\/portal\/?p=191878\" \/>\n<meta property=\"og:locale\" content=\"pt_BR\" \/>\n<meta property=\"og:type\" content=\"article\" \/>\n<meta property=\"og:title\" content=\"Justificativa eleitoral deve ser feita no mesmo hor\u00e1rio da vota\u00e7\u00e3o - Aconteceu no Vale\" \/>\n<meta property=\"og:description\" content=\"Os eleitores que precisarem justificar a aus\u00eancia no segundo turno das elei\u00e7\u00f5es poder\u00e3o utilizar o aplicativo e-T\u00edtulo durante o hor\u00e1rio de vota\u00e7\u00e3o, das 8h \u00e0s 17h. O eleitor tamb\u00e9m pode entregar o formul\u00e1rio\u00a0Requerimento de Justificativa Eleitoral\u00a0preenchido nas mesas receptoras de votos ou de justificativas instaladas nos locais divulgados pelo\u00a0Tribunal\u00a0Regional\u00a0Eleitoral\u00a0do seu estado.\u00a0 Quem n\u00e3o votou no [&hellip;]\" \/>\n<meta property=\"og:url\" content=\"https:\/\/aconteceunovale.com.br\/portal\/?p=191878\" \/>\n<meta property=\"og:site_name\" content=\"Aconteceu no Vale\" \/>\n<meta property=\"article:publisher\" content=\"https:\/\/www.facebook.com\/aconteceunovale\/\" \/>\n<meta property=\"article:published_time\" content=\"2022-10-30T11:14:00+00:00\" \/>\n<meta property=\"article:modified_time\" content=\"2022-10-30T13:17:51+00:00\" \/>\n<meta property=\"og:image\" content=\"https:\/\/aconteceunovale.com.br\/portal\/wp-content\/uploads\/2021\/01\/etitulo.jpg\" \/>\n\t<meta property=\"og:image:width\" content=\"678\" \/>\n\t<meta property=\"og:image:height\" content=\"406\" \/>\n\t<meta property=\"og:image:type\" content=\"image\/jpeg\" \/>\n<meta name=\"author\" content=\"Reda\u00e7\u00e3o Aconteceu no Vale\" \/>\n<meta name=\"twitter:card\" content=\"summary_large_image\" \/>\n<meta name=\"twitter:creator\" content=\"@noticiadosvales\" \/>\n<meta name=\"twitter:site\" content=\"@noticiadosvales\" \/>\n<meta name=\"twitter:label1\" content=\"Escrito por\" \/>\n\t<meta name=\"twitter:data1\" content=\"Reda\u00e7\u00e3o Aconteceu no Vale\" \/>\n\t<meta name=\"twitter:label2\" content=\"Est. tempo de leitura\" \/>\n\t<meta name=\"twitter:data2\" content=\"2 minutos\" \/>\n<script type=\"application\/ld+json\" class=\"yoast-schema-graph\">{\"@context\":\"https:\\\/\\\/schema.org\",\"@graph\":[{\"@type\":\"Article\",\"@id\":\"https:\\\/\\\/aconteceunovale.com.br\\\/portal\\\/?p=191878#article\",\"isPartOf\":{\"@id\":\"https:\\\/\\\/aconteceunovale.com.br\\\/portal\\\/?p=191878\"},\"author\":{\"name\":\"Reda\u00e7\u00e3o Aconteceu no Vale\",\"@id\":\"https:\\\/\\\/aconteceunovale.com.br\\\/portal\\\/#\\\/schema\\\/person\\\/7d2f26d1483f8a63de73da1ee0754d35\"},\"headline\":\"Justificativa eleitoral deve ser feita no mesmo hor\u00e1rio da vota\u00e7\u00e3o\",\"datePublished\":\"2022-10-30T11:14:00+00:00\",\"dateModified\":\"2022-10-30T13:17:51+00:00\",\"mainEntityOfPage\":{\"@id\":\"https:\\\/\\\/aconteceunovale.com.br\\\/portal\\\/?p=191878\"},\"wordCount\":363,\"commentCount\":0,\"image\":{\"@id\":\"https:\\\/\\\/aconteceunovale.com.br\\\/portal\\\/?p=191878#primaryimage\"},\"thumbnailUrl\":\"https:\\\/\\\/aconteceunovale.com.br\\\/portal\\\/wp-content\\\/uploads\\\/2021\\\/01\\\/etitulo.jpg\",\"keywords\":[\"brasil\",\"Como justificar aus\u00eancia na vota\u00e7\u00e3o\",\"como justificar voto\",\"Elei\u00e7\u00e3o para governador\",\"Elei\u00e7\u00e3o para presidente da Rep\u00fablica\",\"Elei\u00e7\u00e3o para presidente do Brasil\",\"Elei\u00e7\u00f5es\",\"Elei\u00e7\u00f5es 2022\",\"Elei\u00e7\u00f5es brasileiras\",\"Elei\u00e7\u00f5es no Brasil\",\"justificar voto\",\"Justificativa eleitoral\",\"Justificativa eleitoral deve ser feita no mesmo hor\u00e1rio da vota\u00e7\u00e3o\",\"Segundo turno das elei\u00e7\u00f5es 2022\",\"Segundo turno das elei\u00e7\u00f5es brasileiras\",\"Segundo turno no Brasil\",\"Vota\u00e7\u00e3o elei\u00e7\u00f5es 2022\"],\"articleSection\":[\"Brasil\",\"Elei\u00e7\u00f5es 2022\"],\"inLanguage\":\"pt-BR\",\"potentialAction\":[{\"@type\":\"CommentAction\",\"name\":\"Comment\",\"target\":[\"https:\\\/\\\/aconteceunovale.com.br\\\/portal\\\/?p=191878#respond\"]}]},{\"@type\":\"WebPage\",\"@id\":\"https:\\\/\\\/aconteceunovale.com.br\\\/portal\\\/?p=191878\",\"url\":\"https:\\\/\\\/aconteceunovale.com.br\\\/portal\\\/?p=191878\",\"name\":\"Justificativa eleitoral deve ser feita no mesmo hor\u00e1rio da vota\u00e7\u00e3o - Aconteceu no Vale\",\"isPartOf\":{\"@id\":\"https:\\\/\\\/aconteceunovale.com.br\\\/portal\\\/#website\"},\"primaryImageOfPage\":{\"@id\":\"https:\\\/\\\/aconteceunovale.com.br\\\/portal\\\/?p=191878#primaryimage\"},\"image\":{\"@id\":\"https:\\\/\\\/aconteceunovale.com.br\\\/portal\\\/?p=191878#primaryimage\"},\"thumbnailUrl\":\"https:\\\/\\\/aconteceunovale.com.br\\\/portal\\\/wp-content\\\/uploads\\\/2021\\\/01\\\/etitulo.jpg\",\"datePublished\":\"2022-10-30T11:14:00+00:00\",\"dateModified\":\"2022-10-30T13:17:51+00:00\",\"author\":{\"@id\":\"https:\\\/\\\/aconteceunovale.com.br\\\/portal\\\/#\\\/schema\\\/person\\\/7d2f26d1483f8a63de73da1ee0754d35\"},\"breadcrumb\":{\"@id\":\"https:\\\/\\\/aconteceunovale.com.br\\\/portal\\\/?p=191878#breadcrumb\"},\"inLanguage\":\"pt-BR\",\"potentialAction\":[{\"@type\":\"ReadAction\",\"target\":[\"https:\\\/\\\/aconteceunovale.com.br\\\/portal\\\/?p=191878\"]}]},{\"@type\":\"ImageObject\",\"inLanguage\":\"pt-BR\",\"@id\":\"https:\\\/\\\/aconteceunovale.com.br\\\/portal\\\/?p=191878#primaryimage\",\"url\":\"https:\\\/\\\/aconteceunovale.com.br\\\/portal\\\/wp-content\\\/uploads\\\/2021\\\/01\\\/etitulo.jpg\",\"contentUrl\":\"https:\\\/\\\/aconteceunovale.com.br\\\/portal\\\/wp-content\\\/uploads\\\/2021\\\/01\\\/etitulo.jpg\",\"width\":678,\"height\":406},{\"@type\":\"BreadcrumbList\",\"@id\":\"https:\\\/\\\/aconteceunovale.com.br\\\/portal\\\/?p=191878#breadcrumb\",\"itemListElement\":[{\"@type\":\"ListItem\",\"position\":1,\"name\":\"In\u00edcio\",\"item\":\"https:\\\/\\\/aconteceunovale.com.br\\\/portal\\\/\"},{\"@type\":\"ListItem\",\"position\":2,\"name\":\"Justificativa eleitoral deve ser feita no mesmo hor\u00e1rio da vota\u00e7\u00e3o\"}]},{\"@type\":\"WebSite\",\"@id\":\"https:\\\/\\\/aconteceunovale.com.br\\\/portal\\\/#website\",\"url\":\"https:\\\/\\\/aconteceunovale.com.br\\\/portal\\\/\",\"name\":\"Aconteceu no Vale\",\"description\":\"Portal de Not\u00edcias\",\"potentialAction\":[{\"@type\":\"SearchAction\",\"target\":{\"@type\":\"EntryPoint\",\"urlTemplate\":\"https:\\\/\\\/aconteceunovale.com.br\\\/portal\\\/?s={search_term_string}\"},\"query-input\":{\"@type\":\"PropertyValueSpecification\",\"valueRequired\":true,\"valueName\":\"search_term_string\"}}],\"inLanguage\":\"pt-BR\"},{\"@type\":\"Person\",\"@id\":\"https:\\\/\\\/aconteceunovale.com.br\\\/portal\\\/#\\\/schema\\\/person\\\/7d2f26d1483f8a63de73da1ee0754d35\",\"name\":\"Reda\u00e7\u00e3o Aconteceu no Vale\",\"description\":\"Equipe de reportagem do Aconteceu no Vale, portal de not\u00edcias do Vale do Jequitinhonha, em Minas Gerais. Cobrimos as 51 cidades do Vale desde 2013. Sugest\u00f5es de pauta e pedidos de corre\u00e7\u00e3o: contato@aconteceunovale.com.br\",\"url\":\"https:\\\/\\\/aconteceunovale.com.br\\\/portal\\\/?author=4\"}]}<\/script>\n<!-- \/ Yoast SEO plugin. -->","yoast_head_json":{"title":"Justificativa eleitoral deve ser feita no mesmo hor\u00e1rio da vota\u00e7\u00e3o - Aconteceu no Vale","robots":{"index":"index","follow":"follow","max-snippet":"max-snippet:-1","max-image-preview":"max-image-preview:large","max-video-preview":"max-video-preview:-1"},"canonical":"https:\/\/aconteceunovale.com.br\/portal\/?p=191878","og_locale":"pt_BR","og_type":"article","og_title":"Justificativa eleitoral deve ser feita no mesmo hor\u00e1rio da vota\u00e7\u00e3o - Aconteceu no Vale","og_description":"Os eleitores que precisarem justificar a aus\u00eancia no segundo turno das elei\u00e7\u00f5es poder\u00e3o utilizar o aplicativo e-T\u00edtulo durante o hor\u00e1rio de vota\u00e7\u00e3o, das 8h \u00e0s 17h. O eleitor tamb\u00e9m pode entregar o formul\u00e1rio\u00a0Requerimento de Justificativa Eleitoral\u00a0preenchido nas mesas receptoras de votos ou de justificativas instaladas nos locais divulgados pelo\u00a0Tribunal\u00a0Regional\u00a0Eleitoral\u00a0do seu estado.\u00a0 Quem n\u00e3o votou no [&hellip;]","og_url":"https:\/\/aconteceunovale.com.br\/portal\/?p=191878","og_site_name":"Aconteceu no Vale","article_publisher":"https:\/\/www.facebook.com\/aconteceunovale\/","article_published_time":"2022-10-30T11:14:00+00:00","article_modified_time":"2022-10-30T13:17:51+00:00","og_image":[{"width":678,"height":406,"url":"https:\/\/aconteceunovale.com.br\/portal\/wp-content\/uploads\/2021\/01\/etitulo.jpg","type":"image\/jpeg"}],"author":"Reda\u00e7\u00e3o Aconteceu no Vale","twitter_card":"summary_large_image","twitter_creator":"@noticiadosvales","twitter_site":"@noticiadosvales","twitter_misc":{"Escrito por":"Reda\u00e7\u00e3o Aconteceu no Vale","Est. tempo de leitura":"2 minutos"},"schema":{"@context":"https:\/\/schema.org","@graph":[{"@type":"Article","@id":"https:\/\/aconteceunovale.com.br\/portal\/?p=191878#article","isPartOf":{"@id":"https:\/\/aconteceunovale.com.br\/portal\/?p=191878"},"author":{"name":"Reda\u00e7\u00e3o Aconteceu no Vale","@id":"https:\/\/aconteceunovale.com.br\/portal\/#\/schema\/person\/7d2f26d1483f8a63de73da1ee0754d35"},"headline":"Justificativa eleitoral deve ser feita no mesmo hor\u00e1rio da vota\u00e7\u00e3o","datePublished":"2022-10-30T11:14:00+00:00","dateModified":"2022-10-30T13:17:51+00:00","mainEntityOfPage":{"@id":"https:\/\/aconteceunovale.com.br\/portal\/?p=191878"},"wordCount":363,"commentCount":0,"image":{"@id":"https:\/\/aconteceunovale.com.br\/portal\/?p=191878#primaryimage"},"thumbnailUrl":"https:\/\/aconteceunovale.com.br\/portal\/wp-content\/uploads\/2021\/01\/etitulo.jpg","keywords":["brasil","Como justificar aus\u00eancia na vota\u00e7\u00e3o","como justificar voto","Elei\u00e7\u00e3o para governador","Elei\u00e7\u00e3o para presidente da Rep\u00fablica","Elei\u00e7\u00e3o para presidente do Brasil","Elei\u00e7\u00f5es","Elei\u00e7\u00f5es 2022","Elei\u00e7\u00f5es brasileiras","Elei\u00e7\u00f5es no Brasil","justificar voto","Justificativa eleitoral","Justificativa eleitoral deve ser feita no mesmo hor\u00e1rio da vota\u00e7\u00e3o","Segundo turno das elei\u00e7\u00f5es 2022","Segundo turno das elei\u00e7\u00f5es brasileiras","Segundo turno no Brasil","Vota\u00e7\u00e3o elei\u00e7\u00f5es 2022"],"articleSection":["Brasil","Elei\u00e7\u00f5es 2022"],"inLanguage":"pt-BR","potentialAction":[{"@type":"CommentAction","name":"Comment","target":["https:\/\/aconteceunovale.com.br\/portal\/?p=191878#respond"]}]},{"@type":"WebPage","@id":"https:\/\/aconteceunovale.com.br\/portal\/?p=191878","url":"https:\/\/aconteceunovale.com.br\/portal\/?p=191878","name":"Justificativa eleitoral deve ser feita no mesmo hor\u00e1rio da vota\u00e7\u00e3o - Aconteceu no Vale","isPartOf":{"@id":"https:\/\/aconteceunovale.com.br\/portal\/#website"},"primaryImageOfPage":{"@id":"https:\/\/aconteceunovale.com.br\/portal\/?p=191878#primaryimage"},"image":{"@id":"https:\/\/aconteceunovale.com.br\/portal\/?p=191878#primaryimage"},"thumbnailUrl":"https:\/\/aconteceunovale.com.br\/portal\/wp-content\/uploads\/2021\/01\/etitulo.jpg","datePublished":"2022-10-30T11:14:00+00:00","dateModified":"2022-10-30T13:17:51+00:00","author":{"@id":"https:\/\/aconteceunovale.com.br\/portal\/#\/schema\/person\/7d2f26d1483f8a63de73da1ee0754d35"},"breadcrumb":{"@id":"https:\/\/aconteceunovale.com.br\/portal\/?p=191878#breadcrumb"},"inLanguage":"pt-BR","potentialAction":[{"@type":"ReadAction","target":["https:\/\/aconteceunovale.com.br\/portal\/?p=191878"]}]},{"@type":"ImageObject","inLanguage":"pt-BR","@id":"https:\/\/aconteceunovale.com.br\/portal\/?p=191878#primaryimage","url":"https:\/\/aconteceunovale.com.br\/portal\/wp-content\/uploads\/2021\/01\/etitulo.jpg","contentUrl":"https:\/\/aconteceunovale.com.br\/portal\/wp-content\/uploads\/2021\/01\/etitulo.jpg","width":678,"height":406},{"@type":"BreadcrumbList","@id":"https:\/\/aconteceunovale.com.br\/portal\/?p=191878#breadcrumb","itemListElement":[{"@type":"ListItem","position":1,"name":"In\u00edcio","item":"https:\/\/aconteceunovale.com.br\/portal\/"},{"@type":"ListItem","position":2,"name":"Justificativa eleitoral deve ser feita no mesmo hor\u00e1rio da vota\u00e7\u00e3o"}]},{"@type":"WebSite","@id":"https:\/\/aconteceunovale.com.br\/portal\/#website","url":"https:\/\/aconteceunovale.com.br\/portal\/","name":"Aconteceu no Vale","description":"Portal de Not\u00edcias","potentialAction":[{"@type":"SearchAction","target":{"@type":"EntryPoint","urlTemplate":"https:\/\/aconteceunovale.com.br\/portal\/?s={search_term_string}"},"query-input":{"@type":"PropertyValueSpecification","valueRequired":true,"valueName":"search_term_string"}}],"inLanguage":"pt-BR"},{"@type":"Person","@id":"https:\/\/aconteceunovale.com.br\/portal\/#\/schema\/person\/7d2f26d1483f8a63de73da1ee0754d35","name":"Reda\u00e7\u00e3o Aconteceu no Vale","description":"Equipe de reportagem do Aconteceu no Vale, portal de not\u00edcias do Vale do Jequitinhonha, em Minas Gerais. Cobrimos as 51 cidades do Vale desde 2013. Sugest\u00f5es de pauta e pedidos de corre\u00e7\u00e3o: contato@aconteceunovale.com.br","url":"https:\/\/aconteceunovale.com.br\/portal\/?author=4"}]}},"_links":{"self":[{"href":"https:\/\/aconteceunovale.com.br\/portal\/index.php?rest_route=\/wp\/v2\/posts\/191878","targetHints":{"allow":["GET"]}}],"collection":[{"href":"https:\/\/aconteceunovale.com.br\/portal\/index.php?rest_route=\/wp\/v2\/posts"}],"about":[{"href":"https:\/\/aconteceunovale.com.br\/portal\/index.php?rest_route=\/wp\/v2\/types\/post"}],"author":[{"embeddable":true,"href":"https:\/\/aconteceunovale.com.br\/portal\/index.php?rest_route=\/wp\/v2\/users\/4"}],"replies":[{"embeddable":true,"href":"https:\/\/aconteceunovale.com.br\/portal\/index.php?rest_route=%2Fwp%2Fv2%2Fcomments&post=191878"}],"version-history":[{"count":1,"href":"https:\/\/aconteceunovale.com.br\/portal\/index.php?rest_route=\/wp\/v2\/posts\/191878\/revisions"}],"predecessor-version":[{"id":191879,"href":"https:\/\/aconteceunovale.com.br\/portal\/index.php?rest_route=\/wp\/v2\/posts\/191878\/revisions\/191879"}],"wp:featuredmedia":[{"embeddable":true,"href":"https:\/\/aconteceunovale.com.br\/portal\/index.php?rest_route=\/wp\/v2\/media\/172288"}],"wp:attachment":[{"href":"https:\/\/aconteceunovale.com.br\/portal\/index.php?rest_route=%2Fwp%2Fv2%2Fmedia&parent=191878"}],"wp:term":[{"taxonomy":"category","embeddable":true,"href":"https:\/\/aconteceunovale.com.br\/portal\/index.php?rest_route=%2Fwp%2Fv2%2Fcategories&post=191878"},{"taxonomy":"post_tag","embeddable":true,"href":"https:\/\/aconteceunovale.com.br\/portal\/index.php?rest_route=%2Fwp%2Fv2%2Ftags&post=191878"}],"curies":[{"name":"wp","href":"https:\/\/api.w.org\/{rel}","templated":true}]}}