{"id":191852,"date":"2022-10-30T06:23:00","date_gmt":"2022-10-30T09:23:00","guid":{"rendered":"https:\/\/aconteceunovale.com.br\/portal\/?p=191852"},"modified":"2022-10-30T09:55:40","modified_gmt":"2022-10-30T12:55:40","slug":"conheca-os-perfis-dos-candidatos-a-presidencia-do-brasil","status":"publish","type":"post","link":"https:\/\/aconteceunovale.com.br\/portal\/?p=191852","title":{"rendered":"Conhe\u00e7a os perfis dos candidatos \u00e0 Presid\u00eancia do Brasil"},"content":{"rendered":"\n<p class=\"wp-block-paragraph\">Mais de 156 milh\u00f5es de brasileiros est\u00e3o aptos a votar neste domingo (30), no segundo turno das elei\u00e7\u00f5es, para escolher\u00a0quem dever\u00e1 ser o presidente da Rep\u00fablica do pa\u00eds. Est\u00e3o na disputa o presidente Jair Messias Bolsonaro (PL), que tenta a reelei\u00e7\u00e3o,\u00a0e o ex-presidente Luiz In\u00e1cio Lula da Silva (PT).<\/p>\n\n\n\n<p class=\"wp-block-paragraph\">No primeiro turno, realizado no dia 2 de outubro, de acordo com o\u00a0resultado final\u00a0da apura\u00e7\u00e3o divulgado pelo Tribunal Superior Eleitoral (TSE),\u00a0Lula obteve\u00a048,43% dos votos, o equivalente a 57.259.504, enquanto o presidente Bolsonaro ficou com 43,2%, o equivalente a 51.072.345 votos.\u00a0<\/p>\n\n\n\n<h2 class=\"wp-block-heading\">Jair Bolsonaro (PL)<\/h2>\n\n\n\n<p class=\"wp-block-paragraph\">Nascido em 1955 no munic\u00edpio de Glic\u00e9rio (SP) e registrado na cidade paulista de Campinas, Jair Messias Bolsonaro formou-se em 1977 na Academia Militar das Agulhas Negras, em Resende (RJ). Posteriormente, serviu nos grupos de artilharia de campanha e paraquedismo do Ex\u00e9rcito. Militar reformado, tendo chegado a capit\u00e3o do Ex\u00e9rcito, ele \u00e9 atualmente o 38\u00ba presidente do Brasil, cargo que assumiu em 1\u00ba de janeiro de 2019.<\/p>\n\n\n\n<p class=\"wp-block-paragraph\">Bolsonaro exerceu sete mandatos de deputado federal pelo Rio de Janeiro entre 1991 e 2018. Antes foi tamb\u00e9m vereador na capital carioca entre 1989 e 1991.<\/p>\n\n\n\n<p class=\"wp-block-paragraph\">Tr\u00eas de seus cinco filhos tamb\u00e9m se embrenharam pela pol\u00edtica. Carlos Bolsonaro \u00e9 vereador na capital carioca, Eduardo Bolsonaro \u00e9 deputado federal por S\u00e3o Paulo e Fl\u00e1vio Bolsonaro senador pelo Rio de Janeiro.<\/p>\n\n\n\n<p class=\"wp-block-paragraph\">Ao longo de sua trajet\u00f3ria pol\u00edtica, Bolsonaro integrou os quadros de nove partidos. Passou por PDC, PPR, PPB, PTB, PFL, PP e PSC. Em 2018, foi eleito presidente da Rep\u00fablica pelo Partido Social Liberal (PSL). Neste ano, candidatou-se \u00e0 reelei\u00e7\u00e3o pelo PL.<\/p>\n\n\n\n<p class=\"wp-block-paragraph\">O candidato a vice-presidente na chapa \u00e9 Walter Braga Netto. Tendo alcan\u00e7ado o posto de general do Ex\u00e9rcito, ele atualmente \u00e9 militar da reserva. Natural de Belo Horizonte em 1957, Braga Netto chefiou entre fevereiro de 2018 a janeiro de 2019, a interven\u00e7\u00e3o federal na seguran\u00e7a p\u00fablica do Rio de Janeiro. Na \u00e9poca, ele era comandante Militar do Leste, posto que ocupou at\u00e9 fevereiro de 2019, quando assumiu a chefia do Estado-Maior do Ex\u00e9rcito. Como integrante do governo comandado por Bolsonaro, ele foi ministro-chefe da Casa Civil e \u00e9 atualmente ministro da Defesa.<\/p>\n\n\n\n<h2 class=\"wp-block-heading\">Lula (PT)<\/h2>\n\n\n\n<p class=\"wp-block-paragraph\">Nascido em Garanhuns (PE), Luiz In\u00e1cio Lula da Silva se mudou ainda crian\u00e7a para o estado de S\u00e3o Paulo. Durante a adolesc\u00eancia, completou um curso de torneiro mec\u00e2nico em uma unidade do Servi\u00e7o Nacional de Aprendizagem Industrial (Senai) e, posteriormente, passou a trabalhar como metal\u00fargico na cidade de S\u00e3o Bernardo do Campo, quando tamb\u00e9m come\u00e7ou a se envolver com a atividade sindical.<\/p>\n\n\n\n<p class=\"wp-block-paragraph\">No final dos anos 1970 e 1980, Lula liderou grandes greves de metal\u00fargicos da regi\u00e3o do ABC paulista. Junto a outros sindicalistas, intelectuais e militantes de movimentos sociais, fundou o Partido dos Trabalhadores (PT).<\/p>\n\n\n\n<p class=\"wp-block-paragraph\">Pela legenda, se tornou deputado da Assembleia Constituinte que aprovou a Constitui\u00e7\u00e3o de 1988 e foi derrotado nas elei\u00e7\u00f5es presidenciais de 1989, de 1994 e de 1998. Foi eleito para o posto mais alto do pa\u00eds em 2002, tendo sido reeleito em 2006. Deixou a Presid\u00eancia em 2010, sendo sucedido por sua ent\u00e3o ministra da Casa Civil, Dilma Rousseff, que venceu as elei\u00e7\u00f5es com o seu apoio.<\/p>\n\n\n\n<p class=\"wp-block-paragraph\">Em 2017, Lula foi condenado a nove anos e seis meses de pris\u00e3o por corrup\u00e7\u00e3o e lavagem de dinheiro. Em 2018, teve a pris\u00e3o decretada pelo ent\u00e3o juiz Sergio Moro. As condena\u00e7\u00f5es foram anuladas em 2021 pelo Supremo Tribunal Federal (STF), que considerou que a 13\u00aa Vara Federal em Curitiba n\u00e3o tinha compet\u00eancia legal para julgar as acusa\u00e7\u00f5es. O STF tamb\u00e9m considerou posteriormente que Moro agiu sem a devida imparcialidade no processo.<\/p>\n\n\n\n<p class=\"wp-block-paragraph\">Aos 77\u00a0anos, Luiz In\u00e1cio Lula da Silva busca seu terceiro mandato como presidente. O candidato a vice em sua chapa \u00e9 Geraldo Alckmin (PSB) que foi seu advers\u00e1rio na disputa de 2006. Nascido em Pindamonhangaba (SP), ele tem 68 anos, \u00e9 m\u00e9dico e professor. Alckmin foi um dos fundadores do Partido da Social Democracia Brasileira (PSDB) e ocupou os quadros do partido entre 1988 e 2021. Ele tamb\u00e9m foi constituinte e governou S\u00e3o Paulo em duas ocasi\u00f5es: de 2001 a 2006 e de 2011 a 2018.<\/p>\n\n\n\n<p class=\"wp-block-paragraph\">&#8212;&#8212;&#8212;&#8212;&#8212;&#8212;<br><br><strong>Sabia que o Aconteceu no Vale est\u00e1 tamb\u00e9m no Telegram? <a rel=\"noreferrer noopener\" href=\"https:\/\/t.me\/aconteceunovaleoficial\" target=\"_blank\">Inscreva-se no canal<\/a>.<\/strong><br><br><strong>J\u00e1 curtiu ou seguiu nossas p\u00e1ginas nas redes sociais?\u00a0Receba as not\u00edcias em primeira m\u00e3o:<\/strong><br>\u2022 <a rel=\"noreferrer noopener\" href=\"https:\/\/news.google.com\/publications\/CAAqBwgKMNjklQswi4etAw?hl=pt-BR&amp;gl=BR&amp;ceid=BR%3Apt-419\" target=\"_blank\">Google News<\/a><br>\u2022 <a rel=\"noreferrer noopener\" href=\"https:\/\/www.facebook.com\/aconteceunovale\/\" target=\"_blank\">Facebook<\/a><br>\u2022 <a rel=\"noreferrer noopener\" href=\"https:\/\/twitter.com\/noticiadosvales\" target=\"_blank\">Twitter<\/a><br>\u2022 <a rel=\"noreferrer noopener\" href=\"https:\/\/www.instagram.com\/aconteceunovale\" target=\"_blank\">Instagram<\/a><br>\u2022 <a rel=\"noreferrer noopener\" href=\"https:\/\/www.youtube.com\/AconteceunoValeOficial\" target=\"_blank\">Youtube<\/a><br>\u2022 <a rel=\"noreferrer noopener\" href=\"https:\/\/www.tiktok.com\/@aconteceunovale\" target=\"_blank\">TikTok<\/a><\/p>\n","protected":false},"excerpt":{"rendered":"<p>Mais de 156 milh\u00f5es de brasileiros est\u00e3o aptos a votar neste domingo (30), no segundo turno das elei\u00e7\u00f5es, para escolher\u00a0quem dever\u00e1 ser o presidente da Rep\u00fablica do pa\u00eds. Est\u00e3o na disputa o presidente Jair Messias Bolsonaro (PL), que tenta a reelei\u00e7\u00e3o,\u00a0e o ex-presidente Luiz In\u00e1cio Lula da Silva (PT). No primeiro turno, realizado no dia [&hellip;]<\/p>\n","protected":false},"author":4,"featured_media":190867,"comment_status":"open","ping_status":"closed","sticky":false,"template":"","format":"standard","meta":{"amp_status":"","footnotes":""},"categories":[6,249933,40240],"tags":[100375,4785,265522,265529,1018,265527,265526,261746,718,252238,265523,261226,264599,169460,14124,7147,265528,265530,243467,758,264572,265524,265525,265508],"class_list":["post-191852","post","type-post","status-publish","format-standard","has-post-thumbnail","hentry","category-br","category-eleicoes-2022","category-politica","tag-bolsonaro","tag-brasil","tag-brasileiros-vao-as-urnas-neste-domingo-para-o-segundo-turno-das-eleicoes","tag-conheca-os-perfis-dos-candidatos-a-presidencia-do-brasil","tag-destaque","tag-eleicao-para-governador","tag-eleicao-para-presidente-da-republica","tag-eleicao-para-presidente-do-brasil","tag-eleicoes","tag-eleicoes-2022","tag-eleicoes-brasileiras","tag-eleicoes-no-brasil","tag-estados-com-segundo-turno","tag-jair-messias-bolsonaro","tag-luiz-inacio-lula-da-silva","tag-lula","tag-maiores-colegios-eleitorais","tag-perfis-dos-candidatos-a-presidencia-do-brasil","tag-pl","tag-pt","tag-segundo-turno-das-eleicoes-2022","tag-segundo-turno-das-eleicoes-brasileiras","tag-segundo-turno-no-brasil","tag-votacao-eleicoes-2022"],"yoast_head":"<!-- This site is optimized with the Yoast SEO plugin v28.3 - https:\/\/yoast.com\/product\/yoast-seo-wordpress\/ -->\n<title>Conhe\u00e7a os perfis dos candidatos \u00e0 Presid\u00eancia do Brasil - Aconteceu no Vale<\/title>\n<meta name=\"robots\" content=\"index, follow, max-snippet:-1, max-image-preview:large, max-video-preview:-1\" \/>\n<link rel=\"canonical\" href=\"https:\/\/aconteceunovale.com.br\/portal\/?p=191852\" \/>\n<meta property=\"og:locale\" content=\"pt_BR\" \/>\n<meta property=\"og:type\" content=\"article\" \/>\n<meta property=\"og:title\" content=\"Conhe\u00e7a os perfis dos candidatos \u00e0 Presid\u00eancia do Brasil - Aconteceu no Vale\" \/>\n<meta property=\"og:description\" content=\"Mais de 156 milh\u00f5es de brasileiros est\u00e3o aptos a votar neste domingo (30), no segundo turno das elei\u00e7\u00f5es, para escolher\u00a0quem dever\u00e1 ser o presidente da Rep\u00fablica do pa\u00eds. Est\u00e3o na disputa o presidente Jair Messias Bolsonaro (PL), que tenta a reelei\u00e7\u00e3o,\u00a0e o ex-presidente Luiz In\u00e1cio Lula da Silva (PT). No primeiro turno, realizado no dia [&hellip;]\" \/>\n<meta property=\"og:url\" content=\"https:\/\/aconteceunovale.com.br\/portal\/?p=191852\" \/>\n<meta property=\"og:site_name\" content=\"Aconteceu no Vale\" \/>\n<meta property=\"article:publisher\" content=\"https:\/\/www.facebook.com\/aconteceunovale\/\" \/>\n<meta property=\"article:published_time\" content=\"2022-10-30T09:23:00+00:00\" \/>\n<meta property=\"article:modified_time\" content=\"2022-10-30T12:55:40+00:00\" \/>\n<meta property=\"og:image\" content=\"https:\/\/aconteceunovale.com.br\/portal\/wp-content\/uploads\/2022\/10\/lula_bolsonaro.png\" \/>\n\t<meta property=\"og:image:width\" content=\"637\" \/>\n\t<meta property=\"og:image:height\" content=\"450\" \/>\n\t<meta property=\"og:image:type\" content=\"image\/png\" \/>\n<meta name=\"author\" content=\"Reda\u00e7\u00e3o Aconteceu no Vale\" \/>\n<meta name=\"twitter:card\" content=\"summary_large_image\" \/>\n<meta name=\"twitter:creator\" content=\"@noticiadosvales\" \/>\n<meta name=\"twitter:site\" content=\"@noticiadosvales\" \/>\n<meta name=\"twitter:label1\" content=\"Escrito por\" \/>\n\t<meta name=\"twitter:data1\" content=\"Reda\u00e7\u00e3o Aconteceu no Vale\" \/>\n\t<meta name=\"twitter:label2\" content=\"Est. tempo de leitura\" \/>\n\t<meta name=\"twitter:data2\" content=\"4 minutos\" \/>\n<script type=\"application\/ld+json\" class=\"yoast-schema-graph\">{\"@context\":\"https:\\\/\\\/schema.org\",\"@graph\":[{\"@type\":\"Article\",\"@id\":\"https:\\\/\\\/aconteceunovale.com.br\\\/portal\\\/?p=191852#article\",\"isPartOf\":{\"@id\":\"https:\\\/\\\/aconteceunovale.com.br\\\/portal\\\/?p=191852\"},\"author\":{\"name\":\"Reda\u00e7\u00e3o Aconteceu no Vale\",\"@id\":\"https:\\\/\\\/aconteceunovale.com.br\\\/portal\\\/#\\\/schema\\\/person\\\/7d2f26d1483f8a63de73da1ee0754d35\"},\"headline\":\"Conhe\u00e7a os perfis dos candidatos \u00e0 Presid\u00eancia do Brasil\",\"datePublished\":\"2022-10-30T09:23:00+00:00\",\"dateModified\":\"2022-10-30T12:55:40+00:00\",\"mainEntityOfPage\":{\"@id\":\"https:\\\/\\\/aconteceunovale.com.br\\\/portal\\\/?p=191852\"},\"wordCount\":744,\"commentCount\":0,\"image\":{\"@id\":\"https:\\\/\\\/aconteceunovale.com.br\\\/portal\\\/?p=191852#primaryimage\"},\"thumbnailUrl\":\"https:\\\/\\\/aconteceunovale.com.br\\\/portal\\\/wp-content\\\/uploads\\\/2022\\\/10\\\/lula_bolsonaro.png\",\"keywords\":[\"Bolsonaro\",\"brasil\",\"Brasileiros v\u00e3o \u00e0s urnas neste domingo para o segundo turno das elei\u00e7\u00f5es\",\"Conhe\u00e7a os perfis dos candidatos \u00e0 Presid\u00eancia do Brasil\",\"destaque\",\"Elei\u00e7\u00e3o para governador\",\"Elei\u00e7\u00e3o para presidente da Rep\u00fablica\",\"Elei\u00e7\u00e3o para presidente do Brasil\",\"Elei\u00e7\u00f5es\",\"Elei\u00e7\u00f5es 2022\",\"Elei\u00e7\u00f5es brasileiras\",\"Elei\u00e7\u00f5es no Brasil\",\"Estados com segundo turno\",\"Jair Messias Bolsonaro\",\"Luiz In\u00e1cio Lula da Silva\",\"Lula\",\"Maiores col\u00e9gios eleitorais\",\"Perfis dos candidatos \u00e0 Presid\u00eancia do Brasil\",\"PL\",\"PT\",\"Segundo turno das elei\u00e7\u00f5es 2022\",\"Segundo turno das elei\u00e7\u00f5es brasileiras\",\"Segundo turno no Brasil\",\"Vota\u00e7\u00e3o elei\u00e7\u00f5es 2022\"],\"articleSection\":[\"Brasil\",\"Elei\u00e7\u00f5es 2022\",\"Pol\u00edtica\"],\"inLanguage\":\"pt-BR\",\"potentialAction\":[{\"@type\":\"CommentAction\",\"name\":\"Comment\",\"target\":[\"https:\\\/\\\/aconteceunovale.com.br\\\/portal\\\/?p=191852#respond\"]}]},{\"@type\":\"WebPage\",\"@id\":\"https:\\\/\\\/aconteceunovale.com.br\\\/portal\\\/?p=191852\",\"url\":\"https:\\\/\\\/aconteceunovale.com.br\\\/portal\\\/?p=191852\",\"name\":\"Conhe\u00e7a os perfis dos candidatos \u00e0 Presid\u00eancia do Brasil - Aconteceu no Vale\",\"isPartOf\":{\"@id\":\"https:\\\/\\\/aconteceunovale.com.br\\\/portal\\\/#website\"},\"primaryImageOfPage\":{\"@id\":\"https:\\\/\\\/aconteceunovale.com.br\\\/portal\\\/?p=191852#primaryimage\"},\"image\":{\"@id\":\"https:\\\/\\\/aconteceunovale.com.br\\\/portal\\\/?p=191852#primaryimage\"},\"thumbnailUrl\":\"https:\\\/\\\/aconteceunovale.com.br\\\/portal\\\/wp-content\\\/uploads\\\/2022\\\/10\\\/lula_bolsonaro.png\",\"datePublished\":\"2022-10-30T09:23:00+00:00\",\"dateModified\":\"2022-10-30T12:55:40+00:00\",\"author\":{\"@id\":\"https:\\\/\\\/aconteceunovale.com.br\\\/portal\\\/#\\\/schema\\\/person\\\/7d2f26d1483f8a63de73da1ee0754d35\"},\"breadcrumb\":{\"@id\":\"https:\\\/\\\/aconteceunovale.com.br\\\/portal\\\/?p=191852#breadcrumb\"},\"inLanguage\":\"pt-BR\",\"potentialAction\":[{\"@type\":\"ReadAction\",\"target\":[\"https:\\\/\\\/aconteceunovale.com.br\\\/portal\\\/?p=191852\"]}]},{\"@type\":\"ImageObject\",\"inLanguage\":\"pt-BR\",\"@id\":\"https:\\\/\\\/aconteceunovale.com.br\\\/portal\\\/?p=191852#primaryimage\",\"url\":\"https:\\\/\\\/aconteceunovale.com.br\\\/portal\\\/wp-content\\\/uploads\\\/2022\\\/10\\\/lula_bolsonaro.png\",\"contentUrl\":\"https:\\\/\\\/aconteceunovale.com.br\\\/portal\\\/wp-content\\\/uploads\\\/2022\\\/10\\\/lula_bolsonaro.png\",\"width\":637,\"height\":450},{\"@type\":\"BreadcrumbList\",\"@id\":\"https:\\\/\\\/aconteceunovale.com.br\\\/portal\\\/?p=191852#breadcrumb\",\"itemListElement\":[{\"@type\":\"ListItem\",\"position\":1,\"name\":\"In\u00edcio\",\"item\":\"https:\\\/\\\/aconteceunovale.com.br\\\/portal\\\/\"},{\"@type\":\"ListItem\",\"position\":2,\"name\":\"Conhe\u00e7a os perfis dos candidatos \u00e0 Presid\u00eancia do Brasil\"}]},{\"@type\":\"WebSite\",\"@id\":\"https:\\\/\\\/aconteceunovale.com.br\\\/portal\\\/#website\",\"url\":\"https:\\\/\\\/aconteceunovale.com.br\\\/portal\\\/\",\"name\":\"Aconteceu no Vale\",\"description\":\"Portal de Not\u00edcias\",\"potentialAction\":[{\"@type\":\"SearchAction\",\"target\":{\"@type\":\"EntryPoint\",\"urlTemplate\":\"https:\\\/\\\/aconteceunovale.com.br\\\/portal\\\/?s={search_term_string}\"},\"query-input\":{\"@type\":\"PropertyValueSpecification\",\"valueRequired\":true,\"valueName\":\"search_term_string\"}}],\"inLanguage\":\"pt-BR\"},{\"@type\":\"Person\",\"@id\":\"https:\\\/\\\/aconteceunovale.com.br\\\/portal\\\/#\\\/schema\\\/person\\\/7d2f26d1483f8a63de73da1ee0754d35\",\"name\":\"Reda\u00e7\u00e3o Aconteceu no Vale\",\"description\":\"Equipe de reportagem do Aconteceu no Vale, portal de not\u00edcias do Vale do Jequitinhonha, em Minas Gerais. Cobrimos as 51 cidades do Vale desde 2013. Sugest\u00f5es de pauta e pedidos de corre\u00e7\u00e3o: contato@aconteceunovale.com.br\",\"url\":\"https:\\\/\\\/aconteceunovale.com.br\\\/portal\\\/?author=4\"}]}<\/script>\n<!-- \/ Yoast SEO plugin. -->","yoast_head_json":{"title":"Conhe\u00e7a os perfis dos candidatos \u00e0 Presid\u00eancia do Brasil - Aconteceu no Vale","robots":{"index":"index","follow":"follow","max-snippet":"max-snippet:-1","max-image-preview":"max-image-preview:large","max-video-preview":"max-video-preview:-1"},"canonical":"https:\/\/aconteceunovale.com.br\/portal\/?p=191852","og_locale":"pt_BR","og_type":"article","og_title":"Conhe\u00e7a os perfis dos candidatos \u00e0 Presid\u00eancia do Brasil - Aconteceu no Vale","og_description":"Mais de 156 milh\u00f5es de brasileiros est\u00e3o aptos a votar neste domingo (30), no segundo turno das elei\u00e7\u00f5es, para escolher\u00a0quem dever\u00e1 ser o presidente da Rep\u00fablica do pa\u00eds. Est\u00e3o na disputa o presidente Jair Messias Bolsonaro (PL), que tenta a reelei\u00e7\u00e3o,\u00a0e o ex-presidente Luiz In\u00e1cio Lula da Silva (PT). No primeiro turno, realizado no dia [&hellip;]","og_url":"https:\/\/aconteceunovale.com.br\/portal\/?p=191852","og_site_name":"Aconteceu no Vale","article_publisher":"https:\/\/www.facebook.com\/aconteceunovale\/","article_published_time":"2022-10-30T09:23:00+00:00","article_modified_time":"2022-10-30T12:55:40+00:00","og_image":[{"width":637,"height":450,"url":"https:\/\/aconteceunovale.com.br\/portal\/wp-content\/uploads\/2022\/10\/lula_bolsonaro.png","type":"image\/png"}],"author":"Reda\u00e7\u00e3o Aconteceu no Vale","twitter_card":"summary_large_image","twitter_creator":"@noticiadosvales","twitter_site":"@noticiadosvales","twitter_misc":{"Escrito por":"Reda\u00e7\u00e3o Aconteceu no Vale","Est. tempo de leitura":"4 minutos"},"schema":{"@context":"https:\/\/schema.org","@graph":[{"@type":"Article","@id":"https:\/\/aconteceunovale.com.br\/portal\/?p=191852#article","isPartOf":{"@id":"https:\/\/aconteceunovale.com.br\/portal\/?p=191852"},"author":{"name":"Reda\u00e7\u00e3o Aconteceu no Vale","@id":"https:\/\/aconteceunovale.com.br\/portal\/#\/schema\/person\/7d2f26d1483f8a63de73da1ee0754d35"},"headline":"Conhe\u00e7a os perfis dos candidatos \u00e0 Presid\u00eancia do Brasil","datePublished":"2022-10-30T09:23:00+00:00","dateModified":"2022-10-30T12:55:40+00:00","mainEntityOfPage":{"@id":"https:\/\/aconteceunovale.com.br\/portal\/?p=191852"},"wordCount":744,"commentCount":0,"image":{"@id":"https:\/\/aconteceunovale.com.br\/portal\/?p=191852#primaryimage"},"thumbnailUrl":"https:\/\/aconteceunovale.com.br\/portal\/wp-content\/uploads\/2022\/10\/lula_bolsonaro.png","keywords":["Bolsonaro","brasil","Brasileiros v\u00e3o \u00e0s urnas neste domingo para o segundo turno das elei\u00e7\u00f5es","Conhe\u00e7a os perfis dos candidatos \u00e0 Presid\u00eancia do Brasil","destaque","Elei\u00e7\u00e3o para governador","Elei\u00e7\u00e3o para presidente da Rep\u00fablica","Elei\u00e7\u00e3o para presidente do Brasil","Elei\u00e7\u00f5es","Elei\u00e7\u00f5es 2022","Elei\u00e7\u00f5es brasileiras","Elei\u00e7\u00f5es no Brasil","Estados com segundo turno","Jair Messias Bolsonaro","Luiz In\u00e1cio Lula da Silva","Lula","Maiores col\u00e9gios eleitorais","Perfis dos candidatos \u00e0 Presid\u00eancia do Brasil","PL","PT","Segundo turno das elei\u00e7\u00f5es 2022","Segundo turno das elei\u00e7\u00f5es brasileiras","Segundo turno no Brasil","Vota\u00e7\u00e3o elei\u00e7\u00f5es 2022"],"articleSection":["Brasil","Elei\u00e7\u00f5es 2022","Pol\u00edtica"],"inLanguage":"pt-BR","potentialAction":[{"@type":"CommentAction","name":"Comment","target":["https:\/\/aconteceunovale.com.br\/portal\/?p=191852#respond"]}]},{"@type":"WebPage","@id":"https:\/\/aconteceunovale.com.br\/portal\/?p=191852","url":"https:\/\/aconteceunovale.com.br\/portal\/?p=191852","name":"Conhe\u00e7a os perfis dos candidatos \u00e0 Presid\u00eancia do Brasil - Aconteceu no Vale","isPartOf":{"@id":"https:\/\/aconteceunovale.com.br\/portal\/#website"},"primaryImageOfPage":{"@id":"https:\/\/aconteceunovale.com.br\/portal\/?p=191852#primaryimage"},"image":{"@id":"https:\/\/aconteceunovale.com.br\/portal\/?p=191852#primaryimage"},"thumbnailUrl":"https:\/\/aconteceunovale.com.br\/portal\/wp-content\/uploads\/2022\/10\/lula_bolsonaro.png","datePublished":"2022-10-30T09:23:00+00:00","dateModified":"2022-10-30T12:55:40+00:00","author":{"@id":"https:\/\/aconteceunovale.com.br\/portal\/#\/schema\/person\/7d2f26d1483f8a63de73da1ee0754d35"},"breadcrumb":{"@id":"https:\/\/aconteceunovale.com.br\/portal\/?p=191852#breadcrumb"},"inLanguage":"pt-BR","potentialAction":[{"@type":"ReadAction","target":["https:\/\/aconteceunovale.com.br\/portal\/?p=191852"]}]},{"@type":"ImageObject","inLanguage":"pt-BR","@id":"https:\/\/aconteceunovale.com.br\/portal\/?p=191852#primaryimage","url":"https:\/\/aconteceunovale.com.br\/portal\/wp-content\/uploads\/2022\/10\/lula_bolsonaro.png","contentUrl":"https:\/\/aconteceunovale.com.br\/portal\/wp-content\/uploads\/2022\/10\/lula_bolsonaro.png","width":637,"height":450},{"@type":"BreadcrumbList","@id":"https:\/\/aconteceunovale.com.br\/portal\/?p=191852#breadcrumb","itemListElement":[{"@type":"ListItem","position":1,"name":"In\u00edcio","item":"https:\/\/aconteceunovale.com.br\/portal\/"},{"@type":"ListItem","position":2,"name":"Conhe\u00e7a os perfis dos candidatos \u00e0 Presid\u00eancia do Brasil"}]},{"@type":"WebSite","@id":"https:\/\/aconteceunovale.com.br\/portal\/#website","url":"https:\/\/aconteceunovale.com.br\/portal\/","name":"Aconteceu no Vale","description":"Portal de Not\u00edcias","potentialAction":[{"@type":"SearchAction","target":{"@type":"EntryPoint","urlTemplate":"https:\/\/aconteceunovale.com.br\/portal\/?s={search_term_string}"},"query-input":{"@type":"PropertyValueSpecification","valueRequired":true,"valueName":"search_term_string"}}],"inLanguage":"pt-BR"},{"@type":"Person","@id":"https:\/\/aconteceunovale.com.br\/portal\/#\/schema\/person\/7d2f26d1483f8a63de73da1ee0754d35","name":"Reda\u00e7\u00e3o Aconteceu no Vale","description":"Equipe de reportagem do Aconteceu no Vale, portal de not\u00edcias do Vale do Jequitinhonha, em Minas Gerais. Cobrimos as 51 cidades do Vale desde 2013. Sugest\u00f5es de pauta e pedidos de corre\u00e7\u00e3o: contato@aconteceunovale.com.br","url":"https:\/\/aconteceunovale.com.br\/portal\/?author=4"}]}},"_links":{"self":[{"href":"https:\/\/aconteceunovale.com.br\/portal\/index.php?rest_route=\/wp\/v2\/posts\/191852","targetHints":{"allow":["GET"]}}],"collection":[{"href":"https:\/\/aconteceunovale.com.br\/portal\/index.php?rest_route=\/wp\/v2\/posts"}],"about":[{"href":"https:\/\/aconteceunovale.com.br\/portal\/index.php?rest_route=\/wp\/v2\/types\/post"}],"author":[{"embeddable":true,"href":"https:\/\/aconteceunovale.com.br\/portal\/index.php?rest_route=\/wp\/v2\/users\/4"}],"replies":[{"embeddable":true,"href":"https:\/\/aconteceunovale.com.br\/portal\/index.php?rest_route=%2Fwp%2Fv2%2Fcomments&post=191852"}],"version-history":[{"count":1,"href":"https:\/\/aconteceunovale.com.br\/portal\/index.php?rest_route=\/wp\/v2\/posts\/191852\/revisions"}],"predecessor-version":[{"id":191853,"href":"https:\/\/aconteceunovale.com.br\/portal\/index.php?rest_route=\/wp\/v2\/posts\/191852\/revisions\/191853"}],"wp:featuredmedia":[{"embeddable":true,"href":"https:\/\/aconteceunovale.com.br\/portal\/index.php?rest_route=\/wp\/v2\/media\/190867"}],"wp:attachment":[{"href":"https:\/\/aconteceunovale.com.br\/portal\/index.php?rest_route=%2Fwp%2Fv2%2Fmedia&parent=191852"}],"wp:term":[{"taxonomy":"category","embeddable":true,"href":"https:\/\/aconteceunovale.com.br\/portal\/index.php?rest_route=%2Fwp%2Fv2%2Fcategories&post=191852"},{"taxonomy":"post_tag","embeddable":true,"href":"https:\/\/aconteceunovale.com.br\/portal\/index.php?rest_route=%2Fwp%2Fv2%2Ftags&post=191852"}],"curies":[{"name":"wp","href":"https:\/\/api.w.org\/{rel}","templated":true}]}}