{"id":191839,"date":"2022-10-29T23:24:33","date_gmt":"2022-10-30T02:24:33","guid":{"rendered":"https:\/\/aconteceunovale.com.br\/portal\/?p=191839"},"modified":"2022-10-29T23:26:07","modified_gmt":"2022-10-30T02:26:07","slug":"motorista-de-caminhao-fica-ferido-em-acidente-na-br-135","status":"publish","type":"post","link":"https:\/\/aconteceunovale.com.br\/portal\/?p=191839","title":{"rendered":"Motorista de caminh\u00e3o fica ferido em acidente na BR-135"},"content":{"rendered":"\n<p class=\"wp-block-paragraph\">Um homem de 23 anos ficou ferido em um acidente no KM 412 da BR-135, em Bocaiuva, na manh\u00e3 deste s\u00e1bado (29\/10\/2022). Segundo informa\u00e7\u00f5es da Assessoria de Comunica\u00e7\u00e3o do Samu Macro Norte, a v\u00edtima conduzia um caminh\u00e3o guincho e colidiu contra a lateral de uma carreta.<\/p>\n\n\n\n<figure class=\"wp-block-gallery has-nested-images columns-default is-cropped wp-block-gallery-1 is-layout-flex wp-block-gallery-is-layout-flex\">\n<figure class=\"wp-block-image size-large\"><img loading=\"lazy\" decoding=\"async\" width=\"720\" height=\"408\" data-id=\"191840\" src=\"https:\/\/aconteceunovale.com.br\/portal\/wp-content\/uploads\/2022\/10\/acidente_bocaiuva_1.jpeg\" alt=\"\" class=\"wp-image-191840\" srcset=\"https:\/\/aconteceunovale.com.br\/portal\/wp-content\/uploads\/2022\/10\/acidente_bocaiuva_1.jpeg 720w, https:\/\/aconteceunovale.com.br\/portal\/wp-content\/uploads\/2022\/10\/acidente_bocaiuva_1-300x170.jpeg 300w, https:\/\/aconteceunovale.com.br\/portal\/wp-content\/uploads\/2022\/10\/acidente_bocaiuva_1-696x394.jpeg 696w\" sizes=\"auto, (max-width: 720px) 100vw, 720px\" \/><figcaption><em><sub>Foto: Divulga\u00e7\u00e3o \/ Samu Macro Norte<\/sub><\/em><\/figcaption><\/figure>\n<\/figure>\n\n\n\n<p class=\"wp-block-paragraph\">Ainda segundo o Samu, o caminhoneiro relatou que o acidente aconteceu ap\u00f3s o seu ve\u00edculo apresentar uma falha mec\u00e2nica. Ele ficou retido na cabine e apresentava fraturas na t\u00edbia e na f\u00edbula. O paciente foi retirado das ferragens, imobilizado e recebeu medicamentos. Logo ap\u00f3s os procedimentos, o mesmo foi encaminhado para o hospital de Bocaiuva. O motorista da carreta n\u00e3o se feriu.<\/p>\n\n\n\n<p class=\"wp-block-paragraph\">O Corpo de Bombeiros tamb\u00e9m esteve no local e espalhou serragem pela rodovia, j\u00e1 que o caminh\u00e3o atingiu o tanque de combust\u00edveis da carreta e houve vazamento de \u00f3leo.<\/p>\n\n\n\n<p class=\"wp-block-paragraph\">A concession\u00e1ria Eco-135, que administra o trecho de rodovia, informou que o tr\u00e2nsito no local ficou parcialmente interditado e foi liberado no in\u00edcio da tarde.<\/p>\n\n\n\n<figure class=\"wp-block-gallery has-nested-images columns-1 is-cropped wp-block-gallery-2 is-layout-flex wp-block-gallery-is-layout-flex\">\n<figure class=\"wp-block-image size-large\"><img loading=\"lazy\" decoding=\"async\" width=\"678\" height=\"382\" data-id=\"191843\" src=\"https:\/\/aconteceunovale.com.br\/portal\/wp-content\/uploads\/2022\/10\/acidente_bocaiuva_2.jpeg\" alt=\"\" class=\"wp-image-191843\" srcset=\"https:\/\/aconteceunovale.com.br\/portal\/wp-content\/uploads\/2022\/10\/acidente_bocaiuva_2.jpeg 678w, https:\/\/aconteceunovale.com.br\/portal\/wp-content\/uploads\/2022\/10\/acidente_bocaiuva_2-300x169.jpeg 300w\" sizes=\"auto, (max-width: 678px) 100vw, 678px\" \/><figcaption><em><sub>Foto: Divulga\u00e7\u00e3o \/ Samu Macro Norte<\/sub><\/em><\/figcaption><\/figure>\n\n\n\n<figure class=\"wp-block-image size-large\"><img loading=\"lazy\" decoding=\"async\" width=\"678\" height=\"382\" data-id=\"191841\" src=\"https:\/\/aconteceunovale.com.br\/portal\/wp-content\/uploads\/2022\/10\/acidente_bocaiuva_4.jpeg\" alt=\"\" class=\"wp-image-191841\" srcset=\"https:\/\/aconteceunovale.com.br\/portal\/wp-content\/uploads\/2022\/10\/acidente_bocaiuva_4.jpeg 678w, https:\/\/aconteceunovale.com.br\/portal\/wp-content\/uploads\/2022\/10\/acidente_bocaiuva_4-300x169.jpeg 300w\" sizes=\"auto, (max-width: 678px) 100vw, 678px\" \/><figcaption><em><sub>Foto: Divulga\u00e7\u00e3o \/ Samu Macro Norte<\/sub><\/em><\/figcaption><\/figure>\n\n\n\n<figure class=\"wp-block-image size-large\"><img loading=\"lazy\" decoding=\"async\" width=\"678\" height=\"382\" data-id=\"191842\" src=\"https:\/\/aconteceunovale.com.br\/portal\/wp-content\/uploads\/2022\/10\/acidente_bocaiuva_3.jpeg\" alt=\"\" class=\"wp-image-191842\" srcset=\"https:\/\/aconteceunovale.com.br\/portal\/wp-content\/uploads\/2022\/10\/acidente_bocaiuva_3.jpeg 678w, https:\/\/aconteceunovale.com.br\/portal\/wp-content\/uploads\/2022\/10\/acidente_bocaiuva_3-300x169.jpeg 300w\" sizes=\"auto, (max-width: 678px) 100vw, 678px\" \/><figcaption><em><sub>Foto: Divulga\u00e7\u00e3o \/ Samu Macro Norte<\/sub><\/em><\/figcaption><\/figure>\n\n\n\n<figure class=\"wp-block-image size-large\"><img loading=\"lazy\" decoding=\"async\" width=\"678\" height=\"422\" data-id=\"191844\" src=\"https:\/\/aconteceunovale.com.br\/portal\/wp-content\/uploads\/2022\/10\/acidente_bocaiuva_5.jpeg\" alt=\"\" class=\"wp-image-191844\" srcset=\"https:\/\/aconteceunovale.com.br\/portal\/wp-content\/uploads\/2022\/10\/acidente_bocaiuva_5.jpeg 678w, https:\/\/aconteceunovale.com.br\/portal\/wp-content\/uploads\/2022\/10\/acidente_bocaiuva_5-300x187.jpeg 300w, https:\/\/aconteceunovale.com.br\/portal\/wp-content\/uploads\/2022\/10\/acidente_bocaiuva_5-675x420.jpeg 675w\" sizes=\"auto, (max-width: 678px) 100vw, 678px\" \/><figcaption><em><sub>Foto: Divulga\u00e7\u00e3o \/ Samu Macro Norte<\/sub><\/em><\/figcaption><\/figure>\n<\/figure>\n\n\n\n<p class=\"wp-block-paragraph\">&#8212;&#8212;&#8212;&#8212;&#8212;&#8212;<br><br><strong>Sabia que o Aconteceu no Vale est\u00e1 tamb\u00e9m no Telegram? <a rel=\"noreferrer noopener\" href=\"https:\/\/t.me\/aconteceunovaleoficial\" target=\"_blank\">Inscreva-se no canal<\/a>.<\/strong><br><br><strong>J\u00e1 curtiu ou seguiu nossas p\u00e1ginas nas redes sociais?&nbsp;Receba as not\u00edcias em primeira m\u00e3o:<\/strong><br>\u2022 <a rel=\"noreferrer noopener\" href=\"https:\/\/news.google.com\/publications\/CAAqBwgKMNjklQswi4etAw?hl=pt-BR&amp;gl=BR&amp;ceid=BR%3Apt-419\" target=\"_blank\">Google News<\/a><br>\u2022 <a rel=\"noreferrer noopener\" href=\"https:\/\/www.facebook.com\/aconteceunovale\/\" target=\"_blank\">Facebook<\/a><br>\u2022 <a rel=\"noreferrer noopener\" href=\"https:\/\/twitter.com\/noticiadosvales\" target=\"_blank\">Twitter<\/a><br>\u2022 <a rel=\"noreferrer noopener\" href=\"https:\/\/www.instagram.com\/aconteceunovale\" target=\"_blank\">Instagram<\/a><br>\u2022 <a rel=\"noreferrer noopener\" href=\"https:\/\/www.youtube.com\/AconteceunoValeOficial\" target=\"_blank\">Youtube<\/a><br>\u2022 <a rel=\"noreferrer noopener\" href=\"https:\/\/www.tiktok.com\/@aconteceunovale\" target=\"_blank\">TikTok<\/a><\/p>\n","protected":false},"excerpt":{"rendered":"<p>Um homem de 23 anos ficou ferido em um acidente no KM 412 da BR-135, em Bocaiuva, na manh\u00e3 deste s\u00e1bado (29\/10\/2022). Segundo informa\u00e7\u00f5es da Assessoria de Comunica\u00e7\u00e3o do Samu Macro Norte, a v\u00edtima conduzia um caminh\u00e3o guincho e colidiu contra a lateral de uma carreta. Ainda segundo o Samu, o caminhoneiro relatou que o [&hellip;]<\/p>\n","protected":false},"author":4,"featured_media":191840,"comment_status":"open","ping_status":"closed","sticky":false,"template":"","format":"standard","meta":{"amp_status":"","footnotes":""},"categories":[1236],"tags":[18467,171410,72933,1018,191022,204361,265521,4040],"class_list":["post-191839","post","type-post","status-publish","format-standard","has-post-thumbnail","hentry","category-norte_de_minas","tag-acidente-em-bocaiuva","tag-acidente-entre-caminhoes-em-bocaiuva","tag-acidente-na-br-135-em-bocaiuva","tag-destaque","tag-eco-135","tag-motorista-de-caminhao-fica-ferido-em-acidente-na-br-135","tag-motorista-de-caminhao-fica-ferido-em-acidente-na-br-135-em-bocaiuva","tag-samu-macro-norte"],"yoast_head":"<!-- This site is optimized with the Yoast SEO plugin v28.3 - https:\/\/yoast.com\/product\/yoast-seo-wordpress\/ -->\n<title>Motorista de caminh\u00e3o fica ferido em acidente na BR-135 - Aconteceu no Vale<\/title>\n<meta name=\"robots\" content=\"index, follow, max-snippet:-1, max-image-preview:large, max-video-preview:-1\" \/>\n<link rel=\"canonical\" href=\"https:\/\/aconteceunovale.com.br\/portal\/?p=191839\" \/>\n<meta property=\"og:locale\" content=\"pt_BR\" \/>\n<meta property=\"og:type\" content=\"article\" \/>\n<meta property=\"og:title\" content=\"Motorista de caminh\u00e3o fica ferido em acidente na BR-135 - Aconteceu no Vale\" \/>\n<meta property=\"og:description\" content=\"Um homem de 23 anos ficou ferido em um acidente no KM 412 da BR-135, em Bocaiuva, na manh\u00e3 deste s\u00e1bado (29\/10\/2022). Segundo informa\u00e7\u00f5es da Assessoria de Comunica\u00e7\u00e3o do Samu Macro Norte, a v\u00edtima conduzia um caminh\u00e3o guincho e colidiu contra a lateral de uma carreta. Ainda segundo o Samu, o caminhoneiro relatou que o [&hellip;]\" \/>\n<meta property=\"og:url\" content=\"https:\/\/aconteceunovale.com.br\/portal\/?p=191839\" \/>\n<meta property=\"og:site_name\" content=\"Aconteceu no Vale\" \/>\n<meta property=\"article:publisher\" content=\"https:\/\/www.facebook.com\/aconteceunovale\/\" \/>\n<meta property=\"article:published_time\" content=\"2022-10-30T02:24:33+00:00\" \/>\n<meta property=\"article:modified_time\" content=\"2022-10-30T02:26:07+00:00\" \/>\n<meta property=\"og:image\" content=\"https:\/\/aconteceunovale.com.br\/portal\/wp-content\/uploads\/2022\/10\/acidente_bocaiuva_1.jpeg\" \/>\n\t<meta property=\"og:image:width\" content=\"720\" \/>\n\t<meta property=\"og:image:height\" content=\"408\" \/>\n\t<meta property=\"og:image:type\" content=\"image\/jpeg\" \/>\n<meta name=\"author\" content=\"Reda\u00e7\u00e3o Aconteceu no Vale\" \/>\n<meta name=\"twitter:card\" content=\"summary_large_image\" \/>\n<meta name=\"twitter:creator\" content=\"@noticiadosvales\" \/>\n<meta name=\"twitter:site\" content=\"@noticiadosvales\" \/>\n<meta name=\"twitter:label1\" content=\"Escrito por\" \/>\n\t<meta name=\"twitter:data1\" content=\"Reda\u00e7\u00e3o Aconteceu no Vale\" \/>\n\t<meta name=\"twitter:label2\" content=\"Est. tempo de leitura\" \/>\n\t<meta name=\"twitter:data2\" content=\"1 minuto\" \/>\n<script type=\"application\/ld+json\" class=\"yoast-schema-graph\">{\"@context\":\"https:\\\/\\\/schema.org\",\"@graph\":[{\"@type\":\"Article\",\"@id\":\"https:\\\/\\\/aconteceunovale.com.br\\\/portal\\\/?p=191839#article\",\"isPartOf\":{\"@id\":\"https:\\\/\\\/aconteceunovale.com.br\\\/portal\\\/?p=191839\"},\"author\":{\"name\":\"Reda\u00e7\u00e3o Aconteceu no Vale\",\"@id\":\"https:\\\/\\\/aconteceunovale.com.br\\\/portal\\\/#\\\/schema\\\/person\\\/7d2f26d1483f8a63de73da1ee0754d35\"},\"headline\":\"Motorista de caminh\u00e3o fica ferido em acidente na BR-135\",\"datePublished\":\"2022-10-30T02:24:33+00:00\",\"dateModified\":\"2022-10-30T02:26:07+00:00\",\"mainEntityOfPage\":{\"@id\":\"https:\\\/\\\/aconteceunovale.com.br\\\/portal\\\/?p=191839\"},\"wordCount\":258,\"commentCount\":0,\"image\":{\"@id\":\"https:\\\/\\\/aconteceunovale.com.br\\\/portal\\\/?p=191839#primaryimage\"},\"thumbnailUrl\":\"https:\\\/\\\/aconteceunovale.com.br\\\/portal\\\/wp-content\\\/uploads\\\/2022\\\/10\\\/acidente_bocaiuva_1.jpeg\",\"keywords\":[\"acidente em bocaiuva\",\"Acidente entre caminh\u00f5es em Bocaiuva\",\"acidente na br-135 em Bocaiuva\",\"destaque\",\"Eco-135\",\"Motorista de caminh\u00e3o fica ferido em acidente na BR-135\",\"Motorista de caminh\u00e3o fica ferido em acidente na BR-135 em Bocaiuva\",\"Samu Macro Norte\"],\"articleSection\":[\"Norte de Minas\"],\"inLanguage\":\"pt-BR\",\"potentialAction\":[{\"@type\":\"CommentAction\",\"name\":\"Comment\",\"target\":[\"https:\\\/\\\/aconteceunovale.com.br\\\/portal\\\/?p=191839#respond\"]}]},{\"@type\":\"WebPage\",\"@id\":\"https:\\\/\\\/aconteceunovale.com.br\\\/portal\\\/?p=191839\",\"url\":\"https:\\\/\\\/aconteceunovale.com.br\\\/portal\\\/?p=191839\",\"name\":\"Motorista de caminh\u00e3o fica ferido em acidente na BR-135 - Aconteceu no Vale\",\"isPartOf\":{\"@id\":\"https:\\\/\\\/aconteceunovale.com.br\\\/portal\\\/#website\"},\"primaryImageOfPage\":{\"@id\":\"https:\\\/\\\/aconteceunovale.com.br\\\/portal\\\/?p=191839#primaryimage\"},\"image\":{\"@id\":\"https:\\\/\\\/aconteceunovale.com.br\\\/portal\\\/?p=191839#primaryimage\"},\"thumbnailUrl\":\"https:\\\/\\\/aconteceunovale.com.br\\\/portal\\\/wp-content\\\/uploads\\\/2022\\\/10\\\/acidente_bocaiuva_1.jpeg\",\"datePublished\":\"2022-10-30T02:24:33+00:00\",\"dateModified\":\"2022-10-30T02:26:07+00:00\",\"author\":{\"@id\":\"https:\\\/\\\/aconteceunovale.com.br\\\/portal\\\/#\\\/schema\\\/person\\\/7d2f26d1483f8a63de73da1ee0754d35\"},\"breadcrumb\":{\"@id\":\"https:\\\/\\\/aconteceunovale.com.br\\\/portal\\\/?p=191839#breadcrumb\"},\"inLanguage\":\"pt-BR\",\"potentialAction\":[{\"@type\":\"ReadAction\",\"target\":[\"https:\\\/\\\/aconteceunovale.com.br\\\/portal\\\/?p=191839\"]}]},{\"@type\":\"ImageObject\",\"inLanguage\":\"pt-BR\",\"@id\":\"https:\\\/\\\/aconteceunovale.com.br\\\/portal\\\/?p=191839#primaryimage\",\"url\":\"https:\\\/\\\/aconteceunovale.com.br\\\/portal\\\/wp-content\\\/uploads\\\/2022\\\/10\\\/acidente_bocaiuva_1.jpeg\",\"contentUrl\":\"https:\\\/\\\/aconteceunovale.com.br\\\/portal\\\/wp-content\\\/uploads\\\/2022\\\/10\\\/acidente_bocaiuva_1.jpeg\",\"width\":720,\"height\":408},{\"@type\":\"BreadcrumbList\",\"@id\":\"https:\\\/\\\/aconteceunovale.com.br\\\/portal\\\/?p=191839#breadcrumb\",\"itemListElement\":[{\"@type\":\"ListItem\",\"position\":1,\"name\":\"In\u00edcio\",\"item\":\"https:\\\/\\\/aconteceunovale.com.br\\\/portal\\\/\"},{\"@type\":\"ListItem\",\"position\":2,\"name\":\"Motorista de caminh\u00e3o fica ferido em acidente na BR-135\"}]},{\"@type\":\"WebSite\",\"@id\":\"https:\\\/\\\/aconteceunovale.com.br\\\/portal\\\/#website\",\"url\":\"https:\\\/\\\/aconteceunovale.com.br\\\/portal\\\/\",\"name\":\"Aconteceu no Vale\",\"description\":\"Portal de Not\u00edcias\",\"potentialAction\":[{\"@type\":\"SearchAction\",\"target\":{\"@type\":\"EntryPoint\",\"urlTemplate\":\"https:\\\/\\\/aconteceunovale.com.br\\\/portal\\\/?s={search_term_string}\"},\"query-input\":{\"@type\":\"PropertyValueSpecification\",\"valueRequired\":true,\"valueName\":\"search_term_string\"}}],\"inLanguage\":\"pt-BR\"},{\"@type\":\"Person\",\"@id\":\"https:\\\/\\\/aconteceunovale.com.br\\\/portal\\\/#\\\/schema\\\/person\\\/7d2f26d1483f8a63de73da1ee0754d35\",\"name\":\"Reda\u00e7\u00e3o Aconteceu no Vale\",\"description\":\"Equipe de reportagem do Aconteceu no Vale, portal de not\u00edcias do Vale do Jequitinhonha, em Minas Gerais. Cobrimos as 51 cidades do Vale desde 2013. Sugest\u00f5es de pauta e pedidos de corre\u00e7\u00e3o: contato@aconteceunovale.com.br\",\"url\":\"https:\\\/\\\/aconteceunovale.com.br\\\/portal\\\/?author=4\"}]}<\/script>\n<!-- \/ Yoast SEO plugin. -->","yoast_head_json":{"title":"Motorista de caminh\u00e3o fica ferido em acidente na BR-135 - Aconteceu no Vale","robots":{"index":"index","follow":"follow","max-snippet":"max-snippet:-1","max-image-preview":"max-image-preview:large","max-video-preview":"max-video-preview:-1"},"canonical":"https:\/\/aconteceunovale.com.br\/portal\/?p=191839","og_locale":"pt_BR","og_type":"article","og_title":"Motorista de caminh\u00e3o fica ferido em acidente na BR-135 - Aconteceu no Vale","og_description":"Um homem de 23 anos ficou ferido em um acidente no KM 412 da BR-135, em Bocaiuva, na manh\u00e3 deste s\u00e1bado (29\/10\/2022). Segundo informa\u00e7\u00f5es da Assessoria de Comunica\u00e7\u00e3o do Samu Macro Norte, a v\u00edtima conduzia um caminh\u00e3o guincho e colidiu contra a lateral de uma carreta. Ainda segundo o Samu, o caminhoneiro relatou que o [&hellip;]","og_url":"https:\/\/aconteceunovale.com.br\/portal\/?p=191839","og_site_name":"Aconteceu no Vale","article_publisher":"https:\/\/www.facebook.com\/aconteceunovale\/","article_published_time":"2022-10-30T02:24:33+00:00","article_modified_time":"2022-10-30T02:26:07+00:00","og_image":[{"width":720,"height":408,"url":"https:\/\/aconteceunovale.com.br\/portal\/wp-content\/uploads\/2022\/10\/acidente_bocaiuva_1.jpeg","type":"image\/jpeg"}],"author":"Reda\u00e7\u00e3o Aconteceu no Vale","twitter_card":"summary_large_image","twitter_creator":"@noticiadosvales","twitter_site":"@noticiadosvales","twitter_misc":{"Escrito por":"Reda\u00e7\u00e3o Aconteceu no Vale","Est. tempo de leitura":"1 minuto"},"schema":{"@context":"https:\/\/schema.org","@graph":[{"@type":"Article","@id":"https:\/\/aconteceunovale.com.br\/portal\/?p=191839#article","isPartOf":{"@id":"https:\/\/aconteceunovale.com.br\/portal\/?p=191839"},"author":{"name":"Reda\u00e7\u00e3o Aconteceu no Vale","@id":"https:\/\/aconteceunovale.com.br\/portal\/#\/schema\/person\/7d2f26d1483f8a63de73da1ee0754d35"},"headline":"Motorista de caminh\u00e3o fica ferido em acidente na BR-135","datePublished":"2022-10-30T02:24:33+00:00","dateModified":"2022-10-30T02:26:07+00:00","mainEntityOfPage":{"@id":"https:\/\/aconteceunovale.com.br\/portal\/?p=191839"},"wordCount":258,"commentCount":0,"image":{"@id":"https:\/\/aconteceunovale.com.br\/portal\/?p=191839#primaryimage"},"thumbnailUrl":"https:\/\/aconteceunovale.com.br\/portal\/wp-content\/uploads\/2022\/10\/acidente_bocaiuva_1.jpeg","keywords":["acidente em bocaiuva","Acidente entre caminh\u00f5es em Bocaiuva","acidente na br-135 em Bocaiuva","destaque","Eco-135","Motorista de caminh\u00e3o fica ferido em acidente na BR-135","Motorista de caminh\u00e3o fica ferido em acidente na BR-135 em Bocaiuva","Samu Macro Norte"],"articleSection":["Norte de Minas"],"inLanguage":"pt-BR","potentialAction":[{"@type":"CommentAction","name":"Comment","target":["https:\/\/aconteceunovale.com.br\/portal\/?p=191839#respond"]}]},{"@type":"WebPage","@id":"https:\/\/aconteceunovale.com.br\/portal\/?p=191839","url":"https:\/\/aconteceunovale.com.br\/portal\/?p=191839","name":"Motorista de caminh\u00e3o fica ferido em acidente na BR-135 - Aconteceu no Vale","isPartOf":{"@id":"https:\/\/aconteceunovale.com.br\/portal\/#website"},"primaryImageOfPage":{"@id":"https:\/\/aconteceunovale.com.br\/portal\/?p=191839#primaryimage"},"image":{"@id":"https:\/\/aconteceunovale.com.br\/portal\/?p=191839#primaryimage"},"thumbnailUrl":"https:\/\/aconteceunovale.com.br\/portal\/wp-content\/uploads\/2022\/10\/acidente_bocaiuva_1.jpeg","datePublished":"2022-10-30T02:24:33+00:00","dateModified":"2022-10-30T02:26:07+00:00","author":{"@id":"https:\/\/aconteceunovale.com.br\/portal\/#\/schema\/person\/7d2f26d1483f8a63de73da1ee0754d35"},"breadcrumb":{"@id":"https:\/\/aconteceunovale.com.br\/portal\/?p=191839#breadcrumb"},"inLanguage":"pt-BR","potentialAction":[{"@type":"ReadAction","target":["https:\/\/aconteceunovale.com.br\/portal\/?p=191839"]}]},{"@type":"ImageObject","inLanguage":"pt-BR","@id":"https:\/\/aconteceunovale.com.br\/portal\/?p=191839#primaryimage","url":"https:\/\/aconteceunovale.com.br\/portal\/wp-content\/uploads\/2022\/10\/acidente_bocaiuva_1.jpeg","contentUrl":"https:\/\/aconteceunovale.com.br\/portal\/wp-content\/uploads\/2022\/10\/acidente_bocaiuva_1.jpeg","width":720,"height":408},{"@type":"BreadcrumbList","@id":"https:\/\/aconteceunovale.com.br\/portal\/?p=191839#breadcrumb","itemListElement":[{"@type":"ListItem","position":1,"name":"In\u00edcio","item":"https:\/\/aconteceunovale.com.br\/portal\/"},{"@type":"ListItem","position":2,"name":"Motorista de caminh\u00e3o fica ferido em acidente na BR-135"}]},{"@type":"WebSite","@id":"https:\/\/aconteceunovale.com.br\/portal\/#website","url":"https:\/\/aconteceunovale.com.br\/portal\/","name":"Aconteceu no Vale","description":"Portal de Not\u00edcias","potentialAction":[{"@type":"SearchAction","target":{"@type":"EntryPoint","urlTemplate":"https:\/\/aconteceunovale.com.br\/portal\/?s={search_term_string}"},"query-input":{"@type":"PropertyValueSpecification","valueRequired":true,"valueName":"search_term_string"}}],"inLanguage":"pt-BR"},{"@type":"Person","@id":"https:\/\/aconteceunovale.com.br\/portal\/#\/schema\/person\/7d2f26d1483f8a63de73da1ee0754d35","name":"Reda\u00e7\u00e3o Aconteceu no Vale","description":"Equipe de reportagem do Aconteceu no Vale, portal de not\u00edcias do Vale do Jequitinhonha, em Minas Gerais. Cobrimos as 51 cidades do Vale desde 2013. Sugest\u00f5es de pauta e pedidos de corre\u00e7\u00e3o: contato@aconteceunovale.com.br","url":"https:\/\/aconteceunovale.com.br\/portal\/?author=4"}]}},"_links":{"self":[{"href":"https:\/\/aconteceunovale.com.br\/portal\/index.php?rest_route=\/wp\/v2\/posts\/191839","targetHints":{"allow":["GET"]}}],"collection":[{"href":"https:\/\/aconteceunovale.com.br\/portal\/index.php?rest_route=\/wp\/v2\/posts"}],"about":[{"href":"https:\/\/aconteceunovale.com.br\/portal\/index.php?rest_route=\/wp\/v2\/types\/post"}],"author":[{"embeddable":true,"href":"https:\/\/aconteceunovale.com.br\/portal\/index.php?rest_route=\/wp\/v2\/users\/4"}],"replies":[{"embeddable":true,"href":"https:\/\/aconteceunovale.com.br\/portal\/index.php?rest_route=%2Fwp%2Fv2%2Fcomments&post=191839"}],"version-history":[{"count":2,"href":"https:\/\/aconteceunovale.com.br\/portal\/index.php?rest_route=\/wp\/v2\/posts\/191839\/revisions"}],"predecessor-version":[{"id":191846,"href":"https:\/\/aconteceunovale.com.br\/portal\/index.php?rest_route=\/wp\/v2\/posts\/191839\/revisions\/191846"}],"wp:featuredmedia":[{"embeddable":true,"href":"https:\/\/aconteceunovale.com.br\/portal\/index.php?rest_route=\/wp\/v2\/media\/191840"}],"wp:attachment":[{"href":"https:\/\/aconteceunovale.com.br\/portal\/index.php?rest_route=%2Fwp%2Fv2%2Fmedia&parent=191839"}],"wp:term":[{"taxonomy":"category","embeddable":true,"href":"https:\/\/aconteceunovale.com.br\/portal\/index.php?rest_route=%2Fwp%2Fv2%2Fcategories&post=191839"},{"taxonomy":"post_tag","embeddable":true,"href":"https:\/\/aconteceunovale.com.br\/portal\/index.php?rest_route=%2Fwp%2Fv2%2Ftags&post=191839"}],"curies":[{"name":"wp","href":"https:\/\/api.w.org\/{rel}","templated":true}]}}