{"id":191812,"date":"2022-10-28T22:39:32","date_gmt":"2022-10-29T01:39:32","guid":{"rendered":"https:\/\/aconteceunovale.com.br\/portal\/?p=191812"},"modified":"2022-10-28T22:41:15","modified_gmt":"2022-10-29T01:41:15","slug":"bloco-regional-de-saneamento-do-vale-do-jequitinhonha-vai-beneficiar-14-milhao-de-pessoas","status":"publish","type":"post","link":"https:\/\/aconteceunovale.com.br\/portal\/?p=191812","title":{"rendered":"Bloco regional de saneamento do Vale do Jequitinhonha vai beneficiar 1,4 milh\u00e3o de pessoas"},"content":{"rendered":"\n<p class=\"wp-block-paragraph\">Cerca de 1,4 milh\u00e3o de pessoas de 96 munic\u00edpios do Vale do Jequitinhonha, em Minas Gerais, ser\u00e3o beneficiadas com a regionaliza\u00e7\u00e3o do saneamento na regi\u00e3o. O an\u00fancio, feito na quarta-feira (26\/10) pelo\u00a0Governo de Minas\u00a0e o Minist\u00e9rio do Desenvolvimento Regional (MDR), garante a forma\u00e7\u00e3o do Bloco Regional do Saneamento Jequitinhonha como refer\u00eancia nacional, o que ir\u00e1 contribuir para a universaliza\u00e7\u00e3o do sistema de abastecimento de \u00e1gua e esgotamento sanit\u00e1rio regional, por meio do desenvolvimento econ\u00f4mico, melhoria da qualidade de vida, da sa\u00fade e preserva\u00e7\u00e3o do meio ambiente.<\/p>\n\n\n\n<figure class=\"wp-block-gallery has-nested-images columns-default is-cropped wp-block-gallery-1 is-layout-flex wp-block-gallery-is-layout-flex\">\n<figure class=\"wp-block-image size-large\"><img loading=\"lazy\" decoding=\"async\" width=\"678\" height=\"412\" data-id=\"191813\" src=\"https:\/\/aconteceunovale.com.br\/portal\/wp-content\/uploads\/2022\/10\/bloco_saneamento_vale.jpg\" alt=\"\" class=\"wp-image-191813\" srcset=\"https:\/\/aconteceunovale.com.br\/portal\/wp-content\/uploads\/2022\/10\/bloco_saneamento_vale.jpg 678w, https:\/\/aconteceunovale.com.br\/portal\/wp-content\/uploads\/2022\/10\/bloco_saneamento_vale-300x182.jpg 300w\" sizes=\"auto, (max-width: 678px) 100vw, 678px\" \/><figcaption><em><sub>Foto: Copasa \/ Divulga\u00e7\u00e3o<\/sub><\/em><\/figcaption><\/figure>\n<\/figure>\n\n\n\n<p class=\"wp-block-paragraph\">Na quarta-feira, durante a inaugura\u00e7\u00e3o oficial da Esta\u00e7\u00e3o de Tratamento (ETE) Santinho, em Ribeir\u00e3o das Neves, o secret\u00e1rio-geral do Governo de Minas, Mateus Sim\u00f5es; a secret\u00e1ria de Estado de Meio Ambiente e Desenvolvimento Sustent\u00e1vel, Mar\u00edlia Melo, e o ministro de Desenvolvimento Regional, Daniel Ferreira, assinaram termo de compromisso para a regionaliza\u00e7\u00e3o dos servi\u00e7os de saneamento do Jequitinhonha, com o objetivo de viabilizar modelo de neg\u00f3cios com participa\u00e7\u00e3o privada, que poder\u00e1 ser replicado em regi\u00f5es com caracter\u00edsticas similares em outros estados do Brasil.<\/p>\n\n\n\n<p class=\"wp-block-paragraph\">Um bloco composto por 96 munic\u00edpios vai atuar para alcan\u00e7ar a regionaliza\u00e7\u00e3o dos servi\u00e7os de \u00e1gua e esgoto at\u00e9 2033, como estipulado pelo novo Marco Legal do Saneamento. \u201cA regi\u00e3o foi escolhida pelos baixos \u00edndices de urbaniza\u00e7\u00e3o e de desenvolvimento socioecon\u00f4mico, al\u00e9m da escassez h\u00eddrica e elevado d\u00e9ficit de infraestrutura urbana. H\u00e1, portanto, um enorme desafio de estrutura\u00e7\u00e3o do projeto, mais especificamente dos setores de abastecimento de \u00e1gua e esgotamento sanit\u00e1rio\u201d, comenta a secret\u00e1ria Mar\u00edlia Melo.<\/p>\n\n\n\n<p class=\"wp-block-paragraph\">Atualmente, a cobertura de abastecimento de \u00e1gua na regi\u00e3o \u00e9 de 65,4% e a de esgoto \u00e9 de 48,58% \u2013 n\u00fameros inferiores \u00e0 m\u00e9dia nacional. De acordo com o subsecret\u00e1rio de Gest\u00e3o e Saneamento da Semad, Rodrigo Franco, o bloco regional ir\u00e1 fortalecer a regi\u00e3o e vai se tornar refer\u00eancia nacional para esse tipo de trabalho no Brasil.<\/p>\n\n\n\n<p class=\"wp-block-paragraph\">\u201cOs munic\u00edpios que comp\u00f5em o bloco far\u00e3o a modelagem para a concess\u00e3o dos servi\u00e7os de \u00e1gua e esgoto. Essa uni\u00e3o ir\u00e1 permitir um avan\u00e7o real e a mudan\u00e7a na qualidade de vida dessas pessoas, podendo ser modelo para medidas similares em outras localidades brasileiras\u201d, diz Rodrigo.<\/p>\n\n\n\n<h2 class=\"wp-block-heading\"><strong>Viabilidade<\/strong><\/h2>\n\n\n\n<p class=\"wp-block-paragraph\">A modelagem para concess\u00e3o dos servi\u00e7os de saneamento est\u00e1 sendo realizada pelo International Finance Corporation (IFC), institui\u00e7\u00e3o do Banco Mundial que fornece servi\u00e7os de investimento, consultoria e admiss\u00e3o de ativos para incentivar desenvolvimento do setor privado em pa\u00edses menos desenvolvidos.<\/p>\n\n\n\n<p class=\"wp-block-paragraph\">A IFC foi contratada pela\u00a0Companhia de Desenvolvimento de Minas Gerais (Codemge), juntamente com a\u00a0Secret\u00e1ria de Estado de Infraestrutura e Mobilidade (Seinfra). A estrutura\u00e7\u00e3o do projeto de \u00e1gua e esgotos tem como regi\u00e3o escolhida o Nordeste de Minas Gerais, contemplando o semi\u00e1rido mineiro.<\/p>\n\n\n\n<h2 class=\"wp-block-heading\"><strong>Jequitinhonha<\/strong><\/h2>\n\n\n\n<p class=\"wp-block-paragraph\">Em 2021, a Semad desenvolveu os estudos de Constru\u00e7\u00e3o das Unidades Regionais de Saneamento B\u00e1sico de Minas cujos crit\u00e9rios abordam, por exemplo, popula\u00e7\u00e3o m\u00ednima de 300 mil habitantes; infraestruturas compartilhadas de presta\u00e7\u00e3o de servi\u00e7os de abastecimento de \u00e1gua e esgotamento sanit\u00e1rio na mesma unidade regional, entre outras.<\/p>\n\n\n\n<p class=\"wp-block-paragraph\">O projeto ser\u00e1 implementado em duas fases principais, sendo a primeira dela a de estrutura\u00e7\u00e3o, com an\u00e1lise dos principais aspectos da proposta, incluindo a viabilidade t\u00e9cnica, econ\u00f4mico-financeira, dilig\u00eancia legal e aspectos ambientais e sociais, propondo o modelo ideal de estrutura\u00e7\u00e3o. A implementa\u00e7\u00e3o \u00e9 a segunda fase, com a realiza\u00e7\u00e3o das atividades de sondagem do mercado, road show, consultas e audi\u00eancias p\u00fablicas, prepara\u00e7\u00e3o de documentos da licita\u00e7\u00e3o, apoio ao processo licitat\u00f3rio e assinatura do contrato de concess\u00e3o.<\/p>\n\n\n\n<h2 class=\"wp-block-heading\"><strong>Contexto<\/strong><\/h2>\n\n\n\n<p class=\"wp-block-paragraph\">A legisla\u00e7\u00e3o garante o agrupamento de munic\u00edpios n\u00e3o necessariamente lim\u00edtrofes para atender as exig\u00eancias de higiene e sa\u00fade p\u00fablica, ou para dar viabilidade econ\u00f4mica e t\u00e9cnica aos munic\u00edpios menos favorecidos. Nesse contexto, a Semad, com apoio da\u00a0Ag\u00eancia Reguladora de Servi\u00e7os de Abastecimento de \u00c1gua e de Esgotamento Sanit\u00e1rio do Estado de Minas Gerais (Arsae-MG), e o\u00a0Banco de Desenvolvimento de Minas Gerais (BDMG), desenvolveu estudo para cria\u00e7\u00e3o das unidades regionais de saneamento b\u00e1sico de Minas, com o objetivo de garantir a universaliza\u00e7\u00e3o e a viabilidade t\u00e9cnica e econ\u00f4mico-financeira dos servi\u00e7os, com uniformiza\u00e7\u00e3o do planejamento, da regula\u00e7\u00e3o e da fiscaliza\u00e7\u00e3o.<\/p>\n\n\n\n<p class=\"wp-block-paragraph\">&#8212;&#8212;&#8212;&#8212;&#8212;&#8212;<br><br><strong>Sabia que o Aconteceu no Vale est\u00e1 tamb\u00e9m no Telegram? <a rel=\"noreferrer noopener\" href=\"https:\/\/t.me\/aconteceunovaleoficial\" target=\"_blank\">Inscreva-se no canal<\/a>.<\/strong><br><br><strong>J\u00e1 curtiu ou seguiu nossas p\u00e1ginas nas redes sociais?\u00a0Receba as not\u00edcias em primeira m\u00e3o:<\/strong><br>\u2022 <a rel=\"noreferrer noopener\" href=\"https:\/\/news.google.com\/publications\/CAAqBwgKMNjklQswi4etAw?hl=pt-BR&amp;gl=BR&amp;ceid=BR%3Apt-419\" target=\"_blank\">Google News<\/a><br>\u2022 <a rel=\"noreferrer noopener\" href=\"https:\/\/www.facebook.com\/aconteceunovale\/\" target=\"_blank\">Facebook<\/a><br>\u2022 <a rel=\"noreferrer noopener\" href=\"https:\/\/twitter.com\/noticiadosvales\" target=\"_blank\">Twitter<\/a><br>\u2022 <a rel=\"noreferrer noopener\" href=\"https:\/\/www.instagram.com\/aconteceunovale\" target=\"_blank\">Instagram<\/a><br>\u2022 <a rel=\"noreferrer noopener\" href=\"https:\/\/www.youtube.com\/AconteceunoValeOficial\" target=\"_blank\">Youtube<\/a><br>\u2022 <a rel=\"noreferrer noopener\" href=\"https:\/\/www.tiktok.com\/@aconteceunovale\" target=\"_blank\">TikTok<\/a><\/p>\n","protected":false},"excerpt":{"rendered":"<p>Cerca de 1,4 milh\u00e3o de pessoas de 96 munic\u00edpios do Vale do Jequitinhonha, em Minas Gerais, ser\u00e3o beneficiadas com a regionaliza\u00e7\u00e3o do saneamento na regi\u00e3o. O an\u00fancio, feito na quarta-feira (26\/10) pelo\u00a0Governo de Minas\u00a0e o Minist\u00e9rio do Desenvolvimento Regional (MDR), garante a forma\u00e7\u00e3o do Bloco Regional do Saneamento Jequitinhonha como refer\u00eancia nacional, o que ir\u00e1 [&hellip;]<\/p>\n","protected":false},"author":4,"featured_media":191813,"comment_status":"open","ping_status":"closed","sticky":false,"template":"","format":"standard","meta":{"amp_status":"","footnotes":""},"categories":[120],"tags":[265491,265489,265488,1018,6546,265493,192825,187874,265492,265490],"class_list":["post-191812","post","type-post","status-publish","format-standard","has-post-thumbnail","hentry","category-jequi","tag-abastecimento-de-agua-e-esgotamento-sanitario-no-vale-do-jequitinhonha","tag-bloco-regional-de-saneamento-do-vale-do-jequitinhonha","tag-bloco-regional-de-saneamento-do-vale-do-jequitinhonha-vai-beneficiar-1-4-milhao-de-pessoas","tag-destaque","tag-governo-de-minas","tag-marco-legal-do-saneamento","tag-mdr","tag-ministerio-do-desenvolvimento-regional","tag-saneamento-do-jequitinhonha","tag-saneamento-no-vale-do-jequitinhonha"],"yoast_head":"<!-- This site is optimized with the Yoast SEO plugin v28.3 - https:\/\/yoast.com\/product\/yoast-seo-wordpress\/ -->\n<title>Bloco regional de saneamento do Vale do Jequitinhonha vai beneficiar 1,4 milh\u00e3o de pessoas - Aconteceu no Vale<\/title>\n<meta name=\"robots\" content=\"index, follow, max-snippet:-1, max-image-preview:large, max-video-preview:-1\" \/>\n<link rel=\"canonical\" href=\"https:\/\/aconteceunovale.com.br\/portal\/?p=191812\" \/>\n<meta property=\"og:locale\" content=\"pt_BR\" \/>\n<meta property=\"og:type\" content=\"article\" \/>\n<meta property=\"og:title\" content=\"Bloco regional de saneamento do Vale do Jequitinhonha vai beneficiar 1,4 milh\u00e3o de pessoas - Aconteceu no Vale\" \/>\n<meta property=\"og:description\" content=\"Cerca de 1,4 milh\u00e3o de pessoas de 96 munic\u00edpios do Vale do Jequitinhonha, em Minas Gerais, ser\u00e3o beneficiadas com a regionaliza\u00e7\u00e3o do saneamento na regi\u00e3o. O an\u00fancio, feito na quarta-feira (26\/10) pelo\u00a0Governo de Minas\u00a0e o Minist\u00e9rio do Desenvolvimento Regional (MDR), garante a forma\u00e7\u00e3o do Bloco Regional do Saneamento Jequitinhonha como refer\u00eancia nacional, o que ir\u00e1 [&hellip;]\" \/>\n<meta property=\"og:url\" content=\"https:\/\/aconteceunovale.com.br\/portal\/?p=191812\" \/>\n<meta property=\"og:site_name\" content=\"Aconteceu no Vale\" \/>\n<meta property=\"article:publisher\" content=\"https:\/\/www.facebook.com\/aconteceunovale\/\" \/>\n<meta property=\"article:published_time\" content=\"2022-10-29T01:39:32+00:00\" \/>\n<meta property=\"article:modified_time\" content=\"2022-10-29T01:41:15+00:00\" \/>\n<meta property=\"og:image\" content=\"https:\/\/aconteceunovale.com.br\/portal\/wp-content\/uploads\/2022\/10\/bloco_saneamento_vale.jpg\" \/>\n\t<meta property=\"og:image:width\" content=\"678\" \/>\n\t<meta property=\"og:image:height\" content=\"412\" \/>\n\t<meta property=\"og:image:type\" content=\"image\/jpeg\" \/>\n<meta name=\"author\" content=\"Reda\u00e7\u00e3o Aconteceu no Vale\" \/>\n<meta name=\"twitter:card\" content=\"summary_large_image\" \/>\n<meta name=\"twitter:creator\" content=\"@noticiadosvales\" \/>\n<meta name=\"twitter:site\" content=\"@noticiadosvales\" \/>\n<meta name=\"twitter:label1\" content=\"Escrito por\" \/>\n\t<meta name=\"twitter:data1\" content=\"Reda\u00e7\u00e3o Aconteceu no Vale\" \/>\n\t<meta name=\"twitter:label2\" content=\"Est. tempo de leitura\" \/>\n\t<meta name=\"twitter:data2\" content=\"4 minutos\" \/>\n<script type=\"application\/ld+json\" class=\"yoast-schema-graph\">{\"@context\":\"https:\\\/\\\/schema.org\",\"@graph\":[{\"@type\":\"Article\",\"@id\":\"https:\\\/\\\/aconteceunovale.com.br\\\/portal\\\/?p=191812#article\",\"isPartOf\":{\"@id\":\"https:\\\/\\\/aconteceunovale.com.br\\\/portal\\\/?p=191812\"},\"author\":{\"name\":\"Reda\u00e7\u00e3o Aconteceu no Vale\",\"@id\":\"https:\\\/\\\/aconteceunovale.com.br\\\/portal\\\/#\\\/schema\\\/person\\\/7d2f26d1483f8a63de73da1ee0754d35\"},\"headline\":\"Bloco regional de saneamento do Vale do Jequitinhonha vai beneficiar 1,4 milh\u00e3o de pessoas\",\"datePublished\":\"2022-10-29T01:39:32+00:00\",\"dateModified\":\"2022-10-29T01:41:15+00:00\",\"mainEntityOfPage\":{\"@id\":\"https:\\\/\\\/aconteceunovale.com.br\\\/portal\\\/?p=191812\"},\"wordCount\":815,\"commentCount\":0,\"image\":{\"@id\":\"https:\\\/\\\/aconteceunovale.com.br\\\/portal\\\/?p=191812#primaryimage\"},\"thumbnailUrl\":\"https:\\\/\\\/aconteceunovale.com.br\\\/portal\\\/wp-content\\\/uploads\\\/2022\\\/10\\\/bloco_saneamento_vale.jpg\",\"keywords\":[\"Abastecimento de \u00e1gua e esgotamento sanit\u00e1rio no Vale do Jequitinhonha\",\"Bloco regional de saneamento do Vale do Jequitinhonha\",\"Bloco regional de saneamento do Vale do Jequitinhonha vai beneficiar 1.4 milh\u00e3o de pessoas\",\"destaque\",\"Governo de Minas\",\"Marco Legal do Saneamento\",\"MDR\",\"Minist\u00e9rio do Desenvolvimento Regional\",\"Saneamento do Jequitinhonha\",\"Saneamento no Vale do Jequitinhonha\"],\"articleSection\":[\"Vale do Jequitinhonha\"],\"inLanguage\":\"pt-BR\",\"potentialAction\":[{\"@type\":\"CommentAction\",\"name\":\"Comment\",\"target\":[\"https:\\\/\\\/aconteceunovale.com.br\\\/portal\\\/?p=191812#respond\"]}]},{\"@type\":\"WebPage\",\"@id\":\"https:\\\/\\\/aconteceunovale.com.br\\\/portal\\\/?p=191812\",\"url\":\"https:\\\/\\\/aconteceunovale.com.br\\\/portal\\\/?p=191812\",\"name\":\"Bloco regional de saneamento do Vale do Jequitinhonha vai beneficiar 1,4 milh\u00e3o de pessoas - Aconteceu no Vale\",\"isPartOf\":{\"@id\":\"https:\\\/\\\/aconteceunovale.com.br\\\/portal\\\/#website\"},\"primaryImageOfPage\":{\"@id\":\"https:\\\/\\\/aconteceunovale.com.br\\\/portal\\\/?p=191812#primaryimage\"},\"image\":{\"@id\":\"https:\\\/\\\/aconteceunovale.com.br\\\/portal\\\/?p=191812#primaryimage\"},\"thumbnailUrl\":\"https:\\\/\\\/aconteceunovale.com.br\\\/portal\\\/wp-content\\\/uploads\\\/2022\\\/10\\\/bloco_saneamento_vale.jpg\",\"datePublished\":\"2022-10-29T01:39:32+00:00\",\"dateModified\":\"2022-10-29T01:41:15+00:00\",\"author\":{\"@id\":\"https:\\\/\\\/aconteceunovale.com.br\\\/portal\\\/#\\\/schema\\\/person\\\/7d2f26d1483f8a63de73da1ee0754d35\"},\"breadcrumb\":{\"@id\":\"https:\\\/\\\/aconteceunovale.com.br\\\/portal\\\/?p=191812#breadcrumb\"},\"inLanguage\":\"pt-BR\",\"potentialAction\":[{\"@type\":\"ReadAction\",\"target\":[\"https:\\\/\\\/aconteceunovale.com.br\\\/portal\\\/?p=191812\"]}]},{\"@type\":\"ImageObject\",\"inLanguage\":\"pt-BR\",\"@id\":\"https:\\\/\\\/aconteceunovale.com.br\\\/portal\\\/?p=191812#primaryimage\",\"url\":\"https:\\\/\\\/aconteceunovale.com.br\\\/portal\\\/wp-content\\\/uploads\\\/2022\\\/10\\\/bloco_saneamento_vale.jpg\",\"contentUrl\":\"https:\\\/\\\/aconteceunovale.com.br\\\/portal\\\/wp-content\\\/uploads\\\/2022\\\/10\\\/bloco_saneamento_vale.jpg\",\"width\":678,\"height\":412},{\"@type\":\"BreadcrumbList\",\"@id\":\"https:\\\/\\\/aconteceunovale.com.br\\\/portal\\\/?p=191812#breadcrumb\",\"itemListElement\":[{\"@type\":\"ListItem\",\"position\":1,\"name\":\"In\u00edcio\",\"item\":\"https:\\\/\\\/aconteceunovale.com.br\\\/portal\\\/\"},{\"@type\":\"ListItem\",\"position\":2,\"name\":\"Bloco regional de saneamento do Vale do Jequitinhonha vai beneficiar 1,4 milh\u00e3o de pessoas\"}]},{\"@type\":\"WebSite\",\"@id\":\"https:\\\/\\\/aconteceunovale.com.br\\\/portal\\\/#website\",\"url\":\"https:\\\/\\\/aconteceunovale.com.br\\\/portal\\\/\",\"name\":\"Aconteceu no Vale\",\"description\":\"Portal de Not\u00edcias\",\"potentialAction\":[{\"@type\":\"SearchAction\",\"target\":{\"@type\":\"EntryPoint\",\"urlTemplate\":\"https:\\\/\\\/aconteceunovale.com.br\\\/portal\\\/?s={search_term_string}\"},\"query-input\":{\"@type\":\"PropertyValueSpecification\",\"valueRequired\":true,\"valueName\":\"search_term_string\"}}],\"inLanguage\":\"pt-BR\"},{\"@type\":\"Person\",\"@id\":\"https:\\\/\\\/aconteceunovale.com.br\\\/portal\\\/#\\\/schema\\\/person\\\/7d2f26d1483f8a63de73da1ee0754d35\",\"name\":\"Reda\u00e7\u00e3o Aconteceu no Vale\",\"description\":\"Equipe de reportagem do Aconteceu no Vale, portal de not\u00edcias do Vale do Jequitinhonha, em Minas Gerais. Cobrimos as 51 cidades do Vale desde 2013. Sugest\u00f5es de pauta e pedidos de corre\u00e7\u00e3o: contato@aconteceunovale.com.br\",\"url\":\"https:\\\/\\\/aconteceunovale.com.br\\\/portal\\\/?author=4\"}]}<\/script>\n<!-- \/ Yoast SEO plugin. -->","yoast_head_json":{"title":"Bloco regional de saneamento do Vale do Jequitinhonha vai beneficiar 1,4 milh\u00e3o de pessoas - Aconteceu no Vale","robots":{"index":"index","follow":"follow","max-snippet":"max-snippet:-1","max-image-preview":"max-image-preview:large","max-video-preview":"max-video-preview:-1"},"canonical":"https:\/\/aconteceunovale.com.br\/portal\/?p=191812","og_locale":"pt_BR","og_type":"article","og_title":"Bloco regional de saneamento do Vale do Jequitinhonha vai beneficiar 1,4 milh\u00e3o de pessoas - Aconteceu no Vale","og_description":"Cerca de 1,4 milh\u00e3o de pessoas de 96 munic\u00edpios do Vale do Jequitinhonha, em Minas Gerais, ser\u00e3o beneficiadas com a regionaliza\u00e7\u00e3o do saneamento na regi\u00e3o. O an\u00fancio, feito na quarta-feira (26\/10) pelo\u00a0Governo de Minas\u00a0e o Minist\u00e9rio do Desenvolvimento Regional (MDR), garante a forma\u00e7\u00e3o do Bloco Regional do Saneamento Jequitinhonha como refer\u00eancia nacional, o que ir\u00e1 [&hellip;]","og_url":"https:\/\/aconteceunovale.com.br\/portal\/?p=191812","og_site_name":"Aconteceu no Vale","article_publisher":"https:\/\/www.facebook.com\/aconteceunovale\/","article_published_time":"2022-10-29T01:39:32+00:00","article_modified_time":"2022-10-29T01:41:15+00:00","og_image":[{"width":678,"height":412,"url":"https:\/\/aconteceunovale.com.br\/portal\/wp-content\/uploads\/2022\/10\/bloco_saneamento_vale.jpg","type":"image\/jpeg"}],"author":"Reda\u00e7\u00e3o Aconteceu no Vale","twitter_card":"summary_large_image","twitter_creator":"@noticiadosvales","twitter_site":"@noticiadosvales","twitter_misc":{"Escrito por":"Reda\u00e7\u00e3o Aconteceu no Vale","Est. tempo de leitura":"4 minutos"},"schema":{"@context":"https:\/\/schema.org","@graph":[{"@type":"Article","@id":"https:\/\/aconteceunovale.com.br\/portal\/?p=191812#article","isPartOf":{"@id":"https:\/\/aconteceunovale.com.br\/portal\/?p=191812"},"author":{"name":"Reda\u00e7\u00e3o Aconteceu no Vale","@id":"https:\/\/aconteceunovale.com.br\/portal\/#\/schema\/person\/7d2f26d1483f8a63de73da1ee0754d35"},"headline":"Bloco regional de saneamento do Vale do Jequitinhonha vai beneficiar 1,4 milh\u00e3o de pessoas","datePublished":"2022-10-29T01:39:32+00:00","dateModified":"2022-10-29T01:41:15+00:00","mainEntityOfPage":{"@id":"https:\/\/aconteceunovale.com.br\/portal\/?p=191812"},"wordCount":815,"commentCount":0,"image":{"@id":"https:\/\/aconteceunovale.com.br\/portal\/?p=191812#primaryimage"},"thumbnailUrl":"https:\/\/aconteceunovale.com.br\/portal\/wp-content\/uploads\/2022\/10\/bloco_saneamento_vale.jpg","keywords":["Abastecimento de \u00e1gua e esgotamento sanit\u00e1rio no Vale do Jequitinhonha","Bloco regional de saneamento do Vale do Jequitinhonha","Bloco regional de saneamento do Vale do Jequitinhonha vai beneficiar 1.4 milh\u00e3o de pessoas","destaque","Governo de Minas","Marco Legal do Saneamento","MDR","Minist\u00e9rio do Desenvolvimento Regional","Saneamento do Jequitinhonha","Saneamento no Vale do Jequitinhonha"],"articleSection":["Vale do Jequitinhonha"],"inLanguage":"pt-BR","potentialAction":[{"@type":"CommentAction","name":"Comment","target":["https:\/\/aconteceunovale.com.br\/portal\/?p=191812#respond"]}]},{"@type":"WebPage","@id":"https:\/\/aconteceunovale.com.br\/portal\/?p=191812","url":"https:\/\/aconteceunovale.com.br\/portal\/?p=191812","name":"Bloco regional de saneamento do Vale do Jequitinhonha vai beneficiar 1,4 milh\u00e3o de pessoas - Aconteceu no Vale","isPartOf":{"@id":"https:\/\/aconteceunovale.com.br\/portal\/#website"},"primaryImageOfPage":{"@id":"https:\/\/aconteceunovale.com.br\/portal\/?p=191812#primaryimage"},"image":{"@id":"https:\/\/aconteceunovale.com.br\/portal\/?p=191812#primaryimage"},"thumbnailUrl":"https:\/\/aconteceunovale.com.br\/portal\/wp-content\/uploads\/2022\/10\/bloco_saneamento_vale.jpg","datePublished":"2022-10-29T01:39:32+00:00","dateModified":"2022-10-29T01:41:15+00:00","author":{"@id":"https:\/\/aconteceunovale.com.br\/portal\/#\/schema\/person\/7d2f26d1483f8a63de73da1ee0754d35"},"breadcrumb":{"@id":"https:\/\/aconteceunovale.com.br\/portal\/?p=191812#breadcrumb"},"inLanguage":"pt-BR","potentialAction":[{"@type":"ReadAction","target":["https:\/\/aconteceunovale.com.br\/portal\/?p=191812"]}]},{"@type":"ImageObject","inLanguage":"pt-BR","@id":"https:\/\/aconteceunovale.com.br\/portal\/?p=191812#primaryimage","url":"https:\/\/aconteceunovale.com.br\/portal\/wp-content\/uploads\/2022\/10\/bloco_saneamento_vale.jpg","contentUrl":"https:\/\/aconteceunovale.com.br\/portal\/wp-content\/uploads\/2022\/10\/bloco_saneamento_vale.jpg","width":678,"height":412},{"@type":"BreadcrumbList","@id":"https:\/\/aconteceunovale.com.br\/portal\/?p=191812#breadcrumb","itemListElement":[{"@type":"ListItem","position":1,"name":"In\u00edcio","item":"https:\/\/aconteceunovale.com.br\/portal\/"},{"@type":"ListItem","position":2,"name":"Bloco regional de saneamento do Vale do Jequitinhonha vai beneficiar 1,4 milh\u00e3o de pessoas"}]},{"@type":"WebSite","@id":"https:\/\/aconteceunovale.com.br\/portal\/#website","url":"https:\/\/aconteceunovale.com.br\/portal\/","name":"Aconteceu no Vale","description":"Portal de Not\u00edcias","potentialAction":[{"@type":"SearchAction","target":{"@type":"EntryPoint","urlTemplate":"https:\/\/aconteceunovale.com.br\/portal\/?s={search_term_string}"},"query-input":{"@type":"PropertyValueSpecification","valueRequired":true,"valueName":"search_term_string"}}],"inLanguage":"pt-BR"},{"@type":"Person","@id":"https:\/\/aconteceunovale.com.br\/portal\/#\/schema\/person\/7d2f26d1483f8a63de73da1ee0754d35","name":"Reda\u00e7\u00e3o Aconteceu no Vale","description":"Equipe de reportagem do Aconteceu no Vale, portal de not\u00edcias do Vale do Jequitinhonha, em Minas Gerais. Cobrimos as 51 cidades do Vale desde 2013. Sugest\u00f5es de pauta e pedidos de corre\u00e7\u00e3o: contato@aconteceunovale.com.br","url":"https:\/\/aconteceunovale.com.br\/portal\/?author=4"}]}},"_links":{"self":[{"href":"https:\/\/aconteceunovale.com.br\/portal\/index.php?rest_route=\/wp\/v2\/posts\/191812","targetHints":{"allow":["GET"]}}],"collection":[{"href":"https:\/\/aconteceunovale.com.br\/portal\/index.php?rest_route=\/wp\/v2\/posts"}],"about":[{"href":"https:\/\/aconteceunovale.com.br\/portal\/index.php?rest_route=\/wp\/v2\/types\/post"}],"author":[{"embeddable":true,"href":"https:\/\/aconteceunovale.com.br\/portal\/index.php?rest_route=\/wp\/v2\/users\/4"}],"replies":[{"embeddable":true,"href":"https:\/\/aconteceunovale.com.br\/portal\/index.php?rest_route=%2Fwp%2Fv2%2Fcomments&post=191812"}],"version-history":[{"count":2,"href":"https:\/\/aconteceunovale.com.br\/portal\/index.php?rest_route=\/wp\/v2\/posts\/191812\/revisions"}],"predecessor-version":[{"id":191815,"href":"https:\/\/aconteceunovale.com.br\/portal\/index.php?rest_route=\/wp\/v2\/posts\/191812\/revisions\/191815"}],"wp:featuredmedia":[{"embeddable":true,"href":"https:\/\/aconteceunovale.com.br\/portal\/index.php?rest_route=\/wp\/v2\/media\/191813"}],"wp:attachment":[{"href":"https:\/\/aconteceunovale.com.br\/portal\/index.php?rest_route=%2Fwp%2Fv2%2Fmedia&parent=191812"}],"wp:term":[{"taxonomy":"category","embeddable":true,"href":"https:\/\/aconteceunovale.com.br\/portal\/index.php?rest_route=%2Fwp%2Fv2%2Fcategories&post=191812"},{"taxonomy":"post_tag","embeddable":true,"href":"https:\/\/aconteceunovale.com.br\/portal\/index.php?rest_route=%2Fwp%2Fv2%2Ftags&post=191812"}],"curies":[{"name":"wp","href":"https:\/\/api.w.org\/{rel}","templated":true}]}}