{"id":191791,"date":"2022-10-28T12:53:22","date_gmt":"2022-10-28T15:53:22","guid":{"rendered":"https:\/\/aconteceunovale.com.br\/portal\/?p=191791"},"modified":"2022-10-28T12:54:07","modified_gmt":"2022-10-28T15:54:07","slug":"confira-os-prazos-previstos-pela-justica-eleitoral-para-o-segundo-turno","status":"publish","type":"post","link":"https:\/\/aconteceunovale.com.br\/portal\/?p=191791","title":{"rendered":"Confira os prazos previstos pela Justi\u00e7a Eleitoral para o segundo turno"},"content":{"rendered":"\n<p class=\"wp-block-paragraph\">Os brasileiros se preparam para ir \u00e0s urnas neste\u00a0domingo\u00a0(30) e escolher quem estar\u00e1 \u00e0 frente,\u00a0pelos pr\u00f3ximos quatro anos, do Executivo Federal e de\u00a0governos de 12 estados. A fim de garantir a mais importante ferramenta da democracia \u2013 o voto \u2013, a Justi\u00e7a Eleitoral elaborou um calend\u00e1rio eleitoral detalhando uma s\u00e9rie de prazos e regras que precisam ser observadas por candidatos e eleitores nesta reta final das Elei\u00e7\u00f5es 2022.<\/p>\n\n\n\n<p class=\"wp-block-paragraph\">Desde a madrugada de&nbsp;hoje&nbsp;(28), est\u00e1 proibida a realiza\u00e7\u00e3o de com\u00edcios.&nbsp;Hoje&nbsp;\u00e9 tamb\u00e9m o \u00faltimo dia para a veicula\u00e7\u00e3o de propaganda eleitoral no r\u00e1dio e na televis\u00e3o, bem como de propaganda em imprensa escrita e reprodu\u00e7\u00e3o do material na internet.<\/p>\n\n\n\n<p class=\"wp-block-paragraph\">\u00c9 tamb\u00e9m o \u00faltimo dia para a realiza\u00e7\u00e3o de debate em r\u00e1dios e TVs. Eleitores n\u00e3o podem ser presos ou detidos, exceto em casos de flagrante delito ou em virtude de senten\u00e7a criminal condenat\u00f3ria por crime inafian\u00e7\u00e1vel.<\/p>\n\n\n\n<p class=\"wp-block-paragraph\">Pessoas que impe\u00e7am o direito de eleitores transitarem livremente tamb\u00e9m poder\u00e3o ser presas. As duas medidas valem at\u00e9 48 horas ap\u00f3s o pleito do pr\u00f3ximo&nbsp;domingo&nbsp;(30).<\/p>\n\n\n\n<p class=\"wp-block-paragraph\">Amanh\u00e3 (29), v\u00e9spera do segundo turno, ser\u00e1 o \u00faltimo dia para veicula\u00e7\u00e3o de propaganda eleitoral feita por meio de alto-falantes, amplificadores de som, distribui\u00e7\u00e3o de panfleto, caminhada, carreata ou passeata. No mesmo dia, ser\u00e3o definidas as se\u00e7\u00f5es eleitorais que ser\u00e3o submetidas a auditorias da vota\u00e7\u00e3o eletr\u00f4nica.<\/p>\n\n\n\n<h2 class=\"wp-block-heading\">Segundo turno<\/h2>\n\n\n\n<p class=\"wp-block-paragraph\">O in\u00edcio da vota\u00e7\u00e3o ser\u00e1 \u00e0s 8h e o t\u00e9rmino, \u00e0s 17h, no hor\u00e1rio de Bras\u00edlia. Diferentemente do que ocorreu em elei\u00e7\u00f5es passadas, neste pleito, o hor\u00e1rio de vota\u00e7\u00e3o ser\u00e1 uniformizado em todo o pa\u00eds. Ou seja,&nbsp;as regi\u00f5es em que h\u00e1 fuso hor\u00e1rio diferente v\u00e3o seguir o hor\u00e1rio de Bras\u00edlia.<\/p>\n\n\n\n<p class=\"wp-block-paragraph\">Com um sistema eleitoral eletr\u00f4nico confi\u00e1vel e seguro, o Brasil dar\u00e1 in\u00edcio \u00e0 apura\u00e7\u00e3o assim que as elei\u00e7\u00f5es terminarem no\u00a0domingo, e a expectativa \u00e9 de conhecer o resultado em poucas horas.<\/p>\n\n\n\n<p class=\"wp-block-paragraph\">&#8212;&#8212;&#8212;&#8212;&#8212;&#8212;<br><br><strong>Sabia que o Aconteceu no Vale est\u00e1 tamb\u00e9m no Telegram? <a rel=\"noreferrer noopener\" href=\"https:\/\/t.me\/aconteceunovaleoficial\" target=\"_blank\">Inscreva-se no canal<\/a>.<\/strong><br><br><strong>J\u00e1 curtiu ou seguiu nossas p\u00e1ginas nas redes sociais?\u00a0Receba as not\u00edcias em primeira m\u00e3o:<\/strong><br>\u2022 <a rel=\"noreferrer noopener\" href=\"https:\/\/news.google.com\/publications\/CAAqBwgKMNjklQswi4etAw?hl=pt-BR&amp;gl=BR&amp;ceid=BR%3Apt-419\" target=\"_blank\">Google News<\/a><br>\u2022 <a rel=\"noreferrer noopener\" href=\"https:\/\/www.facebook.com\/aconteceunovale\/\" target=\"_blank\">Facebook<\/a><br>\u2022 <a rel=\"noreferrer noopener\" href=\"https:\/\/twitter.com\/noticiadosvales\" target=\"_blank\">Twitter<\/a><br>\u2022 <a rel=\"noreferrer noopener\" href=\"https:\/\/www.instagram.com\/aconteceunovale\" target=\"_blank\">Instagram<\/a><br>\u2022 <a rel=\"noreferrer noopener\" href=\"https:\/\/www.youtube.com\/AconteceunoValeOficial\" target=\"_blank\">Youtube<\/a><br>\u2022 <a rel=\"noreferrer noopener\" href=\"https:\/\/www.tiktok.com\/@aconteceunovale\" target=\"_blank\">TikTok<\/a><\/p>\n","protected":false},"excerpt":{"rendered":"<p>Os brasileiros se preparam para ir \u00e0s urnas neste\u00a0domingo\u00a0(30) e escolher quem estar\u00e1 \u00e0 frente,\u00a0pelos pr\u00f3ximos quatro anos, do Executivo Federal e de\u00a0governos de 12 estados. A fim de garantir a mais importante ferramenta da democracia \u2013 o voto \u2013, a Justi\u00e7a Eleitoral elaborou um calend\u00e1rio eleitoral detalhando uma s\u00e9rie de prazos e regras que [&hellip;]<\/p>\n","protected":false},"author":4,"featured_media":182835,"comment_status":"open","ping_status":"closed","sticky":false,"template":"","format":"standard","meta":{"amp_status":"","footnotes":""},"categories":[6,249933],"tags":[265464,1018,252238,265467,261226,17165,265465,265466],"class_list":["post-191791","post","type-post","status-publish","format-standard","has-post-thumbnail","hentry","category-br","category-eleicoes-2022","tag-confira-os-prazos-previstos-pela-justica-eleitoral-para-o-segundo-turno","tag-destaque","tag-eleicoes-2022","tag-eleicoes-de-domingo","tag-eleicoes-no-brasil","tag-justica-eleitoral","tag-prazos-para-o-segundo-turno","tag-prazos-segundo-turno"],"yoast_head":"<!-- This site is optimized with the Yoast SEO plugin v28.3 - https:\/\/yoast.com\/product\/yoast-seo-wordpress\/ -->\n<title>Confira os prazos previstos pela Justi\u00e7a Eleitoral para o segundo turno - Aconteceu no Vale<\/title>\n<meta name=\"robots\" content=\"index, follow, max-snippet:-1, max-image-preview:large, max-video-preview:-1\" \/>\n<link rel=\"canonical\" href=\"https:\/\/aconteceunovale.com.br\/portal\/?p=191791\" \/>\n<meta property=\"og:locale\" content=\"pt_BR\" \/>\n<meta property=\"og:type\" content=\"article\" \/>\n<meta property=\"og:title\" content=\"Confira os prazos previstos pela Justi\u00e7a Eleitoral para o segundo turno - Aconteceu no Vale\" \/>\n<meta property=\"og:description\" content=\"Os brasileiros se preparam para ir \u00e0s urnas neste\u00a0domingo\u00a0(30) e escolher quem estar\u00e1 \u00e0 frente,\u00a0pelos pr\u00f3ximos quatro anos, do Executivo Federal e de\u00a0governos de 12 estados. A fim de garantir a mais importante ferramenta da democracia \u2013 o voto \u2013, a Justi\u00e7a Eleitoral elaborou um calend\u00e1rio eleitoral detalhando uma s\u00e9rie de prazos e regras que [&hellip;]\" \/>\n<meta property=\"og:url\" content=\"https:\/\/aconteceunovale.com.br\/portal\/?p=191791\" \/>\n<meta property=\"og:site_name\" content=\"Aconteceu no Vale\" \/>\n<meta property=\"article:publisher\" content=\"https:\/\/www.facebook.com\/aconteceunovale\/\" \/>\n<meta property=\"article:published_time\" content=\"2022-10-28T15:53:22+00:00\" \/>\n<meta property=\"article:modified_time\" content=\"2022-10-28T15:54:07+00:00\" \/>\n<meta property=\"og:image\" content=\"https:\/\/aconteceunovale.com.br\/portal\/wp-content\/uploads\/2021\/10\/urna_eletronica.jpg\" \/>\n\t<meta property=\"og:image:width\" content=\"678\" \/>\n\t<meta property=\"og:image:height\" content=\"406\" \/>\n\t<meta property=\"og:image:type\" content=\"image\/jpeg\" \/>\n<meta name=\"author\" content=\"Reda\u00e7\u00e3o Aconteceu no Vale\" \/>\n<meta name=\"twitter:card\" content=\"summary_large_image\" \/>\n<meta name=\"twitter:creator\" content=\"@noticiadosvales\" \/>\n<meta name=\"twitter:site\" content=\"@noticiadosvales\" \/>\n<meta name=\"twitter:label1\" content=\"Escrito por\" \/>\n\t<meta name=\"twitter:data1\" content=\"Reda\u00e7\u00e3o Aconteceu no Vale\" \/>\n\t<meta name=\"twitter:label2\" content=\"Est. tempo de leitura\" \/>\n\t<meta name=\"twitter:data2\" content=\"2 minutos\" \/>\n<script type=\"application\/ld+json\" class=\"yoast-schema-graph\">{\"@context\":\"https:\\\/\\\/schema.org\",\"@graph\":[{\"@type\":\"Article\",\"@id\":\"https:\\\/\\\/aconteceunovale.com.br\\\/portal\\\/?p=191791#article\",\"isPartOf\":{\"@id\":\"https:\\\/\\\/aconteceunovale.com.br\\\/portal\\\/?p=191791\"},\"author\":{\"name\":\"Reda\u00e7\u00e3o Aconteceu no Vale\",\"@id\":\"https:\\\/\\\/aconteceunovale.com.br\\\/portal\\\/#\\\/schema\\\/person\\\/7d2f26d1483f8a63de73da1ee0754d35\"},\"headline\":\"Confira os prazos previstos pela Justi\u00e7a Eleitoral para o segundo turno\",\"datePublished\":\"2022-10-28T15:53:22+00:00\",\"dateModified\":\"2022-10-28T15:54:07+00:00\",\"mainEntityOfPage\":{\"@id\":\"https:\\\/\\\/aconteceunovale.com.br\\\/portal\\\/?p=191791\"},\"wordCount\":405,\"commentCount\":0,\"image\":{\"@id\":\"https:\\\/\\\/aconteceunovale.com.br\\\/portal\\\/?p=191791#primaryimage\"},\"thumbnailUrl\":\"https:\\\/\\\/aconteceunovale.com.br\\\/portal\\\/wp-content\\\/uploads\\\/2021\\\/10\\\/urna_eletronica.jpg\",\"keywords\":[\"Confira os prazos previstos pela Justi\u00e7a Eleitoral para o segundo turno\",\"destaque\",\"Elei\u00e7\u00f5es 2022\",\"Elei\u00e7\u00f5es de domingo\",\"Elei\u00e7\u00f5es no Brasil\",\"Justi\u00e7a Eleitoral\",\"Prazos para o segundo turno\",\"Prazos segundo turno\"],\"articleSection\":[\"Brasil\",\"Elei\u00e7\u00f5es 2022\"],\"inLanguage\":\"pt-BR\",\"potentialAction\":[{\"@type\":\"CommentAction\",\"name\":\"Comment\",\"target\":[\"https:\\\/\\\/aconteceunovale.com.br\\\/portal\\\/?p=191791#respond\"]}]},{\"@type\":\"WebPage\",\"@id\":\"https:\\\/\\\/aconteceunovale.com.br\\\/portal\\\/?p=191791\",\"url\":\"https:\\\/\\\/aconteceunovale.com.br\\\/portal\\\/?p=191791\",\"name\":\"Confira os prazos previstos pela Justi\u00e7a Eleitoral para o segundo turno - Aconteceu no Vale\",\"isPartOf\":{\"@id\":\"https:\\\/\\\/aconteceunovale.com.br\\\/portal\\\/#website\"},\"primaryImageOfPage\":{\"@id\":\"https:\\\/\\\/aconteceunovale.com.br\\\/portal\\\/?p=191791#primaryimage\"},\"image\":{\"@id\":\"https:\\\/\\\/aconteceunovale.com.br\\\/portal\\\/?p=191791#primaryimage\"},\"thumbnailUrl\":\"https:\\\/\\\/aconteceunovale.com.br\\\/portal\\\/wp-content\\\/uploads\\\/2021\\\/10\\\/urna_eletronica.jpg\",\"datePublished\":\"2022-10-28T15:53:22+00:00\",\"dateModified\":\"2022-10-28T15:54:07+00:00\",\"author\":{\"@id\":\"https:\\\/\\\/aconteceunovale.com.br\\\/portal\\\/#\\\/schema\\\/person\\\/7d2f26d1483f8a63de73da1ee0754d35\"},\"breadcrumb\":{\"@id\":\"https:\\\/\\\/aconteceunovale.com.br\\\/portal\\\/?p=191791#breadcrumb\"},\"inLanguage\":\"pt-BR\",\"potentialAction\":[{\"@type\":\"ReadAction\",\"target\":[\"https:\\\/\\\/aconteceunovale.com.br\\\/portal\\\/?p=191791\"]}]},{\"@type\":\"ImageObject\",\"inLanguage\":\"pt-BR\",\"@id\":\"https:\\\/\\\/aconteceunovale.com.br\\\/portal\\\/?p=191791#primaryimage\",\"url\":\"https:\\\/\\\/aconteceunovale.com.br\\\/portal\\\/wp-content\\\/uploads\\\/2021\\\/10\\\/urna_eletronica.jpg\",\"contentUrl\":\"https:\\\/\\\/aconteceunovale.com.br\\\/portal\\\/wp-content\\\/uploads\\\/2021\\\/10\\\/urna_eletronica.jpg\",\"width\":678,\"height\":406,\"caption\":\"TSE - Tribunal Superior Eleitoral Urna eletr\u00f4nica\"},{\"@type\":\"BreadcrumbList\",\"@id\":\"https:\\\/\\\/aconteceunovale.com.br\\\/portal\\\/?p=191791#breadcrumb\",\"itemListElement\":[{\"@type\":\"ListItem\",\"position\":1,\"name\":\"In\u00edcio\",\"item\":\"https:\\\/\\\/aconteceunovale.com.br\\\/portal\\\/\"},{\"@type\":\"ListItem\",\"position\":2,\"name\":\"Confira os prazos previstos pela Justi\u00e7a Eleitoral para o segundo turno\"}]},{\"@type\":\"WebSite\",\"@id\":\"https:\\\/\\\/aconteceunovale.com.br\\\/portal\\\/#website\",\"url\":\"https:\\\/\\\/aconteceunovale.com.br\\\/portal\\\/\",\"name\":\"Aconteceu no Vale\",\"description\":\"Portal de Not\u00edcias\",\"potentialAction\":[{\"@type\":\"SearchAction\",\"target\":{\"@type\":\"EntryPoint\",\"urlTemplate\":\"https:\\\/\\\/aconteceunovale.com.br\\\/portal\\\/?s={search_term_string}\"},\"query-input\":{\"@type\":\"PropertyValueSpecification\",\"valueRequired\":true,\"valueName\":\"search_term_string\"}}],\"inLanguage\":\"pt-BR\"},{\"@type\":\"Person\",\"@id\":\"https:\\\/\\\/aconteceunovale.com.br\\\/portal\\\/#\\\/schema\\\/person\\\/7d2f26d1483f8a63de73da1ee0754d35\",\"name\":\"Reda\u00e7\u00e3o Aconteceu no Vale\",\"description\":\"Equipe de reportagem do Aconteceu no Vale, portal de not\u00edcias do Vale do Jequitinhonha, em Minas Gerais. Cobrimos as 51 cidades do Vale desde 2013. Sugest\u00f5es de pauta e pedidos de corre\u00e7\u00e3o: contato@aconteceunovale.com.br\",\"url\":\"https:\\\/\\\/aconteceunovale.com.br\\\/portal\\\/?author=4\"}]}<\/script>\n<!-- \/ Yoast SEO plugin. -->","yoast_head_json":{"title":"Confira os prazos previstos pela Justi\u00e7a Eleitoral para o segundo turno - Aconteceu no Vale","robots":{"index":"index","follow":"follow","max-snippet":"max-snippet:-1","max-image-preview":"max-image-preview:large","max-video-preview":"max-video-preview:-1"},"canonical":"https:\/\/aconteceunovale.com.br\/portal\/?p=191791","og_locale":"pt_BR","og_type":"article","og_title":"Confira os prazos previstos pela Justi\u00e7a Eleitoral para o segundo turno - Aconteceu no Vale","og_description":"Os brasileiros se preparam para ir \u00e0s urnas neste\u00a0domingo\u00a0(30) e escolher quem estar\u00e1 \u00e0 frente,\u00a0pelos pr\u00f3ximos quatro anos, do Executivo Federal e de\u00a0governos de 12 estados. A fim de garantir a mais importante ferramenta da democracia \u2013 o voto \u2013, a Justi\u00e7a Eleitoral elaborou um calend\u00e1rio eleitoral detalhando uma s\u00e9rie de prazos e regras que [&hellip;]","og_url":"https:\/\/aconteceunovale.com.br\/portal\/?p=191791","og_site_name":"Aconteceu no Vale","article_publisher":"https:\/\/www.facebook.com\/aconteceunovale\/","article_published_time":"2022-10-28T15:53:22+00:00","article_modified_time":"2022-10-28T15:54:07+00:00","og_image":[{"width":678,"height":406,"url":"https:\/\/aconteceunovale.com.br\/portal\/wp-content\/uploads\/2021\/10\/urna_eletronica.jpg","type":"image\/jpeg"}],"author":"Reda\u00e7\u00e3o Aconteceu no Vale","twitter_card":"summary_large_image","twitter_creator":"@noticiadosvales","twitter_site":"@noticiadosvales","twitter_misc":{"Escrito por":"Reda\u00e7\u00e3o Aconteceu no Vale","Est. tempo de leitura":"2 minutos"},"schema":{"@context":"https:\/\/schema.org","@graph":[{"@type":"Article","@id":"https:\/\/aconteceunovale.com.br\/portal\/?p=191791#article","isPartOf":{"@id":"https:\/\/aconteceunovale.com.br\/portal\/?p=191791"},"author":{"name":"Reda\u00e7\u00e3o Aconteceu no Vale","@id":"https:\/\/aconteceunovale.com.br\/portal\/#\/schema\/person\/7d2f26d1483f8a63de73da1ee0754d35"},"headline":"Confira os prazos previstos pela Justi\u00e7a Eleitoral para o segundo turno","datePublished":"2022-10-28T15:53:22+00:00","dateModified":"2022-10-28T15:54:07+00:00","mainEntityOfPage":{"@id":"https:\/\/aconteceunovale.com.br\/portal\/?p=191791"},"wordCount":405,"commentCount":0,"image":{"@id":"https:\/\/aconteceunovale.com.br\/portal\/?p=191791#primaryimage"},"thumbnailUrl":"https:\/\/aconteceunovale.com.br\/portal\/wp-content\/uploads\/2021\/10\/urna_eletronica.jpg","keywords":["Confira os prazos previstos pela Justi\u00e7a Eleitoral para o segundo turno","destaque","Elei\u00e7\u00f5es 2022","Elei\u00e7\u00f5es de domingo","Elei\u00e7\u00f5es no Brasil","Justi\u00e7a Eleitoral","Prazos para o segundo turno","Prazos segundo turno"],"articleSection":["Brasil","Elei\u00e7\u00f5es 2022"],"inLanguage":"pt-BR","potentialAction":[{"@type":"CommentAction","name":"Comment","target":["https:\/\/aconteceunovale.com.br\/portal\/?p=191791#respond"]}]},{"@type":"WebPage","@id":"https:\/\/aconteceunovale.com.br\/portal\/?p=191791","url":"https:\/\/aconteceunovale.com.br\/portal\/?p=191791","name":"Confira os prazos previstos pela Justi\u00e7a Eleitoral para o segundo turno - Aconteceu no Vale","isPartOf":{"@id":"https:\/\/aconteceunovale.com.br\/portal\/#website"},"primaryImageOfPage":{"@id":"https:\/\/aconteceunovale.com.br\/portal\/?p=191791#primaryimage"},"image":{"@id":"https:\/\/aconteceunovale.com.br\/portal\/?p=191791#primaryimage"},"thumbnailUrl":"https:\/\/aconteceunovale.com.br\/portal\/wp-content\/uploads\/2021\/10\/urna_eletronica.jpg","datePublished":"2022-10-28T15:53:22+00:00","dateModified":"2022-10-28T15:54:07+00:00","author":{"@id":"https:\/\/aconteceunovale.com.br\/portal\/#\/schema\/person\/7d2f26d1483f8a63de73da1ee0754d35"},"breadcrumb":{"@id":"https:\/\/aconteceunovale.com.br\/portal\/?p=191791#breadcrumb"},"inLanguage":"pt-BR","potentialAction":[{"@type":"ReadAction","target":["https:\/\/aconteceunovale.com.br\/portal\/?p=191791"]}]},{"@type":"ImageObject","inLanguage":"pt-BR","@id":"https:\/\/aconteceunovale.com.br\/portal\/?p=191791#primaryimage","url":"https:\/\/aconteceunovale.com.br\/portal\/wp-content\/uploads\/2021\/10\/urna_eletronica.jpg","contentUrl":"https:\/\/aconteceunovale.com.br\/portal\/wp-content\/uploads\/2021\/10\/urna_eletronica.jpg","width":678,"height":406,"caption":"TSE - Tribunal Superior Eleitoral Urna eletr\u00f4nica"},{"@type":"BreadcrumbList","@id":"https:\/\/aconteceunovale.com.br\/portal\/?p=191791#breadcrumb","itemListElement":[{"@type":"ListItem","position":1,"name":"In\u00edcio","item":"https:\/\/aconteceunovale.com.br\/portal\/"},{"@type":"ListItem","position":2,"name":"Confira os prazos previstos pela Justi\u00e7a Eleitoral para o segundo turno"}]},{"@type":"WebSite","@id":"https:\/\/aconteceunovale.com.br\/portal\/#website","url":"https:\/\/aconteceunovale.com.br\/portal\/","name":"Aconteceu no Vale","description":"Portal de Not\u00edcias","potentialAction":[{"@type":"SearchAction","target":{"@type":"EntryPoint","urlTemplate":"https:\/\/aconteceunovale.com.br\/portal\/?s={search_term_string}"},"query-input":{"@type":"PropertyValueSpecification","valueRequired":true,"valueName":"search_term_string"}}],"inLanguage":"pt-BR"},{"@type":"Person","@id":"https:\/\/aconteceunovale.com.br\/portal\/#\/schema\/person\/7d2f26d1483f8a63de73da1ee0754d35","name":"Reda\u00e7\u00e3o Aconteceu no Vale","description":"Equipe de reportagem do Aconteceu no Vale, portal de not\u00edcias do Vale do Jequitinhonha, em Minas Gerais. Cobrimos as 51 cidades do Vale desde 2013. Sugest\u00f5es de pauta e pedidos de corre\u00e7\u00e3o: contato@aconteceunovale.com.br","url":"https:\/\/aconteceunovale.com.br\/portal\/?author=4"}]}},"_links":{"self":[{"href":"https:\/\/aconteceunovale.com.br\/portal\/index.php?rest_route=\/wp\/v2\/posts\/191791","targetHints":{"allow":["GET"]}}],"collection":[{"href":"https:\/\/aconteceunovale.com.br\/portal\/index.php?rest_route=\/wp\/v2\/posts"}],"about":[{"href":"https:\/\/aconteceunovale.com.br\/portal\/index.php?rest_route=\/wp\/v2\/types\/post"}],"author":[{"embeddable":true,"href":"https:\/\/aconteceunovale.com.br\/portal\/index.php?rest_route=\/wp\/v2\/users\/4"}],"replies":[{"embeddable":true,"href":"https:\/\/aconteceunovale.com.br\/portal\/index.php?rest_route=%2Fwp%2Fv2%2Fcomments&post=191791"}],"version-history":[{"count":1,"href":"https:\/\/aconteceunovale.com.br\/portal\/index.php?rest_route=\/wp\/v2\/posts\/191791\/revisions"}],"predecessor-version":[{"id":191792,"href":"https:\/\/aconteceunovale.com.br\/portal\/index.php?rest_route=\/wp\/v2\/posts\/191791\/revisions\/191792"}],"wp:featuredmedia":[{"embeddable":true,"href":"https:\/\/aconteceunovale.com.br\/portal\/index.php?rest_route=\/wp\/v2\/media\/182835"}],"wp:attachment":[{"href":"https:\/\/aconteceunovale.com.br\/portal\/index.php?rest_route=%2Fwp%2Fv2%2Fmedia&parent=191791"}],"wp:term":[{"taxonomy":"category","embeddable":true,"href":"https:\/\/aconteceunovale.com.br\/portal\/index.php?rest_route=%2Fwp%2Fv2%2Fcategories&post=191791"},{"taxonomy":"post_tag","embeddable":true,"href":"https:\/\/aconteceunovale.com.br\/portal\/index.php?rest_route=%2Fwp%2Fv2%2Ftags&post=191791"}],"curies":[{"name":"wp","href":"https:\/\/api.w.org\/{rel}","templated":true}]}}