{"id":191775,"date":"2022-10-26T21:10:59","date_gmt":"2022-10-27T00:10:59","guid":{"rendered":"https:\/\/aconteceunovale.com.br\/portal\/?p=191775"},"modified":"2022-10-26T21:12:15","modified_gmt":"2022-10-27T00:12:15","slug":"obras-nas-rodovias-lmg-760-e-mg-320-entram-na-reta-final","status":"publish","type":"post","link":"https:\/\/aconteceunovale.com.br\/portal\/?p=191775","title":{"rendered":"Obras nas rodovias LMG-760 e MG-320 entram na reta final"},"content":{"rendered":"\n<p class=\"wp-block-paragraph\">As obras de pavimenta\u00e7\u00e3o das rodovias LMG-760 e MG-320 entraram na reta final. De um total de 57 quil\u00f4metros que ser\u00e3o executados, cerca de 49 quil\u00f4metros j\u00e1 foram conclu\u00eddos pelo\u00a0Departamento de Edifica\u00e7\u00f5es e Estradas de Rodagem de Minas Gerais (DER-MG), o que representa 86% de avan\u00e7o f\u00edsico no cronograma. O investimento \u00e9 da ordem de R$ 179 milh\u00f5es.<\/p>\n\n\n\n<figure class=\"wp-block-gallery has-nested-images columns-default is-cropped wp-block-gallery-1 is-layout-flex wp-block-gallery-is-layout-flex\">\n<figure class=\"wp-block-image size-large\"><img loading=\"lazy\" decoding=\"async\" width=\"678\" height=\"442\" data-id=\"191776\" src=\"https:\/\/aconteceunovale.com.br\/portal\/wp-content\/uploads\/2022\/10\/obras_leste_de_minas.jpg\" alt=\"\" class=\"wp-image-191776\" srcset=\"https:\/\/aconteceunovale.com.br\/portal\/wp-content\/uploads\/2022\/10\/obras_leste_de_minas.jpg 678w, https:\/\/aconteceunovale.com.br\/portal\/wp-content\/uploads\/2022\/10\/obras_leste_de_minas-300x196.jpg 300w, https:\/\/aconteceunovale.com.br\/portal\/wp-content\/uploads\/2022\/10\/obras_leste_de_minas-644x420.jpg 644w\" sizes=\"auto, (max-width: 678px) 100vw, 678px\" \/><figcaption><em><sub>Foto: DER-MG \/ Divulga\u00e7\u00e3o<\/sub><\/em><\/figcaption><\/figure>\n<\/figure>\n\n\n\n<p class=\"wp-block-paragraph\">A previs\u00e3o contratual para conclus\u00e3o do trecho \u00e9 agosto de 2023. No entanto, O DER-MG estima que este prazo seja antecipado, devido ao ritmo das obras.<\/p>\n\n\n\n<p class=\"wp-block-paragraph\">Tamb\u00e9m est\u00e3o em andamento os servi\u00e7os de drenagem, terraplenagem e a constru\u00e7\u00e3o de pontes ao longo do trajeto, que vai da BR-262 ao entroncamento de S\u00e3o Jos\u00e9 do Goiabal e segue at\u00e9 o distrito de Cava Grande, em Marli\u00e9ria, no Vale do Rio Doce.<\/p>\n\n\n\n<p class=\"wp-block-paragraph\">As sinaliza\u00e7\u00f5es horizontal e vertical est\u00e3o sendo feitas por etapas, \u00e0 medida que os trabalhos de pavimenta\u00e7\u00e3o s\u00e3o conclu\u00eddos.<\/p>\n\n\n\n<p class=\"wp-block-paragraph\">Quando conclu\u00eddas, as rodovias v\u00e3o favorecer as atividades econ\u00f4micas da regi\u00e3o, interligando cidades do Vale do A\u00e7o e da Zona da Mata Mineira, al\u00e9m de oferecer um acesso mais r\u00e1pido ao Parque Estadual do Rio Doce.<\/p>\n\n\n\n<h2 class=\"wp-block-heading\"><strong>Provias<\/strong><\/h2>\n\n\n\n<p class=\"wp-block-paragraph\">O Provias, lan\u00e7ado em abril deste ano pelo Governo de Minas, tem como objetivo reverter a situa\u00e7\u00e3o prec\u00e1ria em que se encontram muitas rodovias mineiras. O programa vai beneficiar 100 interven\u00e7\u00f5es em\u00a0todas as regi\u00f5es do estado.<\/p>\n\n\n\n<p class=\"wp-block-paragraph\">Dos R$ 2 bilh\u00f5es em recursos destinados ao Provias, o valor de R$ 1,4 bilh\u00e3o \u00e9 proveniente do Acordo Judicial assinado com o objetivo de reparar danos decorrentes do rompimento das barragens da Vale S.A, que tirou 272 vidas e gerou uma s\u00e9rie de impactos sociais, ambientais e econ\u00f4micos na bacia do Rio Paraopeba e em todo o estado de Minas Gerais.<\/p>\n\n\n\n<p class=\"wp-block-paragraph\">Al\u00e9m disso, cerca de R$ 120 milh\u00f5es t\u00eam origem no Termo de Transa\u00e7\u00e3o e de Ajustamento de Conduta (TTAC) firmado entre o Governo de Minas e a Funda\u00e7\u00e3o Renova. O restante \u00e9 fruto conv\u00eanios e emendas parlamentares estaduais e federais, parcerias com empresas e conv\u00eanios com prefeituras.<\/p>\n\n\n\n<p class=\"wp-block-paragraph\">&#8212;&#8212;&#8212;&#8212;&#8212;&#8212;<br><br><strong>Sabia que o Aconteceu no Vale est\u00e1 tamb\u00e9m no Telegram? <a rel=\"noreferrer noopener\" href=\"https:\/\/t.me\/aconteceunovaleoficial\" target=\"_blank\">Inscreva-se no canal<\/a>.<\/strong><br><br><strong>J\u00e1 curtiu ou seguiu nossas p\u00e1ginas nas redes sociais?\u00a0Receba as not\u00edcias em primeira m\u00e3o:<\/strong><br>\u2022 <a rel=\"noreferrer noopener\" href=\"https:\/\/news.google.com\/publications\/CAAqBwgKMNjklQswi4etAw?hl=pt-BR&amp;gl=BR&amp;ceid=BR%3Apt-419\" target=\"_blank\">Google News<\/a><br>\u2022 <a rel=\"noreferrer noopener\" href=\"https:\/\/www.facebook.com\/aconteceunovale\/\" target=\"_blank\">Facebook<\/a><br>\u2022 <a rel=\"noreferrer noopener\" href=\"https:\/\/twitter.com\/noticiadosvales\" target=\"_blank\">Twitter<\/a><br>\u2022 <a rel=\"noreferrer noopener\" href=\"https:\/\/www.instagram.com\/aconteceunovale\" target=\"_blank\">Instagram<\/a><br>\u2022 <a rel=\"noreferrer noopener\" href=\"https:\/\/www.youtube.com\/AconteceunoValeOficial\" target=\"_blank\">Youtube<\/a><br>\u2022 <a rel=\"noreferrer noopener\" href=\"https:\/\/www.tiktok.com\/@aconteceunovale\" target=\"_blank\">TikTok<\/a><\/p>\n","protected":false},"excerpt":{"rendered":"<p>As obras de pavimenta\u00e7\u00e3o das rodovias LMG-760 e MG-320 entraram na reta final. De um total de 57 quil\u00f4metros que ser\u00e3o executados, cerca de 49 quil\u00f4metros j\u00e1 foram conclu\u00eddos pelo\u00a0Departamento de Edifica\u00e7\u00f5es e Estradas de Rodagem de Minas Gerais (DER-MG), o que representa 86% de avan\u00e7o f\u00edsico no cronograma. O investimento \u00e9 da ordem de [&hellip;]<\/p>\n","protected":false},"author":4,"featured_media":191776,"comment_status":"open","ping_status":"closed","sticky":false,"template":"","format":"standard","meta":{"amp_status":"","footnotes":""},"categories":[121],"tags":[3389,215389,1018,251686,154607,1742,265453,265451,265452,265450,261246,1729,1048,129],"class_list":["post-191775","post","type-post","status-publish","format-standard","has-post-thumbnail","hentry","category-leste","tag-cava-grande","tag-der-mg-2","tag-destaque","tag-leste-de-minas","tag-lmg-760","tag-marlieria","tag-mg-320","tag-obras-na-lmg-760","tag-obras-na-mg-320","tag-obras-nas-rodovias-lmg-760-e-mg-320-entram-na-reta-final","tag-provias","tag-sao-jose-do-goiabal","tag-vale-do-aco","tag-vale-do-rio-doce"],"yoast_head":"<!-- This site is optimized with the Yoast SEO plugin v28.3 - https:\/\/yoast.com\/product\/yoast-seo-wordpress\/ -->\n<title>Obras nas rodovias LMG-760 e MG-320 entram na reta final - Aconteceu no Vale<\/title>\n<meta name=\"robots\" content=\"index, follow, max-snippet:-1, max-image-preview:large, max-video-preview:-1\" \/>\n<link rel=\"canonical\" href=\"https:\/\/aconteceunovale.com.br\/portal\/?p=191775\" \/>\n<meta property=\"og:locale\" content=\"pt_BR\" \/>\n<meta property=\"og:type\" content=\"article\" \/>\n<meta property=\"og:title\" content=\"Obras nas rodovias LMG-760 e MG-320 entram na reta final - Aconteceu no Vale\" \/>\n<meta property=\"og:description\" content=\"As obras de pavimenta\u00e7\u00e3o das rodovias LMG-760 e MG-320 entraram na reta final. De um total de 57 quil\u00f4metros que ser\u00e3o executados, cerca de 49 quil\u00f4metros j\u00e1 foram conclu\u00eddos pelo\u00a0Departamento de Edifica\u00e7\u00f5es e Estradas de Rodagem de Minas Gerais (DER-MG), o que representa 86% de avan\u00e7o f\u00edsico no cronograma. O investimento \u00e9 da ordem de [&hellip;]\" \/>\n<meta property=\"og:url\" content=\"https:\/\/aconteceunovale.com.br\/portal\/?p=191775\" \/>\n<meta property=\"og:site_name\" content=\"Aconteceu no Vale\" \/>\n<meta property=\"article:publisher\" content=\"https:\/\/www.facebook.com\/aconteceunovale\/\" \/>\n<meta property=\"article:published_time\" content=\"2022-10-27T00:10:59+00:00\" \/>\n<meta property=\"article:modified_time\" content=\"2022-10-27T00:12:15+00:00\" \/>\n<meta property=\"og:image\" content=\"https:\/\/aconteceunovale.com.br\/portal\/wp-content\/uploads\/2022\/10\/obras_leste_de_minas.jpg\" \/>\n\t<meta property=\"og:image:width\" content=\"678\" \/>\n\t<meta property=\"og:image:height\" content=\"442\" \/>\n\t<meta property=\"og:image:type\" content=\"image\/jpeg\" \/>\n<meta name=\"author\" content=\"Reda\u00e7\u00e3o Aconteceu no Vale\" \/>\n<meta name=\"twitter:card\" content=\"summary_large_image\" \/>\n<meta name=\"twitter:creator\" content=\"@noticiadosvales\" \/>\n<meta name=\"twitter:site\" content=\"@noticiadosvales\" \/>\n<meta name=\"twitter:label1\" content=\"Escrito por\" \/>\n\t<meta name=\"twitter:data1\" content=\"Reda\u00e7\u00e3o Aconteceu no Vale\" \/>\n\t<meta name=\"twitter:label2\" content=\"Est. tempo de leitura\" \/>\n\t<meta name=\"twitter:data2\" content=\"2 minutos\" \/>\n<script type=\"application\/ld+json\" class=\"yoast-schema-graph\">{\"@context\":\"https:\\\/\\\/schema.org\",\"@graph\":[{\"@type\":\"Article\",\"@id\":\"https:\\\/\\\/aconteceunovale.com.br\\\/portal\\\/?p=191775#article\",\"isPartOf\":{\"@id\":\"https:\\\/\\\/aconteceunovale.com.br\\\/portal\\\/?p=191775\"},\"author\":{\"name\":\"Reda\u00e7\u00e3o Aconteceu no Vale\",\"@id\":\"https:\\\/\\\/aconteceunovale.com.br\\\/portal\\\/#\\\/schema\\\/person\\\/7d2f26d1483f8a63de73da1ee0754d35\"},\"headline\":\"Obras nas rodovias LMG-760 e MG-320 entram na reta final\",\"datePublished\":\"2022-10-27T00:10:59+00:00\",\"dateModified\":\"2022-10-27T00:12:15+00:00\",\"mainEntityOfPage\":{\"@id\":\"https:\\\/\\\/aconteceunovale.com.br\\\/portal\\\/?p=191775\"},\"wordCount\":416,\"commentCount\":0,\"image\":{\"@id\":\"https:\\\/\\\/aconteceunovale.com.br\\\/portal\\\/?p=191775#primaryimage\"},\"thumbnailUrl\":\"https:\\\/\\\/aconteceunovale.com.br\\\/portal\\\/wp-content\\\/uploads\\\/2022\\\/10\\\/obras_leste_de_minas.jpg\",\"keywords\":[\"Cava Grande\",\"DER-MG\",\"destaque\",\"Leste de Minas\",\"LMG-760\",\"Marli\u00e9ria\",\"MG-320\",\"Obras na LMG-760\",\"Obras na MG-320\",\"Obras nas rodovias LMG-760 e MG-320 entram na reta final\",\"Provias\",\"S\u00e3o Jos\u00e9 do Goiabal\",\"vale do a\u00e7o\",\"Vale do Rio Doce\"],\"articleSection\":[\"Leste de Minas\"],\"inLanguage\":\"pt-BR\",\"potentialAction\":[{\"@type\":\"CommentAction\",\"name\":\"Comment\",\"target\":[\"https:\\\/\\\/aconteceunovale.com.br\\\/portal\\\/?p=191775#respond\"]}]},{\"@type\":\"WebPage\",\"@id\":\"https:\\\/\\\/aconteceunovale.com.br\\\/portal\\\/?p=191775\",\"url\":\"https:\\\/\\\/aconteceunovale.com.br\\\/portal\\\/?p=191775\",\"name\":\"Obras nas rodovias LMG-760 e MG-320 entram na reta final - Aconteceu no Vale\",\"isPartOf\":{\"@id\":\"https:\\\/\\\/aconteceunovale.com.br\\\/portal\\\/#website\"},\"primaryImageOfPage\":{\"@id\":\"https:\\\/\\\/aconteceunovale.com.br\\\/portal\\\/?p=191775#primaryimage\"},\"image\":{\"@id\":\"https:\\\/\\\/aconteceunovale.com.br\\\/portal\\\/?p=191775#primaryimage\"},\"thumbnailUrl\":\"https:\\\/\\\/aconteceunovale.com.br\\\/portal\\\/wp-content\\\/uploads\\\/2022\\\/10\\\/obras_leste_de_minas.jpg\",\"datePublished\":\"2022-10-27T00:10:59+00:00\",\"dateModified\":\"2022-10-27T00:12:15+00:00\",\"author\":{\"@id\":\"https:\\\/\\\/aconteceunovale.com.br\\\/portal\\\/#\\\/schema\\\/person\\\/7d2f26d1483f8a63de73da1ee0754d35\"},\"breadcrumb\":{\"@id\":\"https:\\\/\\\/aconteceunovale.com.br\\\/portal\\\/?p=191775#breadcrumb\"},\"inLanguage\":\"pt-BR\",\"potentialAction\":[{\"@type\":\"ReadAction\",\"target\":[\"https:\\\/\\\/aconteceunovale.com.br\\\/portal\\\/?p=191775\"]}]},{\"@type\":\"ImageObject\",\"inLanguage\":\"pt-BR\",\"@id\":\"https:\\\/\\\/aconteceunovale.com.br\\\/portal\\\/?p=191775#primaryimage\",\"url\":\"https:\\\/\\\/aconteceunovale.com.br\\\/portal\\\/wp-content\\\/uploads\\\/2022\\\/10\\\/obras_leste_de_minas.jpg\",\"contentUrl\":\"https:\\\/\\\/aconteceunovale.com.br\\\/portal\\\/wp-content\\\/uploads\\\/2022\\\/10\\\/obras_leste_de_minas.jpg\",\"width\":678,\"height\":442},{\"@type\":\"BreadcrumbList\",\"@id\":\"https:\\\/\\\/aconteceunovale.com.br\\\/portal\\\/?p=191775#breadcrumb\",\"itemListElement\":[{\"@type\":\"ListItem\",\"position\":1,\"name\":\"In\u00edcio\",\"item\":\"https:\\\/\\\/aconteceunovale.com.br\\\/portal\\\/\"},{\"@type\":\"ListItem\",\"position\":2,\"name\":\"Obras nas rodovias LMG-760 e MG-320 entram na reta final\"}]},{\"@type\":\"WebSite\",\"@id\":\"https:\\\/\\\/aconteceunovale.com.br\\\/portal\\\/#website\",\"url\":\"https:\\\/\\\/aconteceunovale.com.br\\\/portal\\\/\",\"name\":\"Aconteceu no Vale\",\"description\":\"Portal de Not\u00edcias\",\"potentialAction\":[{\"@type\":\"SearchAction\",\"target\":{\"@type\":\"EntryPoint\",\"urlTemplate\":\"https:\\\/\\\/aconteceunovale.com.br\\\/portal\\\/?s={search_term_string}\"},\"query-input\":{\"@type\":\"PropertyValueSpecification\",\"valueRequired\":true,\"valueName\":\"search_term_string\"}}],\"inLanguage\":\"pt-BR\"},{\"@type\":\"Person\",\"@id\":\"https:\\\/\\\/aconteceunovale.com.br\\\/portal\\\/#\\\/schema\\\/person\\\/7d2f26d1483f8a63de73da1ee0754d35\",\"name\":\"Reda\u00e7\u00e3o Aconteceu no Vale\",\"description\":\"Equipe de reportagem do Aconteceu no Vale, portal de not\u00edcias do Vale do Jequitinhonha, em Minas Gerais. Cobrimos as 51 cidades do Vale desde 2013. Sugest\u00f5es de pauta e pedidos de corre\u00e7\u00e3o: contato@aconteceunovale.com.br\",\"url\":\"https:\\\/\\\/aconteceunovale.com.br\\\/portal\\\/?author=4\"}]}<\/script>\n<!-- \/ Yoast SEO plugin. -->","yoast_head_json":{"title":"Obras nas rodovias LMG-760 e MG-320 entram na reta final - Aconteceu no Vale","robots":{"index":"index","follow":"follow","max-snippet":"max-snippet:-1","max-image-preview":"max-image-preview:large","max-video-preview":"max-video-preview:-1"},"canonical":"https:\/\/aconteceunovale.com.br\/portal\/?p=191775","og_locale":"pt_BR","og_type":"article","og_title":"Obras nas rodovias LMG-760 e MG-320 entram na reta final - Aconteceu no Vale","og_description":"As obras de pavimenta\u00e7\u00e3o das rodovias LMG-760 e MG-320 entraram na reta final. De um total de 57 quil\u00f4metros que ser\u00e3o executados, cerca de 49 quil\u00f4metros j\u00e1 foram conclu\u00eddos pelo\u00a0Departamento de Edifica\u00e7\u00f5es e Estradas de Rodagem de Minas Gerais (DER-MG), o que representa 86% de avan\u00e7o f\u00edsico no cronograma. O investimento \u00e9 da ordem de [&hellip;]","og_url":"https:\/\/aconteceunovale.com.br\/portal\/?p=191775","og_site_name":"Aconteceu no Vale","article_publisher":"https:\/\/www.facebook.com\/aconteceunovale\/","article_published_time":"2022-10-27T00:10:59+00:00","article_modified_time":"2022-10-27T00:12:15+00:00","og_image":[{"width":678,"height":442,"url":"https:\/\/aconteceunovale.com.br\/portal\/wp-content\/uploads\/2022\/10\/obras_leste_de_minas.jpg","type":"image\/jpeg"}],"author":"Reda\u00e7\u00e3o Aconteceu no Vale","twitter_card":"summary_large_image","twitter_creator":"@noticiadosvales","twitter_site":"@noticiadosvales","twitter_misc":{"Escrito por":"Reda\u00e7\u00e3o Aconteceu no Vale","Est. tempo de leitura":"2 minutos"},"schema":{"@context":"https:\/\/schema.org","@graph":[{"@type":"Article","@id":"https:\/\/aconteceunovale.com.br\/portal\/?p=191775#article","isPartOf":{"@id":"https:\/\/aconteceunovale.com.br\/portal\/?p=191775"},"author":{"name":"Reda\u00e7\u00e3o Aconteceu no Vale","@id":"https:\/\/aconteceunovale.com.br\/portal\/#\/schema\/person\/7d2f26d1483f8a63de73da1ee0754d35"},"headline":"Obras nas rodovias LMG-760 e MG-320 entram na reta final","datePublished":"2022-10-27T00:10:59+00:00","dateModified":"2022-10-27T00:12:15+00:00","mainEntityOfPage":{"@id":"https:\/\/aconteceunovale.com.br\/portal\/?p=191775"},"wordCount":416,"commentCount":0,"image":{"@id":"https:\/\/aconteceunovale.com.br\/portal\/?p=191775#primaryimage"},"thumbnailUrl":"https:\/\/aconteceunovale.com.br\/portal\/wp-content\/uploads\/2022\/10\/obras_leste_de_minas.jpg","keywords":["Cava Grande","DER-MG","destaque","Leste de Minas","LMG-760","Marli\u00e9ria","MG-320","Obras na LMG-760","Obras na MG-320","Obras nas rodovias LMG-760 e MG-320 entram na reta final","Provias","S\u00e3o Jos\u00e9 do Goiabal","vale do a\u00e7o","Vale do Rio Doce"],"articleSection":["Leste de Minas"],"inLanguage":"pt-BR","potentialAction":[{"@type":"CommentAction","name":"Comment","target":["https:\/\/aconteceunovale.com.br\/portal\/?p=191775#respond"]}]},{"@type":"WebPage","@id":"https:\/\/aconteceunovale.com.br\/portal\/?p=191775","url":"https:\/\/aconteceunovale.com.br\/portal\/?p=191775","name":"Obras nas rodovias LMG-760 e MG-320 entram na reta final - Aconteceu no Vale","isPartOf":{"@id":"https:\/\/aconteceunovale.com.br\/portal\/#website"},"primaryImageOfPage":{"@id":"https:\/\/aconteceunovale.com.br\/portal\/?p=191775#primaryimage"},"image":{"@id":"https:\/\/aconteceunovale.com.br\/portal\/?p=191775#primaryimage"},"thumbnailUrl":"https:\/\/aconteceunovale.com.br\/portal\/wp-content\/uploads\/2022\/10\/obras_leste_de_minas.jpg","datePublished":"2022-10-27T00:10:59+00:00","dateModified":"2022-10-27T00:12:15+00:00","author":{"@id":"https:\/\/aconteceunovale.com.br\/portal\/#\/schema\/person\/7d2f26d1483f8a63de73da1ee0754d35"},"breadcrumb":{"@id":"https:\/\/aconteceunovale.com.br\/portal\/?p=191775#breadcrumb"},"inLanguage":"pt-BR","potentialAction":[{"@type":"ReadAction","target":["https:\/\/aconteceunovale.com.br\/portal\/?p=191775"]}]},{"@type":"ImageObject","inLanguage":"pt-BR","@id":"https:\/\/aconteceunovale.com.br\/portal\/?p=191775#primaryimage","url":"https:\/\/aconteceunovale.com.br\/portal\/wp-content\/uploads\/2022\/10\/obras_leste_de_minas.jpg","contentUrl":"https:\/\/aconteceunovale.com.br\/portal\/wp-content\/uploads\/2022\/10\/obras_leste_de_minas.jpg","width":678,"height":442},{"@type":"BreadcrumbList","@id":"https:\/\/aconteceunovale.com.br\/portal\/?p=191775#breadcrumb","itemListElement":[{"@type":"ListItem","position":1,"name":"In\u00edcio","item":"https:\/\/aconteceunovale.com.br\/portal\/"},{"@type":"ListItem","position":2,"name":"Obras nas rodovias LMG-760 e MG-320 entram na reta final"}]},{"@type":"WebSite","@id":"https:\/\/aconteceunovale.com.br\/portal\/#website","url":"https:\/\/aconteceunovale.com.br\/portal\/","name":"Aconteceu no Vale","description":"Portal de Not\u00edcias","potentialAction":[{"@type":"SearchAction","target":{"@type":"EntryPoint","urlTemplate":"https:\/\/aconteceunovale.com.br\/portal\/?s={search_term_string}"},"query-input":{"@type":"PropertyValueSpecification","valueRequired":true,"valueName":"search_term_string"}}],"inLanguage":"pt-BR"},{"@type":"Person","@id":"https:\/\/aconteceunovale.com.br\/portal\/#\/schema\/person\/7d2f26d1483f8a63de73da1ee0754d35","name":"Reda\u00e7\u00e3o Aconteceu no Vale","description":"Equipe de reportagem do Aconteceu no Vale, portal de not\u00edcias do Vale do Jequitinhonha, em Minas Gerais. Cobrimos as 51 cidades do Vale desde 2013. Sugest\u00f5es de pauta e pedidos de corre\u00e7\u00e3o: contato@aconteceunovale.com.br","url":"https:\/\/aconteceunovale.com.br\/portal\/?author=4"}]}},"_links":{"self":[{"href":"https:\/\/aconteceunovale.com.br\/portal\/index.php?rest_route=\/wp\/v2\/posts\/191775","targetHints":{"allow":["GET"]}}],"collection":[{"href":"https:\/\/aconteceunovale.com.br\/portal\/index.php?rest_route=\/wp\/v2\/posts"}],"about":[{"href":"https:\/\/aconteceunovale.com.br\/portal\/index.php?rest_route=\/wp\/v2\/types\/post"}],"author":[{"embeddable":true,"href":"https:\/\/aconteceunovale.com.br\/portal\/index.php?rest_route=\/wp\/v2\/users\/4"}],"replies":[{"embeddable":true,"href":"https:\/\/aconteceunovale.com.br\/portal\/index.php?rest_route=%2Fwp%2Fv2%2Fcomments&post=191775"}],"version-history":[{"count":1,"href":"https:\/\/aconteceunovale.com.br\/portal\/index.php?rest_route=\/wp\/v2\/posts\/191775\/revisions"}],"predecessor-version":[{"id":191777,"href":"https:\/\/aconteceunovale.com.br\/portal\/index.php?rest_route=\/wp\/v2\/posts\/191775\/revisions\/191777"}],"wp:featuredmedia":[{"embeddable":true,"href":"https:\/\/aconteceunovale.com.br\/portal\/index.php?rest_route=\/wp\/v2\/media\/191776"}],"wp:attachment":[{"href":"https:\/\/aconteceunovale.com.br\/portal\/index.php?rest_route=%2Fwp%2Fv2%2Fmedia&parent=191775"}],"wp:term":[{"taxonomy":"category","embeddable":true,"href":"https:\/\/aconteceunovale.com.br\/portal\/index.php?rest_route=%2Fwp%2Fv2%2Fcategories&post=191775"},{"taxonomy":"post_tag","embeddable":true,"href":"https:\/\/aconteceunovale.com.br\/portal\/index.php?rest_route=%2Fwp%2Fv2%2Ftags&post=191775"}],"curies":[{"name":"wp","href":"https:\/\/api.w.org\/{rel}","templated":true}]}}