{"id":191772,"date":"2022-10-26T21:03:32","date_gmt":"2022-10-27T00:03:32","guid":{"rendered":"https:\/\/aconteceunovale.com.br\/portal\/?p=191772"},"modified":"2022-10-26T21:04:13","modified_gmt":"2022-10-27T00:04:13","slug":"detran-mg-estabelece-normas-para-a-terceirizacao-das-vistorias-de-veiculos","status":"publish","type":"post","link":"https:\/\/aconteceunovale.com.br\/portal\/?p=191772","title":{"rendered":"Detran-MG estabelece normas para a terceiriza\u00e7\u00e3o das vistorias de ve\u00edculos"},"content":{"rendered":"\n<p class=\"wp-block-paragraph\">Com o objetivo de modernizar, ampliar e dar mais agilidade ao servi\u00e7o de vistoria veicular, o\u00a0Departamento de Tr\u00e2nsito de Minas Gerais (Detran-MG)\u00a0publicou, nesta quarta-feira (26\/10), a portaria n\u00ba 1.766\/2022 que estabelece as normas para credenciamento de empresas para presta\u00e7\u00e3o dos servi\u00e7os de vistoria de identifica\u00e7\u00e3o veicular. O in\u00edcio do recebimento dos requerimentos de credenciamento ocorrer\u00e1 a partir do dia 9\/1\/2023, por meio do Sistema de Credenciamento de Empresas (SCE), ficando aberto permanentemente.<\/p>\n\n\n\n<figure class=\"wp-block-gallery has-nested-images columns-default is-cropped wp-block-gallery-1 is-layout-flex wp-block-gallery-is-layout-flex\">\n<figure class=\"wp-block-image size-large\"><img loading=\"lazy\" decoding=\"async\" width=\"800\" height=\"450\" data-id=\"191773\" src=\"https:\/\/aconteceunovale.com.br\/portal\/wp-content\/uploads\/2022\/10\/patio_veiculos.jpeg\" alt=\"\" class=\"wp-image-191773\" srcset=\"https:\/\/aconteceunovale.com.br\/portal\/wp-content\/uploads\/2022\/10\/patio_veiculos.jpeg 800w, https:\/\/aconteceunovale.com.br\/portal\/wp-content\/uploads\/2022\/10\/patio_veiculos-300x169.jpeg 300w, https:\/\/aconteceunovale.com.br\/portal\/wp-content\/uploads\/2022\/10\/patio_veiculos-768x432.jpeg 768w, https:\/\/aconteceunovale.com.br\/portal\/wp-content\/uploads\/2022\/10\/patio_veiculos-696x392.jpeg 696w, https:\/\/aconteceunovale.com.br\/portal\/wp-content\/uploads\/2022\/10\/patio_veiculos-747x420.jpeg 747w\" sizes=\"auto, (max-width: 800px) 100vw, 800px\" \/><figcaption><em><sub>Cr\u00e9dito: Detran \/ Divulga\u00e7\u00e3o<\/sub><\/em><\/figcaption><\/figure>\n<\/figure>\n\n\n\n<p class=\"wp-block-paragraph\">As empresas, denominadas Empresas Credenciadas de Vistoria (ECVs), ser\u00e3o respons\u00e1veis pela identifica\u00e7\u00e3o veicular que \u00e9 realizada, por exemplo, nos casos de transfer\u00eancia de propriedade e altera\u00e7\u00e3o de endere\u00e7o, al\u00e9m de outros casos previstos em normas do Conselho Nacional de Tr\u00e2nsito (Contran). O servi\u00e7o tem como objetivo verificar a autenticidade da identifica\u00e7\u00e3o do ve\u00edculo e da sua documenta\u00e7\u00e3o, a legitimidade da propriedade, se os ve\u00edculos disp\u00f5em dos equipamentos obrigat\u00f3rios, e se estes est\u00e3o funcionais, e se as caracter\u00edsticas originais dos ve\u00edculos e seus agregados foram modificados.<\/p>\n\n\n\n<h2 class=\"wp-block-heading\"><strong>Seguran\u00e7a<\/strong><\/h2>\n\n\n\n<p class=\"wp-block-paragraph\">O diretor do Detran, delegado-geral Eurico da Cunha Neto, afirma que a terceiriza\u00e7\u00e3o das vistorias de identifica\u00e7\u00e3o veicular, al\u00e9m de ampliar a for\u00e7a de trabalho no campo da investiga\u00e7\u00e3o criminal por meio da retirada de policiais civis destas atividades, trar\u00e1 mais capilaridade para o servi\u00e7o. \u201cEsperamos abranger um maior n\u00famero de munic\u00edpios, evitando, assim, que o cidad\u00e3o fa\u00e7a grandes deslocamentos. A abertura de novas empresas tamb\u00e9m \u00e9 um meio de fomentar a gera\u00e7\u00e3o de empregos em diversas localidades do estado\u201d, conclui.<\/p>\n\n\n\n<p class=\"wp-block-paragraph\">Anteriormente, o Detran-MG j\u00e1 havia publicado duas portarias que tratam do assunto: uma que institui o regulamento credenciamento de Empresas de Forma\u00e7\u00e3o de Vistoriadores, que ser\u00e3o respons\u00e1veis pela forma\u00e7\u00e3o inicial te\u00f3rica e pr\u00e1tica dos vistoriadores que integram o corpo t\u00e9cnico das ECVs, e outra com as normas para credenciamento de Empresas de Tecnologia da Informa\u00e7\u00e3o de Vistoria, que fornecer\u00e3o os sistemas referentes ao gerenciamento, \u00e0 confer\u00eancia e \u00e0 integra\u00e7\u00e3o da vistoria de identifica\u00e7\u00e3o veicular.<\/p>\n\n\n\n<p class=\"wp-block-paragraph\">Devido aos prazos e fases do credenciamento, estima-se que as primeiras ECVs sejam credenciadas no in\u00edcio de 2023, ap\u00f3s atendidos os requisitos estabelecidos nas normas publicadas. Enquanto n\u00e3o houver ECVs credenciadas para o servi\u00e7o, o Detran-MG continuar\u00e1 respons\u00e1vel pela execu\u00e7\u00e3o das vistorias veiculares. O mesmo ocorrer\u00e1 nas localidades onde n\u00e3o houver empresa credenciada, garantindo a continuidade da presta\u00e7\u00e3o do servi\u00e7o aos cidad\u00e3os.<\/p>\n\n\n\n<p class=\"wp-block-paragraph\">&#8212;&#8212;&#8212;&#8212;&#8212;&#8212;<br><br><strong>Sabia que o Aconteceu no Vale est\u00e1 tamb\u00e9m no Telegram? <a rel=\"noreferrer noopener\" href=\"https:\/\/t.me\/aconteceunovaleoficial\" target=\"_blank\">Inscreva-se no canal<\/a>.<\/strong><br><br><strong>J\u00e1 curtiu ou seguiu nossas p\u00e1ginas nas redes sociais?\u00a0Receba as not\u00edcias em primeira m\u00e3o:<\/strong><br>\u2022 <a rel=\"noreferrer noopener\" href=\"https:\/\/news.google.com\/publications\/CAAqBwgKMNjklQswi4etAw?hl=pt-BR&amp;gl=BR&amp;ceid=BR%3Apt-419\" target=\"_blank\">Google News<\/a><br>\u2022 <a rel=\"noreferrer noopener\" href=\"https:\/\/www.facebook.com\/aconteceunovale\/\" target=\"_blank\">Facebook<\/a><br>\u2022 <a rel=\"noreferrer noopener\" href=\"https:\/\/twitter.com\/noticiadosvales\" target=\"_blank\">Twitter<\/a><br>\u2022 <a rel=\"noreferrer noopener\" href=\"https:\/\/www.instagram.com\/aconteceunovale\" target=\"_blank\">Instagram<\/a><br>\u2022 <a rel=\"noreferrer noopener\" href=\"https:\/\/www.youtube.com\/AconteceunoValeOficial\" target=\"_blank\">Youtube<\/a><br>\u2022 <a rel=\"noreferrer noopener\" href=\"https:\/\/www.tiktok.com\/@aconteceunovale\" target=\"_blank\">TikTok<\/a><\/p>\n","protected":false},"excerpt":{"rendered":"<p>Com o objetivo de modernizar, ampliar e dar mais agilidade ao servi\u00e7o de vistoria veicular, o\u00a0Departamento de Tr\u00e2nsito de Minas Gerais (Detran-MG)\u00a0publicou, nesta quarta-feira (26\/10), a portaria n\u00ba 1.766\/2022 que estabelece as normas para credenciamento de empresas para presta\u00e7\u00e3o dos servi\u00e7os de vistoria de identifica\u00e7\u00e3o veicular. O in\u00edcio do recebimento dos requerimentos de credenciamento ocorrer\u00e1 [&hellip;]<\/p>\n","protected":false},"author":4,"featured_media":191773,"comment_status":"open","ping_status":"closed","sticky":false,"template":"","format":"standard","meta":{"amp_status":"","footnotes":""},"categories":[123],"tags":[1018,1243,265447,265449,265448],"class_list":["post-191772","post","type-post","status-publish","format-standard","has-post-thumbnail","hentry","category-gerais","tag-destaque","tag-detran-mg","tag-detran-mg-estabelece-normas-para-a-terceirizacao-das-vistorias-de-veiculos","tag-terceirizacao-de-vistorias","tag-vistorias-terceirizadas"],"yoast_head":"<!-- This site is optimized with the Yoast SEO plugin v28.3 - https:\/\/yoast.com\/product\/yoast-seo-wordpress\/ -->\n<title>Detran-MG estabelece normas para a terceiriza\u00e7\u00e3o das vistorias de ve\u00edculos - Aconteceu no Vale<\/title>\n<meta name=\"robots\" content=\"index, follow, max-snippet:-1, max-image-preview:large, max-video-preview:-1\" \/>\n<link rel=\"canonical\" href=\"https:\/\/aconteceunovale.com.br\/portal\/?p=191772\" \/>\n<meta property=\"og:locale\" content=\"pt_BR\" \/>\n<meta property=\"og:type\" content=\"article\" \/>\n<meta property=\"og:title\" content=\"Detran-MG estabelece normas para a terceiriza\u00e7\u00e3o das vistorias de ve\u00edculos - Aconteceu no Vale\" \/>\n<meta property=\"og:description\" content=\"Com o objetivo de modernizar, ampliar e dar mais agilidade ao servi\u00e7o de vistoria veicular, o\u00a0Departamento de Tr\u00e2nsito de Minas Gerais (Detran-MG)\u00a0publicou, nesta quarta-feira (26\/10), a portaria n\u00ba 1.766\/2022 que estabelece as normas para credenciamento de empresas para presta\u00e7\u00e3o dos servi\u00e7os de vistoria de identifica\u00e7\u00e3o veicular. O in\u00edcio do recebimento dos requerimentos de credenciamento ocorrer\u00e1 [&hellip;]\" \/>\n<meta property=\"og:url\" content=\"https:\/\/aconteceunovale.com.br\/portal\/?p=191772\" \/>\n<meta property=\"og:site_name\" content=\"Aconteceu no Vale\" \/>\n<meta property=\"article:publisher\" content=\"https:\/\/www.facebook.com\/aconteceunovale\/\" \/>\n<meta property=\"article:published_time\" content=\"2022-10-27T00:03:32+00:00\" \/>\n<meta property=\"article:modified_time\" content=\"2022-10-27T00:04:13+00:00\" \/>\n<meta property=\"og:image\" content=\"https:\/\/aconteceunovale.com.br\/portal\/wp-content\/uploads\/2022\/10\/patio_veiculos.jpeg\" \/>\n\t<meta property=\"og:image:width\" content=\"800\" \/>\n\t<meta property=\"og:image:height\" content=\"450\" \/>\n\t<meta property=\"og:image:type\" content=\"image\/jpeg\" \/>\n<meta name=\"author\" content=\"Reda\u00e7\u00e3o Aconteceu no Vale\" \/>\n<meta name=\"twitter:card\" content=\"summary_large_image\" \/>\n<meta name=\"twitter:creator\" content=\"@noticiadosvales\" \/>\n<meta name=\"twitter:site\" content=\"@noticiadosvales\" \/>\n<meta name=\"twitter:label1\" content=\"Escrito por\" \/>\n\t<meta name=\"twitter:data1\" content=\"Reda\u00e7\u00e3o Aconteceu no Vale\" \/>\n\t<meta name=\"twitter:label2\" content=\"Est. tempo de leitura\" \/>\n\t<meta name=\"twitter:data2\" content=\"2 minutos\" \/>\n<script type=\"application\/ld+json\" class=\"yoast-schema-graph\">{\"@context\":\"https:\\\/\\\/schema.org\",\"@graph\":[{\"@type\":\"Article\",\"@id\":\"https:\\\/\\\/aconteceunovale.com.br\\\/portal\\\/?p=191772#article\",\"isPartOf\":{\"@id\":\"https:\\\/\\\/aconteceunovale.com.br\\\/portal\\\/?p=191772\"},\"author\":{\"name\":\"Reda\u00e7\u00e3o Aconteceu no Vale\",\"@id\":\"https:\\\/\\\/aconteceunovale.com.br\\\/portal\\\/#\\\/schema\\\/person\\\/7d2f26d1483f8a63de73da1ee0754d35\"},\"headline\":\"Detran-MG estabelece normas para a terceiriza\u00e7\u00e3o das vistorias de ve\u00edculos\",\"datePublished\":\"2022-10-27T00:03:32+00:00\",\"dateModified\":\"2022-10-27T00:04:13+00:00\",\"mainEntityOfPage\":{\"@id\":\"https:\\\/\\\/aconteceunovale.com.br\\\/portal\\\/?p=191772\"},\"wordCount\":485,\"commentCount\":0,\"image\":{\"@id\":\"https:\\\/\\\/aconteceunovale.com.br\\\/portal\\\/?p=191772#primaryimage\"},\"thumbnailUrl\":\"https:\\\/\\\/aconteceunovale.com.br\\\/portal\\\/wp-content\\\/uploads\\\/2022\\\/10\\\/patio_veiculos.jpeg\",\"keywords\":[\"destaque\",\"detran-mg\",\"Detran-MG estabelece normas para a terceiriza\u00e7\u00e3o das vistorias de ve\u00edculos\",\"Terceiriza\u00e7\u00e3o de vistorias\",\"Vistorias terceirizadas\"],\"articleSection\":[\"Minas Gerais\"],\"inLanguage\":\"pt-BR\",\"potentialAction\":[{\"@type\":\"CommentAction\",\"name\":\"Comment\",\"target\":[\"https:\\\/\\\/aconteceunovale.com.br\\\/portal\\\/?p=191772#respond\"]}]},{\"@type\":\"WebPage\",\"@id\":\"https:\\\/\\\/aconteceunovale.com.br\\\/portal\\\/?p=191772\",\"url\":\"https:\\\/\\\/aconteceunovale.com.br\\\/portal\\\/?p=191772\",\"name\":\"Detran-MG estabelece normas para a terceiriza\u00e7\u00e3o das vistorias de ve\u00edculos - Aconteceu no Vale\",\"isPartOf\":{\"@id\":\"https:\\\/\\\/aconteceunovale.com.br\\\/portal\\\/#website\"},\"primaryImageOfPage\":{\"@id\":\"https:\\\/\\\/aconteceunovale.com.br\\\/portal\\\/?p=191772#primaryimage\"},\"image\":{\"@id\":\"https:\\\/\\\/aconteceunovale.com.br\\\/portal\\\/?p=191772#primaryimage\"},\"thumbnailUrl\":\"https:\\\/\\\/aconteceunovale.com.br\\\/portal\\\/wp-content\\\/uploads\\\/2022\\\/10\\\/patio_veiculos.jpeg\",\"datePublished\":\"2022-10-27T00:03:32+00:00\",\"dateModified\":\"2022-10-27T00:04:13+00:00\",\"author\":{\"@id\":\"https:\\\/\\\/aconteceunovale.com.br\\\/portal\\\/#\\\/schema\\\/person\\\/7d2f26d1483f8a63de73da1ee0754d35\"},\"breadcrumb\":{\"@id\":\"https:\\\/\\\/aconteceunovale.com.br\\\/portal\\\/?p=191772#breadcrumb\"},\"inLanguage\":\"pt-BR\",\"potentialAction\":[{\"@type\":\"ReadAction\",\"target\":[\"https:\\\/\\\/aconteceunovale.com.br\\\/portal\\\/?p=191772\"]}]},{\"@type\":\"ImageObject\",\"inLanguage\":\"pt-BR\",\"@id\":\"https:\\\/\\\/aconteceunovale.com.br\\\/portal\\\/?p=191772#primaryimage\",\"url\":\"https:\\\/\\\/aconteceunovale.com.br\\\/portal\\\/wp-content\\\/uploads\\\/2022\\\/10\\\/patio_veiculos.jpeg\",\"contentUrl\":\"https:\\\/\\\/aconteceunovale.com.br\\\/portal\\\/wp-content\\\/uploads\\\/2022\\\/10\\\/patio_veiculos.jpeg\",\"width\":800,\"height\":450},{\"@type\":\"BreadcrumbList\",\"@id\":\"https:\\\/\\\/aconteceunovale.com.br\\\/portal\\\/?p=191772#breadcrumb\",\"itemListElement\":[{\"@type\":\"ListItem\",\"position\":1,\"name\":\"In\u00edcio\",\"item\":\"https:\\\/\\\/aconteceunovale.com.br\\\/portal\\\/\"},{\"@type\":\"ListItem\",\"position\":2,\"name\":\"Detran-MG estabelece normas para a terceiriza\u00e7\u00e3o das vistorias de ve\u00edculos\"}]},{\"@type\":\"WebSite\",\"@id\":\"https:\\\/\\\/aconteceunovale.com.br\\\/portal\\\/#website\",\"url\":\"https:\\\/\\\/aconteceunovale.com.br\\\/portal\\\/\",\"name\":\"Aconteceu no Vale\",\"description\":\"Portal de Not\u00edcias\",\"potentialAction\":[{\"@type\":\"SearchAction\",\"target\":{\"@type\":\"EntryPoint\",\"urlTemplate\":\"https:\\\/\\\/aconteceunovale.com.br\\\/portal\\\/?s={search_term_string}\"},\"query-input\":{\"@type\":\"PropertyValueSpecification\",\"valueRequired\":true,\"valueName\":\"search_term_string\"}}],\"inLanguage\":\"pt-BR\"},{\"@type\":\"Person\",\"@id\":\"https:\\\/\\\/aconteceunovale.com.br\\\/portal\\\/#\\\/schema\\\/person\\\/7d2f26d1483f8a63de73da1ee0754d35\",\"name\":\"Reda\u00e7\u00e3o Aconteceu no Vale\",\"description\":\"Equipe de reportagem do Aconteceu no Vale, portal de not\u00edcias do Vale do Jequitinhonha, em Minas Gerais. Cobrimos as 51 cidades do Vale desde 2013. Sugest\u00f5es de pauta e pedidos de corre\u00e7\u00e3o: contato@aconteceunovale.com.br\",\"url\":\"https:\\\/\\\/aconteceunovale.com.br\\\/portal\\\/?author=4\"}]}<\/script>\n<!-- \/ Yoast SEO plugin. -->","yoast_head_json":{"title":"Detran-MG estabelece normas para a terceiriza\u00e7\u00e3o das vistorias de ve\u00edculos - Aconteceu no Vale","robots":{"index":"index","follow":"follow","max-snippet":"max-snippet:-1","max-image-preview":"max-image-preview:large","max-video-preview":"max-video-preview:-1"},"canonical":"https:\/\/aconteceunovale.com.br\/portal\/?p=191772","og_locale":"pt_BR","og_type":"article","og_title":"Detran-MG estabelece normas para a terceiriza\u00e7\u00e3o das vistorias de ve\u00edculos - Aconteceu no Vale","og_description":"Com o objetivo de modernizar, ampliar e dar mais agilidade ao servi\u00e7o de vistoria veicular, o\u00a0Departamento de Tr\u00e2nsito de Minas Gerais (Detran-MG)\u00a0publicou, nesta quarta-feira (26\/10), a portaria n\u00ba 1.766\/2022 que estabelece as normas para credenciamento de empresas para presta\u00e7\u00e3o dos servi\u00e7os de vistoria de identifica\u00e7\u00e3o veicular. O in\u00edcio do recebimento dos requerimentos de credenciamento ocorrer\u00e1 [&hellip;]","og_url":"https:\/\/aconteceunovale.com.br\/portal\/?p=191772","og_site_name":"Aconteceu no Vale","article_publisher":"https:\/\/www.facebook.com\/aconteceunovale\/","article_published_time":"2022-10-27T00:03:32+00:00","article_modified_time":"2022-10-27T00:04:13+00:00","og_image":[{"width":800,"height":450,"url":"https:\/\/aconteceunovale.com.br\/portal\/wp-content\/uploads\/2022\/10\/patio_veiculos.jpeg","type":"image\/jpeg"}],"author":"Reda\u00e7\u00e3o Aconteceu no Vale","twitter_card":"summary_large_image","twitter_creator":"@noticiadosvales","twitter_site":"@noticiadosvales","twitter_misc":{"Escrito por":"Reda\u00e7\u00e3o Aconteceu no Vale","Est. tempo de leitura":"2 minutos"},"schema":{"@context":"https:\/\/schema.org","@graph":[{"@type":"Article","@id":"https:\/\/aconteceunovale.com.br\/portal\/?p=191772#article","isPartOf":{"@id":"https:\/\/aconteceunovale.com.br\/portal\/?p=191772"},"author":{"name":"Reda\u00e7\u00e3o Aconteceu no Vale","@id":"https:\/\/aconteceunovale.com.br\/portal\/#\/schema\/person\/7d2f26d1483f8a63de73da1ee0754d35"},"headline":"Detran-MG estabelece normas para a terceiriza\u00e7\u00e3o das vistorias de ve\u00edculos","datePublished":"2022-10-27T00:03:32+00:00","dateModified":"2022-10-27T00:04:13+00:00","mainEntityOfPage":{"@id":"https:\/\/aconteceunovale.com.br\/portal\/?p=191772"},"wordCount":485,"commentCount":0,"image":{"@id":"https:\/\/aconteceunovale.com.br\/portal\/?p=191772#primaryimage"},"thumbnailUrl":"https:\/\/aconteceunovale.com.br\/portal\/wp-content\/uploads\/2022\/10\/patio_veiculos.jpeg","keywords":["destaque","detran-mg","Detran-MG estabelece normas para a terceiriza\u00e7\u00e3o das vistorias de ve\u00edculos","Terceiriza\u00e7\u00e3o de vistorias","Vistorias terceirizadas"],"articleSection":["Minas Gerais"],"inLanguage":"pt-BR","potentialAction":[{"@type":"CommentAction","name":"Comment","target":["https:\/\/aconteceunovale.com.br\/portal\/?p=191772#respond"]}]},{"@type":"WebPage","@id":"https:\/\/aconteceunovale.com.br\/portal\/?p=191772","url":"https:\/\/aconteceunovale.com.br\/portal\/?p=191772","name":"Detran-MG estabelece normas para a terceiriza\u00e7\u00e3o das vistorias de ve\u00edculos - Aconteceu no Vale","isPartOf":{"@id":"https:\/\/aconteceunovale.com.br\/portal\/#website"},"primaryImageOfPage":{"@id":"https:\/\/aconteceunovale.com.br\/portal\/?p=191772#primaryimage"},"image":{"@id":"https:\/\/aconteceunovale.com.br\/portal\/?p=191772#primaryimage"},"thumbnailUrl":"https:\/\/aconteceunovale.com.br\/portal\/wp-content\/uploads\/2022\/10\/patio_veiculos.jpeg","datePublished":"2022-10-27T00:03:32+00:00","dateModified":"2022-10-27T00:04:13+00:00","author":{"@id":"https:\/\/aconteceunovale.com.br\/portal\/#\/schema\/person\/7d2f26d1483f8a63de73da1ee0754d35"},"breadcrumb":{"@id":"https:\/\/aconteceunovale.com.br\/portal\/?p=191772#breadcrumb"},"inLanguage":"pt-BR","potentialAction":[{"@type":"ReadAction","target":["https:\/\/aconteceunovale.com.br\/portal\/?p=191772"]}]},{"@type":"ImageObject","inLanguage":"pt-BR","@id":"https:\/\/aconteceunovale.com.br\/portal\/?p=191772#primaryimage","url":"https:\/\/aconteceunovale.com.br\/portal\/wp-content\/uploads\/2022\/10\/patio_veiculos.jpeg","contentUrl":"https:\/\/aconteceunovale.com.br\/portal\/wp-content\/uploads\/2022\/10\/patio_veiculos.jpeg","width":800,"height":450},{"@type":"BreadcrumbList","@id":"https:\/\/aconteceunovale.com.br\/portal\/?p=191772#breadcrumb","itemListElement":[{"@type":"ListItem","position":1,"name":"In\u00edcio","item":"https:\/\/aconteceunovale.com.br\/portal\/"},{"@type":"ListItem","position":2,"name":"Detran-MG estabelece normas para a terceiriza\u00e7\u00e3o das vistorias de ve\u00edculos"}]},{"@type":"WebSite","@id":"https:\/\/aconteceunovale.com.br\/portal\/#website","url":"https:\/\/aconteceunovale.com.br\/portal\/","name":"Aconteceu no Vale","description":"Portal de Not\u00edcias","potentialAction":[{"@type":"SearchAction","target":{"@type":"EntryPoint","urlTemplate":"https:\/\/aconteceunovale.com.br\/portal\/?s={search_term_string}"},"query-input":{"@type":"PropertyValueSpecification","valueRequired":true,"valueName":"search_term_string"}}],"inLanguage":"pt-BR"},{"@type":"Person","@id":"https:\/\/aconteceunovale.com.br\/portal\/#\/schema\/person\/7d2f26d1483f8a63de73da1ee0754d35","name":"Reda\u00e7\u00e3o Aconteceu no Vale","description":"Equipe de reportagem do Aconteceu no Vale, portal de not\u00edcias do Vale do Jequitinhonha, em Minas Gerais. Cobrimos as 51 cidades do Vale desde 2013. Sugest\u00f5es de pauta e pedidos de corre\u00e7\u00e3o: contato@aconteceunovale.com.br","url":"https:\/\/aconteceunovale.com.br\/portal\/?author=4"}]}},"_links":{"self":[{"href":"https:\/\/aconteceunovale.com.br\/portal\/index.php?rest_route=\/wp\/v2\/posts\/191772","targetHints":{"allow":["GET"]}}],"collection":[{"href":"https:\/\/aconteceunovale.com.br\/portal\/index.php?rest_route=\/wp\/v2\/posts"}],"about":[{"href":"https:\/\/aconteceunovale.com.br\/portal\/index.php?rest_route=\/wp\/v2\/types\/post"}],"author":[{"embeddable":true,"href":"https:\/\/aconteceunovale.com.br\/portal\/index.php?rest_route=\/wp\/v2\/users\/4"}],"replies":[{"embeddable":true,"href":"https:\/\/aconteceunovale.com.br\/portal\/index.php?rest_route=%2Fwp%2Fv2%2Fcomments&post=191772"}],"version-history":[{"count":1,"href":"https:\/\/aconteceunovale.com.br\/portal\/index.php?rest_route=\/wp\/v2\/posts\/191772\/revisions"}],"predecessor-version":[{"id":191774,"href":"https:\/\/aconteceunovale.com.br\/portal\/index.php?rest_route=\/wp\/v2\/posts\/191772\/revisions\/191774"}],"wp:featuredmedia":[{"embeddable":true,"href":"https:\/\/aconteceunovale.com.br\/portal\/index.php?rest_route=\/wp\/v2\/media\/191773"}],"wp:attachment":[{"href":"https:\/\/aconteceunovale.com.br\/portal\/index.php?rest_route=%2Fwp%2Fv2%2Fmedia&parent=191772"}],"wp:term":[{"taxonomy":"category","embeddable":true,"href":"https:\/\/aconteceunovale.com.br\/portal\/index.php?rest_route=%2Fwp%2Fv2%2Fcategories&post=191772"},{"taxonomy":"post_tag","embeddable":true,"href":"https:\/\/aconteceunovale.com.br\/portal\/index.php?rest_route=%2Fwp%2Fv2%2Ftags&post=191772"}],"curies":[{"name":"wp","href":"https:\/\/api.w.org\/{rel}","templated":true}]}}