{"id":191769,"date":"2022-10-26T20:41:42","date_gmt":"2022-10-26T23:41:42","guid":{"rendered":"https:\/\/aconteceunovale.com.br\/portal\/?p=191769"},"modified":"2022-10-26T20:42:26","modified_gmt":"2022-10-26T23:42:26","slug":"medico-e-indiciado-por-importunacao-sexual-em-montes-claros","status":"publish","type":"post","link":"https:\/\/aconteceunovale.com.br\/portal\/?p=191769","title":{"rendered":"M\u00e9dico \u00e9 indiciado por importuna\u00e7\u00e3o sexual em Montes Claros"},"content":{"rendered":"\n<p class=\"wp-block-paragraph\">A Pol\u00edcia Civil de Minas Gerais (PCMG) concluiu o inqu\u00e9rito instaurado para apurar a den\u00fancia de importuna\u00e7\u00e3o sexual contra um m\u00e9dico, de 40 anos, ocorrida no dia 17 de agosto deste ano, em Montes Claros, regi\u00e3o Norte do Estado. O suspeito foi indiciado pelo crime de importuna\u00e7\u00e3o sexual e o inqu\u00e9rito policial encontra-se \u00e0 disposi\u00e7\u00e3o da Justi\u00e7a.<\/p>\n\n\n\n<figure class=\"wp-block-gallery has-nested-images columns-default is-cropped wp-block-gallery-1 is-layout-flex wp-block-gallery-is-layout-flex\">\n<figure class=\"wp-block-image size-large\"><img loading=\"lazy\" decoding=\"async\" width=\"675\" height=\"450\" data-id=\"191770\" src=\"https:\/\/aconteceunovale.com.br\/portal\/wp-content\/uploads\/2022\/10\/delegada_moc.png\" alt=\"\" class=\"wp-image-191770\" srcset=\"https:\/\/aconteceunovale.com.br\/portal\/wp-content\/uploads\/2022\/10\/delegada_moc.png 675w, https:\/\/aconteceunovale.com.br\/portal\/wp-content\/uploads\/2022\/10\/delegada_moc-300x200.png 300w, https:\/\/aconteceunovale.com.br\/portal\/wp-content\/uploads\/2022\/10\/delegada_moc-630x420.png 630w\" sizes=\"auto, (max-width: 675px) 100vw, 675px\" \/><figcaption><em><sub>Delegada Karine Maia &#8211; Foto: Divulga\u00e7\u00e3o \/ PCMG<\/sub><\/em><\/figcaption><\/figure>\n<\/figure>\n\n\n\n<p class=\"wp-block-paragraph\">O crime foi denunciado por uma jovem, de 18 anos, que atendeu o suspeito em uma sess\u00e3o de massagem. Durante a presta\u00e7\u00e3o do servi\u00e7o, o suspeito teria se masturbado diante da v\u00edtima.<\/p>\n\n\n\n<h2 class=\"wp-block-heading\">Investiga\u00e7\u00e3o<\/h2>\n\n\n\n<p class=\"wp-block-paragraph\">Conforme apurado pela Delegacia Especializada de Atendimento \u00e0 Mulher, no dia dos fatos, o investigado teria comparecido \u00e0 cl\u00ednica em que a v\u00edtima trabalha para contratar uma sess\u00e3o de massagem. No local, ap\u00f3s 15 minutos do procedimento, o suspeito pediu para se virar e ficar deitado sobre as costas. Nesse instante, ele solicitou que a jovem massageasse pr\u00f3ximo \u00e0 virilha dele, e ela continuou a massagem abaixo do joelho.<\/p>\n\n\n\n<p class=\"wp-block-paragraph\">Segundo relatos da v\u00edtima, no momento em iniciou a massagem nos p\u00e9s do suspeito, o homem come\u00e7ou a se masturbar olhando fixamente para ela, que abaixou a cabe\u00e7a, em estado de choque. A jovem disse ainda que o suspeito teria deixado o \u00f3rg\u00e3o genital \u00e0 mostra e, depois de ejacular, pediu a ela um papel para se limpar. Ao deixar o local, rapidamente o investigado teria lhe entregado a quantia de R$150.<\/p>\n\n\n\n<p class=\"wp-block-paragraph\">Em declara\u00e7\u00f5es \u00e0 PCMG, o homem alegou que pegou no sono e ejaculou de forma espont\u00e2nea, inclusive, segundo explicou, n\u00e3o foi a primeira vez que isso teria acontecido com ele. Sobre o valor pago \u00e0 v\u00edtima, o suspeito disse ter julgado ser o pre\u00e7o da massagem contratada, mesmo tendo pagado R$ 80 pelo servi\u00e7o na recep\u00e7\u00e3o. Ele ainda confirmou ter se limpado com papel higi\u00eanico ap\u00f3s ejacular.<\/p>\n\n\n\n<p class=\"wp-block-paragraph\">De acordo com a delegada Karine Maia, que coordenou a investiga\u00e7\u00e3o, o suspeito apresentou muitas contradi\u00e7\u00f5es em suas declara\u00e7\u00f5es, entre elas, a de que a ejacula\u00e7\u00e3o foi espont\u00e2nea. Segundo estudos, a polu\u00e7\u00e3o noturna (ejacula\u00e7\u00e3o) ocorre durante o \u00faltimo est\u00e1gio do sono, ou seja, no sono profundo, e n\u00e3o quando acordado. \u201cO conjunto probat\u00f3rio \u00e9 robusto e suficiente para comprova\u00e7\u00e3o da materialidade e autoria do crime&#8221;, pontuou a delegada.<\/p>\n\n\n\n<p class=\"wp-block-paragraph\">&#8212;&#8212;&#8212;&#8212;&#8212;&#8212;<br><br><strong>Sabia que o Aconteceu no Vale est\u00e1 tamb\u00e9m no Telegram? <a rel=\"noreferrer noopener\" href=\"https:\/\/t.me\/aconteceunovaleoficial\" target=\"_blank\">Inscreva-se no canal<\/a>.<\/strong><br><br><strong>J\u00e1 curtiu ou seguiu nossas p\u00e1ginas nas redes sociais?\u00a0Receba as not\u00edcias em primeira m\u00e3o:<\/strong><br>\u2022 <a rel=\"noreferrer noopener\" href=\"https:\/\/news.google.com\/publications\/CAAqBwgKMNjklQswi4etAw?hl=pt-BR&amp;gl=BR&amp;ceid=BR%3Apt-419\" target=\"_blank\">Google News<\/a><br>\u2022 <a rel=\"noreferrer noopener\" href=\"https:\/\/www.facebook.com\/aconteceunovale\/\" target=\"_blank\">Facebook<\/a><br>\u2022 <a rel=\"noreferrer noopener\" href=\"https:\/\/twitter.com\/noticiadosvales\" target=\"_blank\">Twitter<\/a><br>\u2022 <a rel=\"noreferrer noopener\" href=\"https:\/\/www.instagram.com\/aconteceunovale\" target=\"_blank\">Instagram<\/a><br>\u2022 <a rel=\"noreferrer noopener\" href=\"https:\/\/www.youtube.com\/AconteceunoValeOficial\" target=\"_blank\">Youtube<\/a><br>\u2022 <a rel=\"noreferrer noopener\" href=\"https:\/\/www.tiktok.com\/@aconteceunovale\" target=\"_blank\">TikTok<\/a><\/p>\n","protected":false},"excerpt":{"rendered":"<p>A Pol\u00edcia Civil de Minas Gerais (PCMG) concluiu o inqu\u00e9rito instaurado para apurar a den\u00fancia de importuna\u00e7\u00e3o sexual contra um m\u00e9dico, de 40 anos, ocorrida no dia 17 de agosto deste ano, em Montes Claros, regi\u00e3o Norte do Estado. O suspeito foi indiciado pelo crime de importuna\u00e7\u00e3o sexual e o inqu\u00e9rito policial encontra-se \u00e0 disposi\u00e7\u00e3o [&hellip;]<\/p>\n","protected":false},"author":4,"featured_media":191770,"comment_status":"open","ping_status":"closed","sticky":false,"template":"","format":"standard","meta":{"amp_status":"","footnotes":""},"categories":[1236],"tags":[260096,265446,170041,1018,194488,265444,265445,210,604,245698],"class_list":["post-191769","post","type-post","status-publish","format-standard","has-post-thumbnail","hentry","category-norte_de_minas","tag-deam-montes-claros","tag-delegacia-da-mulher-em-montes-claros","tag-delegada-karine-maia","tag-destaque","tag-importunacao-sexual-em-montes-claros","tag-medico-e-indiciado-por-importunacao-sexual-em-montes-claros","tag-medico-investigado-por-importunacao-sexual-em-montes-claros","tag-montes-claros","tag-pcmg","tag-pcmg-em-montes-claros"],"yoast_head":"<!-- This site is optimized with the Yoast SEO plugin v28.3 - https:\/\/yoast.com\/product\/yoast-seo-wordpress\/ -->\n<title>M\u00e9dico \u00e9 indiciado por importuna\u00e7\u00e3o sexual em Montes Claros - Aconteceu no Vale<\/title>\n<meta name=\"robots\" content=\"index, follow, max-snippet:-1, max-image-preview:large, max-video-preview:-1\" \/>\n<link rel=\"canonical\" href=\"https:\/\/aconteceunovale.com.br\/portal\/?p=191769\" \/>\n<meta property=\"og:locale\" content=\"pt_BR\" \/>\n<meta property=\"og:type\" content=\"article\" \/>\n<meta property=\"og:title\" content=\"M\u00e9dico \u00e9 indiciado por importuna\u00e7\u00e3o sexual em Montes Claros - Aconteceu no Vale\" \/>\n<meta property=\"og:description\" content=\"A Pol\u00edcia Civil de Minas Gerais (PCMG) concluiu o inqu\u00e9rito instaurado para apurar a den\u00fancia de importuna\u00e7\u00e3o sexual contra um m\u00e9dico, de 40 anos, ocorrida no dia 17 de agosto deste ano, em Montes Claros, regi\u00e3o Norte do Estado. O suspeito foi indiciado pelo crime de importuna\u00e7\u00e3o sexual e o inqu\u00e9rito policial encontra-se \u00e0 disposi\u00e7\u00e3o [&hellip;]\" \/>\n<meta property=\"og:url\" content=\"https:\/\/aconteceunovale.com.br\/portal\/?p=191769\" \/>\n<meta property=\"og:site_name\" content=\"Aconteceu no Vale\" \/>\n<meta property=\"article:publisher\" content=\"https:\/\/www.facebook.com\/aconteceunovale\/\" \/>\n<meta property=\"article:published_time\" content=\"2022-10-26T23:41:42+00:00\" \/>\n<meta property=\"article:modified_time\" content=\"2022-10-26T23:42:26+00:00\" \/>\n<meta property=\"og:image\" content=\"https:\/\/aconteceunovale.com.br\/portal\/wp-content\/uploads\/2022\/10\/delegada_moc.png\" \/>\n\t<meta property=\"og:image:width\" content=\"675\" \/>\n\t<meta property=\"og:image:height\" content=\"450\" \/>\n\t<meta property=\"og:image:type\" content=\"image\/png\" \/>\n<meta name=\"author\" content=\"Reda\u00e7\u00e3o Aconteceu no Vale\" \/>\n<meta name=\"twitter:card\" content=\"summary_large_image\" \/>\n<meta name=\"twitter:creator\" content=\"@noticiadosvales\" \/>\n<meta name=\"twitter:site\" content=\"@noticiadosvales\" \/>\n<meta name=\"twitter:label1\" content=\"Escrito por\" \/>\n\t<meta name=\"twitter:data1\" content=\"Reda\u00e7\u00e3o Aconteceu no Vale\" \/>\n\t<meta name=\"twitter:label2\" content=\"Est. tempo de leitura\" \/>\n\t<meta name=\"twitter:data2\" content=\"2 minutos\" \/>\n<script type=\"application\/ld+json\" class=\"yoast-schema-graph\">{\"@context\":\"https:\\\/\\\/schema.org\",\"@graph\":[{\"@type\":\"Article\",\"@id\":\"https:\\\/\\\/aconteceunovale.com.br\\\/portal\\\/?p=191769#article\",\"isPartOf\":{\"@id\":\"https:\\\/\\\/aconteceunovale.com.br\\\/portal\\\/?p=191769\"},\"author\":{\"name\":\"Reda\u00e7\u00e3o Aconteceu no Vale\",\"@id\":\"https:\\\/\\\/aconteceunovale.com.br\\\/portal\\\/#\\\/schema\\\/person\\\/7d2f26d1483f8a63de73da1ee0754d35\"},\"headline\":\"M\u00e9dico \u00e9 indiciado por importuna\u00e7\u00e3o sexual em Montes Claros\",\"datePublished\":\"2022-10-26T23:41:42+00:00\",\"dateModified\":\"2022-10-26T23:42:26+00:00\",\"mainEntityOfPage\":{\"@id\":\"https:\\\/\\\/aconteceunovale.com.br\\\/portal\\\/?p=191769\"},\"wordCount\":456,\"commentCount\":0,\"image\":{\"@id\":\"https:\\\/\\\/aconteceunovale.com.br\\\/portal\\\/?p=191769#primaryimage\"},\"thumbnailUrl\":\"https:\\\/\\\/aconteceunovale.com.br\\\/portal\\\/wp-content\\\/uploads\\\/2022\\\/10\\\/delegada_moc.png\",\"keywords\":[\"Deam Montes Claros\",\"Delegacia da Mulher em Montes Claros\",\"Delegada Karine Maia\",\"destaque\",\"Importuna\u00e7\u00e3o sexual em Montes Claros\",\"M\u00e9dico \u00e9 indiciado por importuna\u00e7\u00e3o sexual em Montes Claros\",\"M\u00e9dico investigado por importuna\u00e7\u00e3o sexual em Montes Claros\",\"Montes Claros\",\"PCMG\",\"PCMG em Montes Claros\"],\"articleSection\":[\"Norte de Minas\"],\"inLanguage\":\"pt-BR\",\"potentialAction\":[{\"@type\":\"CommentAction\",\"name\":\"Comment\",\"target\":[\"https:\\\/\\\/aconteceunovale.com.br\\\/portal\\\/?p=191769#respond\"]}]},{\"@type\":\"WebPage\",\"@id\":\"https:\\\/\\\/aconteceunovale.com.br\\\/portal\\\/?p=191769\",\"url\":\"https:\\\/\\\/aconteceunovale.com.br\\\/portal\\\/?p=191769\",\"name\":\"M\u00e9dico \u00e9 indiciado por importuna\u00e7\u00e3o sexual em Montes Claros - Aconteceu no Vale\",\"isPartOf\":{\"@id\":\"https:\\\/\\\/aconteceunovale.com.br\\\/portal\\\/#website\"},\"primaryImageOfPage\":{\"@id\":\"https:\\\/\\\/aconteceunovale.com.br\\\/portal\\\/?p=191769#primaryimage\"},\"image\":{\"@id\":\"https:\\\/\\\/aconteceunovale.com.br\\\/portal\\\/?p=191769#primaryimage\"},\"thumbnailUrl\":\"https:\\\/\\\/aconteceunovale.com.br\\\/portal\\\/wp-content\\\/uploads\\\/2022\\\/10\\\/delegada_moc.png\",\"datePublished\":\"2022-10-26T23:41:42+00:00\",\"dateModified\":\"2022-10-26T23:42:26+00:00\",\"author\":{\"@id\":\"https:\\\/\\\/aconteceunovale.com.br\\\/portal\\\/#\\\/schema\\\/person\\\/7d2f26d1483f8a63de73da1ee0754d35\"},\"breadcrumb\":{\"@id\":\"https:\\\/\\\/aconteceunovale.com.br\\\/portal\\\/?p=191769#breadcrumb\"},\"inLanguage\":\"pt-BR\",\"potentialAction\":[{\"@type\":\"ReadAction\",\"target\":[\"https:\\\/\\\/aconteceunovale.com.br\\\/portal\\\/?p=191769\"]}]},{\"@type\":\"ImageObject\",\"inLanguage\":\"pt-BR\",\"@id\":\"https:\\\/\\\/aconteceunovale.com.br\\\/portal\\\/?p=191769#primaryimage\",\"url\":\"https:\\\/\\\/aconteceunovale.com.br\\\/portal\\\/wp-content\\\/uploads\\\/2022\\\/10\\\/delegada_moc.png\",\"contentUrl\":\"https:\\\/\\\/aconteceunovale.com.br\\\/portal\\\/wp-content\\\/uploads\\\/2022\\\/10\\\/delegada_moc.png\",\"width\":675,\"height\":450},{\"@type\":\"BreadcrumbList\",\"@id\":\"https:\\\/\\\/aconteceunovale.com.br\\\/portal\\\/?p=191769#breadcrumb\",\"itemListElement\":[{\"@type\":\"ListItem\",\"position\":1,\"name\":\"In\u00edcio\",\"item\":\"https:\\\/\\\/aconteceunovale.com.br\\\/portal\\\/\"},{\"@type\":\"ListItem\",\"position\":2,\"name\":\"M\u00e9dico \u00e9 indiciado por importuna\u00e7\u00e3o sexual em Montes Claros\"}]},{\"@type\":\"WebSite\",\"@id\":\"https:\\\/\\\/aconteceunovale.com.br\\\/portal\\\/#website\",\"url\":\"https:\\\/\\\/aconteceunovale.com.br\\\/portal\\\/\",\"name\":\"Aconteceu no Vale\",\"description\":\"Portal de Not\u00edcias\",\"potentialAction\":[{\"@type\":\"SearchAction\",\"target\":{\"@type\":\"EntryPoint\",\"urlTemplate\":\"https:\\\/\\\/aconteceunovale.com.br\\\/portal\\\/?s={search_term_string}\"},\"query-input\":{\"@type\":\"PropertyValueSpecification\",\"valueRequired\":true,\"valueName\":\"search_term_string\"}}],\"inLanguage\":\"pt-BR\"},{\"@type\":\"Person\",\"@id\":\"https:\\\/\\\/aconteceunovale.com.br\\\/portal\\\/#\\\/schema\\\/person\\\/7d2f26d1483f8a63de73da1ee0754d35\",\"name\":\"Reda\u00e7\u00e3o Aconteceu no Vale\",\"description\":\"Equipe de reportagem do Aconteceu no Vale, portal de not\u00edcias do Vale do Jequitinhonha, em Minas Gerais. Cobrimos as 51 cidades do Vale desde 2013. Sugest\u00f5es de pauta e pedidos de corre\u00e7\u00e3o: contato@aconteceunovale.com.br\",\"url\":\"https:\\\/\\\/aconteceunovale.com.br\\\/portal\\\/?author=4\"}]}<\/script>\n<!-- \/ Yoast SEO plugin. -->","yoast_head_json":{"title":"M\u00e9dico \u00e9 indiciado por importuna\u00e7\u00e3o sexual em Montes Claros - Aconteceu no Vale","robots":{"index":"index","follow":"follow","max-snippet":"max-snippet:-1","max-image-preview":"max-image-preview:large","max-video-preview":"max-video-preview:-1"},"canonical":"https:\/\/aconteceunovale.com.br\/portal\/?p=191769","og_locale":"pt_BR","og_type":"article","og_title":"M\u00e9dico \u00e9 indiciado por importuna\u00e7\u00e3o sexual em Montes Claros - Aconteceu no Vale","og_description":"A Pol\u00edcia Civil de Minas Gerais (PCMG) concluiu o inqu\u00e9rito instaurado para apurar a den\u00fancia de importuna\u00e7\u00e3o sexual contra um m\u00e9dico, de 40 anos, ocorrida no dia 17 de agosto deste ano, em Montes Claros, regi\u00e3o Norte do Estado. O suspeito foi indiciado pelo crime de importuna\u00e7\u00e3o sexual e o inqu\u00e9rito policial encontra-se \u00e0 disposi\u00e7\u00e3o [&hellip;]","og_url":"https:\/\/aconteceunovale.com.br\/portal\/?p=191769","og_site_name":"Aconteceu no Vale","article_publisher":"https:\/\/www.facebook.com\/aconteceunovale\/","article_published_time":"2022-10-26T23:41:42+00:00","article_modified_time":"2022-10-26T23:42:26+00:00","og_image":[{"width":675,"height":450,"url":"https:\/\/aconteceunovale.com.br\/portal\/wp-content\/uploads\/2022\/10\/delegada_moc.png","type":"image\/png"}],"author":"Reda\u00e7\u00e3o Aconteceu no Vale","twitter_card":"summary_large_image","twitter_creator":"@noticiadosvales","twitter_site":"@noticiadosvales","twitter_misc":{"Escrito por":"Reda\u00e7\u00e3o Aconteceu no Vale","Est. tempo de leitura":"2 minutos"},"schema":{"@context":"https:\/\/schema.org","@graph":[{"@type":"Article","@id":"https:\/\/aconteceunovale.com.br\/portal\/?p=191769#article","isPartOf":{"@id":"https:\/\/aconteceunovale.com.br\/portal\/?p=191769"},"author":{"name":"Reda\u00e7\u00e3o Aconteceu no Vale","@id":"https:\/\/aconteceunovale.com.br\/portal\/#\/schema\/person\/7d2f26d1483f8a63de73da1ee0754d35"},"headline":"M\u00e9dico \u00e9 indiciado por importuna\u00e7\u00e3o sexual em Montes Claros","datePublished":"2022-10-26T23:41:42+00:00","dateModified":"2022-10-26T23:42:26+00:00","mainEntityOfPage":{"@id":"https:\/\/aconteceunovale.com.br\/portal\/?p=191769"},"wordCount":456,"commentCount":0,"image":{"@id":"https:\/\/aconteceunovale.com.br\/portal\/?p=191769#primaryimage"},"thumbnailUrl":"https:\/\/aconteceunovale.com.br\/portal\/wp-content\/uploads\/2022\/10\/delegada_moc.png","keywords":["Deam Montes Claros","Delegacia da Mulher em Montes Claros","Delegada Karine Maia","destaque","Importuna\u00e7\u00e3o sexual em Montes Claros","M\u00e9dico \u00e9 indiciado por importuna\u00e7\u00e3o sexual em Montes Claros","M\u00e9dico investigado por importuna\u00e7\u00e3o sexual em Montes Claros","Montes Claros","PCMG","PCMG em Montes Claros"],"articleSection":["Norte de Minas"],"inLanguage":"pt-BR","potentialAction":[{"@type":"CommentAction","name":"Comment","target":["https:\/\/aconteceunovale.com.br\/portal\/?p=191769#respond"]}]},{"@type":"WebPage","@id":"https:\/\/aconteceunovale.com.br\/portal\/?p=191769","url":"https:\/\/aconteceunovale.com.br\/portal\/?p=191769","name":"M\u00e9dico \u00e9 indiciado por importuna\u00e7\u00e3o sexual em Montes Claros - Aconteceu no Vale","isPartOf":{"@id":"https:\/\/aconteceunovale.com.br\/portal\/#website"},"primaryImageOfPage":{"@id":"https:\/\/aconteceunovale.com.br\/portal\/?p=191769#primaryimage"},"image":{"@id":"https:\/\/aconteceunovale.com.br\/portal\/?p=191769#primaryimage"},"thumbnailUrl":"https:\/\/aconteceunovale.com.br\/portal\/wp-content\/uploads\/2022\/10\/delegada_moc.png","datePublished":"2022-10-26T23:41:42+00:00","dateModified":"2022-10-26T23:42:26+00:00","author":{"@id":"https:\/\/aconteceunovale.com.br\/portal\/#\/schema\/person\/7d2f26d1483f8a63de73da1ee0754d35"},"breadcrumb":{"@id":"https:\/\/aconteceunovale.com.br\/portal\/?p=191769#breadcrumb"},"inLanguage":"pt-BR","potentialAction":[{"@type":"ReadAction","target":["https:\/\/aconteceunovale.com.br\/portal\/?p=191769"]}]},{"@type":"ImageObject","inLanguage":"pt-BR","@id":"https:\/\/aconteceunovale.com.br\/portal\/?p=191769#primaryimage","url":"https:\/\/aconteceunovale.com.br\/portal\/wp-content\/uploads\/2022\/10\/delegada_moc.png","contentUrl":"https:\/\/aconteceunovale.com.br\/portal\/wp-content\/uploads\/2022\/10\/delegada_moc.png","width":675,"height":450},{"@type":"BreadcrumbList","@id":"https:\/\/aconteceunovale.com.br\/portal\/?p=191769#breadcrumb","itemListElement":[{"@type":"ListItem","position":1,"name":"In\u00edcio","item":"https:\/\/aconteceunovale.com.br\/portal\/"},{"@type":"ListItem","position":2,"name":"M\u00e9dico \u00e9 indiciado por importuna\u00e7\u00e3o sexual em Montes Claros"}]},{"@type":"WebSite","@id":"https:\/\/aconteceunovale.com.br\/portal\/#website","url":"https:\/\/aconteceunovale.com.br\/portal\/","name":"Aconteceu no Vale","description":"Portal de Not\u00edcias","potentialAction":[{"@type":"SearchAction","target":{"@type":"EntryPoint","urlTemplate":"https:\/\/aconteceunovale.com.br\/portal\/?s={search_term_string}"},"query-input":{"@type":"PropertyValueSpecification","valueRequired":true,"valueName":"search_term_string"}}],"inLanguage":"pt-BR"},{"@type":"Person","@id":"https:\/\/aconteceunovale.com.br\/portal\/#\/schema\/person\/7d2f26d1483f8a63de73da1ee0754d35","name":"Reda\u00e7\u00e3o Aconteceu no Vale","description":"Equipe de reportagem do Aconteceu no Vale, portal de not\u00edcias do Vale do Jequitinhonha, em Minas Gerais. Cobrimos as 51 cidades do Vale desde 2013. Sugest\u00f5es de pauta e pedidos de corre\u00e7\u00e3o: contato@aconteceunovale.com.br","url":"https:\/\/aconteceunovale.com.br\/portal\/?author=4"}]}},"_links":{"self":[{"href":"https:\/\/aconteceunovale.com.br\/portal\/index.php?rest_route=\/wp\/v2\/posts\/191769","targetHints":{"allow":["GET"]}}],"collection":[{"href":"https:\/\/aconteceunovale.com.br\/portal\/index.php?rest_route=\/wp\/v2\/posts"}],"about":[{"href":"https:\/\/aconteceunovale.com.br\/portal\/index.php?rest_route=\/wp\/v2\/types\/post"}],"author":[{"embeddable":true,"href":"https:\/\/aconteceunovale.com.br\/portal\/index.php?rest_route=\/wp\/v2\/users\/4"}],"replies":[{"embeddable":true,"href":"https:\/\/aconteceunovale.com.br\/portal\/index.php?rest_route=%2Fwp%2Fv2%2Fcomments&post=191769"}],"version-history":[{"count":1,"href":"https:\/\/aconteceunovale.com.br\/portal\/index.php?rest_route=\/wp\/v2\/posts\/191769\/revisions"}],"predecessor-version":[{"id":191771,"href":"https:\/\/aconteceunovale.com.br\/portal\/index.php?rest_route=\/wp\/v2\/posts\/191769\/revisions\/191771"}],"wp:featuredmedia":[{"embeddable":true,"href":"https:\/\/aconteceunovale.com.br\/portal\/index.php?rest_route=\/wp\/v2\/media\/191770"}],"wp:attachment":[{"href":"https:\/\/aconteceunovale.com.br\/portal\/index.php?rest_route=%2Fwp%2Fv2%2Fmedia&parent=191769"}],"wp:term":[{"taxonomy":"category","embeddable":true,"href":"https:\/\/aconteceunovale.com.br\/portal\/index.php?rest_route=%2Fwp%2Fv2%2Fcategories&post=191769"},{"taxonomy":"post_tag","embeddable":true,"href":"https:\/\/aconteceunovale.com.br\/portal\/index.php?rest_route=%2Fwp%2Fv2%2Ftags&post=191769"}],"curies":[{"name":"wp","href":"https:\/\/api.w.org\/{rel}","templated":true}]}}