{"id":191765,"date":"2022-10-26T11:19:34","date_gmt":"2022-10-26T14:19:34","guid":{"rendered":"https:\/\/aconteceunovale.com.br\/portal\/?p=191765"},"modified":"2022-10-26T11:20:50","modified_gmt":"2022-10-26T14:20:50","slug":"meteorologia-preve-frio-intenso-e-atipico-em-quatro-regioes-do-brasil","status":"publish","type":"post","link":"https:\/\/aconteceunovale.com.br\/portal\/?p=191765","title":{"rendered":"Meteorologia prev\u00ea &#8220;frio intenso e at\u00edpico&#8221; em quatro regi\u00f5es do Brasil"},"content":{"rendered":"\n<p class=\"wp-block-paragraph\">O Instituto Nacional de Meteorologia (Inmet) informou que o in\u00edcio\u00a0de novembro\u00a0ser\u00e1 de \u201cfrio intenso e at\u00edpico\u201d em quatro das cinco regi\u00f5es do pa\u00eds. As temperaturas mais baixas est\u00e3o previstas para o Sul.<\/p>\n\n\n\n<p class=\"wp-block-paragraph\">A \u201cqueda brusca\u201d das temperaturas se deve \u00e0 passagem de uma frente fria que vem seguida de uma \u201cforte massa de ar de origem polar\u201d.<\/p>\n\n\n\n<p class=\"wp-block-paragraph\">As previs\u00f5es sugerem que, a partir da pr\u00f3xima segunda-feira (31), o frio chegar\u00e1 no Rio Grande do Sul e em parte de Santa Catarina, avan\u00e7ando, na sequ\u00eancia, por todo o territ\u00f3rio catarinense, para ent\u00e3o avan\u00e7ar pelo Paran\u00e1, pelo centro-sul do Mato Grosso do Sul e em parte de S\u00e3o Paulo.<\/p>\n\n\n\n<p class=\"wp-block-paragraph\">\u201cA previs\u00e3o indica, no in\u00edcio da pr\u00f3xima semana, queda em torno de 15\u00b0C na Regi\u00e3o Sul\u201d, informou o Inmet.<\/p>\n\n\n\n<p class=\"wp-block-paragraph\">Entre os dias&nbsp;31 de outubro&nbsp;e 1\u00ba de dezembro h\u00e1 uma pequena possibilidade de neve&nbsp;na regi\u00e3o compreendida entre o planalto sul catarinense e os Aparados da Serra, no Rio Grande do Sul. Paralelamente, a massa de ar frio continuar\u00e1 se deslocando para o Sudeste, Centro-Oeste e Norte do pa\u00eds.<\/p>\n\n\n\n<p class=\"wp-block-paragraph\">\u201cO sul dos estados de Minas Gerais, Esp\u00edrito Santo, Mato Grosso, Goi\u00e1s e Amazonas tamb\u00e9m v\u00e3o registrar baixas temperaturas, assim como todo o Rio&nbsp;de Janeiro\u201d, detalha o Inmet.<\/p>\n\n\n\n<p class=\"wp-block-paragraph\">\u201cA massa de ar frio deve atuar no Brasil at\u00e9 o fim da pr\u00f3xima semana, com possibilidade de temperaturas negativas e geadas at\u00e9\u00a0quinta-feira (3), principalmente, nas \u00e1reas mais altas da Regi\u00e3o Sul\u201d, acrescentou.<\/p>\n\n\n\n<p class=\"wp-block-paragraph\">&#8212;&#8212;&#8212;&#8212;&#8212;&#8212;<br><br><strong>Sabia que o Aconteceu no Vale est\u00e1 tamb\u00e9m no Telegram? <a rel=\"noreferrer noopener\" href=\"https:\/\/t.me\/aconteceunovaleoficial\" target=\"_blank\">Inscreva-se no canal<\/a>.<\/strong><br><br><strong>J\u00e1 curtiu ou seguiu nossas p\u00e1ginas nas redes sociais?\u00a0Receba as not\u00edcias em primeira m\u00e3o:<\/strong><br>\u2022 <a rel=\"noreferrer noopener\" href=\"https:\/\/news.google.com\/publications\/CAAqBwgKMNjklQswi4etAw?hl=pt-BR&amp;gl=BR&amp;ceid=BR%3Apt-419\" target=\"_blank\">Google News<\/a><br>\u2022 <a rel=\"noreferrer noopener\" href=\"https:\/\/www.facebook.com\/aconteceunovale\/\" target=\"_blank\">Facebook<\/a><br>\u2022 <a rel=\"noreferrer noopener\" href=\"https:\/\/twitter.com\/noticiadosvales\" target=\"_blank\">Twitter<\/a><br>\u2022 <a rel=\"noreferrer noopener\" href=\"https:\/\/www.instagram.com\/aconteceunovale\" target=\"_blank\">Instagram<\/a><br>\u2022 <a rel=\"noreferrer noopener\" href=\"https:\/\/www.youtube.com\/AconteceunoValeOficial\" target=\"_blank\">Youtube<\/a><br>\u2022 <a rel=\"noreferrer noopener\" href=\"https:\/\/www.tiktok.com\/@aconteceunovale\" target=\"_blank\">TikTok<\/a><\/p>\n","protected":false},"excerpt":{"rendered":"<p>O Instituto Nacional de Meteorologia (Inmet) informou que o in\u00edcio\u00a0de novembro\u00a0ser\u00e1 de \u201cfrio intenso e at\u00edpico\u201d em quatro das cinco regi\u00f5es do pa\u00eds. As temperaturas mais baixas est\u00e3o previstas para o Sul. A \u201cqueda brusca\u201d das temperaturas se deve \u00e0 passagem de uma frente fria que vem seguida de uma \u201cforte massa de ar de [&hellip;]<\/p>\n","protected":false},"author":4,"featured_media":190072,"comment_status":"open","ping_status":"closed","sticky":false,"template":"","format":"standard","meta":{"amp_status":"","footnotes":""},"categories":[6],"tags":[1018,265435,248336,98977,54659,100056,265434,261216],"class_list":["post-191765","post","type-post","status-publish","format-standard","has-post-thumbnail","hentry","category-br","tag-destaque","tag-frio-atipico-no-brasil","tag-frio-intenso-no-brasil","tag-frio-no-brasil","tag-inmet","tag-instituto-nacional-de-meteorologia","tag-meteorologia-preve-frio-intenso-e-atipico-em-quatro-regioes-do-brasil","tag-queda-da-temperatura-no-brasil"],"yoast_head":"<!-- This site is optimized with the Yoast SEO plugin v28.3 - https:\/\/yoast.com\/product\/yoast-seo-wordpress\/ -->\n<title>Meteorologia prev\u00ea &quot;frio intenso e at\u00edpico&quot; em quatro regi\u00f5es do Brasil - Aconteceu no Vale<\/title>\n<meta name=\"robots\" content=\"index, follow, max-snippet:-1, max-image-preview:large, max-video-preview:-1\" \/>\n<link rel=\"canonical\" href=\"https:\/\/aconteceunovale.com.br\/portal\/?p=191765\" \/>\n<meta property=\"og:locale\" content=\"pt_BR\" \/>\n<meta property=\"og:type\" content=\"article\" \/>\n<meta property=\"og:title\" content=\"Meteorologia prev\u00ea &quot;frio intenso e at\u00edpico&quot; em quatro regi\u00f5es do Brasil - Aconteceu no Vale\" \/>\n<meta property=\"og:description\" content=\"O Instituto Nacional de Meteorologia (Inmet) informou que o in\u00edcio\u00a0de novembro\u00a0ser\u00e1 de \u201cfrio intenso e at\u00edpico\u201d em quatro das cinco regi\u00f5es do pa\u00eds. As temperaturas mais baixas est\u00e3o previstas para o Sul. A \u201cqueda brusca\u201d das temperaturas se deve \u00e0 passagem de uma frente fria que vem seguida de uma \u201cforte massa de ar de [&hellip;]\" \/>\n<meta property=\"og:url\" content=\"https:\/\/aconteceunovale.com.br\/portal\/?p=191765\" \/>\n<meta property=\"og:site_name\" content=\"Aconteceu no Vale\" \/>\n<meta property=\"article:publisher\" content=\"https:\/\/www.facebook.com\/aconteceunovale\/\" \/>\n<meta property=\"article:published_time\" content=\"2022-10-26T14:19:34+00:00\" \/>\n<meta property=\"article:modified_time\" content=\"2022-10-26T14:20:50+00:00\" \/>\n<meta property=\"og:image\" content=\"https:\/\/aconteceunovale.com.br\/portal\/wp-content\/uploads\/2022\/08\/frio_brasil.jpg\" \/>\n\t<meta property=\"og:image:width\" content=\"678\" \/>\n\t<meta property=\"og:image:height\" content=\"406\" \/>\n\t<meta property=\"og:image:type\" content=\"image\/jpeg\" \/>\n<meta name=\"author\" content=\"Reda\u00e7\u00e3o Aconteceu no Vale\" \/>\n<meta name=\"twitter:card\" content=\"summary_large_image\" \/>\n<meta name=\"twitter:creator\" content=\"@noticiadosvales\" \/>\n<meta name=\"twitter:site\" content=\"@noticiadosvales\" \/>\n<meta name=\"twitter:label1\" content=\"Escrito por\" \/>\n\t<meta name=\"twitter:data1\" content=\"Reda\u00e7\u00e3o Aconteceu no Vale\" \/>\n\t<meta name=\"twitter:label2\" content=\"Est. tempo de leitura\" \/>\n\t<meta name=\"twitter:data2\" content=\"2 minutos\" \/>\n<script type=\"application\/ld+json\" class=\"yoast-schema-graph\">{\"@context\":\"https:\\\/\\\/schema.org\",\"@graph\":[{\"@type\":\"Article\",\"@id\":\"https:\\\/\\\/aconteceunovale.com.br\\\/portal\\\/?p=191765#article\",\"isPartOf\":{\"@id\":\"https:\\\/\\\/aconteceunovale.com.br\\\/portal\\\/?p=191765\"},\"author\":{\"name\":\"Reda\u00e7\u00e3o Aconteceu no Vale\",\"@id\":\"https:\\\/\\\/aconteceunovale.com.br\\\/portal\\\/#\\\/schema\\\/person\\\/7d2f26d1483f8a63de73da1ee0754d35\"},\"headline\":\"Meteorologia prev\u00ea &#8220;frio intenso e at\u00edpico&#8221; em quatro regi\u00f5es do Brasil\",\"datePublished\":\"2022-10-26T14:19:34+00:00\",\"dateModified\":\"2022-10-26T14:20:50+00:00\",\"mainEntityOfPage\":{\"@id\":\"https:\\\/\\\/aconteceunovale.com.br\\\/portal\\\/?p=191765\"},\"wordCount\":319,\"commentCount\":0,\"image\":{\"@id\":\"https:\\\/\\\/aconteceunovale.com.br\\\/portal\\\/?p=191765#primaryimage\"},\"thumbnailUrl\":\"https:\\\/\\\/aconteceunovale.com.br\\\/portal\\\/wp-content\\\/uploads\\\/2022\\\/08\\\/frio_brasil.jpg\",\"keywords\":[\"destaque\",\"Frio at\u00edpico no Brasil\",\"Frio intenso no Brasil\",\"Frio no Brasil\",\"Inmet\",\"Instituto Nacional de Meteorologia\",\"Meteorologia prev\u00ea frio intenso e at\u00edpico em quatro regi\u00f5es do Brasil\",\"Queda da temperatura no Brasil\"],\"articleSection\":[\"Brasil\"],\"inLanguage\":\"pt-BR\",\"potentialAction\":[{\"@type\":\"CommentAction\",\"name\":\"Comment\",\"target\":[\"https:\\\/\\\/aconteceunovale.com.br\\\/portal\\\/?p=191765#respond\"]}]},{\"@type\":\"WebPage\",\"@id\":\"https:\\\/\\\/aconteceunovale.com.br\\\/portal\\\/?p=191765\",\"url\":\"https:\\\/\\\/aconteceunovale.com.br\\\/portal\\\/?p=191765\",\"name\":\"Meteorologia prev\u00ea \\\"frio intenso e at\u00edpico\\\" em quatro regi\u00f5es do Brasil - Aconteceu no Vale\",\"isPartOf\":{\"@id\":\"https:\\\/\\\/aconteceunovale.com.br\\\/portal\\\/#website\"},\"primaryImageOfPage\":{\"@id\":\"https:\\\/\\\/aconteceunovale.com.br\\\/portal\\\/?p=191765#primaryimage\"},\"image\":{\"@id\":\"https:\\\/\\\/aconteceunovale.com.br\\\/portal\\\/?p=191765#primaryimage\"},\"thumbnailUrl\":\"https:\\\/\\\/aconteceunovale.com.br\\\/portal\\\/wp-content\\\/uploads\\\/2022\\\/08\\\/frio_brasil.jpg\",\"datePublished\":\"2022-10-26T14:19:34+00:00\",\"dateModified\":\"2022-10-26T14:20:50+00:00\",\"author\":{\"@id\":\"https:\\\/\\\/aconteceunovale.com.br\\\/portal\\\/#\\\/schema\\\/person\\\/7d2f26d1483f8a63de73da1ee0754d35\"},\"breadcrumb\":{\"@id\":\"https:\\\/\\\/aconteceunovale.com.br\\\/portal\\\/?p=191765#breadcrumb\"},\"inLanguage\":\"pt-BR\",\"potentialAction\":[{\"@type\":\"ReadAction\",\"target\":[\"https:\\\/\\\/aconteceunovale.com.br\\\/portal\\\/?p=191765\"]}]},{\"@type\":\"ImageObject\",\"inLanguage\":\"pt-BR\",\"@id\":\"https:\\\/\\\/aconteceunovale.com.br\\\/portal\\\/?p=191765#primaryimage\",\"url\":\"https:\\\/\\\/aconteceunovale.com.br\\\/portal\\\/wp-content\\\/uploads\\\/2022\\\/08\\\/frio_brasil.jpg\",\"contentUrl\":\"https:\\\/\\\/aconteceunovale.com.br\\\/portal\\\/wp-content\\\/uploads\\\/2022\\\/08\\\/frio_brasil.jpg\",\"width\":678,\"height\":406,\"caption\":\"Frente fria atinge a capita paulista\"},{\"@type\":\"BreadcrumbList\",\"@id\":\"https:\\\/\\\/aconteceunovale.com.br\\\/portal\\\/?p=191765#breadcrumb\",\"itemListElement\":[{\"@type\":\"ListItem\",\"position\":1,\"name\":\"In\u00edcio\",\"item\":\"https:\\\/\\\/aconteceunovale.com.br\\\/portal\\\/\"},{\"@type\":\"ListItem\",\"position\":2,\"name\":\"Meteorologia prev\u00ea &#8220;frio intenso e at\u00edpico&#8221; em quatro regi\u00f5es do Brasil\"}]},{\"@type\":\"WebSite\",\"@id\":\"https:\\\/\\\/aconteceunovale.com.br\\\/portal\\\/#website\",\"url\":\"https:\\\/\\\/aconteceunovale.com.br\\\/portal\\\/\",\"name\":\"Aconteceu no Vale\",\"description\":\"Portal de Not\u00edcias\",\"potentialAction\":[{\"@type\":\"SearchAction\",\"target\":{\"@type\":\"EntryPoint\",\"urlTemplate\":\"https:\\\/\\\/aconteceunovale.com.br\\\/portal\\\/?s={search_term_string}\"},\"query-input\":{\"@type\":\"PropertyValueSpecification\",\"valueRequired\":true,\"valueName\":\"search_term_string\"}}],\"inLanguage\":\"pt-BR\"},{\"@type\":\"Person\",\"@id\":\"https:\\\/\\\/aconteceunovale.com.br\\\/portal\\\/#\\\/schema\\\/person\\\/7d2f26d1483f8a63de73da1ee0754d35\",\"name\":\"Reda\u00e7\u00e3o Aconteceu no Vale\",\"description\":\"Equipe de reportagem do Aconteceu no Vale, portal de not\u00edcias do Vale do Jequitinhonha, em Minas Gerais. Cobrimos as 51 cidades do Vale desde 2013. Sugest\u00f5es de pauta e pedidos de corre\u00e7\u00e3o: contato@aconteceunovale.com.br\",\"url\":\"https:\\\/\\\/aconteceunovale.com.br\\\/portal\\\/?author=4\"}]}<\/script>\n<!-- \/ Yoast SEO plugin. -->","yoast_head_json":{"title":"Meteorologia prev\u00ea \"frio intenso e at\u00edpico\" em quatro regi\u00f5es do Brasil - Aconteceu no Vale","robots":{"index":"index","follow":"follow","max-snippet":"max-snippet:-1","max-image-preview":"max-image-preview:large","max-video-preview":"max-video-preview:-1"},"canonical":"https:\/\/aconteceunovale.com.br\/portal\/?p=191765","og_locale":"pt_BR","og_type":"article","og_title":"Meteorologia prev\u00ea \"frio intenso e at\u00edpico\" em quatro regi\u00f5es do Brasil - Aconteceu no Vale","og_description":"O Instituto Nacional de Meteorologia (Inmet) informou que o in\u00edcio\u00a0de novembro\u00a0ser\u00e1 de \u201cfrio intenso e at\u00edpico\u201d em quatro das cinco regi\u00f5es do pa\u00eds. As temperaturas mais baixas est\u00e3o previstas para o Sul. A \u201cqueda brusca\u201d das temperaturas se deve \u00e0 passagem de uma frente fria que vem seguida de uma \u201cforte massa de ar de [&hellip;]","og_url":"https:\/\/aconteceunovale.com.br\/portal\/?p=191765","og_site_name":"Aconteceu no Vale","article_publisher":"https:\/\/www.facebook.com\/aconteceunovale\/","article_published_time":"2022-10-26T14:19:34+00:00","article_modified_time":"2022-10-26T14:20:50+00:00","og_image":[{"width":678,"height":406,"url":"https:\/\/aconteceunovale.com.br\/portal\/wp-content\/uploads\/2022\/08\/frio_brasil.jpg","type":"image\/jpeg"}],"author":"Reda\u00e7\u00e3o Aconteceu no Vale","twitter_card":"summary_large_image","twitter_creator":"@noticiadosvales","twitter_site":"@noticiadosvales","twitter_misc":{"Escrito por":"Reda\u00e7\u00e3o Aconteceu no Vale","Est. tempo de leitura":"2 minutos"},"schema":{"@context":"https:\/\/schema.org","@graph":[{"@type":"Article","@id":"https:\/\/aconteceunovale.com.br\/portal\/?p=191765#article","isPartOf":{"@id":"https:\/\/aconteceunovale.com.br\/portal\/?p=191765"},"author":{"name":"Reda\u00e7\u00e3o Aconteceu no Vale","@id":"https:\/\/aconteceunovale.com.br\/portal\/#\/schema\/person\/7d2f26d1483f8a63de73da1ee0754d35"},"headline":"Meteorologia prev\u00ea &#8220;frio intenso e at\u00edpico&#8221; em quatro regi\u00f5es do Brasil","datePublished":"2022-10-26T14:19:34+00:00","dateModified":"2022-10-26T14:20:50+00:00","mainEntityOfPage":{"@id":"https:\/\/aconteceunovale.com.br\/portal\/?p=191765"},"wordCount":319,"commentCount":0,"image":{"@id":"https:\/\/aconteceunovale.com.br\/portal\/?p=191765#primaryimage"},"thumbnailUrl":"https:\/\/aconteceunovale.com.br\/portal\/wp-content\/uploads\/2022\/08\/frio_brasil.jpg","keywords":["destaque","Frio at\u00edpico no Brasil","Frio intenso no Brasil","Frio no Brasil","Inmet","Instituto Nacional de Meteorologia","Meteorologia prev\u00ea frio intenso e at\u00edpico em quatro regi\u00f5es do Brasil","Queda da temperatura no Brasil"],"articleSection":["Brasil"],"inLanguage":"pt-BR","potentialAction":[{"@type":"CommentAction","name":"Comment","target":["https:\/\/aconteceunovale.com.br\/portal\/?p=191765#respond"]}]},{"@type":"WebPage","@id":"https:\/\/aconteceunovale.com.br\/portal\/?p=191765","url":"https:\/\/aconteceunovale.com.br\/portal\/?p=191765","name":"Meteorologia prev\u00ea \"frio intenso e at\u00edpico\" em quatro regi\u00f5es do Brasil - Aconteceu no Vale","isPartOf":{"@id":"https:\/\/aconteceunovale.com.br\/portal\/#website"},"primaryImageOfPage":{"@id":"https:\/\/aconteceunovale.com.br\/portal\/?p=191765#primaryimage"},"image":{"@id":"https:\/\/aconteceunovale.com.br\/portal\/?p=191765#primaryimage"},"thumbnailUrl":"https:\/\/aconteceunovale.com.br\/portal\/wp-content\/uploads\/2022\/08\/frio_brasil.jpg","datePublished":"2022-10-26T14:19:34+00:00","dateModified":"2022-10-26T14:20:50+00:00","author":{"@id":"https:\/\/aconteceunovale.com.br\/portal\/#\/schema\/person\/7d2f26d1483f8a63de73da1ee0754d35"},"breadcrumb":{"@id":"https:\/\/aconteceunovale.com.br\/portal\/?p=191765#breadcrumb"},"inLanguage":"pt-BR","potentialAction":[{"@type":"ReadAction","target":["https:\/\/aconteceunovale.com.br\/portal\/?p=191765"]}]},{"@type":"ImageObject","inLanguage":"pt-BR","@id":"https:\/\/aconteceunovale.com.br\/portal\/?p=191765#primaryimage","url":"https:\/\/aconteceunovale.com.br\/portal\/wp-content\/uploads\/2022\/08\/frio_brasil.jpg","contentUrl":"https:\/\/aconteceunovale.com.br\/portal\/wp-content\/uploads\/2022\/08\/frio_brasil.jpg","width":678,"height":406,"caption":"Frente fria atinge a capita paulista"},{"@type":"BreadcrumbList","@id":"https:\/\/aconteceunovale.com.br\/portal\/?p=191765#breadcrumb","itemListElement":[{"@type":"ListItem","position":1,"name":"In\u00edcio","item":"https:\/\/aconteceunovale.com.br\/portal\/"},{"@type":"ListItem","position":2,"name":"Meteorologia prev\u00ea &#8220;frio intenso e at\u00edpico&#8221; em quatro regi\u00f5es do Brasil"}]},{"@type":"WebSite","@id":"https:\/\/aconteceunovale.com.br\/portal\/#website","url":"https:\/\/aconteceunovale.com.br\/portal\/","name":"Aconteceu no Vale","description":"Portal de Not\u00edcias","potentialAction":[{"@type":"SearchAction","target":{"@type":"EntryPoint","urlTemplate":"https:\/\/aconteceunovale.com.br\/portal\/?s={search_term_string}"},"query-input":{"@type":"PropertyValueSpecification","valueRequired":true,"valueName":"search_term_string"}}],"inLanguage":"pt-BR"},{"@type":"Person","@id":"https:\/\/aconteceunovale.com.br\/portal\/#\/schema\/person\/7d2f26d1483f8a63de73da1ee0754d35","name":"Reda\u00e7\u00e3o Aconteceu no Vale","description":"Equipe de reportagem do Aconteceu no Vale, portal de not\u00edcias do Vale do Jequitinhonha, em Minas Gerais. Cobrimos as 51 cidades do Vale desde 2013. Sugest\u00f5es de pauta e pedidos de corre\u00e7\u00e3o: contato@aconteceunovale.com.br","url":"https:\/\/aconteceunovale.com.br\/portal\/?author=4"}]}},"_links":{"self":[{"href":"https:\/\/aconteceunovale.com.br\/portal\/index.php?rest_route=\/wp\/v2\/posts\/191765","targetHints":{"allow":["GET"]}}],"collection":[{"href":"https:\/\/aconteceunovale.com.br\/portal\/index.php?rest_route=\/wp\/v2\/posts"}],"about":[{"href":"https:\/\/aconteceunovale.com.br\/portal\/index.php?rest_route=\/wp\/v2\/types\/post"}],"author":[{"embeddable":true,"href":"https:\/\/aconteceunovale.com.br\/portal\/index.php?rest_route=\/wp\/v2\/users\/4"}],"replies":[{"embeddable":true,"href":"https:\/\/aconteceunovale.com.br\/portal\/index.php?rest_route=%2Fwp%2Fv2%2Fcomments&post=191765"}],"version-history":[{"count":1,"href":"https:\/\/aconteceunovale.com.br\/portal\/index.php?rest_route=\/wp\/v2\/posts\/191765\/revisions"}],"predecessor-version":[{"id":191766,"href":"https:\/\/aconteceunovale.com.br\/portal\/index.php?rest_route=\/wp\/v2\/posts\/191765\/revisions\/191766"}],"wp:featuredmedia":[{"embeddable":true,"href":"https:\/\/aconteceunovale.com.br\/portal\/index.php?rest_route=\/wp\/v2\/media\/190072"}],"wp:attachment":[{"href":"https:\/\/aconteceunovale.com.br\/portal\/index.php?rest_route=%2Fwp%2Fv2%2Fmedia&parent=191765"}],"wp:term":[{"taxonomy":"category","embeddable":true,"href":"https:\/\/aconteceunovale.com.br\/portal\/index.php?rest_route=%2Fwp%2Fv2%2Fcategories&post=191765"},{"taxonomy":"post_tag","embeddable":true,"href":"https:\/\/aconteceunovale.com.br\/portal\/index.php?rest_route=%2Fwp%2Fv2%2Ftags&post=191765"}],"curies":[{"name":"wp","href":"https:\/\/api.w.org\/{rel}","templated":true}]}}