{"id":191758,"date":"2022-10-25T21:08:24","date_gmt":"2022-10-26T00:08:24","guid":{"rendered":"https:\/\/aconteceunovale.com.br\/portal\/?p=191758"},"modified":"2022-10-25T21:09:46","modified_gmt":"2022-10-26T00:09:46","slug":"obras-do-hospital-regional-de-teofilo-otoni-serao-retomadas-depois-de-seis-anos","status":"publish","type":"post","link":"https:\/\/aconteceunovale.com.br\/portal\/?p=191758","title":{"rendered":"Obras do Hospital Regional de Te\u00f3filo Otoni ser\u00e3o retomadas depois de seis anos"},"content":{"rendered":"\n<p class=\"wp-block-paragraph\">O governador Romeu Zema assinou, nesta ter\u00e7a-feira (25\/10\/2022), a ordem para rein\u00edcio das obras do Hospital Regional de Te\u00f3filo Otoni, no Vale do Mucuri. A constru\u00e7\u00e3o foi iniciada em janeiro de 2014, mas com apenas 50% de conclus\u00e3o foi paralisada em novembro de 2016, ap\u00f3s o governo anterior interromper os repasses.<\/p>\n\n\n\n<figure class=\"wp-block-gallery has-nested-images columns-default is-cropped wp-block-gallery-1 is-layout-flex wp-block-gallery-is-layout-flex\">\n<figure class=\"wp-block-image size-large\"><img loading=\"lazy\" decoding=\"async\" width=\"675\" height=\"450\" data-id=\"191759\" src=\"https:\/\/aconteceunovale.com.br\/portal\/wp-content\/uploads\/2022\/10\/obra_hospital_teofilo_otoni_1.jpeg\" alt=\"\" class=\"wp-image-191759\" srcset=\"https:\/\/aconteceunovale.com.br\/portal\/wp-content\/uploads\/2022\/10\/obra_hospital_teofilo_otoni_1.jpeg 675w, https:\/\/aconteceunovale.com.br\/portal\/wp-content\/uploads\/2022\/10\/obra_hospital_teofilo_otoni_1-300x200.jpeg 300w, https:\/\/aconteceunovale.com.br\/portal\/wp-content\/uploads\/2022\/10\/obra_hospital_teofilo_otoni_1-630x420.jpeg 630w\" sizes=\"auto, (max-width: 675px) 100vw, 675px\" \/><figcaption><em><sub>Foto: Gil Leonardi \/ Imprensa MG<\/sub><\/em><\/figcaption><\/figure>\n<\/figure>\n\n\n\n<p class=\"wp-block-paragraph\">Com a retomada dos trabalhos, a expectativa \u00e9 a de que o hospital fique pronto em at\u00e9 24 meses. Somente na microrregi\u00e3o de Te\u00f3filo Otoni\/Malacacheta ser\u00e3o 11 munic\u00edpios atendidos, beneficiando 280 mil habitantes.<\/p>\n\n\n\n<p class=\"wp-block-paragraph\">Ap\u00f3s a conclus\u00e3o, a unidade contar\u00e1 com 427 novos leitos &#8211; 372 de interna\u00e7\u00e3o, 30 UTI adulto e 25 UTI neonatal. A estrutura contar\u00e1 com bloco de interna\u00e7\u00e3o, apoio ao diagn\u00f3stico e terapia, centro cir\u00fargico e obst\u00e9trico; UTI e Pronto Socorro, farm\u00e1cia, lavanderia, oficina, vesti\u00e1rios para funcion\u00e1rios e guarda-cad\u00e1ver. O hospital tamb\u00e9m contribuir\u00e1 na amplia\u00e7\u00e3o da oferta de servi\u00e7os para aten\u00e7\u00e3o \u00e0s necessidades de cirurgias eletivas. &nbsp;<\/p>\n\n\n\n<p class=\"wp-block-paragraph\">Durante atendimento \u00e0 imprensa, Zema explicou que j\u00e1 havia assumido o compromisso de concluir seis hospitais regionais no segundo mandato. <em>\u201cHoje, estou tendo a satisfa\u00e7\u00e3o de assinar a ordem de servi\u00e7o para a retomada da obra do maior deles. N\u00e3o \u00e9 porque a elei\u00e7\u00e3o passou que os planos mudam. Nossos planos sempre foram muito consistentes\u201d,<\/em> disse.<\/p>\n\n\n\n<p class=\"wp-block-paragraph\">De acordo com o governador, o Hospital Regional de Te\u00f3filo Otoni ser\u00e1 o segundo maior hospital SUS da regi\u00e3o, s\u00f3 perdendo para a Santa Casa. <em>\u201cIsso vai provocar uma revolu\u00e7\u00e3o na \u00e1rea da sa\u00fade da regi\u00e3o\u201d,<\/em> afirmou.<\/p>\n\n\n\n<p class=\"wp-block-paragraph\">O governador lembrou, ainda, que cerca de 70 obras de Unidades B\u00e1sicas de Sa\u00fade (UBSs) que estavam abandonadas pelo estado tamb\u00e9m foram retomadas e conclu\u00eddas ao longo da primeira gest\u00e3o.<\/p>\n\n\n\n<p class=\"wp-block-paragraph\">O valor do novo contrato ultrapassa os R$ 104 milh\u00f5es. Na primeira etapa da obra, cerca de R$ 54 milh\u00f5es j\u00e1 foram investidos.<\/p>\n\n\n\n<p class=\"wp-block-paragraph\">Vale lembrar que\u00a0o empreendimento ser\u00e1 administrado pela empresa KTM\u00a0Administra\u00e7\u00e3o e Engenharia Ltda., que apresentou a melhor proposta, com valor 11% menor que o or\u00e7ado inicialmente pelo\u00a0Departamento de Edifica\u00e7\u00f5es e Estradas de Rodagem de Minas Gerais (DER-MG). Com isso, foi poss\u00edvel economizar R$ 12,88 milh\u00f5es para os cofres p\u00fablicos. O resultado do edital de licita\u00e7\u00e3o &#8211; na modalidade de Regime Diferenciado de Contrata\u00e7\u00f5es (RDC)\u00a0foi homologado em 6\/10 pelo departamento estadual.<\/p>\n\n\n\n<figure class=\"wp-block-gallery has-nested-images columns-default is-cropped wp-block-gallery-2 is-layout-flex wp-block-gallery-is-layout-flex\">\n<figure class=\"wp-block-image size-large\"><img loading=\"lazy\" decoding=\"async\" width=\"678\" height=\"441\" data-id=\"191760\" src=\"https:\/\/aconteceunovale.com.br\/portal\/wp-content\/uploads\/2022\/10\/obra_hospital_teofilo_otoni_2.jpeg\" alt=\"\" class=\"wp-image-191760\" srcset=\"https:\/\/aconteceunovale.com.br\/portal\/wp-content\/uploads\/2022\/10\/obra_hospital_teofilo_otoni_2.jpeg 678w, https:\/\/aconteceunovale.com.br\/portal\/wp-content\/uploads\/2022\/10\/obra_hospital_teofilo_otoni_2-300x195.jpeg 300w, https:\/\/aconteceunovale.com.br\/portal\/wp-content\/uploads\/2022\/10\/obra_hospital_teofilo_otoni_2-646x420.jpeg 646w\" sizes=\"auto, (max-width: 678px) 100vw, 678px\" \/><figcaption><em><sub>Foto: Governo de Minas \/ Divulga\u00e7\u00e3o<\/sub><\/em><\/figcaption><\/figure>\n<\/figure>\n\n\n\n<h2 class=\"wp-block-heading\"><strong>Exemplo<\/strong><\/h2>\n\n\n\n<p class=\"wp-block-paragraph\">J\u00e1 o secret\u00e1rio de Estado de\u00a0Sa\u00fade, o m\u00e9dico F\u00e1bio Baccheretti, lembrou que o hospital conseguir\u00e1 reduzir as demandas e os vazios assistenciais. <em>\u201cOs recursos est\u00e3o garantidos tanto para as obras quanto para a aquisi\u00e7\u00e3o dos equipamentos, como tom\u00f3grafos de \u00faltima gera\u00e7\u00e3o, resson\u00e2ncia, bloco cir\u00fargico moderno, capazes de reconfigurar toda essa rede. Esse hospital n\u00e3o veio concorrer com os existentes. Ele existir\u00e1 para complementar e fazer da regi\u00e3o um exemplo de atendimento em Minas\u201d<\/em>, disse.<\/p>\n\n\n\n<h2 class=\"wp-block-heading\"><strong>Prioridade<\/strong><\/h2>\n\n\n\n<p class=\"wp-block-paragraph\">O secret\u00e1rio de Estado de\u00a0Infraestrutura e Mobilidade, Fernando Marcato, afirmou que o governador redirecionou as prioridades em Minas Gerais. <em>\u201cA conclus\u00e3o das obras dos seis hospitais ficar\u00e1 em torno de R$ 700 milh\u00f5es. Esse \u00e9 o valor que muitos governadores gastaram fazendo est\u00e1dios de futebol. O governador priorizou o dinheiro p\u00fablico para as a\u00e7\u00f5es que precisam ser feitas\u201d, <\/em>explicou.\u00a0<\/p>\n\n\n\n<p class=\"wp-block-paragraph\">A finaliza\u00e7\u00e3o ser\u00e1 viabilizada por meio dos recursos do\u00a0Termo de Medidas de Repara\u00e7\u00e3o\u00a0assinado com a Vale devido ao desastre de Brumadinho. O Acordo Judicial visa reparar os danos decorrentes da trag\u00e9dia, que tirou 272 vidas e gerou uma s\u00e9rie de impactos sociais, ambientais e econ\u00f4micos na bacia do Rio Paraopeba e em todo o estado de Minas Gerais.<\/p>\n\n\n\n<p class=\"wp-block-paragraph\">&#8212;&#8212;&#8212;&#8212;&#8212;&#8212;<br><br><strong>Sabia que o Aconteceu no Vale est\u00e1 tamb\u00e9m no Telegram? <a rel=\"noreferrer noopener\" href=\"https:\/\/t.me\/aconteceunovaleoficial\" target=\"_blank\">Inscreva-se no canal<\/a>.<\/strong><br><br><strong>J\u00e1 curtiu ou seguiu nossas p\u00e1ginas nas redes sociais?\u00a0Receba as not\u00edcias em primeira m\u00e3o:<\/strong><br>\u2022 <a rel=\"noreferrer noopener\" href=\"https:\/\/news.google.com\/publications\/CAAqBwgKMNjklQswi4etAw?hl=pt-BR&amp;gl=BR&amp;ceid=BR%3Apt-419\" target=\"_blank\">Google News<\/a><br>\u2022 <a rel=\"noreferrer noopener\" href=\"https:\/\/www.facebook.com\/aconteceunovale\/\" target=\"_blank\">Facebook<\/a><br>\u2022 <a rel=\"noreferrer noopener\" href=\"https:\/\/twitter.com\/noticiadosvales\" target=\"_blank\">Twitter<\/a><br>\u2022 <a rel=\"noreferrer noopener\" href=\"https:\/\/www.instagram.com\/aconteceunovale\" target=\"_blank\">Instagram<\/a><br>\u2022 <a rel=\"noreferrer noopener\" href=\"https:\/\/www.youtube.com\/AconteceunoValeOficial\" target=\"_blank\">Youtube<\/a><br>\u2022 <a rel=\"noreferrer noopener\" href=\"https:\/\/www.tiktok.com\/@aconteceunovale\" target=\"_blank\">TikTok<\/a><\/p>\n","protected":false},"excerpt":{"rendered":"<p>O governador Romeu Zema assinou, nesta ter\u00e7a-feira (25\/10\/2022), a ordem para rein\u00edcio das obras do Hospital Regional de Te\u00f3filo Otoni, no Vale do Mucuri. A constru\u00e7\u00e3o foi iniciada em janeiro de 2014, mas com apenas 50% de conclus\u00e3o foi paralisada em novembro de 2016, ap\u00f3s o governo anterior interromper os repasses. Com a retomada dos [&hellip;]<\/p>\n","protected":false},"author":4,"featured_media":191760,"comment_status":"open","ping_status":"closed","sticky":false,"template":"","format":"standard","meta":{"amp_status":"","footnotes":""},"categories":[40242,122],"tags":[1536,246802,264884,27813,215389,264883,1018,246803,246499,246496,205643,4023,93656,264882,68109,246498,151300,21136,151298,265431,151299,447,15767,265432,49427,205641,164,246497,205642],"class_list":["post-191758","post","type-post","status-publish","format-standard","has-post-thumbnail","hentry","category-saude-2","category-mucuri","tag-aguas-formosas","tag-concessao-do-hospital-regional-de-teofilo-otoni","tag-conclusao-do-hospital-regional-de-teofilo-otoni","tag-daniel-sucupira","tag-der-mg-2","tag-der-mg-homologa-licitacao-para-conclusao-das-obras-do-hospital-regional-de-teofilo-otoni","tag-destaque","tag-edital-para-concessao-do-hospital-regional-de-teofilo-otoni","tag-finalizacao-do-hospital-regional-de-teofilo-otoni","tag-governador-apresenta-plano-de-retomada-das-obras-do-hospital-regional-de-teofilo-otoni","tag-governador-em-teofilo-otoni","tag-hospital-regional-de-teofilo-otoni","tag-ktm-administracao-e-engenharia","tag-licitacao-para-conclusao-das-obras-do-hospital-regional-de-teofilo-otoni-e-homologada","tag-mg-105","tag-mg-409","tag-obra-do-hospital-regional-de-teofilo-otoni-esta-parada-desde-setembro-do-ano-passado","tag-obras-do-hospital-regional-de-teofilo-otoni","tag-obras-do-hospital-regional-de-teofilo-otoni-estao-paradas","tag-obras-do-hospital-regional-de-teofilo-otoni-serao-retomadas-depois-de-seis-anos","tag-paralisacao-das-obras-no-hospital-regional-de-teofilo-otoni","tag-pavao","tag-prefeito-de-teofilo-otoni","tag-reinicio-das-obras-do-hospital-regional-de-teofilo-otoni","tag-retomada-das-obras-do-hospital-regional-de-teofilo-otoni","tag-romeu-zema-em-teofilo-otoni","tag-teofilo-otoni","tag-uso-dos-recursos-do-acordo-pelo-rompimento-da-barragem-de-brumadinho","tag-zema-em-teofilo-otoni"],"yoast_head":"<!-- This site is optimized with the Yoast SEO plugin v28.3 - https:\/\/yoast.com\/product\/yoast-seo-wordpress\/ -->\n<title>Obras do Hospital Regional de Te\u00f3filo Otoni ser\u00e3o retomadas depois de seis anos - Aconteceu no Vale<\/title>\n<meta name=\"robots\" content=\"index, follow, max-snippet:-1, max-image-preview:large, max-video-preview:-1\" \/>\n<link rel=\"canonical\" href=\"https:\/\/aconteceunovale.com.br\/portal\/?p=191758\" \/>\n<meta property=\"og:locale\" content=\"pt_BR\" \/>\n<meta property=\"og:type\" content=\"article\" \/>\n<meta property=\"og:title\" content=\"Obras do Hospital Regional de Te\u00f3filo Otoni ser\u00e3o retomadas depois de seis anos - Aconteceu no Vale\" \/>\n<meta property=\"og:description\" content=\"O governador Romeu Zema assinou, nesta ter\u00e7a-feira (25\/10\/2022), a ordem para rein\u00edcio das obras do Hospital Regional de Te\u00f3filo Otoni, no Vale do Mucuri. A constru\u00e7\u00e3o foi iniciada em janeiro de 2014, mas com apenas 50% de conclus\u00e3o foi paralisada em novembro de 2016, ap\u00f3s o governo anterior interromper os repasses. Com a retomada dos [&hellip;]\" \/>\n<meta property=\"og:url\" content=\"https:\/\/aconteceunovale.com.br\/portal\/?p=191758\" \/>\n<meta property=\"og:site_name\" content=\"Aconteceu no Vale\" \/>\n<meta property=\"article:publisher\" content=\"https:\/\/www.facebook.com\/aconteceunovale\/\" \/>\n<meta property=\"article:published_time\" content=\"2022-10-26T00:08:24+00:00\" \/>\n<meta property=\"article:modified_time\" content=\"2022-10-26T00:09:46+00:00\" \/>\n<meta property=\"og:image\" content=\"https:\/\/aconteceunovale.com.br\/portal\/wp-content\/uploads\/2022\/10\/obra_hospital_teofilo_otoni_2.jpeg\" \/>\n\t<meta property=\"og:image:width\" content=\"678\" \/>\n\t<meta property=\"og:image:height\" content=\"441\" \/>\n\t<meta property=\"og:image:type\" content=\"image\/jpeg\" \/>\n<meta name=\"author\" content=\"Reda\u00e7\u00e3o Aconteceu no Vale\" \/>\n<meta name=\"twitter:card\" content=\"summary_large_image\" \/>\n<meta name=\"twitter:creator\" content=\"@noticiadosvales\" \/>\n<meta name=\"twitter:site\" content=\"@noticiadosvales\" \/>\n<meta name=\"twitter:label1\" content=\"Escrito por\" \/>\n\t<meta name=\"twitter:data1\" content=\"Reda\u00e7\u00e3o Aconteceu no Vale\" \/>\n\t<meta name=\"twitter:label2\" content=\"Est. tempo de leitura\" \/>\n\t<meta name=\"twitter:data2\" content=\"3 minutos\" \/>\n<script type=\"application\/ld+json\" class=\"yoast-schema-graph\">{\"@context\":\"https:\\\/\\\/schema.org\",\"@graph\":[{\"@type\":\"Article\",\"@id\":\"https:\\\/\\\/aconteceunovale.com.br\\\/portal\\\/?p=191758#article\",\"isPartOf\":{\"@id\":\"https:\\\/\\\/aconteceunovale.com.br\\\/portal\\\/?p=191758\"},\"author\":{\"name\":\"Reda\u00e7\u00e3o Aconteceu no Vale\",\"@id\":\"https:\\\/\\\/aconteceunovale.com.br\\\/portal\\\/#\\\/schema\\\/person\\\/7d2f26d1483f8a63de73da1ee0754d35\"},\"headline\":\"Obras do Hospital Regional de Te\u00f3filo Otoni ser\u00e3o retomadas depois de seis anos\",\"datePublished\":\"2022-10-26T00:08:24+00:00\",\"dateModified\":\"2022-10-26T00:09:46+00:00\",\"mainEntityOfPage\":{\"@id\":\"https:\\\/\\\/aconteceunovale.com.br\\\/portal\\\/?p=191758\"},\"wordCount\":683,\"commentCount\":0,\"image\":{\"@id\":\"https:\\\/\\\/aconteceunovale.com.br\\\/portal\\\/?p=191758#primaryimage\"},\"thumbnailUrl\":\"https:\\\/\\\/aconteceunovale.com.br\\\/portal\\\/wp-content\\\/uploads\\\/2022\\\/10\\\/obra_hospital_teofilo_otoni_2.jpeg\",\"keywords\":[\"\u00c1guas Formosas\",\"Concess\u00e3o do Hospital Regional de Te\u00f3filo Otoni\",\"Conclus\u00e3o do Hospital Regional de Te\u00f3filo Otoni\",\"Daniel Sucupira\",\"DER-MG\",\"DER-MG homologa licita\u00e7\u00e3o para conclus\u00e3o das obras do Hospital Regional de Te\u00f3filo Otoni\",\"destaque\",\"Edital para concess\u00e3o do Hospital Regional de Te\u00f3filo Otoni\",\"Finaliza\u00e7\u00e3o do Hospital Regional de Te\u00f3filo Otoni\",\"Governador apresenta plano de retomada das obras do Hospital Regional de Te\u00f3filo Otoni\",\"Governador em Te\u00f3filo Otoni\",\"Hospital Regional de Te\u00f3filo Otoni\",\"KTM Administra\u00e7\u00e3o e Engenharia\",\"Licita\u00e7\u00e3o para conclus\u00e3o das obras do Hospital Regional de Te\u00f3filo Otoni \u00e9 homologada\",\"MG-105\",\"MG-409\",\"Obra do Hospital Regional de Te\u00f3filo Otoni est\u00e1 parada desde setembro do ano passado\",\"Obras do Hospital Regional de Te\u00f3filo Otoni\",\"Obras do Hospital Regional de Te\u00f3filo Otoni est\u00e3o paradas\",\"Obras do Hospital Regional de Te\u00f3filo Otoni ser\u00e3o retomadas depois de seis anos\",\"Paralisa\u00e7\u00e3o das obras no Hospital Regional de Te\u00f3filo Otoni\",\"Pav\u00e3o\",\"prefeito de Te\u00f3filo Otoni\",\"Rein\u00edcio das obras do Hospital Regional de Te\u00f3filo Otoni\",\"retomada das obras do Hospital Regional de Te\u00f3filo Otoni\",\"Romeu Zema em Te\u00f3filo Otoni\",\"Te\u00f3filo Otoni\",\"Uso dos recursos do acordo pelo rompimento da barragem de Brumadinho\",\"Zema em Te\u00f3filo Otoni\"],\"articleSection\":[\"Sa\u00fade\",\"Vale do Mucuri\"],\"inLanguage\":\"pt-BR\",\"potentialAction\":[{\"@type\":\"CommentAction\",\"name\":\"Comment\",\"target\":[\"https:\\\/\\\/aconteceunovale.com.br\\\/portal\\\/?p=191758#respond\"]}]},{\"@type\":\"WebPage\",\"@id\":\"https:\\\/\\\/aconteceunovale.com.br\\\/portal\\\/?p=191758\",\"url\":\"https:\\\/\\\/aconteceunovale.com.br\\\/portal\\\/?p=191758\",\"name\":\"Obras do Hospital Regional de Te\u00f3filo Otoni ser\u00e3o retomadas depois de seis anos - Aconteceu no Vale\",\"isPartOf\":{\"@id\":\"https:\\\/\\\/aconteceunovale.com.br\\\/portal\\\/#website\"},\"primaryImageOfPage\":{\"@id\":\"https:\\\/\\\/aconteceunovale.com.br\\\/portal\\\/?p=191758#primaryimage\"},\"image\":{\"@id\":\"https:\\\/\\\/aconteceunovale.com.br\\\/portal\\\/?p=191758#primaryimage\"},\"thumbnailUrl\":\"https:\\\/\\\/aconteceunovale.com.br\\\/portal\\\/wp-content\\\/uploads\\\/2022\\\/10\\\/obra_hospital_teofilo_otoni_2.jpeg\",\"datePublished\":\"2022-10-26T00:08:24+00:00\",\"dateModified\":\"2022-10-26T00:09:46+00:00\",\"author\":{\"@id\":\"https:\\\/\\\/aconteceunovale.com.br\\\/portal\\\/#\\\/schema\\\/person\\\/7d2f26d1483f8a63de73da1ee0754d35\"},\"breadcrumb\":{\"@id\":\"https:\\\/\\\/aconteceunovale.com.br\\\/portal\\\/?p=191758#breadcrumb\"},\"inLanguage\":\"pt-BR\",\"potentialAction\":[{\"@type\":\"ReadAction\",\"target\":[\"https:\\\/\\\/aconteceunovale.com.br\\\/portal\\\/?p=191758\"]}]},{\"@type\":\"ImageObject\",\"inLanguage\":\"pt-BR\",\"@id\":\"https:\\\/\\\/aconteceunovale.com.br\\\/portal\\\/?p=191758#primaryimage\",\"url\":\"https:\\\/\\\/aconteceunovale.com.br\\\/portal\\\/wp-content\\\/uploads\\\/2022\\\/10\\\/obra_hospital_teofilo_otoni_2.jpeg\",\"contentUrl\":\"https:\\\/\\\/aconteceunovale.com.br\\\/portal\\\/wp-content\\\/uploads\\\/2022\\\/10\\\/obra_hospital_teofilo_otoni_2.jpeg\",\"width\":678,\"height\":441},{\"@type\":\"BreadcrumbList\",\"@id\":\"https:\\\/\\\/aconteceunovale.com.br\\\/portal\\\/?p=191758#breadcrumb\",\"itemListElement\":[{\"@type\":\"ListItem\",\"position\":1,\"name\":\"In\u00edcio\",\"item\":\"https:\\\/\\\/aconteceunovale.com.br\\\/portal\\\/\"},{\"@type\":\"ListItem\",\"position\":2,\"name\":\"Obras do Hospital Regional de Te\u00f3filo Otoni ser\u00e3o retomadas depois de seis anos\"}]},{\"@type\":\"WebSite\",\"@id\":\"https:\\\/\\\/aconteceunovale.com.br\\\/portal\\\/#website\",\"url\":\"https:\\\/\\\/aconteceunovale.com.br\\\/portal\\\/\",\"name\":\"Aconteceu no Vale\",\"description\":\"Portal de Not\u00edcias\",\"potentialAction\":[{\"@type\":\"SearchAction\",\"target\":{\"@type\":\"EntryPoint\",\"urlTemplate\":\"https:\\\/\\\/aconteceunovale.com.br\\\/portal\\\/?s={search_term_string}\"},\"query-input\":{\"@type\":\"PropertyValueSpecification\",\"valueRequired\":true,\"valueName\":\"search_term_string\"}}],\"inLanguage\":\"pt-BR\"},{\"@type\":\"Person\",\"@id\":\"https:\\\/\\\/aconteceunovale.com.br\\\/portal\\\/#\\\/schema\\\/person\\\/7d2f26d1483f8a63de73da1ee0754d35\",\"name\":\"Reda\u00e7\u00e3o Aconteceu no Vale\",\"description\":\"Equipe de reportagem do Aconteceu no Vale, portal de not\u00edcias do Vale do Jequitinhonha, em Minas Gerais. Cobrimos as 51 cidades do Vale desde 2013. Sugest\u00f5es de pauta e pedidos de corre\u00e7\u00e3o: contato@aconteceunovale.com.br\",\"url\":\"https:\\\/\\\/aconteceunovale.com.br\\\/portal\\\/?author=4\"}]}<\/script>\n<!-- \/ Yoast SEO plugin. -->","yoast_head_json":{"title":"Obras do Hospital Regional de Te\u00f3filo Otoni ser\u00e3o retomadas depois de seis anos - Aconteceu no Vale","robots":{"index":"index","follow":"follow","max-snippet":"max-snippet:-1","max-image-preview":"max-image-preview:large","max-video-preview":"max-video-preview:-1"},"canonical":"https:\/\/aconteceunovale.com.br\/portal\/?p=191758","og_locale":"pt_BR","og_type":"article","og_title":"Obras do Hospital Regional de Te\u00f3filo Otoni ser\u00e3o retomadas depois de seis anos - Aconteceu no Vale","og_description":"O governador Romeu Zema assinou, nesta ter\u00e7a-feira (25\/10\/2022), a ordem para rein\u00edcio das obras do Hospital Regional de Te\u00f3filo Otoni, no Vale do Mucuri. A constru\u00e7\u00e3o foi iniciada em janeiro de 2014, mas com apenas 50% de conclus\u00e3o foi paralisada em novembro de 2016, ap\u00f3s o governo anterior interromper os repasses. Com a retomada dos [&hellip;]","og_url":"https:\/\/aconteceunovale.com.br\/portal\/?p=191758","og_site_name":"Aconteceu no Vale","article_publisher":"https:\/\/www.facebook.com\/aconteceunovale\/","article_published_time":"2022-10-26T00:08:24+00:00","article_modified_time":"2022-10-26T00:09:46+00:00","og_image":[{"width":678,"height":441,"url":"https:\/\/aconteceunovale.com.br\/portal\/wp-content\/uploads\/2022\/10\/obra_hospital_teofilo_otoni_2.jpeg","type":"image\/jpeg"}],"author":"Reda\u00e7\u00e3o Aconteceu no Vale","twitter_card":"summary_large_image","twitter_creator":"@noticiadosvales","twitter_site":"@noticiadosvales","twitter_misc":{"Escrito por":"Reda\u00e7\u00e3o Aconteceu no Vale","Est. tempo de leitura":"3 minutos"},"schema":{"@context":"https:\/\/schema.org","@graph":[{"@type":"Article","@id":"https:\/\/aconteceunovale.com.br\/portal\/?p=191758#article","isPartOf":{"@id":"https:\/\/aconteceunovale.com.br\/portal\/?p=191758"},"author":{"name":"Reda\u00e7\u00e3o Aconteceu no Vale","@id":"https:\/\/aconteceunovale.com.br\/portal\/#\/schema\/person\/7d2f26d1483f8a63de73da1ee0754d35"},"headline":"Obras do Hospital Regional de Te\u00f3filo Otoni ser\u00e3o retomadas depois de seis anos","datePublished":"2022-10-26T00:08:24+00:00","dateModified":"2022-10-26T00:09:46+00:00","mainEntityOfPage":{"@id":"https:\/\/aconteceunovale.com.br\/portal\/?p=191758"},"wordCount":683,"commentCount":0,"image":{"@id":"https:\/\/aconteceunovale.com.br\/portal\/?p=191758#primaryimage"},"thumbnailUrl":"https:\/\/aconteceunovale.com.br\/portal\/wp-content\/uploads\/2022\/10\/obra_hospital_teofilo_otoni_2.jpeg","keywords":["\u00c1guas Formosas","Concess\u00e3o do Hospital Regional de Te\u00f3filo Otoni","Conclus\u00e3o do Hospital Regional de Te\u00f3filo Otoni","Daniel Sucupira","DER-MG","DER-MG homologa licita\u00e7\u00e3o para conclus\u00e3o das obras do Hospital Regional de Te\u00f3filo Otoni","destaque","Edital para concess\u00e3o do Hospital Regional de Te\u00f3filo Otoni","Finaliza\u00e7\u00e3o do Hospital Regional de Te\u00f3filo Otoni","Governador apresenta plano de retomada das obras do Hospital Regional de Te\u00f3filo Otoni","Governador em Te\u00f3filo Otoni","Hospital Regional de Te\u00f3filo Otoni","KTM Administra\u00e7\u00e3o e Engenharia","Licita\u00e7\u00e3o para conclus\u00e3o das obras do Hospital Regional de Te\u00f3filo Otoni \u00e9 homologada","MG-105","MG-409","Obra do Hospital Regional de Te\u00f3filo Otoni est\u00e1 parada desde setembro do ano passado","Obras do Hospital Regional de Te\u00f3filo Otoni","Obras do Hospital Regional de Te\u00f3filo Otoni est\u00e3o paradas","Obras do Hospital Regional de Te\u00f3filo Otoni ser\u00e3o retomadas depois de seis anos","Paralisa\u00e7\u00e3o das obras no Hospital Regional de Te\u00f3filo Otoni","Pav\u00e3o","prefeito de Te\u00f3filo Otoni","Rein\u00edcio das obras do Hospital Regional de Te\u00f3filo Otoni","retomada das obras do Hospital Regional de Te\u00f3filo Otoni","Romeu Zema em Te\u00f3filo Otoni","Te\u00f3filo Otoni","Uso dos recursos do acordo pelo rompimento da barragem de Brumadinho","Zema em Te\u00f3filo Otoni"],"articleSection":["Sa\u00fade","Vale do Mucuri"],"inLanguage":"pt-BR","potentialAction":[{"@type":"CommentAction","name":"Comment","target":["https:\/\/aconteceunovale.com.br\/portal\/?p=191758#respond"]}]},{"@type":"WebPage","@id":"https:\/\/aconteceunovale.com.br\/portal\/?p=191758","url":"https:\/\/aconteceunovale.com.br\/portal\/?p=191758","name":"Obras do Hospital Regional de Te\u00f3filo Otoni ser\u00e3o retomadas depois de seis anos - Aconteceu no Vale","isPartOf":{"@id":"https:\/\/aconteceunovale.com.br\/portal\/#website"},"primaryImageOfPage":{"@id":"https:\/\/aconteceunovale.com.br\/portal\/?p=191758#primaryimage"},"image":{"@id":"https:\/\/aconteceunovale.com.br\/portal\/?p=191758#primaryimage"},"thumbnailUrl":"https:\/\/aconteceunovale.com.br\/portal\/wp-content\/uploads\/2022\/10\/obra_hospital_teofilo_otoni_2.jpeg","datePublished":"2022-10-26T00:08:24+00:00","dateModified":"2022-10-26T00:09:46+00:00","author":{"@id":"https:\/\/aconteceunovale.com.br\/portal\/#\/schema\/person\/7d2f26d1483f8a63de73da1ee0754d35"},"breadcrumb":{"@id":"https:\/\/aconteceunovale.com.br\/portal\/?p=191758#breadcrumb"},"inLanguage":"pt-BR","potentialAction":[{"@type":"ReadAction","target":["https:\/\/aconteceunovale.com.br\/portal\/?p=191758"]}]},{"@type":"ImageObject","inLanguage":"pt-BR","@id":"https:\/\/aconteceunovale.com.br\/portal\/?p=191758#primaryimage","url":"https:\/\/aconteceunovale.com.br\/portal\/wp-content\/uploads\/2022\/10\/obra_hospital_teofilo_otoni_2.jpeg","contentUrl":"https:\/\/aconteceunovale.com.br\/portal\/wp-content\/uploads\/2022\/10\/obra_hospital_teofilo_otoni_2.jpeg","width":678,"height":441},{"@type":"BreadcrumbList","@id":"https:\/\/aconteceunovale.com.br\/portal\/?p=191758#breadcrumb","itemListElement":[{"@type":"ListItem","position":1,"name":"In\u00edcio","item":"https:\/\/aconteceunovale.com.br\/portal\/"},{"@type":"ListItem","position":2,"name":"Obras do Hospital Regional de Te\u00f3filo Otoni ser\u00e3o retomadas depois de seis anos"}]},{"@type":"WebSite","@id":"https:\/\/aconteceunovale.com.br\/portal\/#website","url":"https:\/\/aconteceunovale.com.br\/portal\/","name":"Aconteceu no Vale","description":"Portal de Not\u00edcias","potentialAction":[{"@type":"SearchAction","target":{"@type":"EntryPoint","urlTemplate":"https:\/\/aconteceunovale.com.br\/portal\/?s={search_term_string}"},"query-input":{"@type":"PropertyValueSpecification","valueRequired":true,"valueName":"search_term_string"}}],"inLanguage":"pt-BR"},{"@type":"Person","@id":"https:\/\/aconteceunovale.com.br\/portal\/#\/schema\/person\/7d2f26d1483f8a63de73da1ee0754d35","name":"Reda\u00e7\u00e3o Aconteceu no Vale","description":"Equipe de reportagem do Aconteceu no Vale, portal de not\u00edcias do Vale do Jequitinhonha, em Minas Gerais. Cobrimos as 51 cidades do Vale desde 2013. Sugest\u00f5es de pauta e pedidos de corre\u00e7\u00e3o: contato@aconteceunovale.com.br","url":"https:\/\/aconteceunovale.com.br\/portal\/?author=4"}]}},"_links":{"self":[{"href":"https:\/\/aconteceunovale.com.br\/portal\/index.php?rest_route=\/wp\/v2\/posts\/191758","targetHints":{"allow":["GET"]}}],"collection":[{"href":"https:\/\/aconteceunovale.com.br\/portal\/index.php?rest_route=\/wp\/v2\/posts"}],"about":[{"href":"https:\/\/aconteceunovale.com.br\/portal\/index.php?rest_route=\/wp\/v2\/types\/post"}],"author":[{"embeddable":true,"href":"https:\/\/aconteceunovale.com.br\/portal\/index.php?rest_route=\/wp\/v2\/users\/4"}],"replies":[{"embeddable":true,"href":"https:\/\/aconteceunovale.com.br\/portal\/index.php?rest_route=%2Fwp%2Fv2%2Fcomments&post=191758"}],"version-history":[{"count":1,"href":"https:\/\/aconteceunovale.com.br\/portal\/index.php?rest_route=\/wp\/v2\/posts\/191758\/revisions"}],"predecessor-version":[{"id":191761,"href":"https:\/\/aconteceunovale.com.br\/portal\/index.php?rest_route=\/wp\/v2\/posts\/191758\/revisions\/191761"}],"wp:featuredmedia":[{"embeddable":true,"href":"https:\/\/aconteceunovale.com.br\/portal\/index.php?rest_route=\/wp\/v2\/media\/191760"}],"wp:attachment":[{"href":"https:\/\/aconteceunovale.com.br\/portal\/index.php?rest_route=%2Fwp%2Fv2%2Fmedia&parent=191758"}],"wp:term":[{"taxonomy":"category","embeddable":true,"href":"https:\/\/aconteceunovale.com.br\/portal\/index.php?rest_route=%2Fwp%2Fv2%2Fcategories&post=191758"},{"taxonomy":"post_tag","embeddable":true,"href":"https:\/\/aconteceunovale.com.br\/portal\/index.php?rest_route=%2Fwp%2Fv2%2Ftags&post=191758"}],"curies":[{"name":"wp","href":"https:\/\/api.w.org\/{rel}","templated":true}]}}