{"id":191755,"date":"2022-10-25T20:55:11","date_gmt":"2022-10-25T23:55:11","guid":{"rendered":"https:\/\/aconteceunovale.com.br\/portal\/?p=191755"},"modified":"2022-10-25T20:56:17","modified_gmt":"2022-10-25T23:56:17","slug":"carga-de-eletroeletronicos-avaliada-em-r-15-milhao-e-apreendida-pela-prf-no-vale-do-jequitinhonha","status":"publish","type":"post","link":"https:\/\/aconteceunovale.com.br\/portal\/?p=191755","title":{"rendered":"Carga de eletroeletr\u00f4nicos avaliada em R$ 1,5 milh\u00e3o \u00e9 apreendida pela PRF no Vale do Jequitinhonha"},"content":{"rendered":"\n<p class=\"wp-block-paragraph\">A Pol\u00edcia Rodovi\u00e1ria Federal (PRF) recuperou, no domingo (23\/10\/2022), com o apoio da Pol\u00edcia Militar, uma carga de aparelhos eletroeletr\u00f4nicos e apreendeu tamb\u00e9m dois caminh\u00f5es adulterados. A ocorr\u00eancia foi registrada no KM 2 da BR-116, no munic\u00edpio de Divisa Alegre, no Vale do Jequitinhonha.<\/p>\n\n\n\n<figure class=\"wp-block-gallery has-nested-images columns-default is-cropped wp-block-gallery-1 is-layout-flex wp-block-gallery-is-layout-flex\">\n<figure class=\"wp-block-image size-large\"><img loading=\"lazy\" decoding=\"async\" width=\"678\" height=\"442\" data-id=\"191756\" src=\"https:\/\/aconteceunovale.com.br\/portal\/wp-content\/uploads\/2022\/10\/carga_tv_divisa_alegre.jpeg\" alt=\"\" class=\"wp-image-191756\" srcset=\"https:\/\/aconteceunovale.com.br\/portal\/wp-content\/uploads\/2022\/10\/carga_tv_divisa_alegre.jpeg 678w, https:\/\/aconteceunovale.com.br\/portal\/wp-content\/uploads\/2022\/10\/carga_tv_divisa_alegre-300x196.jpeg 300w, https:\/\/aconteceunovale.com.br\/portal\/wp-content\/uploads\/2022\/10\/carga_tv_divisa_alegre-644x420.jpeg 644w\" sizes=\"auto, (max-width: 678px) 100vw, 678px\" \/><figcaption><em><sub>Foto: Divulga\u00e7\u00e3o \/ PRF<\/sub><\/em><\/figcaption><\/figure>\n<\/figure>\n\n\n\n<p class=\"wp-block-paragraph\">Os condutores dos dois caminh\u00f5es entraram no p\u00e1tio de um posto de combust\u00edveis assim que visualizaram as viaturas da PRF e da PMMG. Rapidamente eles estacionaram os ve\u00edculos, desembarcaram e fugiram a p\u00e9 passando por um lote nos fundos do estabelecimento.<\/p>\n\n\n\n<p class=\"wp-block-paragraph\">As equipes suspeitaram da situa\u00e7\u00e3o e descobriram que os caminh\u00f5es transportavam uma carga, de 599 aparelhos de TV, que havia sido roubada no dia 21 de outubro. Os policiais realizaram, ent\u00e3o, vistoria nos ve\u00edculos de carga e descobriram que tratava-se de clones veiculares com sinais de identifica\u00e7\u00e3o adulterados. Um caminh\u00e3o VW 24.280 com registro de roubo\/furto na cidade de S\u00e3o Gon\u00e7alo do Abaet\u00e9 (MG) e o outro um VW 17.190 com queixa de furto\/roubo registrada em Nova Reden\u00e7\u00e3o (BA).<\/p>\n\n\n\n<p class=\"wp-block-paragraph\">A carga e os ve\u00edculos foram colocados \u00e0 disposi\u00e7\u00e3o da Depol de Pedra Azul (MG) para provid\u00eancias.<\/p>\n\n\n\n<p class=\"wp-block-paragraph\">&#8212;&#8212;&#8212;&#8212;&#8212;&#8212;<br><br><strong>Sabia que o Aconteceu no Vale est\u00e1 tamb\u00e9m no Telegram? <a rel=\"noreferrer noopener\" href=\"https:\/\/t.me\/aconteceunovaleoficial\" target=\"_blank\">Inscreva-se no canal<\/a>.<\/strong><br><br><strong>J\u00e1 curtiu ou seguiu nossas p\u00e1ginas nas redes sociais?\u00a0Receba as not\u00edcias em primeira m\u00e3o:<\/strong><br>\u2022 <a rel=\"noreferrer noopener\" href=\"https:\/\/news.google.com\/publications\/CAAqBwgKMNjklQswi4etAw?hl=pt-BR&amp;gl=BR&amp;ceid=BR%3Apt-419\" target=\"_blank\">Google News<\/a><br>\u2022 <a rel=\"noreferrer noopener\" href=\"https:\/\/www.facebook.com\/aconteceunovale\/\" target=\"_blank\">Facebook<\/a><br>\u2022 <a rel=\"noreferrer noopener\" href=\"https:\/\/twitter.com\/noticiadosvales\" target=\"_blank\">Twitter<\/a><br>\u2022 <a rel=\"noreferrer noopener\" href=\"https:\/\/www.instagram.com\/aconteceunovale\" target=\"_blank\">Instagram<\/a><br>\u2022 <a rel=\"noreferrer noopener\" href=\"https:\/\/www.youtube.com\/AconteceunoValeOficial\" target=\"_blank\">Youtube<\/a><br>\u2022 <a rel=\"noreferrer noopener\" href=\"https:\/\/www.tiktok.com\/@aconteceunovale\" target=\"_blank\">TikTok<\/a><\/p>\n","protected":false},"excerpt":{"rendered":"<p>A Pol\u00edcia Rodovi\u00e1ria Federal (PRF) recuperou, no domingo (23\/10\/2022), com o apoio da Pol\u00edcia Militar, uma carga de aparelhos eletroeletr\u00f4nicos e apreendeu tamb\u00e9m dois caminh\u00f5es adulterados. A ocorr\u00eancia foi registrada no KM 2 da BR-116, no munic\u00edpio de Divisa Alegre, no Vale do Jequitinhonha. Os condutores dos dois caminh\u00f5es entraram no p\u00e1tio de um posto [&hellip;]<\/p>\n","protected":false},"author":4,"featured_media":191756,"comment_status":"open","ping_status":"closed","sticky":false,"template":"","format":"standard","meta":{"amp_status":"","footnotes":""},"categories":[120],"tags":[265428,182,265427,265426,265429,1018,5259,265430,455,8420],"class_list":["post-191755","post","type-post","status-publish","format-standard","has-post-thumbnail","hentry","category-jequi","tag-apreensao-de-carga-de-televisores-na-br-116","tag-br-116","tag-carga-de-eletroeletronicos-avaliada-em-r-1-5-milhao-e-apreendida-pela-prf-em-divisa-alegre","tag-carga-de-eletroeletronicos-avaliada-em-r-1-5-milhao-e-apreendida-pela-prf-no-vale-do-jequitinhonha","tag-carga-de-televisores-apreendida-na-br-116","tag-destaque","tag-divisa-alegre","tag-nova-redencao","tag-pedra-azul","tag-sao-goncalo-do-abaete"],"yoast_head":"<!-- This site is optimized with the Yoast SEO plugin v28.3 - https:\/\/yoast.com\/product\/yoast-seo-wordpress\/ -->\n<title>Carga de eletroeletr\u00f4nicos avaliada em R$ 1,5 milh\u00e3o \u00e9 apreendida pela PRF no Vale do Jequitinhonha - Aconteceu no Vale<\/title>\n<meta name=\"robots\" content=\"index, follow, max-snippet:-1, max-image-preview:large, max-video-preview:-1\" \/>\n<link rel=\"canonical\" href=\"https:\/\/aconteceunovale.com.br\/portal\/?p=191755\" \/>\n<meta property=\"og:locale\" content=\"pt_BR\" \/>\n<meta property=\"og:type\" content=\"article\" \/>\n<meta property=\"og:title\" content=\"Carga de eletroeletr\u00f4nicos avaliada em R$ 1,5 milh\u00e3o \u00e9 apreendida pela PRF no Vale do Jequitinhonha - Aconteceu no Vale\" \/>\n<meta property=\"og:description\" content=\"A Pol\u00edcia Rodovi\u00e1ria Federal (PRF) recuperou, no domingo (23\/10\/2022), com o apoio da Pol\u00edcia Militar, uma carga de aparelhos eletroeletr\u00f4nicos e apreendeu tamb\u00e9m dois caminh\u00f5es adulterados. A ocorr\u00eancia foi registrada no KM 2 da BR-116, no munic\u00edpio de Divisa Alegre, no Vale do Jequitinhonha. Os condutores dos dois caminh\u00f5es entraram no p\u00e1tio de um posto [&hellip;]\" \/>\n<meta property=\"og:url\" content=\"https:\/\/aconteceunovale.com.br\/portal\/?p=191755\" \/>\n<meta property=\"og:site_name\" content=\"Aconteceu no Vale\" \/>\n<meta property=\"article:publisher\" content=\"https:\/\/www.facebook.com\/aconteceunovale\/\" \/>\n<meta property=\"article:published_time\" content=\"2022-10-25T23:55:11+00:00\" \/>\n<meta property=\"article:modified_time\" content=\"2022-10-25T23:56:17+00:00\" \/>\n<meta property=\"og:image\" content=\"https:\/\/aconteceunovale.com.br\/portal\/wp-content\/uploads\/2022\/10\/carga_tv_divisa_alegre.jpeg\" \/>\n\t<meta property=\"og:image:width\" content=\"678\" \/>\n\t<meta property=\"og:image:height\" content=\"442\" \/>\n\t<meta property=\"og:image:type\" content=\"image\/jpeg\" \/>\n<meta name=\"author\" content=\"Reda\u00e7\u00e3o Aconteceu no Vale\" \/>\n<meta name=\"twitter:card\" content=\"summary_large_image\" \/>\n<meta name=\"twitter:creator\" content=\"@noticiadosvales\" \/>\n<meta name=\"twitter:site\" content=\"@noticiadosvales\" \/>\n<meta name=\"twitter:label1\" content=\"Escrito por\" \/>\n\t<meta name=\"twitter:data1\" content=\"Reda\u00e7\u00e3o Aconteceu no Vale\" \/>\n\t<meta name=\"twitter:label2\" content=\"Est. tempo de leitura\" \/>\n\t<meta name=\"twitter:data2\" content=\"1 minuto\" \/>\n<script type=\"application\/ld+json\" class=\"yoast-schema-graph\">{\"@context\":\"https:\\\/\\\/schema.org\",\"@graph\":[{\"@type\":\"Article\",\"@id\":\"https:\\\/\\\/aconteceunovale.com.br\\\/portal\\\/?p=191755#article\",\"isPartOf\":{\"@id\":\"https:\\\/\\\/aconteceunovale.com.br\\\/portal\\\/?p=191755\"},\"author\":{\"name\":\"Reda\u00e7\u00e3o Aconteceu no Vale\",\"@id\":\"https:\\\/\\\/aconteceunovale.com.br\\\/portal\\\/#\\\/schema\\\/person\\\/7d2f26d1483f8a63de73da1ee0754d35\"},\"headline\":\"Carga de eletroeletr\u00f4nicos avaliada em R$ 1,5 milh\u00e3o \u00e9 apreendida pela PRF no Vale do Jequitinhonha\",\"datePublished\":\"2022-10-25T23:55:11+00:00\",\"dateModified\":\"2022-10-25T23:56:17+00:00\",\"mainEntityOfPage\":{\"@id\":\"https:\\\/\\\/aconteceunovale.com.br\\\/portal\\\/?p=191755\"},\"wordCount\":260,\"commentCount\":0,\"image\":{\"@id\":\"https:\\\/\\\/aconteceunovale.com.br\\\/portal\\\/?p=191755#primaryimage\"},\"thumbnailUrl\":\"https:\\\/\\\/aconteceunovale.com.br\\\/portal\\\/wp-content\\\/uploads\\\/2022\\\/10\\\/carga_tv_divisa_alegre.jpeg\",\"keywords\":[\"Apreens\u00e3o de carga de televisores na BR-116\",\"BR-116\",\"Carga de eletroeletr\u00f4nicos avaliada em R$ 1.5 milh\u00e3o \u00e9 apreendida pela PRF em Divisa Alegre\",\"Carga de eletroeletr\u00f4nicos avaliada em R$ 1.5 milh\u00e3o \u00e9 apreendida pela PRF no Vale do Jequitinhonha\",\"Carga de televisores apreendida na BR-116\",\"destaque\",\"Divisa Alegre\",\"Nova Reden\u00e7\u00e3o\",\"Pedra Azul\",\"S\u00e3o Gon\u00e7alo do Abaet\u00e9\"],\"articleSection\":[\"Vale do Jequitinhonha\"],\"inLanguage\":\"pt-BR\",\"potentialAction\":[{\"@type\":\"CommentAction\",\"name\":\"Comment\",\"target\":[\"https:\\\/\\\/aconteceunovale.com.br\\\/portal\\\/?p=191755#respond\"]}]},{\"@type\":\"WebPage\",\"@id\":\"https:\\\/\\\/aconteceunovale.com.br\\\/portal\\\/?p=191755\",\"url\":\"https:\\\/\\\/aconteceunovale.com.br\\\/portal\\\/?p=191755\",\"name\":\"Carga de eletroeletr\u00f4nicos avaliada em R$ 1,5 milh\u00e3o \u00e9 apreendida pela PRF no Vale do Jequitinhonha - Aconteceu no Vale\",\"isPartOf\":{\"@id\":\"https:\\\/\\\/aconteceunovale.com.br\\\/portal\\\/#website\"},\"primaryImageOfPage\":{\"@id\":\"https:\\\/\\\/aconteceunovale.com.br\\\/portal\\\/?p=191755#primaryimage\"},\"image\":{\"@id\":\"https:\\\/\\\/aconteceunovale.com.br\\\/portal\\\/?p=191755#primaryimage\"},\"thumbnailUrl\":\"https:\\\/\\\/aconteceunovale.com.br\\\/portal\\\/wp-content\\\/uploads\\\/2022\\\/10\\\/carga_tv_divisa_alegre.jpeg\",\"datePublished\":\"2022-10-25T23:55:11+00:00\",\"dateModified\":\"2022-10-25T23:56:17+00:00\",\"author\":{\"@id\":\"https:\\\/\\\/aconteceunovale.com.br\\\/portal\\\/#\\\/schema\\\/person\\\/7d2f26d1483f8a63de73da1ee0754d35\"},\"breadcrumb\":{\"@id\":\"https:\\\/\\\/aconteceunovale.com.br\\\/portal\\\/?p=191755#breadcrumb\"},\"inLanguage\":\"pt-BR\",\"potentialAction\":[{\"@type\":\"ReadAction\",\"target\":[\"https:\\\/\\\/aconteceunovale.com.br\\\/portal\\\/?p=191755\"]}]},{\"@type\":\"ImageObject\",\"inLanguage\":\"pt-BR\",\"@id\":\"https:\\\/\\\/aconteceunovale.com.br\\\/portal\\\/?p=191755#primaryimage\",\"url\":\"https:\\\/\\\/aconteceunovale.com.br\\\/portal\\\/wp-content\\\/uploads\\\/2022\\\/10\\\/carga_tv_divisa_alegre.jpeg\",\"contentUrl\":\"https:\\\/\\\/aconteceunovale.com.br\\\/portal\\\/wp-content\\\/uploads\\\/2022\\\/10\\\/carga_tv_divisa_alegre.jpeg\",\"width\":678,\"height\":442},{\"@type\":\"BreadcrumbList\",\"@id\":\"https:\\\/\\\/aconteceunovale.com.br\\\/portal\\\/?p=191755#breadcrumb\",\"itemListElement\":[{\"@type\":\"ListItem\",\"position\":1,\"name\":\"In\u00edcio\",\"item\":\"https:\\\/\\\/aconteceunovale.com.br\\\/portal\\\/\"},{\"@type\":\"ListItem\",\"position\":2,\"name\":\"Carga de eletroeletr\u00f4nicos avaliada em R$ 1,5 milh\u00e3o \u00e9 apreendida pela PRF no Vale do Jequitinhonha\"}]},{\"@type\":\"WebSite\",\"@id\":\"https:\\\/\\\/aconteceunovale.com.br\\\/portal\\\/#website\",\"url\":\"https:\\\/\\\/aconteceunovale.com.br\\\/portal\\\/\",\"name\":\"Aconteceu no Vale\",\"description\":\"Portal de Not\u00edcias\",\"potentialAction\":[{\"@type\":\"SearchAction\",\"target\":{\"@type\":\"EntryPoint\",\"urlTemplate\":\"https:\\\/\\\/aconteceunovale.com.br\\\/portal\\\/?s={search_term_string}\"},\"query-input\":{\"@type\":\"PropertyValueSpecification\",\"valueRequired\":true,\"valueName\":\"search_term_string\"}}],\"inLanguage\":\"pt-BR\"},{\"@type\":\"Person\",\"@id\":\"https:\\\/\\\/aconteceunovale.com.br\\\/portal\\\/#\\\/schema\\\/person\\\/7d2f26d1483f8a63de73da1ee0754d35\",\"name\":\"Reda\u00e7\u00e3o Aconteceu no Vale\",\"description\":\"Equipe de reportagem do Aconteceu no Vale, portal de not\u00edcias do Vale do Jequitinhonha, em Minas Gerais. Cobrimos as 51 cidades do Vale desde 2013. Sugest\u00f5es de pauta e pedidos de corre\u00e7\u00e3o: contato@aconteceunovale.com.br\",\"url\":\"https:\\\/\\\/aconteceunovale.com.br\\\/portal\\\/?author=4\"}]}<\/script>\n<!-- \/ Yoast SEO plugin. -->","yoast_head_json":{"title":"Carga de eletroeletr\u00f4nicos avaliada em R$ 1,5 milh\u00e3o \u00e9 apreendida pela PRF no Vale do Jequitinhonha - Aconteceu no Vale","robots":{"index":"index","follow":"follow","max-snippet":"max-snippet:-1","max-image-preview":"max-image-preview:large","max-video-preview":"max-video-preview:-1"},"canonical":"https:\/\/aconteceunovale.com.br\/portal\/?p=191755","og_locale":"pt_BR","og_type":"article","og_title":"Carga de eletroeletr\u00f4nicos avaliada em R$ 1,5 milh\u00e3o \u00e9 apreendida pela PRF no Vale do Jequitinhonha - Aconteceu no Vale","og_description":"A Pol\u00edcia Rodovi\u00e1ria Federal (PRF) recuperou, no domingo (23\/10\/2022), com o apoio da Pol\u00edcia Militar, uma carga de aparelhos eletroeletr\u00f4nicos e apreendeu tamb\u00e9m dois caminh\u00f5es adulterados. A ocorr\u00eancia foi registrada no KM 2 da BR-116, no munic\u00edpio de Divisa Alegre, no Vale do Jequitinhonha. Os condutores dos dois caminh\u00f5es entraram no p\u00e1tio de um posto [&hellip;]","og_url":"https:\/\/aconteceunovale.com.br\/portal\/?p=191755","og_site_name":"Aconteceu no Vale","article_publisher":"https:\/\/www.facebook.com\/aconteceunovale\/","article_published_time":"2022-10-25T23:55:11+00:00","article_modified_time":"2022-10-25T23:56:17+00:00","og_image":[{"width":678,"height":442,"url":"https:\/\/aconteceunovale.com.br\/portal\/wp-content\/uploads\/2022\/10\/carga_tv_divisa_alegre.jpeg","type":"image\/jpeg"}],"author":"Reda\u00e7\u00e3o Aconteceu no Vale","twitter_card":"summary_large_image","twitter_creator":"@noticiadosvales","twitter_site":"@noticiadosvales","twitter_misc":{"Escrito por":"Reda\u00e7\u00e3o Aconteceu no Vale","Est. tempo de leitura":"1 minuto"},"schema":{"@context":"https:\/\/schema.org","@graph":[{"@type":"Article","@id":"https:\/\/aconteceunovale.com.br\/portal\/?p=191755#article","isPartOf":{"@id":"https:\/\/aconteceunovale.com.br\/portal\/?p=191755"},"author":{"name":"Reda\u00e7\u00e3o Aconteceu no Vale","@id":"https:\/\/aconteceunovale.com.br\/portal\/#\/schema\/person\/7d2f26d1483f8a63de73da1ee0754d35"},"headline":"Carga de eletroeletr\u00f4nicos avaliada em R$ 1,5 milh\u00e3o \u00e9 apreendida pela PRF no Vale do Jequitinhonha","datePublished":"2022-10-25T23:55:11+00:00","dateModified":"2022-10-25T23:56:17+00:00","mainEntityOfPage":{"@id":"https:\/\/aconteceunovale.com.br\/portal\/?p=191755"},"wordCount":260,"commentCount":0,"image":{"@id":"https:\/\/aconteceunovale.com.br\/portal\/?p=191755#primaryimage"},"thumbnailUrl":"https:\/\/aconteceunovale.com.br\/portal\/wp-content\/uploads\/2022\/10\/carga_tv_divisa_alegre.jpeg","keywords":["Apreens\u00e3o de carga de televisores na BR-116","BR-116","Carga de eletroeletr\u00f4nicos avaliada em R$ 1.5 milh\u00e3o \u00e9 apreendida pela PRF em Divisa Alegre","Carga de eletroeletr\u00f4nicos avaliada em R$ 1.5 milh\u00e3o \u00e9 apreendida pela PRF no Vale do Jequitinhonha","Carga de televisores apreendida na BR-116","destaque","Divisa Alegre","Nova Reden\u00e7\u00e3o","Pedra Azul","S\u00e3o Gon\u00e7alo do Abaet\u00e9"],"articleSection":["Vale do Jequitinhonha"],"inLanguage":"pt-BR","potentialAction":[{"@type":"CommentAction","name":"Comment","target":["https:\/\/aconteceunovale.com.br\/portal\/?p=191755#respond"]}]},{"@type":"WebPage","@id":"https:\/\/aconteceunovale.com.br\/portal\/?p=191755","url":"https:\/\/aconteceunovale.com.br\/portal\/?p=191755","name":"Carga de eletroeletr\u00f4nicos avaliada em R$ 1,5 milh\u00e3o \u00e9 apreendida pela PRF no Vale do Jequitinhonha - Aconteceu no Vale","isPartOf":{"@id":"https:\/\/aconteceunovale.com.br\/portal\/#website"},"primaryImageOfPage":{"@id":"https:\/\/aconteceunovale.com.br\/portal\/?p=191755#primaryimage"},"image":{"@id":"https:\/\/aconteceunovale.com.br\/portal\/?p=191755#primaryimage"},"thumbnailUrl":"https:\/\/aconteceunovale.com.br\/portal\/wp-content\/uploads\/2022\/10\/carga_tv_divisa_alegre.jpeg","datePublished":"2022-10-25T23:55:11+00:00","dateModified":"2022-10-25T23:56:17+00:00","author":{"@id":"https:\/\/aconteceunovale.com.br\/portal\/#\/schema\/person\/7d2f26d1483f8a63de73da1ee0754d35"},"breadcrumb":{"@id":"https:\/\/aconteceunovale.com.br\/portal\/?p=191755#breadcrumb"},"inLanguage":"pt-BR","potentialAction":[{"@type":"ReadAction","target":["https:\/\/aconteceunovale.com.br\/portal\/?p=191755"]}]},{"@type":"ImageObject","inLanguage":"pt-BR","@id":"https:\/\/aconteceunovale.com.br\/portal\/?p=191755#primaryimage","url":"https:\/\/aconteceunovale.com.br\/portal\/wp-content\/uploads\/2022\/10\/carga_tv_divisa_alegre.jpeg","contentUrl":"https:\/\/aconteceunovale.com.br\/portal\/wp-content\/uploads\/2022\/10\/carga_tv_divisa_alegre.jpeg","width":678,"height":442},{"@type":"BreadcrumbList","@id":"https:\/\/aconteceunovale.com.br\/portal\/?p=191755#breadcrumb","itemListElement":[{"@type":"ListItem","position":1,"name":"In\u00edcio","item":"https:\/\/aconteceunovale.com.br\/portal\/"},{"@type":"ListItem","position":2,"name":"Carga de eletroeletr\u00f4nicos avaliada em R$ 1,5 milh\u00e3o \u00e9 apreendida pela PRF no Vale do Jequitinhonha"}]},{"@type":"WebSite","@id":"https:\/\/aconteceunovale.com.br\/portal\/#website","url":"https:\/\/aconteceunovale.com.br\/portal\/","name":"Aconteceu no Vale","description":"Portal de Not\u00edcias","potentialAction":[{"@type":"SearchAction","target":{"@type":"EntryPoint","urlTemplate":"https:\/\/aconteceunovale.com.br\/portal\/?s={search_term_string}"},"query-input":{"@type":"PropertyValueSpecification","valueRequired":true,"valueName":"search_term_string"}}],"inLanguage":"pt-BR"},{"@type":"Person","@id":"https:\/\/aconteceunovale.com.br\/portal\/#\/schema\/person\/7d2f26d1483f8a63de73da1ee0754d35","name":"Reda\u00e7\u00e3o Aconteceu no Vale","description":"Equipe de reportagem do Aconteceu no Vale, portal de not\u00edcias do Vale do Jequitinhonha, em Minas Gerais. Cobrimos as 51 cidades do Vale desde 2013. Sugest\u00f5es de pauta e pedidos de corre\u00e7\u00e3o: contato@aconteceunovale.com.br","url":"https:\/\/aconteceunovale.com.br\/portal\/?author=4"}]}},"_links":{"self":[{"href":"https:\/\/aconteceunovale.com.br\/portal\/index.php?rest_route=\/wp\/v2\/posts\/191755","targetHints":{"allow":["GET"]}}],"collection":[{"href":"https:\/\/aconteceunovale.com.br\/portal\/index.php?rest_route=\/wp\/v2\/posts"}],"about":[{"href":"https:\/\/aconteceunovale.com.br\/portal\/index.php?rest_route=\/wp\/v2\/types\/post"}],"author":[{"embeddable":true,"href":"https:\/\/aconteceunovale.com.br\/portal\/index.php?rest_route=\/wp\/v2\/users\/4"}],"replies":[{"embeddable":true,"href":"https:\/\/aconteceunovale.com.br\/portal\/index.php?rest_route=%2Fwp%2Fv2%2Fcomments&post=191755"}],"version-history":[{"count":1,"href":"https:\/\/aconteceunovale.com.br\/portal\/index.php?rest_route=\/wp\/v2\/posts\/191755\/revisions"}],"predecessor-version":[{"id":191757,"href":"https:\/\/aconteceunovale.com.br\/portal\/index.php?rest_route=\/wp\/v2\/posts\/191755\/revisions\/191757"}],"wp:featuredmedia":[{"embeddable":true,"href":"https:\/\/aconteceunovale.com.br\/portal\/index.php?rest_route=\/wp\/v2\/media\/191756"}],"wp:attachment":[{"href":"https:\/\/aconteceunovale.com.br\/portal\/index.php?rest_route=%2Fwp%2Fv2%2Fmedia&parent=191755"}],"wp:term":[{"taxonomy":"category","embeddable":true,"href":"https:\/\/aconteceunovale.com.br\/portal\/index.php?rest_route=%2Fwp%2Fv2%2Fcategories&post=191755"},{"taxonomy":"post_tag","embeddable":true,"href":"https:\/\/aconteceunovale.com.br\/portal\/index.php?rest_route=%2Fwp%2Fv2%2Ftags&post=191755"}],"curies":[{"name":"wp","href":"https:\/\/api.w.org\/{rel}","templated":true}]}}