{"id":191744,"date":"2022-10-25T20:29:33","date_gmt":"2022-10-25T23:29:33","guid":{"rendered":"https:\/\/aconteceunovale.com.br\/portal\/?p=191744"},"modified":"2026-09-02T13:19:53","modified_gmt":"2026-09-02T16:19:53","slug":"irmas-sao-resgatadas-apos-denuncias-de-maus-tratos-e-carcere-privado-em-jequitinhonha","status":"publish","type":"post","link":"https:\/\/aconteceunovale.com.br\/portal\/?p=191744","title":{"rendered":"Irm\u00e3s s\u00e3o resgatadas ap\u00f3s den\u00fancias de maus-tratos e c\u00e1rcere privado em Jequitinhonha"},"content":{"rendered":"\n<p class=\"wp-block-paragraph\">Em Jequitinhonha, cidade localizada no Vale do Jequitinhonha, a Pol\u00edcia Civil de Minas Gerais (PCMG), com apoio da Pol\u00edcia Militar, resgatou tr\u00eas irm\u00e3s, de 19, 21 e 25 anos, ap\u00f3s den\u00fancias de maus-tratos e c\u00e1rcere privado. A a\u00e7\u00e3o ocorreu na \u00faltima sexta-feira (21\/10).<\/p>\n\n\n\n<p class=\"wp-block-paragraph\">De acordo com a den\u00fancia, os pais das jovens n\u00e3o permitiam que as filhas sa\u00edssem de casa para procurar emprego, participar de cursos ou mesmo realizar tratamento m\u00e9dico b\u00e1sico, sob o argumento de que elas n\u00e3o necessitavam dessas coisas.<\/p>\n\n\n\n<p class=\"wp-block-paragraph\">O delegado Bruno Vin\u00edcius, que conduz as investiga\u00e7\u00f5es, revelou que \u201cao avistarem as viaturas [as v\u00edtimas], p\u00f4de-se notar um sentimento de n\u00edtido al\u00edvio, inclusive mudando por completo a fei\u00e7\u00e3o de seus rostos. Chama aten\u00e7\u00e3o a declara\u00e7\u00e3o das v\u00edtimas, inclusive com vacinas atrasadas, j\u00e1 que os genitores se negavam a procurar qualquer tipo de ajuda na cidade\u201d.<\/p>\n\n\n\n<p class=\"wp-block-paragraph\">Foi instaurado inqu\u00e9rito policial para apurar crime de maus-tratos e c\u00e1rcere privado, sendo ainda solicitadas medidas protetivas de urg\u00eancia para as v\u00edtimas. As jovens foram retiradas da casa dos pais, sendo instaladas em um abrigo provis\u00f3rio, com apoio da Prefeitura Municipal.<\/p>\n\n\n\n<p class=\"wp-block-paragraph\">&#8212;&#8212;&#8212;&#8212;&#8212;&#8212;<br><br><strong>Sabia que o Aconteceu no Vale est\u00e1 tamb\u00e9m no Telegram? <a rel=\"noreferrer noopener\" href=\"https:\/\/t.me\/aconteceunovaleoficial\" target=\"_blank\">Inscreva-se no canal<\/a>.<\/strong><br><br><strong>J\u00e1 curtiu ou seguiu nossas p\u00e1ginas nas redes sociais?\u00a0Receba as not\u00edcias em primeira m\u00e3o:<\/strong><br>\u2022 <a rel=\"noreferrer noopener\" href=\"https:\/\/news.google.com\/publications\/CAAqBwgKMNjklQswi4etAw?hl=pt-BR&amp;gl=BR&amp;ceid=BR%3Apt-419\" target=\"_blank\">Google News<\/a><br>\u2022 <a rel=\"noreferrer noopener\" href=\"https:\/\/www.facebook.com\/aconteceunovale\/\" target=\"_blank\">Facebook<\/a><br>\u2022 <a rel=\"noreferrer noopener\" href=\"https:\/\/twitter.com\/noticiadosvales\" target=\"_blank\">Twitter<\/a><br>\u2022 <a rel=\"noreferrer noopener\" href=\"https:\/\/www.instagram.com\/aconteceunovale\" target=\"_blank\">Instagram<\/a><br>\u2022 <a rel=\"noreferrer noopener\" href=\"https:\/\/www.youtube.com\/AconteceunoValeOficial\" target=\"_blank\">Youtube<\/a><br>\u2022 <a rel=\"noreferrer noopener\" href=\"https:\/\/www.tiktok.com\/@aconteceunovale\" target=\"_blank\">TikTok<\/a><\/p>\n","protected":false},"excerpt":{"rendered":"<p>Em Jequitinhonha, cidade localizada no Vale do Jequitinhonha, a Pol\u00edcia Civil de Minas Gerais (PCMG), com apoio da Pol\u00edcia Militar, resgatou tr\u00eas irm\u00e3s, de 19, 21 e 25 anos, ap\u00f3s den\u00fancias de maus-tratos e c\u00e1rcere privado. A a\u00e7\u00e3o ocorreu na \u00faltima sexta-feira (21\/10). De acordo com a den\u00fancia, os pais das jovens n\u00e3o permitiam que [&hellip;]<\/p>\n","protected":false},"author":4,"featured_media":181828,"comment_status":"open","ping_status":"closed","sticky":false,"template":"","format":"standard","meta":{"amp_status":"","footnotes":""},"categories":[272554,120],"tags":[265419,265420,265418,34252,604],"class_list":["post-191744","post","type-post","status-publish","format-standard","has-post-thumbnail","hentry","category-jequitinhonha-cidade","category-jequi","tag-denuncia-de-maus-tratos-e-carcere-privado-em-jequitinhonha","tag-irmas-resgatadas-em-jequitinhonha","tag-irmas-sao-resgatadas-apos-denuncias-de-maus-tratos-e-carcere-privado-em-jequitinhonha","tag-jequitinhonha","tag-pcmg"],"yoast_head":"<!-- This site is optimized with the Yoast SEO plugin v28.3 - https:\/\/yoast.com\/product\/yoast-seo-wordpress\/ -->\n<title>Irm\u00e3s s\u00e3o resgatadas ap\u00f3s den\u00fancias de maus-tratos e c\u00e1rcere privado em Jequitinhonha - Aconteceu no Vale<\/title>\n<meta name=\"robots\" content=\"index, follow, max-snippet:-1, max-image-preview:large, max-video-preview:-1\" \/>\n<link rel=\"canonical\" href=\"https:\/\/aconteceunovale.com.br\/portal\/?p=191744\" \/>\n<meta property=\"og:locale\" content=\"pt_BR\" \/>\n<meta property=\"og:type\" content=\"article\" \/>\n<meta property=\"og:title\" content=\"Irm\u00e3s s\u00e3o resgatadas ap\u00f3s den\u00fancias de maus-tratos e c\u00e1rcere privado em Jequitinhonha - Aconteceu no Vale\" \/>\n<meta property=\"og:description\" content=\"Em Jequitinhonha, cidade localizada no Vale do Jequitinhonha, a Pol\u00edcia Civil de Minas Gerais (PCMG), com apoio da Pol\u00edcia Militar, resgatou tr\u00eas irm\u00e3s, de 19, 21 e 25 anos, ap\u00f3s den\u00fancias de maus-tratos e c\u00e1rcere privado. A a\u00e7\u00e3o ocorreu na \u00faltima sexta-feira (21\/10). De acordo com a den\u00fancia, os pais das jovens n\u00e3o permitiam que [&hellip;]\" \/>\n<meta property=\"og:url\" content=\"https:\/\/aconteceunovale.com.br\/portal\/?p=191744\" \/>\n<meta property=\"og:site_name\" content=\"Aconteceu no Vale\" \/>\n<meta property=\"article:publisher\" content=\"https:\/\/www.facebook.com\/aconteceunovale\/\" \/>\n<meta property=\"article:published_time\" content=\"2022-10-25T23:29:33+00:00\" \/>\n<meta property=\"article:modified_time\" content=\"2026-09-02T16:19:53+00:00\" \/>\n<meta property=\"og:image\" content=\"https:\/\/aconteceunovale.com.br\/portal\/wp-content\/uploads\/2021\/09\/jequitinhonha_cidade.jpg\" \/>\n\t<meta property=\"og:image:width\" content=\"640\" \/>\n\t<meta property=\"og:image:height\" content=\"428\" \/>\n\t<meta property=\"og:image:type\" content=\"image\/jpeg\" \/>\n<meta name=\"author\" content=\"Reda\u00e7\u00e3o Aconteceu no Vale\" \/>\n<meta name=\"twitter:card\" content=\"summary_large_image\" \/>\n<meta name=\"twitter:creator\" content=\"@noticiadosvales\" \/>\n<meta name=\"twitter:site\" content=\"@noticiadosvales\" \/>\n<meta name=\"twitter:label1\" content=\"Escrito por\" \/>\n\t<meta name=\"twitter:data1\" content=\"Reda\u00e7\u00e3o Aconteceu no Vale\" \/>\n\t<meta name=\"twitter:label2\" content=\"Est. tempo de leitura\" \/>\n\t<meta name=\"twitter:data2\" content=\"1 minuto\" \/>\n<script type=\"application\/ld+json\" class=\"yoast-schema-graph\">{\"@context\":\"https:\\\/\\\/schema.org\",\"@graph\":[{\"@type\":\"Article\",\"@id\":\"https:\\\/\\\/aconteceunovale.com.br\\\/portal\\\/?p=191744#article\",\"isPartOf\":{\"@id\":\"https:\\\/\\\/aconteceunovale.com.br\\\/portal\\\/?p=191744\"},\"author\":{\"name\":\"Reda\u00e7\u00e3o Aconteceu no Vale\",\"@id\":\"https:\\\/\\\/aconteceunovale.com.br\\\/portal\\\/#\\\/schema\\\/person\\\/7d2f26d1483f8a63de73da1ee0754d35\"},\"headline\":\"Irm\u00e3s s\u00e3o resgatadas ap\u00f3s den\u00fancias de maus-tratos e c\u00e1rcere privado em Jequitinhonha\",\"datePublished\":\"2022-10-25T23:29:33+00:00\",\"dateModified\":\"2026-09-02T16:19:53+00:00\",\"mainEntityOfPage\":{\"@id\":\"https:\\\/\\\/aconteceunovale.com.br\\\/portal\\\/?p=191744\"},\"wordCount\":261,\"commentCount\":0,\"image\":{\"@id\":\"https:\\\/\\\/aconteceunovale.com.br\\\/portal\\\/?p=191744#primaryimage\"},\"thumbnailUrl\":\"https:\\\/\\\/aconteceunovale.com.br\\\/portal\\\/wp-content\\\/uploads\\\/2021\\\/09\\\/jequitinhonha_cidade.jpg\",\"keywords\":[\"Den\u00fancia de maus-tratos e c\u00e1rcere privado em Jequitinhonha\",\"Irm\u00e3s resgatadas em Jequitinhonha\",\"Irm\u00e3s s\u00e3o resgatadas ap\u00f3s den\u00fancias de maus-tratos e c\u00e1rcere privado em Jequitinhonha\",\"Jequitinhonha\",\"PCMG\"],\"articleSection\":[\"Jequitinhonha\",\"Vale do Jequitinhonha\"],\"inLanguage\":\"pt-BR\",\"potentialAction\":[{\"@type\":\"CommentAction\",\"name\":\"Comment\",\"target\":[\"https:\\\/\\\/aconteceunovale.com.br\\\/portal\\\/?p=191744#respond\"]}]},{\"@type\":\"WebPage\",\"@id\":\"https:\\\/\\\/aconteceunovale.com.br\\\/portal\\\/?p=191744\",\"url\":\"https:\\\/\\\/aconteceunovale.com.br\\\/portal\\\/?p=191744\",\"name\":\"Irm\u00e3s s\u00e3o resgatadas ap\u00f3s den\u00fancias de maus-tratos e c\u00e1rcere privado em Jequitinhonha - Aconteceu no Vale\",\"isPartOf\":{\"@id\":\"https:\\\/\\\/aconteceunovale.com.br\\\/portal\\\/#website\"},\"primaryImageOfPage\":{\"@id\":\"https:\\\/\\\/aconteceunovale.com.br\\\/portal\\\/?p=191744#primaryimage\"},\"image\":{\"@id\":\"https:\\\/\\\/aconteceunovale.com.br\\\/portal\\\/?p=191744#primaryimage\"},\"thumbnailUrl\":\"https:\\\/\\\/aconteceunovale.com.br\\\/portal\\\/wp-content\\\/uploads\\\/2021\\\/09\\\/jequitinhonha_cidade.jpg\",\"datePublished\":\"2022-10-25T23:29:33+00:00\",\"dateModified\":\"2026-09-02T16:19:53+00:00\",\"author\":{\"@id\":\"https:\\\/\\\/aconteceunovale.com.br\\\/portal\\\/#\\\/schema\\\/person\\\/7d2f26d1483f8a63de73da1ee0754d35\"},\"breadcrumb\":{\"@id\":\"https:\\\/\\\/aconteceunovale.com.br\\\/portal\\\/?p=191744#breadcrumb\"},\"inLanguage\":\"pt-BR\",\"potentialAction\":[{\"@type\":\"ReadAction\",\"target\":[\"https:\\\/\\\/aconteceunovale.com.br\\\/portal\\\/?p=191744\"]}]},{\"@type\":\"ImageObject\",\"inLanguage\":\"pt-BR\",\"@id\":\"https:\\\/\\\/aconteceunovale.com.br\\\/portal\\\/?p=191744#primaryimage\",\"url\":\"https:\\\/\\\/aconteceunovale.com.br\\\/portal\\\/wp-content\\\/uploads\\\/2021\\\/09\\\/jequitinhonha_cidade.jpg\",\"contentUrl\":\"https:\\\/\\\/aconteceunovale.com.br\\\/portal\\\/wp-content\\\/uploads\\\/2021\\\/09\\\/jequitinhonha_cidade.jpg\",\"width\":640,\"height\":428},{\"@type\":\"BreadcrumbList\",\"@id\":\"https:\\\/\\\/aconteceunovale.com.br\\\/portal\\\/?p=191744#breadcrumb\",\"itemListElement\":[{\"@type\":\"ListItem\",\"position\":1,\"name\":\"In\u00edcio\",\"item\":\"https:\\\/\\\/aconteceunovale.com.br\\\/portal\\\/\"},{\"@type\":\"ListItem\",\"position\":2,\"name\":\"Irm\u00e3s s\u00e3o resgatadas ap\u00f3s den\u00fancias de maus-tratos e c\u00e1rcere privado em Jequitinhonha\"}]},{\"@type\":\"WebSite\",\"@id\":\"https:\\\/\\\/aconteceunovale.com.br\\\/portal\\\/#website\",\"url\":\"https:\\\/\\\/aconteceunovale.com.br\\\/portal\\\/\",\"name\":\"Aconteceu no Vale\",\"description\":\"Portal de Not\u00edcias\",\"potentialAction\":[{\"@type\":\"SearchAction\",\"target\":{\"@type\":\"EntryPoint\",\"urlTemplate\":\"https:\\\/\\\/aconteceunovale.com.br\\\/portal\\\/?s={search_term_string}\"},\"query-input\":{\"@type\":\"PropertyValueSpecification\",\"valueRequired\":true,\"valueName\":\"search_term_string\"}}],\"inLanguage\":\"pt-BR\"},{\"@type\":\"Person\",\"@id\":\"https:\\\/\\\/aconteceunovale.com.br\\\/portal\\\/#\\\/schema\\\/person\\\/7d2f26d1483f8a63de73da1ee0754d35\",\"name\":\"Reda\u00e7\u00e3o Aconteceu no Vale\",\"description\":\"Equipe de reportagem do Aconteceu no Vale, portal de not\u00edcias do Vale do Jequitinhonha, em Minas Gerais. Cobrimos as 51 cidades do Vale desde 2013. Sugest\u00f5es de pauta e pedidos de corre\u00e7\u00e3o: contato@aconteceunovale.com.br\",\"url\":\"https:\\\/\\\/aconteceunovale.com.br\\\/portal\\\/?author=4\"}]}<\/script>\n<!-- \/ Yoast SEO plugin. -->","yoast_head_json":{"title":"Irm\u00e3s s\u00e3o resgatadas ap\u00f3s den\u00fancias de maus-tratos e c\u00e1rcere privado em Jequitinhonha - Aconteceu no Vale","robots":{"index":"index","follow":"follow","max-snippet":"max-snippet:-1","max-image-preview":"max-image-preview:large","max-video-preview":"max-video-preview:-1"},"canonical":"https:\/\/aconteceunovale.com.br\/portal\/?p=191744","og_locale":"pt_BR","og_type":"article","og_title":"Irm\u00e3s s\u00e3o resgatadas ap\u00f3s den\u00fancias de maus-tratos e c\u00e1rcere privado em Jequitinhonha - Aconteceu no Vale","og_description":"Em Jequitinhonha, cidade localizada no Vale do Jequitinhonha, a Pol\u00edcia Civil de Minas Gerais (PCMG), com apoio da Pol\u00edcia Militar, resgatou tr\u00eas irm\u00e3s, de 19, 21 e 25 anos, ap\u00f3s den\u00fancias de maus-tratos e c\u00e1rcere privado. A a\u00e7\u00e3o ocorreu na \u00faltima sexta-feira (21\/10). De acordo com a den\u00fancia, os pais das jovens n\u00e3o permitiam que [&hellip;]","og_url":"https:\/\/aconteceunovale.com.br\/portal\/?p=191744","og_site_name":"Aconteceu no Vale","article_publisher":"https:\/\/www.facebook.com\/aconteceunovale\/","article_published_time":"2022-10-25T23:29:33+00:00","article_modified_time":"2026-09-02T16:19:53+00:00","og_image":[{"width":640,"height":428,"url":"https:\/\/aconteceunovale.com.br\/portal\/wp-content\/uploads\/2021\/09\/jequitinhonha_cidade.jpg","type":"image\/jpeg"}],"author":"Reda\u00e7\u00e3o Aconteceu no Vale","twitter_card":"summary_large_image","twitter_creator":"@noticiadosvales","twitter_site":"@noticiadosvales","twitter_misc":{"Escrito por":"Reda\u00e7\u00e3o Aconteceu no Vale","Est. tempo de leitura":"1 minuto"},"schema":{"@context":"https:\/\/schema.org","@graph":[{"@type":"Article","@id":"https:\/\/aconteceunovale.com.br\/portal\/?p=191744#article","isPartOf":{"@id":"https:\/\/aconteceunovale.com.br\/portal\/?p=191744"},"author":{"name":"Reda\u00e7\u00e3o Aconteceu no Vale","@id":"https:\/\/aconteceunovale.com.br\/portal\/#\/schema\/person\/7d2f26d1483f8a63de73da1ee0754d35"},"headline":"Irm\u00e3s s\u00e3o resgatadas ap\u00f3s den\u00fancias de maus-tratos e c\u00e1rcere privado em Jequitinhonha","datePublished":"2022-10-25T23:29:33+00:00","dateModified":"2026-09-02T16:19:53+00:00","mainEntityOfPage":{"@id":"https:\/\/aconteceunovale.com.br\/portal\/?p=191744"},"wordCount":261,"commentCount":0,"image":{"@id":"https:\/\/aconteceunovale.com.br\/portal\/?p=191744#primaryimage"},"thumbnailUrl":"https:\/\/aconteceunovale.com.br\/portal\/wp-content\/uploads\/2021\/09\/jequitinhonha_cidade.jpg","keywords":["Den\u00fancia de maus-tratos e c\u00e1rcere privado em Jequitinhonha","Irm\u00e3s resgatadas em Jequitinhonha","Irm\u00e3s s\u00e3o resgatadas ap\u00f3s den\u00fancias de maus-tratos e c\u00e1rcere privado em Jequitinhonha","Jequitinhonha","PCMG"],"articleSection":["Jequitinhonha","Vale do Jequitinhonha"],"inLanguage":"pt-BR","potentialAction":[{"@type":"CommentAction","name":"Comment","target":["https:\/\/aconteceunovale.com.br\/portal\/?p=191744#respond"]}]},{"@type":"WebPage","@id":"https:\/\/aconteceunovale.com.br\/portal\/?p=191744","url":"https:\/\/aconteceunovale.com.br\/portal\/?p=191744","name":"Irm\u00e3s s\u00e3o resgatadas ap\u00f3s den\u00fancias de maus-tratos e c\u00e1rcere privado em Jequitinhonha - Aconteceu no Vale","isPartOf":{"@id":"https:\/\/aconteceunovale.com.br\/portal\/#website"},"primaryImageOfPage":{"@id":"https:\/\/aconteceunovale.com.br\/portal\/?p=191744#primaryimage"},"image":{"@id":"https:\/\/aconteceunovale.com.br\/portal\/?p=191744#primaryimage"},"thumbnailUrl":"https:\/\/aconteceunovale.com.br\/portal\/wp-content\/uploads\/2021\/09\/jequitinhonha_cidade.jpg","datePublished":"2022-10-25T23:29:33+00:00","dateModified":"2026-09-02T16:19:53+00:00","author":{"@id":"https:\/\/aconteceunovale.com.br\/portal\/#\/schema\/person\/7d2f26d1483f8a63de73da1ee0754d35"},"breadcrumb":{"@id":"https:\/\/aconteceunovale.com.br\/portal\/?p=191744#breadcrumb"},"inLanguage":"pt-BR","potentialAction":[{"@type":"ReadAction","target":["https:\/\/aconteceunovale.com.br\/portal\/?p=191744"]}]},{"@type":"ImageObject","inLanguage":"pt-BR","@id":"https:\/\/aconteceunovale.com.br\/portal\/?p=191744#primaryimage","url":"https:\/\/aconteceunovale.com.br\/portal\/wp-content\/uploads\/2021\/09\/jequitinhonha_cidade.jpg","contentUrl":"https:\/\/aconteceunovale.com.br\/portal\/wp-content\/uploads\/2021\/09\/jequitinhonha_cidade.jpg","width":640,"height":428},{"@type":"BreadcrumbList","@id":"https:\/\/aconteceunovale.com.br\/portal\/?p=191744#breadcrumb","itemListElement":[{"@type":"ListItem","position":1,"name":"In\u00edcio","item":"https:\/\/aconteceunovale.com.br\/portal\/"},{"@type":"ListItem","position":2,"name":"Irm\u00e3s s\u00e3o resgatadas ap\u00f3s den\u00fancias de maus-tratos e c\u00e1rcere privado em Jequitinhonha"}]},{"@type":"WebSite","@id":"https:\/\/aconteceunovale.com.br\/portal\/#website","url":"https:\/\/aconteceunovale.com.br\/portal\/","name":"Aconteceu no Vale","description":"Portal de Not\u00edcias","potentialAction":[{"@type":"SearchAction","target":{"@type":"EntryPoint","urlTemplate":"https:\/\/aconteceunovale.com.br\/portal\/?s={search_term_string}"},"query-input":{"@type":"PropertyValueSpecification","valueRequired":true,"valueName":"search_term_string"}}],"inLanguage":"pt-BR"},{"@type":"Person","@id":"https:\/\/aconteceunovale.com.br\/portal\/#\/schema\/person\/7d2f26d1483f8a63de73da1ee0754d35","name":"Reda\u00e7\u00e3o Aconteceu no Vale","description":"Equipe de reportagem do Aconteceu no Vale, portal de not\u00edcias do Vale do Jequitinhonha, em Minas Gerais. Cobrimos as 51 cidades do Vale desde 2013. Sugest\u00f5es de pauta e pedidos de corre\u00e7\u00e3o: contato@aconteceunovale.com.br","url":"https:\/\/aconteceunovale.com.br\/portal\/?author=4"}]}},"_links":{"self":[{"href":"https:\/\/aconteceunovale.com.br\/portal\/index.php?rest_route=\/wp\/v2\/posts\/191744","targetHints":{"allow":["GET"]}}],"collection":[{"href":"https:\/\/aconteceunovale.com.br\/portal\/index.php?rest_route=\/wp\/v2\/posts"}],"about":[{"href":"https:\/\/aconteceunovale.com.br\/portal\/index.php?rest_route=\/wp\/v2\/types\/post"}],"author":[{"embeddable":true,"href":"https:\/\/aconteceunovale.com.br\/portal\/index.php?rest_route=\/wp\/v2\/users\/4"}],"replies":[{"embeddable":true,"href":"https:\/\/aconteceunovale.com.br\/portal\/index.php?rest_route=%2Fwp%2Fv2%2Fcomments&post=191744"}],"version-history":[{"count":2,"href":"https:\/\/aconteceunovale.com.br\/portal\/index.php?rest_route=\/wp\/v2\/posts\/191744\/revisions"}],"predecessor-version":[{"id":191746,"href":"https:\/\/aconteceunovale.com.br\/portal\/index.php?rest_route=\/wp\/v2\/posts\/191744\/revisions\/191746"}],"wp:featuredmedia":[{"embeddable":true,"href":"https:\/\/aconteceunovale.com.br\/portal\/index.php?rest_route=\/wp\/v2\/media\/181828"}],"wp:attachment":[{"href":"https:\/\/aconteceunovale.com.br\/portal\/index.php?rest_route=%2Fwp%2Fv2%2Fmedia&parent=191744"}],"wp:term":[{"taxonomy":"category","embeddable":true,"href":"https:\/\/aconteceunovale.com.br\/portal\/index.php?rest_route=%2Fwp%2Fv2%2Fcategories&post=191744"},{"taxonomy":"post_tag","embeddable":true,"href":"https:\/\/aconteceunovale.com.br\/portal\/index.php?rest_route=%2Fwp%2Fv2%2Ftags&post=191744"}],"curies":[{"name":"wp","href":"https:\/\/api.w.org\/{rel}","templated":true}]}}