{"id":191725,"date":"2022-10-25T19:14:59","date_gmt":"2022-10-25T22:14:59","guid":{"rendered":"https:\/\/aconteceunovale.com.br\/portal\/?p=191725"},"modified":"2022-10-25T19:15:44","modified_gmt":"2022-10-25T22:15:44","slug":"brasil-tem-oitava-morte-por-variola-dos-macacos-confirmada","status":"publish","type":"post","link":"https:\/\/aconteceunovale.com.br\/portal\/?p=191725","title":{"rendered":"Brasil tem oitava morte por var\u00edola dos macacos confirmada"},"content":{"rendered":"\n<p class=\"wp-block-paragraph\">O Minist\u00e9rio da Sa\u00fade confirmou nesta ter\u00e7a-feira (25\/10\/2022) a oitava morte por var\u00edola dos macacos no pa\u00eds. O caso foi notificado em Minas Gerais e trata-se de um homem, 33 anos, residente em Divin\u00f3polis, com comorbidade. Ele estava internado em Belo Horizonte e morreu no s\u00e1bado (22).<\/p>\n\n\n\n<p class=\"wp-block-paragraph\">De acordo com a Secretaria de Sa\u00fade de Minas Gerais (SES-MG), h\u00e1 a suspeita de um quarto \u00f3bito por var\u00edola dos macacos, ainda em investiga\u00e7\u00e3o.<\/p>\n\n\n\n<h2 class=\"wp-block-heading\">Monkeypox<\/h2>\n\n\n\n<p class=\"wp-block-paragraph\">A var\u00edola dos macacos, tamb\u00e9m conhecida como\u00a0<em>monkeypox<\/em>,\u00a0foi inclu\u00edda em setembro\u00a0na Lista Nacional de Notifica\u00e7\u00e3o Compuls\u00f3ria de doen\u00e7as, agravos e eventos de sa\u00fade p\u00fablica nos servi\u00e7os de sa\u00fade p\u00fablicos e privados em todo o Brasil. Ou seja, todos os resultados de testes diagn\u00f3sticos para detec\u00e7\u00e3o da\u00a0<em>monkeypox\u00a0<\/em>feitos por laborat\u00f3rios das redes p\u00fablica, privada, universit\u00e1rias e quaisquer outros, sejam positivos, negativos ou inconclusivos, precisam ser notificados ao Minist\u00e9rio da Sa\u00fade de forma imediata em at\u00e9 24 horas.<\/p>\n\n\n\n<p class=\"wp-block-paragraph\">De acordo com Minist\u00e9rio da Sa\u00fade, testes podem ser feitos em 31 laborat\u00f3rios de refer\u00eancia, sendo os 27 Laborat\u00f3rio Central de Sa\u00fade P\u00fablica (Lacens) dos estados, al\u00e9m dos laborat\u00f3rios da Universidade Federal do Rio de Janeiro (UFRJ), da Fiocruz no Rio de Janeiro, da Fiocruz no Amazonas e do Instituto Evandro Chagas, sediado em Bel\u00e9m (PA).<\/p>\n\n\n\n<p class=\"wp-block-paragraph\">At\u00e9 o momento, o pa\u00eds registra 9.026 casos confirmados da doen\u00e7a.<\/p>\n\n\n\n<p class=\"wp-block-paragraph\">&#8212;&#8212;&#8212;&#8212;&#8212;&#8212;<br><br><strong>Sabia que o Aconteceu no Vale est\u00e1 tamb\u00e9m no Telegram? <a rel=\"noreferrer noopener\" href=\"https:\/\/t.me\/aconteceunovaleoficial\" target=\"_blank\">Inscreva-se no canal<\/a>.<\/strong><br><br><strong>J\u00e1 curtiu ou seguiu nossas p\u00e1ginas nas redes sociais?\u00a0Receba as not\u00edcias em primeira m\u00e3o:<\/strong><br>\u2022 <a rel=\"noreferrer noopener\" href=\"https:\/\/news.google.com\/publications\/CAAqBwgKMNjklQswi4etAw?hl=pt-BR&amp;gl=BR&amp;ceid=BR%3Apt-419\" target=\"_blank\">Google News<\/a><br>\u2022 <a rel=\"noreferrer noopener\" href=\"https:\/\/www.facebook.com\/aconteceunovale\/\" target=\"_blank\">Facebook<\/a><br>\u2022 <a rel=\"noreferrer noopener\" href=\"https:\/\/twitter.com\/noticiadosvales\" target=\"_blank\">Twitter<\/a><br>\u2022 <a rel=\"noreferrer noopener\" href=\"https:\/\/www.instagram.com\/aconteceunovale\" target=\"_blank\">Instagram<\/a><br>\u2022 <a rel=\"noreferrer noopener\" href=\"https:\/\/www.youtube.com\/AconteceunoValeOficial\" target=\"_blank\">Youtube<\/a><br>\u2022 <a rel=\"noreferrer noopener\" href=\"https:\/\/www.tiktok.com\/@aconteceunovale\" target=\"_blank\">TikTok<\/a><\/p>\n","protected":false},"excerpt":{"rendered":"<p>O Minist\u00e9rio da Sa\u00fade confirmou nesta ter\u00e7a-feira (25\/10\/2022) a oitava morte por var\u00edola dos macacos no pa\u00eds. O caso foi notificado em Minas Gerais e trata-se de um homem, 33 anos, residente em Divin\u00f3polis, com comorbidade. Ele estava internado em Belo Horizonte e morreu no s\u00e1bado (22). De acordo com a Secretaria de Sa\u00fade de [&hellip;]<\/p>\n","protected":false},"author":4,"featured_media":191386,"comment_status":"open","ping_status":"closed","sticky":false,"template":"","format":"standard","meta":{"amp_status":"","footnotes":""},"categories":[6,40242],"tags":[265399,1018,199,131,264923,264925,264927,216,264924,264926],"class_list":["post-191725","post","type-post","status-publish","format-standard","has-post-thumbnail","hentry","category-br","category-saude-2","tag-brasil-tem-oitava-morte-por-variola-dos-macacos-confirmada","tag-destaque","tag-divinopolis","tag-minas-gerais","tag-minas-gerais-tem-segunda-morte-por-variola-dos-macacos-confirmada","tag-monkeypox-em-minas-gerais","tag-monkeypox-porto-alegre","tag-pouso-alegre","tag-variola-dos-macacos-em-minas-gerais","tag-variola-dos-macacos-em-pouso-alegre"],"yoast_head":"<!-- This site is optimized with the Yoast SEO plugin v28.3 - https:\/\/yoast.com\/product\/yoast-seo-wordpress\/ -->\n<title>Brasil tem oitava morte por var\u00edola dos macacos confirmada - Aconteceu no Vale<\/title>\n<meta name=\"robots\" content=\"index, follow, max-snippet:-1, max-image-preview:large, max-video-preview:-1\" \/>\n<link rel=\"canonical\" href=\"https:\/\/aconteceunovale.com.br\/portal\/?p=191725\" \/>\n<meta property=\"og:locale\" content=\"pt_BR\" \/>\n<meta property=\"og:type\" content=\"article\" \/>\n<meta property=\"og:title\" content=\"Brasil tem oitava morte por var\u00edola dos macacos confirmada - Aconteceu no Vale\" \/>\n<meta property=\"og:description\" content=\"O Minist\u00e9rio da Sa\u00fade confirmou nesta ter\u00e7a-feira (25\/10\/2022) a oitava morte por var\u00edola dos macacos no pa\u00eds. O caso foi notificado em Minas Gerais e trata-se de um homem, 33 anos, residente em Divin\u00f3polis, com comorbidade. Ele estava internado em Belo Horizonte e morreu no s\u00e1bado (22). De acordo com a Secretaria de Sa\u00fade de [&hellip;]\" \/>\n<meta property=\"og:url\" content=\"https:\/\/aconteceunovale.com.br\/portal\/?p=191725\" \/>\n<meta property=\"og:site_name\" content=\"Aconteceu no Vale\" \/>\n<meta property=\"article:publisher\" content=\"https:\/\/www.facebook.com\/aconteceunovale\/\" \/>\n<meta property=\"article:published_time\" content=\"2022-10-25T22:14:59+00:00\" \/>\n<meta property=\"article:modified_time\" content=\"2022-10-25T22:15:44+00:00\" \/>\n<meta property=\"og:image\" content=\"https:\/\/aconteceunovale.com.br\/portal\/wp-content\/uploads\/2022\/10\/variola_dos_macacos-1.jpg\" \/>\n\t<meta property=\"og:image:width\" content=\"678\" \/>\n\t<meta property=\"og:image:height\" content=\"406\" \/>\n\t<meta property=\"og:image:type\" content=\"image\/jpeg\" \/>\n<meta name=\"author\" content=\"Reda\u00e7\u00e3o Aconteceu no Vale\" \/>\n<meta name=\"twitter:card\" content=\"summary_large_image\" \/>\n<meta name=\"twitter:creator\" content=\"@noticiadosvales\" \/>\n<meta name=\"twitter:site\" content=\"@noticiadosvales\" \/>\n<meta name=\"twitter:label1\" content=\"Escrito por\" \/>\n\t<meta name=\"twitter:data1\" content=\"Reda\u00e7\u00e3o Aconteceu no Vale\" \/>\n\t<meta name=\"twitter:label2\" content=\"Est. tempo de leitura\" \/>\n\t<meta name=\"twitter:data2\" content=\"1 minuto\" \/>\n<script type=\"application\/ld+json\" class=\"yoast-schema-graph\">{\"@context\":\"https:\\\/\\\/schema.org\",\"@graph\":[{\"@type\":\"Article\",\"@id\":\"https:\\\/\\\/aconteceunovale.com.br\\\/portal\\\/?p=191725#article\",\"isPartOf\":{\"@id\":\"https:\\\/\\\/aconteceunovale.com.br\\\/portal\\\/?p=191725\"},\"author\":{\"name\":\"Reda\u00e7\u00e3o Aconteceu no Vale\",\"@id\":\"https:\\\/\\\/aconteceunovale.com.br\\\/portal\\\/#\\\/schema\\\/person\\\/7d2f26d1483f8a63de73da1ee0754d35\"},\"headline\":\"Brasil tem oitava morte por var\u00edola dos macacos confirmada\",\"datePublished\":\"2022-10-25T22:14:59+00:00\",\"dateModified\":\"2022-10-25T22:15:44+00:00\",\"mainEntityOfPage\":{\"@id\":\"https:\\\/\\\/aconteceunovale.com.br\\\/portal\\\/?p=191725\"},\"wordCount\":302,\"commentCount\":0,\"image\":{\"@id\":\"https:\\\/\\\/aconteceunovale.com.br\\\/portal\\\/?p=191725#primaryimage\"},\"thumbnailUrl\":\"https:\\\/\\\/aconteceunovale.com.br\\\/portal\\\/wp-content\\\/uploads\\\/2022\\\/10\\\/variola_dos_macacos-1.jpg\",\"keywords\":[\"Brasil tem oitava morte por var\u00edola dos macacos confirmada\",\"destaque\",\"Divin\u00f3polis\",\"Minas Gerais\",\"Minas Gerais tem segunda morte por var\u00edola dos macacos confirmada\",\"Monkeypox em Minas Gerais\",\"Monkeypox Porto Alegre\",\"Pouso Alegre\",\"Var\u00edola dos Macacos em Minas Gerais\",\"Var\u00edola dos macacos em Pouso Alegre\"],\"articleSection\":[\"Brasil\",\"Sa\u00fade\"],\"inLanguage\":\"pt-BR\",\"potentialAction\":[{\"@type\":\"CommentAction\",\"name\":\"Comment\",\"target\":[\"https:\\\/\\\/aconteceunovale.com.br\\\/portal\\\/?p=191725#respond\"]}]},{\"@type\":\"WebPage\",\"@id\":\"https:\\\/\\\/aconteceunovale.com.br\\\/portal\\\/?p=191725\",\"url\":\"https:\\\/\\\/aconteceunovale.com.br\\\/portal\\\/?p=191725\",\"name\":\"Brasil tem oitava morte por var\u00edola dos macacos confirmada - Aconteceu no Vale\",\"isPartOf\":{\"@id\":\"https:\\\/\\\/aconteceunovale.com.br\\\/portal\\\/#website\"},\"primaryImageOfPage\":{\"@id\":\"https:\\\/\\\/aconteceunovale.com.br\\\/portal\\\/?p=191725#primaryimage\"},\"image\":{\"@id\":\"https:\\\/\\\/aconteceunovale.com.br\\\/portal\\\/?p=191725#primaryimage\"},\"thumbnailUrl\":\"https:\\\/\\\/aconteceunovale.com.br\\\/portal\\\/wp-content\\\/uploads\\\/2022\\\/10\\\/variola_dos_macacos-1.jpg\",\"datePublished\":\"2022-10-25T22:14:59+00:00\",\"dateModified\":\"2022-10-25T22:15:44+00:00\",\"author\":{\"@id\":\"https:\\\/\\\/aconteceunovale.com.br\\\/portal\\\/#\\\/schema\\\/person\\\/7d2f26d1483f8a63de73da1ee0754d35\"},\"breadcrumb\":{\"@id\":\"https:\\\/\\\/aconteceunovale.com.br\\\/portal\\\/?p=191725#breadcrumb\"},\"inLanguage\":\"pt-BR\",\"potentialAction\":[{\"@type\":\"ReadAction\",\"target\":[\"https:\\\/\\\/aconteceunovale.com.br\\\/portal\\\/?p=191725\"]}]},{\"@type\":\"ImageObject\",\"inLanguage\":\"pt-BR\",\"@id\":\"https:\\\/\\\/aconteceunovale.com.br\\\/portal\\\/?p=191725#primaryimage\",\"url\":\"https:\\\/\\\/aconteceunovale.com.br\\\/portal\\\/wp-content\\\/uploads\\\/2022\\\/10\\\/variola_dos_macacos-1.jpg\",\"contentUrl\":\"https:\\\/\\\/aconteceunovale.com.br\\\/portal\\\/wp-content\\\/uploads\\\/2022\\\/10\\\/variola_dos_macacos-1.jpg\",\"width\":678,\"height\":406,\"caption\":\"A var\u00edola dos macacos \u00e9 transmitida pelo v\u00edrus monkeypox, que pertence ao g\u00eanero orthopoxvirus\"},{\"@type\":\"BreadcrumbList\",\"@id\":\"https:\\\/\\\/aconteceunovale.com.br\\\/portal\\\/?p=191725#breadcrumb\",\"itemListElement\":[{\"@type\":\"ListItem\",\"position\":1,\"name\":\"In\u00edcio\",\"item\":\"https:\\\/\\\/aconteceunovale.com.br\\\/portal\\\/\"},{\"@type\":\"ListItem\",\"position\":2,\"name\":\"Brasil tem oitava morte por var\u00edola dos macacos confirmada\"}]},{\"@type\":\"WebSite\",\"@id\":\"https:\\\/\\\/aconteceunovale.com.br\\\/portal\\\/#website\",\"url\":\"https:\\\/\\\/aconteceunovale.com.br\\\/portal\\\/\",\"name\":\"Aconteceu no Vale\",\"description\":\"Portal de Not\u00edcias\",\"potentialAction\":[{\"@type\":\"SearchAction\",\"target\":{\"@type\":\"EntryPoint\",\"urlTemplate\":\"https:\\\/\\\/aconteceunovale.com.br\\\/portal\\\/?s={search_term_string}\"},\"query-input\":{\"@type\":\"PropertyValueSpecification\",\"valueRequired\":true,\"valueName\":\"search_term_string\"}}],\"inLanguage\":\"pt-BR\"},{\"@type\":\"Person\",\"@id\":\"https:\\\/\\\/aconteceunovale.com.br\\\/portal\\\/#\\\/schema\\\/person\\\/7d2f26d1483f8a63de73da1ee0754d35\",\"name\":\"Reda\u00e7\u00e3o Aconteceu no Vale\",\"description\":\"Equipe de reportagem do Aconteceu no Vale, portal de not\u00edcias do Vale do Jequitinhonha, em Minas Gerais. Cobrimos as 51 cidades do Vale desde 2013. Sugest\u00f5es de pauta e pedidos de corre\u00e7\u00e3o: contato@aconteceunovale.com.br\",\"url\":\"https:\\\/\\\/aconteceunovale.com.br\\\/portal\\\/?author=4\"}]}<\/script>\n<!-- \/ Yoast SEO plugin. -->","yoast_head_json":{"title":"Brasil tem oitava morte por var\u00edola dos macacos confirmada - Aconteceu no Vale","robots":{"index":"index","follow":"follow","max-snippet":"max-snippet:-1","max-image-preview":"max-image-preview:large","max-video-preview":"max-video-preview:-1"},"canonical":"https:\/\/aconteceunovale.com.br\/portal\/?p=191725","og_locale":"pt_BR","og_type":"article","og_title":"Brasil tem oitava morte por var\u00edola dos macacos confirmada - Aconteceu no Vale","og_description":"O Minist\u00e9rio da Sa\u00fade confirmou nesta ter\u00e7a-feira (25\/10\/2022) a oitava morte por var\u00edola dos macacos no pa\u00eds. O caso foi notificado em Minas Gerais e trata-se de um homem, 33 anos, residente em Divin\u00f3polis, com comorbidade. Ele estava internado em Belo Horizonte e morreu no s\u00e1bado (22). De acordo com a Secretaria de Sa\u00fade de [&hellip;]","og_url":"https:\/\/aconteceunovale.com.br\/portal\/?p=191725","og_site_name":"Aconteceu no Vale","article_publisher":"https:\/\/www.facebook.com\/aconteceunovale\/","article_published_time":"2022-10-25T22:14:59+00:00","article_modified_time":"2022-10-25T22:15:44+00:00","og_image":[{"width":678,"height":406,"url":"https:\/\/aconteceunovale.com.br\/portal\/wp-content\/uploads\/2022\/10\/variola_dos_macacos-1.jpg","type":"image\/jpeg"}],"author":"Reda\u00e7\u00e3o Aconteceu no Vale","twitter_card":"summary_large_image","twitter_creator":"@noticiadosvales","twitter_site":"@noticiadosvales","twitter_misc":{"Escrito por":"Reda\u00e7\u00e3o Aconteceu no Vale","Est. tempo de leitura":"1 minuto"},"schema":{"@context":"https:\/\/schema.org","@graph":[{"@type":"Article","@id":"https:\/\/aconteceunovale.com.br\/portal\/?p=191725#article","isPartOf":{"@id":"https:\/\/aconteceunovale.com.br\/portal\/?p=191725"},"author":{"name":"Reda\u00e7\u00e3o Aconteceu no Vale","@id":"https:\/\/aconteceunovale.com.br\/portal\/#\/schema\/person\/7d2f26d1483f8a63de73da1ee0754d35"},"headline":"Brasil tem oitava morte por var\u00edola dos macacos confirmada","datePublished":"2022-10-25T22:14:59+00:00","dateModified":"2022-10-25T22:15:44+00:00","mainEntityOfPage":{"@id":"https:\/\/aconteceunovale.com.br\/portal\/?p=191725"},"wordCount":302,"commentCount":0,"image":{"@id":"https:\/\/aconteceunovale.com.br\/portal\/?p=191725#primaryimage"},"thumbnailUrl":"https:\/\/aconteceunovale.com.br\/portal\/wp-content\/uploads\/2022\/10\/variola_dos_macacos-1.jpg","keywords":["Brasil tem oitava morte por var\u00edola dos macacos confirmada","destaque","Divin\u00f3polis","Minas Gerais","Minas Gerais tem segunda morte por var\u00edola dos macacos confirmada","Monkeypox em Minas Gerais","Monkeypox Porto Alegre","Pouso Alegre","Var\u00edola dos Macacos em Minas Gerais","Var\u00edola dos macacos em Pouso Alegre"],"articleSection":["Brasil","Sa\u00fade"],"inLanguage":"pt-BR","potentialAction":[{"@type":"CommentAction","name":"Comment","target":["https:\/\/aconteceunovale.com.br\/portal\/?p=191725#respond"]}]},{"@type":"WebPage","@id":"https:\/\/aconteceunovale.com.br\/portal\/?p=191725","url":"https:\/\/aconteceunovale.com.br\/portal\/?p=191725","name":"Brasil tem oitava morte por var\u00edola dos macacos confirmada - Aconteceu no Vale","isPartOf":{"@id":"https:\/\/aconteceunovale.com.br\/portal\/#website"},"primaryImageOfPage":{"@id":"https:\/\/aconteceunovale.com.br\/portal\/?p=191725#primaryimage"},"image":{"@id":"https:\/\/aconteceunovale.com.br\/portal\/?p=191725#primaryimage"},"thumbnailUrl":"https:\/\/aconteceunovale.com.br\/portal\/wp-content\/uploads\/2022\/10\/variola_dos_macacos-1.jpg","datePublished":"2022-10-25T22:14:59+00:00","dateModified":"2022-10-25T22:15:44+00:00","author":{"@id":"https:\/\/aconteceunovale.com.br\/portal\/#\/schema\/person\/7d2f26d1483f8a63de73da1ee0754d35"},"breadcrumb":{"@id":"https:\/\/aconteceunovale.com.br\/portal\/?p=191725#breadcrumb"},"inLanguage":"pt-BR","potentialAction":[{"@type":"ReadAction","target":["https:\/\/aconteceunovale.com.br\/portal\/?p=191725"]}]},{"@type":"ImageObject","inLanguage":"pt-BR","@id":"https:\/\/aconteceunovale.com.br\/portal\/?p=191725#primaryimage","url":"https:\/\/aconteceunovale.com.br\/portal\/wp-content\/uploads\/2022\/10\/variola_dos_macacos-1.jpg","contentUrl":"https:\/\/aconteceunovale.com.br\/portal\/wp-content\/uploads\/2022\/10\/variola_dos_macacos-1.jpg","width":678,"height":406,"caption":"A var\u00edola dos macacos \u00e9 transmitida pelo v\u00edrus monkeypox, que pertence ao g\u00eanero orthopoxvirus"},{"@type":"BreadcrumbList","@id":"https:\/\/aconteceunovale.com.br\/portal\/?p=191725#breadcrumb","itemListElement":[{"@type":"ListItem","position":1,"name":"In\u00edcio","item":"https:\/\/aconteceunovale.com.br\/portal\/"},{"@type":"ListItem","position":2,"name":"Brasil tem oitava morte por var\u00edola dos macacos confirmada"}]},{"@type":"WebSite","@id":"https:\/\/aconteceunovale.com.br\/portal\/#website","url":"https:\/\/aconteceunovale.com.br\/portal\/","name":"Aconteceu no Vale","description":"Portal de Not\u00edcias","potentialAction":[{"@type":"SearchAction","target":{"@type":"EntryPoint","urlTemplate":"https:\/\/aconteceunovale.com.br\/portal\/?s={search_term_string}"},"query-input":{"@type":"PropertyValueSpecification","valueRequired":true,"valueName":"search_term_string"}}],"inLanguage":"pt-BR"},{"@type":"Person","@id":"https:\/\/aconteceunovale.com.br\/portal\/#\/schema\/person\/7d2f26d1483f8a63de73da1ee0754d35","name":"Reda\u00e7\u00e3o Aconteceu no Vale","description":"Equipe de reportagem do Aconteceu no Vale, portal de not\u00edcias do Vale do Jequitinhonha, em Minas Gerais. Cobrimos as 51 cidades do Vale desde 2013. Sugest\u00f5es de pauta e pedidos de corre\u00e7\u00e3o: contato@aconteceunovale.com.br","url":"https:\/\/aconteceunovale.com.br\/portal\/?author=4"}]}},"_links":{"self":[{"href":"https:\/\/aconteceunovale.com.br\/portal\/index.php?rest_route=\/wp\/v2\/posts\/191725","targetHints":{"allow":["GET"]}}],"collection":[{"href":"https:\/\/aconteceunovale.com.br\/portal\/index.php?rest_route=\/wp\/v2\/posts"}],"about":[{"href":"https:\/\/aconteceunovale.com.br\/portal\/index.php?rest_route=\/wp\/v2\/types\/post"}],"author":[{"embeddable":true,"href":"https:\/\/aconteceunovale.com.br\/portal\/index.php?rest_route=\/wp\/v2\/users\/4"}],"replies":[{"embeddable":true,"href":"https:\/\/aconteceunovale.com.br\/portal\/index.php?rest_route=%2Fwp%2Fv2%2Fcomments&post=191725"}],"version-history":[{"count":1,"href":"https:\/\/aconteceunovale.com.br\/portal\/index.php?rest_route=\/wp\/v2\/posts\/191725\/revisions"}],"predecessor-version":[{"id":191726,"href":"https:\/\/aconteceunovale.com.br\/portal\/index.php?rest_route=\/wp\/v2\/posts\/191725\/revisions\/191726"}],"wp:featuredmedia":[{"embeddable":true,"href":"https:\/\/aconteceunovale.com.br\/portal\/index.php?rest_route=\/wp\/v2\/media\/191386"}],"wp:attachment":[{"href":"https:\/\/aconteceunovale.com.br\/portal\/index.php?rest_route=%2Fwp%2Fv2%2Fmedia&parent=191725"}],"wp:term":[{"taxonomy":"category","embeddable":true,"href":"https:\/\/aconteceunovale.com.br\/portal\/index.php?rest_route=%2Fwp%2Fv2%2Fcategories&post=191725"},{"taxonomy":"post_tag","embeddable":true,"href":"https:\/\/aconteceunovale.com.br\/portal\/index.php?rest_route=%2Fwp%2Fv2%2Ftags&post=191725"}],"curies":[{"name":"wp","href":"https:\/\/api.w.org\/{rel}","templated":true}]}}