{"id":191714,"date":"2022-10-24T20:26:15","date_gmt":"2022-10-24T23:26:15","guid":{"rendered":"https:\/\/aconteceunovale.com.br\/portal\/?p=191714"},"modified":"2022-10-24T20:27:17","modified_gmt":"2022-10-24T23:27:17","slug":"instituto-nacional-de-meteorologia-preve-chuvas-fortes-em-minas-espirito-santo-e-bahia","status":"publish","type":"post","link":"https:\/\/aconteceunovale.com.br\/portal\/?p=191714","title":{"rendered":"Instituto Nacional de Meteorologia prev\u00ea chuvas fortes em Minas, Esp\u00edrito Santo e Bahia"},"content":{"rendered":"\n<p class=\"wp-block-paragraph\">O in\u00edcio da semana ser\u00e1 marcado com fortes chuvas no Esp\u00edrito Santo, em Minas Gerais e na Bahia. Segundo informa\u00e7\u00f5es do Instituto Nacional de Meteorologia (Inmet), as chuvas atingir\u00e3o esses estados hoje (24) e amanh\u00e3 (25). A Defesa Civil Nacional fez um alerta para chuvas intensas. Os Vales do Mucuri e do Jequitinhonha e o norte de Minas, o centro-sul e sul baiano e o noroeste e litoral norte esp\u00edrito-santense dever\u00e3o ser os locais mais afetados.<\/p>\n\n\n\n<p class=\"wp-block-paragraph\">De acordo com o Inmet, os acumulados de chuvas podem ser superiores a 60 mil\u00edmetros por hora ou 100 mil\u00edmetros por dia. Com isso, h\u00e1 risco de alagamentos, deslizamentos de encostas e transbordamentos de rios. Segundo as autoridades, as popula\u00e7\u00f5es das regi\u00f5es dentro do alerta precisam adotar medidas de autoprote\u00e7\u00e3o.<\/p>\n\n\n\n<p class=\"wp-block-paragraph\">\u201c\u00c9 fundamental que a popula\u00e7\u00e3o adote algumas medidas de preven\u00e7\u00e3o, como desligar aparelhos el\u00e9tricos e quadro geral de energia. Em caso de enxurrada, coloque documentos e objetos de valor em sacos pl\u00e1sticos. J\u00e1 em situa\u00e7\u00e3o de grande perigo confirmada, procure abrigo e evite permanecer ao ar livre. \u00c9 importante que a popula\u00e7\u00e3o fique atenta \u00e0s informa\u00e7\u00f5es oficiais e aos locais onde ser\u00e3o divulgados os alertas, al\u00e9m de adotar as medidas de autoprote\u00e7\u00e3o\u201d, disse o coordenador-geral de Gerenciamento de Desastres da Defesa Civil Nacional, Tiago Molina Schnorr.<\/p>\n\n\n\n<p class=\"wp-block-paragraph\">A Defesa Civil Nacional orienta os moradores das regi\u00f5es de risco a se inscreverem nos servi\u00e7os de alerta, enviando um SMS com o CEP do local onde mora, ou outro local de interesse, para o n\u00famero 40199.<\/p>\n\n\n\n<p class=\"wp-block-paragraph\">N\u00e3o h\u00e1 limite de locais cadastrados e o servi\u00e7o \u00e9 totalmente gratuito para a popula\u00e7\u00e3o. A partir da previs\u00e3o de desastre, a popula\u00e7\u00e3o receber\u00e1 um aviso contendo informa\u00e7\u00f5es de risco e orienta\u00e7\u00f5es para a autoprote\u00e7\u00e3o. Outra recomenda\u00e7\u00e3o \u00e9 ficar atento aos alertas publicados no Twitter da Defesa Civil Nacional (@defesacivilbr) e do Instituto Nacional de Meteorologia (@inmet_).<\/p>\n\n\n\n<p class=\"wp-block-paragraph\">&#8212;&#8212;&#8212;&#8212;&#8212;&#8212;<br><br><strong>Sabia que o Aconteceu no Vale est\u00e1 tamb\u00e9m no Telegram? <a rel=\"noreferrer noopener\" href=\"https:\/\/t.me\/aconteceunovaleoficial\" target=\"_blank\">Inscreva-se no canal<\/a>.<\/strong><br><br><strong>J\u00e1 curtiu ou seguiu nossas p\u00e1ginas nas redes sociais?\u00a0Receba as not\u00edcias em primeira m\u00e3o:<\/strong><br>\u2022 <a rel=\"noreferrer noopener\" href=\"https:\/\/news.google.com\/publications\/CAAqBwgKMNjklQswi4etAw?hl=pt-BR&amp;gl=BR&amp;ceid=BR%3Apt-419\" target=\"_blank\">Google News<\/a><br>\u2022 <a rel=\"noreferrer noopener\" href=\"https:\/\/www.facebook.com\/aconteceunovale\/\" target=\"_blank\">Facebook<\/a><br>\u2022 <a rel=\"noreferrer noopener\" href=\"https:\/\/twitter.com\/noticiadosvales\" target=\"_blank\">Twitter<\/a><br>\u2022 <a rel=\"noreferrer noopener\" href=\"https:\/\/www.instagram.com\/aconteceunovale\" target=\"_blank\">Instagram<\/a><br>\u2022 <a rel=\"noreferrer noopener\" href=\"https:\/\/www.youtube.com\/AconteceunoValeOficial\" target=\"_blank\">Youtube<\/a><br>\u2022 <a rel=\"noreferrer noopener\" href=\"https:\/\/www.tiktok.com\/@aconteceunovale\" target=\"_blank\">TikTok<\/a><\/p>\n","protected":false},"excerpt":{"rendered":"<p>O in\u00edcio da semana ser\u00e1 marcado com fortes chuvas no Esp\u00edrito Santo, em Minas Gerais e na Bahia. Segundo informa\u00e7\u00f5es do Instituto Nacional de Meteorologia (Inmet), as chuvas atingir\u00e3o esses estados hoje (24) e amanh\u00e3 (25). A Defesa Civil Nacional fez um alerta para chuvas intensas. Os Vales do Mucuri e do Jequitinhonha e o [&hellip;]<\/p>\n","protected":false},"author":4,"featured_media":191715,"comment_status":"open","ping_status":"closed","sticky":false,"template":"","format":"standard","meta":{"amp_status":"","footnotes":""},"categories":[6,123],"tags":[2379,265388,215609,19650,1018,4484,54659,265387,40917,697,131,145,133,166],"class_list":["post-191714","post","type-post","status-publish","format-standard","has-post-thumbnail","hentry","category-br","category-gerais","tag-bahia","tag-chuva-forte-em-minas","tag-chuva-forte-em-minas-gerais","tag-defesa-civil","tag-destaque","tag-espirito-santo","tag-inmet","tag-instituto-nacional-de-meteorologia-preve-chuvas-fortes-em-minas-gerais","tag-mg","tag-minas","tag-minas-gerais","tag-norte-de-minas","tag-vale-do-jequitinhonha","tag-vale-do-mucuri"],"yoast_head":"<!-- This site is optimized with the Yoast SEO plugin v28.3 - https:\/\/yoast.com\/product\/yoast-seo-wordpress\/ -->\n<title>Instituto Nacional de Meteorologia prev\u00ea chuvas fortes em Minas, Esp\u00edrito Santo e Bahia - Aconteceu no Vale<\/title>\n<meta name=\"robots\" content=\"index, follow, max-snippet:-1, max-image-preview:large, max-video-preview:-1\" \/>\n<link rel=\"canonical\" href=\"https:\/\/aconteceunovale.com.br\/portal\/?p=191714\" \/>\n<meta property=\"og:locale\" content=\"pt_BR\" \/>\n<meta property=\"og:type\" content=\"article\" \/>\n<meta property=\"og:title\" content=\"Instituto Nacional de Meteorologia prev\u00ea chuvas fortes em Minas, Esp\u00edrito Santo e Bahia - Aconteceu no Vale\" \/>\n<meta property=\"og:description\" content=\"O in\u00edcio da semana ser\u00e1 marcado com fortes chuvas no Esp\u00edrito Santo, em Minas Gerais e na Bahia. Segundo informa\u00e7\u00f5es do Instituto Nacional de Meteorologia (Inmet), as chuvas atingir\u00e3o esses estados hoje (24) e amanh\u00e3 (25). A Defesa Civil Nacional fez um alerta para chuvas intensas. Os Vales do Mucuri e do Jequitinhonha e o [&hellip;]\" \/>\n<meta property=\"og:url\" content=\"https:\/\/aconteceunovale.com.br\/portal\/?p=191714\" \/>\n<meta property=\"og:site_name\" content=\"Aconteceu no Vale\" \/>\n<meta property=\"article:publisher\" content=\"https:\/\/www.facebook.com\/aconteceunovale\/\" \/>\n<meta property=\"article:published_time\" content=\"2022-10-24T23:26:15+00:00\" \/>\n<meta property=\"article:modified_time\" content=\"2022-10-24T23:27:17+00:00\" \/>\n<meta property=\"og:image\" content=\"https:\/\/aconteceunovale.com.br\/portal\/wp-content\/uploads\/2022\/10\/chuva_forte.jpeg\" \/>\n\t<meta property=\"og:image:width\" content=\"675\" \/>\n\t<meta property=\"og:image:height\" content=\"450\" \/>\n\t<meta property=\"og:image:type\" content=\"image\/jpeg\" \/>\n<meta name=\"author\" content=\"Reda\u00e7\u00e3o Aconteceu no Vale\" \/>\n<meta name=\"twitter:card\" content=\"summary_large_image\" \/>\n<meta name=\"twitter:creator\" content=\"@noticiadosvales\" \/>\n<meta name=\"twitter:site\" content=\"@noticiadosvales\" \/>\n<meta name=\"twitter:label1\" content=\"Escrito por\" \/>\n\t<meta name=\"twitter:data1\" content=\"Reda\u00e7\u00e3o Aconteceu no Vale\" \/>\n\t<meta name=\"twitter:label2\" content=\"Est. tempo de leitura\" \/>\n\t<meta name=\"twitter:data2\" content=\"2 minutos\" \/>\n<script type=\"application\/ld+json\" class=\"yoast-schema-graph\">{\"@context\":\"https:\\\/\\\/schema.org\",\"@graph\":[{\"@type\":\"Article\",\"@id\":\"https:\\\/\\\/aconteceunovale.com.br\\\/portal\\\/?p=191714#article\",\"isPartOf\":{\"@id\":\"https:\\\/\\\/aconteceunovale.com.br\\\/portal\\\/?p=191714\"},\"author\":{\"name\":\"Reda\u00e7\u00e3o Aconteceu no Vale\",\"@id\":\"https:\\\/\\\/aconteceunovale.com.br\\\/portal\\\/#\\\/schema\\\/person\\\/7d2f26d1483f8a63de73da1ee0754d35\"},\"headline\":\"Instituto Nacional de Meteorologia prev\u00ea chuvas fortes em Minas, Esp\u00edrito Santo e Bahia\",\"datePublished\":\"2022-10-24T23:26:15+00:00\",\"dateModified\":\"2022-10-24T23:27:17+00:00\",\"mainEntityOfPage\":{\"@id\":\"https:\\\/\\\/aconteceunovale.com.br\\\/portal\\\/?p=191714\"},\"wordCount\":384,\"commentCount\":0,\"image\":{\"@id\":\"https:\\\/\\\/aconteceunovale.com.br\\\/portal\\\/?p=191714#primaryimage\"},\"thumbnailUrl\":\"https:\\\/\\\/aconteceunovale.com.br\\\/portal\\\/wp-content\\\/uploads\\\/2022\\\/10\\\/chuva_forte.jpeg\",\"keywords\":[\"Bahia\",\"Chuva forte em Minas\",\"Chuva forte em Minas Gerais\",\"Defesa Civil\",\"destaque\",\"Esp\u00edrito Santo\",\"Inmet\",\"Instituto Nacional de Meteorologia prev\u00ea chuvas fortes em Minas Gerais\",\"MG\",\"Minas\",\"Minas Gerais\",\"Norte de Minas\",\"Vale do Jequitinhonha\",\"Vale do Mucuri\"],\"articleSection\":[\"Brasil\",\"Minas Gerais\"],\"inLanguage\":\"pt-BR\",\"potentialAction\":[{\"@type\":\"CommentAction\",\"name\":\"Comment\",\"target\":[\"https:\\\/\\\/aconteceunovale.com.br\\\/portal\\\/?p=191714#respond\"]}]},{\"@type\":\"WebPage\",\"@id\":\"https:\\\/\\\/aconteceunovale.com.br\\\/portal\\\/?p=191714\",\"url\":\"https:\\\/\\\/aconteceunovale.com.br\\\/portal\\\/?p=191714\",\"name\":\"Instituto Nacional de Meteorologia prev\u00ea chuvas fortes em Minas, Esp\u00edrito Santo e Bahia - Aconteceu no Vale\",\"isPartOf\":{\"@id\":\"https:\\\/\\\/aconteceunovale.com.br\\\/portal\\\/#website\"},\"primaryImageOfPage\":{\"@id\":\"https:\\\/\\\/aconteceunovale.com.br\\\/portal\\\/?p=191714#primaryimage\"},\"image\":{\"@id\":\"https:\\\/\\\/aconteceunovale.com.br\\\/portal\\\/?p=191714#primaryimage\"},\"thumbnailUrl\":\"https:\\\/\\\/aconteceunovale.com.br\\\/portal\\\/wp-content\\\/uploads\\\/2022\\\/10\\\/chuva_forte.jpeg\",\"datePublished\":\"2022-10-24T23:26:15+00:00\",\"dateModified\":\"2022-10-24T23:27:17+00:00\",\"author\":{\"@id\":\"https:\\\/\\\/aconteceunovale.com.br\\\/portal\\\/#\\\/schema\\\/person\\\/7d2f26d1483f8a63de73da1ee0754d35\"},\"breadcrumb\":{\"@id\":\"https:\\\/\\\/aconteceunovale.com.br\\\/portal\\\/?p=191714#breadcrumb\"},\"inLanguage\":\"pt-BR\",\"potentialAction\":[{\"@type\":\"ReadAction\",\"target\":[\"https:\\\/\\\/aconteceunovale.com.br\\\/portal\\\/?p=191714\"]}]},{\"@type\":\"ImageObject\",\"inLanguage\":\"pt-BR\",\"@id\":\"https:\\\/\\\/aconteceunovale.com.br\\\/portal\\\/?p=191714#primaryimage\",\"url\":\"https:\\\/\\\/aconteceunovale.com.br\\\/portal\\\/wp-content\\\/uploads\\\/2022\\\/10\\\/chuva_forte.jpeg\",\"contentUrl\":\"https:\\\/\\\/aconteceunovale.com.br\\\/portal\\\/wp-content\\\/uploads\\\/2022\\\/10\\\/chuva_forte.jpeg\",\"width\":675,\"height\":450},{\"@type\":\"BreadcrumbList\",\"@id\":\"https:\\\/\\\/aconteceunovale.com.br\\\/portal\\\/?p=191714#breadcrumb\",\"itemListElement\":[{\"@type\":\"ListItem\",\"position\":1,\"name\":\"In\u00edcio\",\"item\":\"https:\\\/\\\/aconteceunovale.com.br\\\/portal\\\/\"},{\"@type\":\"ListItem\",\"position\":2,\"name\":\"Instituto Nacional de Meteorologia prev\u00ea chuvas fortes em Minas, Esp\u00edrito Santo e Bahia\"}]},{\"@type\":\"WebSite\",\"@id\":\"https:\\\/\\\/aconteceunovale.com.br\\\/portal\\\/#website\",\"url\":\"https:\\\/\\\/aconteceunovale.com.br\\\/portal\\\/\",\"name\":\"Aconteceu no Vale\",\"description\":\"Portal de Not\u00edcias\",\"potentialAction\":[{\"@type\":\"SearchAction\",\"target\":{\"@type\":\"EntryPoint\",\"urlTemplate\":\"https:\\\/\\\/aconteceunovale.com.br\\\/portal\\\/?s={search_term_string}\"},\"query-input\":{\"@type\":\"PropertyValueSpecification\",\"valueRequired\":true,\"valueName\":\"search_term_string\"}}],\"inLanguage\":\"pt-BR\"},{\"@type\":\"Person\",\"@id\":\"https:\\\/\\\/aconteceunovale.com.br\\\/portal\\\/#\\\/schema\\\/person\\\/7d2f26d1483f8a63de73da1ee0754d35\",\"name\":\"Reda\u00e7\u00e3o Aconteceu no Vale\",\"description\":\"Equipe de reportagem do Aconteceu no Vale, portal de not\u00edcias do Vale do Jequitinhonha, em Minas Gerais. Cobrimos as 51 cidades do Vale desde 2013. Sugest\u00f5es de pauta e pedidos de corre\u00e7\u00e3o: contato@aconteceunovale.com.br\",\"url\":\"https:\\\/\\\/aconteceunovale.com.br\\\/portal\\\/?author=4\"}]}<\/script>\n<!-- \/ Yoast SEO plugin. -->","yoast_head_json":{"title":"Instituto Nacional de Meteorologia prev\u00ea chuvas fortes em Minas, Esp\u00edrito Santo e Bahia - Aconteceu no Vale","robots":{"index":"index","follow":"follow","max-snippet":"max-snippet:-1","max-image-preview":"max-image-preview:large","max-video-preview":"max-video-preview:-1"},"canonical":"https:\/\/aconteceunovale.com.br\/portal\/?p=191714","og_locale":"pt_BR","og_type":"article","og_title":"Instituto Nacional de Meteorologia prev\u00ea chuvas fortes em Minas, Esp\u00edrito Santo e Bahia - Aconteceu no Vale","og_description":"O in\u00edcio da semana ser\u00e1 marcado com fortes chuvas no Esp\u00edrito Santo, em Minas Gerais e na Bahia. Segundo informa\u00e7\u00f5es do Instituto Nacional de Meteorologia (Inmet), as chuvas atingir\u00e3o esses estados hoje (24) e amanh\u00e3 (25). A Defesa Civil Nacional fez um alerta para chuvas intensas. Os Vales do Mucuri e do Jequitinhonha e o [&hellip;]","og_url":"https:\/\/aconteceunovale.com.br\/portal\/?p=191714","og_site_name":"Aconteceu no Vale","article_publisher":"https:\/\/www.facebook.com\/aconteceunovale\/","article_published_time":"2022-10-24T23:26:15+00:00","article_modified_time":"2022-10-24T23:27:17+00:00","og_image":[{"width":675,"height":450,"url":"https:\/\/aconteceunovale.com.br\/portal\/wp-content\/uploads\/2022\/10\/chuva_forte.jpeg","type":"image\/jpeg"}],"author":"Reda\u00e7\u00e3o Aconteceu no Vale","twitter_card":"summary_large_image","twitter_creator":"@noticiadosvales","twitter_site":"@noticiadosvales","twitter_misc":{"Escrito por":"Reda\u00e7\u00e3o Aconteceu no Vale","Est. tempo de leitura":"2 minutos"},"schema":{"@context":"https:\/\/schema.org","@graph":[{"@type":"Article","@id":"https:\/\/aconteceunovale.com.br\/portal\/?p=191714#article","isPartOf":{"@id":"https:\/\/aconteceunovale.com.br\/portal\/?p=191714"},"author":{"name":"Reda\u00e7\u00e3o Aconteceu no Vale","@id":"https:\/\/aconteceunovale.com.br\/portal\/#\/schema\/person\/7d2f26d1483f8a63de73da1ee0754d35"},"headline":"Instituto Nacional de Meteorologia prev\u00ea chuvas fortes em Minas, Esp\u00edrito Santo e Bahia","datePublished":"2022-10-24T23:26:15+00:00","dateModified":"2022-10-24T23:27:17+00:00","mainEntityOfPage":{"@id":"https:\/\/aconteceunovale.com.br\/portal\/?p=191714"},"wordCount":384,"commentCount":0,"image":{"@id":"https:\/\/aconteceunovale.com.br\/portal\/?p=191714#primaryimage"},"thumbnailUrl":"https:\/\/aconteceunovale.com.br\/portal\/wp-content\/uploads\/2022\/10\/chuva_forte.jpeg","keywords":["Bahia","Chuva forte em Minas","Chuva forte em Minas Gerais","Defesa Civil","destaque","Esp\u00edrito Santo","Inmet","Instituto Nacional de Meteorologia prev\u00ea chuvas fortes em Minas Gerais","MG","Minas","Minas Gerais","Norte de Minas","Vale do Jequitinhonha","Vale do Mucuri"],"articleSection":["Brasil","Minas Gerais"],"inLanguage":"pt-BR","potentialAction":[{"@type":"CommentAction","name":"Comment","target":["https:\/\/aconteceunovale.com.br\/portal\/?p=191714#respond"]}]},{"@type":"WebPage","@id":"https:\/\/aconteceunovale.com.br\/portal\/?p=191714","url":"https:\/\/aconteceunovale.com.br\/portal\/?p=191714","name":"Instituto Nacional de Meteorologia prev\u00ea chuvas fortes em Minas, Esp\u00edrito Santo e Bahia - Aconteceu no Vale","isPartOf":{"@id":"https:\/\/aconteceunovale.com.br\/portal\/#website"},"primaryImageOfPage":{"@id":"https:\/\/aconteceunovale.com.br\/portal\/?p=191714#primaryimage"},"image":{"@id":"https:\/\/aconteceunovale.com.br\/portal\/?p=191714#primaryimage"},"thumbnailUrl":"https:\/\/aconteceunovale.com.br\/portal\/wp-content\/uploads\/2022\/10\/chuva_forte.jpeg","datePublished":"2022-10-24T23:26:15+00:00","dateModified":"2022-10-24T23:27:17+00:00","author":{"@id":"https:\/\/aconteceunovale.com.br\/portal\/#\/schema\/person\/7d2f26d1483f8a63de73da1ee0754d35"},"breadcrumb":{"@id":"https:\/\/aconteceunovale.com.br\/portal\/?p=191714#breadcrumb"},"inLanguage":"pt-BR","potentialAction":[{"@type":"ReadAction","target":["https:\/\/aconteceunovale.com.br\/portal\/?p=191714"]}]},{"@type":"ImageObject","inLanguage":"pt-BR","@id":"https:\/\/aconteceunovale.com.br\/portal\/?p=191714#primaryimage","url":"https:\/\/aconteceunovale.com.br\/portal\/wp-content\/uploads\/2022\/10\/chuva_forte.jpeg","contentUrl":"https:\/\/aconteceunovale.com.br\/portal\/wp-content\/uploads\/2022\/10\/chuva_forte.jpeg","width":675,"height":450},{"@type":"BreadcrumbList","@id":"https:\/\/aconteceunovale.com.br\/portal\/?p=191714#breadcrumb","itemListElement":[{"@type":"ListItem","position":1,"name":"In\u00edcio","item":"https:\/\/aconteceunovale.com.br\/portal\/"},{"@type":"ListItem","position":2,"name":"Instituto Nacional de Meteorologia prev\u00ea chuvas fortes em Minas, Esp\u00edrito Santo e Bahia"}]},{"@type":"WebSite","@id":"https:\/\/aconteceunovale.com.br\/portal\/#website","url":"https:\/\/aconteceunovale.com.br\/portal\/","name":"Aconteceu no Vale","description":"Portal de Not\u00edcias","potentialAction":[{"@type":"SearchAction","target":{"@type":"EntryPoint","urlTemplate":"https:\/\/aconteceunovale.com.br\/portal\/?s={search_term_string}"},"query-input":{"@type":"PropertyValueSpecification","valueRequired":true,"valueName":"search_term_string"}}],"inLanguage":"pt-BR"},{"@type":"Person","@id":"https:\/\/aconteceunovale.com.br\/portal\/#\/schema\/person\/7d2f26d1483f8a63de73da1ee0754d35","name":"Reda\u00e7\u00e3o Aconteceu no Vale","description":"Equipe de reportagem do Aconteceu no Vale, portal de not\u00edcias do Vale do Jequitinhonha, em Minas Gerais. Cobrimos as 51 cidades do Vale desde 2013. Sugest\u00f5es de pauta e pedidos de corre\u00e7\u00e3o: contato@aconteceunovale.com.br","url":"https:\/\/aconteceunovale.com.br\/portal\/?author=4"}]}},"_links":{"self":[{"href":"https:\/\/aconteceunovale.com.br\/portal\/index.php?rest_route=\/wp\/v2\/posts\/191714","targetHints":{"allow":["GET"]}}],"collection":[{"href":"https:\/\/aconteceunovale.com.br\/portal\/index.php?rest_route=\/wp\/v2\/posts"}],"about":[{"href":"https:\/\/aconteceunovale.com.br\/portal\/index.php?rest_route=\/wp\/v2\/types\/post"}],"author":[{"embeddable":true,"href":"https:\/\/aconteceunovale.com.br\/portal\/index.php?rest_route=\/wp\/v2\/users\/4"}],"replies":[{"embeddable":true,"href":"https:\/\/aconteceunovale.com.br\/portal\/index.php?rest_route=%2Fwp%2Fv2%2Fcomments&post=191714"}],"version-history":[{"count":1,"href":"https:\/\/aconteceunovale.com.br\/portal\/index.php?rest_route=\/wp\/v2\/posts\/191714\/revisions"}],"predecessor-version":[{"id":191716,"href":"https:\/\/aconteceunovale.com.br\/portal\/index.php?rest_route=\/wp\/v2\/posts\/191714\/revisions\/191716"}],"wp:featuredmedia":[{"embeddable":true,"href":"https:\/\/aconteceunovale.com.br\/portal\/index.php?rest_route=\/wp\/v2\/media\/191715"}],"wp:attachment":[{"href":"https:\/\/aconteceunovale.com.br\/portal\/index.php?rest_route=%2Fwp%2Fv2%2Fmedia&parent=191714"}],"wp:term":[{"taxonomy":"category","embeddable":true,"href":"https:\/\/aconteceunovale.com.br\/portal\/index.php?rest_route=%2Fwp%2Fv2%2Fcategories&post=191714"},{"taxonomy":"post_tag","embeddable":true,"href":"https:\/\/aconteceunovale.com.br\/portal\/index.php?rest_route=%2Fwp%2Fv2%2Ftags&post=191714"}],"curies":[{"name":"wp","href":"https:\/\/api.w.org\/{rel}","templated":true}]}}