{"id":191708,"date":"2022-10-24T17:01:57","date_gmt":"2022-10-24T20:01:57","guid":{"rendered":"https:\/\/aconteceunovale.com.br\/portal\/?p=191708"},"modified":"2022-10-24T17:03:10","modified_gmt":"2022-10-24T20:03:10","slug":"motoristas-terao-que-apresentar-registro-de-licenciamento-do-veiculo-em-novembro-define-detran-mg","status":"publish","type":"post","link":"https:\/\/aconteceunovale.com.br\/portal\/?p=191708","title":{"rendered":"Motoristas ter\u00e3o que apresentar registro de licenciamento do ve\u00edculo em novembro, define Detran-MG"},"content":{"rendered":"\n<p class=\"wp-block-paragraph\">Propriet\u00e1rios de ve\u00edculos registrados em Minas Gerais devem ficar atentos para o prazo de exig\u00eancia do Certificado de Registro e Licenciamento de Ve\u00edculo (CRLV). A partir de 21\/11, o CRLV referente ao ano de 2022, no formato digital ou impresso, ser\u00e1 considerado o documento v\u00e1lido para comprovar a regularidade do ve\u00edculo em circula\u00e7\u00e3o.<\/p>\n\n\n\n<figure class=\"wp-block-gallery has-nested-images columns-default is-cropped wp-block-gallery-1 is-layout-flex wp-block-gallery-is-layout-flex\">\n<figure class=\"wp-block-image size-large\"><img loading=\"lazy\" decoding=\"async\" width=\"674\" height=\"450\" data-id=\"191709\" src=\"https:\/\/aconteceunovale.com.br\/portal\/wp-content\/uploads\/2022\/10\/veiculos_mg.jpg\" alt=\"\" class=\"wp-image-191709\" srcset=\"https:\/\/aconteceunovale.com.br\/portal\/wp-content\/uploads\/2022\/10\/veiculos_mg.jpg 674w, https:\/\/aconteceunovale.com.br\/portal\/wp-content\/uploads\/2022\/10\/veiculos_mg-300x200.jpg 300w, https:\/\/aconteceunovale.com.br\/portal\/wp-content\/uploads\/2022\/10\/veiculos_mg-629x420.jpg 629w\" sizes=\"auto, (max-width: 674px) 100vw, 674px\" \/><figcaption><em><sub>Foto: Gil Leonardi \/ Imprensa MG<\/sub><\/em><\/figcaption><\/figure>\n<\/figure>\n\n\n\n<p class=\"wp-block-paragraph\">Conforme determinado pelo Conselho Nacional de Tr\u00e2nsito (Contran), o documento \u00e9 disponibilizado na vers\u00e3o digital com acesso por meio do aplicativo Carteira Digital de Tr\u00e2nsito (CDT), e para impress\u00e3o em folha de papel comum no site\u00a0<a href=\"https:\/\/www.agenciaminas.mg.gov.br\/noticia\/www.detran.mg.gov.br\" target=\"_blank\" rel=\"noreferrer noopener\">www.detran.mg.gov.br<\/a>\u00a0e portal de servi\u00e7os do Senatran. Assim, n\u00e3o h\u00e1 mais a impress\u00e3o do CRLV em papel moeda e o certificado deixou de ser entregue nos domic\u00edlios dos propriet\u00e1rios pelos Correios.<\/p>\n\n\n\n<p class=\"wp-block-paragraph\">Para fins de fiscaliza\u00e7\u00e3o, o documento poder\u00e1 ser apresentado impresso em papel comum ou no aplicativo Carteira Digital de Tr\u00e2nsito (CDT), dispon\u00edvel para aparelhos com sistemas Android e iOS. O porte do CRLV poder\u00e1 ser dispensado, caso o agente possa consultar o sistema do\u00a0Departamento de Tr\u00e2nsito de Minas Gerais (Detran-MG)\u00a0para verificar se o ve\u00edculo est\u00e1 licenciado.<\/p>\n\n\n\n<p class=\"wp-block-paragraph\">De acordo com o diretor do Detran-MG, delegado Eurico da Cunha Neto, \u201cdurante as abordagens ao condutor, a fiscaliza\u00e7\u00e3o de tr\u00e2nsito observa os documentos de porte obrigat\u00f3rio, que s\u00e3o o CRLV e habilita\u00e7\u00e3o, sendo desnecess\u00e1rio apresentar comprovantes de pagamento das taxas e tributos\u201d.<\/p>\n\n\n\n<p class=\"wp-block-paragraph\">Os propriet\u00e1rios de ve\u00edculos que ainda n\u00e3o possuem o CRLV de 2022 devem acessar o site&nbsp;<a href=\"https:\/\/www.agenciaminas.mg.gov.br\/noticia\/www.detran.mg.gov.br\" target=\"_blank\" rel=\"noreferrer noopener\">www.detran.mg.gov.br<\/a>&nbsp;para verificar se h\u00e1 d\u00e9bitos do IPVA, seguro obrigat\u00f3rio, Taxa de Renova\u00e7\u00e3o do Licenciamento Anual do Ve\u00edculo e eventuais multas.<\/p>\n\n\n\n<p class=\"wp-block-paragraph\">Para mais tranquilidade dos propriet\u00e1rios de ve\u00edculos automotores, registrados no Estado de Minas Gerais, o Detran-MG comunicou a todos os \u00f3rg\u00e3os e entidades do Sistema Nacional de Tr\u00e2nsito, inclusive de outros estados, por meio do Senatran, sobre o licenciamento de 2022.<\/p>\n\n\n\n<p class=\"wp-block-paragraph\">&#8212;&#8212;&#8212;&#8212;&#8212;&#8212;<br><br><strong>Sabia que o Aconteceu no Vale est\u00e1 tamb\u00e9m no Telegram? <a rel=\"noreferrer noopener\" href=\"https:\/\/t.me\/aconteceunovaleoficial\" target=\"_blank\">Inscreva-se no canal<\/a>.<\/strong><br><br><strong>J\u00e1 curtiu ou seguiu nossas p\u00e1ginas nas redes sociais?\u00a0Receba as not\u00edcias em primeira m\u00e3o:<\/strong><br>\u2022 <a rel=\"noreferrer noopener\" href=\"https:\/\/news.google.com\/publications\/CAAqBwgKMNjklQswi4etAw?hl=pt-BR&amp;gl=BR&amp;ceid=BR%3Apt-419\" target=\"_blank\">Google News<\/a><br>\u2022 <a rel=\"noreferrer noopener\" href=\"https:\/\/www.facebook.com\/aconteceunovale\/\" target=\"_blank\">Facebook<\/a><br>\u2022 <a rel=\"noreferrer noopener\" href=\"https:\/\/twitter.com\/noticiadosvales\" target=\"_blank\">Twitter<\/a><br>\u2022 <a rel=\"noreferrer noopener\" href=\"https:\/\/www.instagram.com\/aconteceunovale\" target=\"_blank\">Instagram<\/a><br>\u2022 <a rel=\"noreferrer noopener\" href=\"https:\/\/www.youtube.com\/AconteceunoValeOficial\" target=\"_blank\">Youtube<\/a><br>\u2022 <a rel=\"noreferrer noopener\" href=\"https:\/\/www.tiktok.com\/@aconteceunovale\" target=\"_blank\">TikTok<\/a><\/p>\n","protected":false},"excerpt":{"rendered":"<p>Propriet\u00e1rios de ve\u00edculos registrados em Minas Gerais devem ficar atentos para o prazo de exig\u00eancia do Certificado de Registro e Licenciamento de Ve\u00edculo (CRLV). A partir de 21\/11, o CRLV referente ao ano de 2022, no formato digital ou impresso, ser\u00e1 considerado o documento v\u00e1lido para comprovar a regularidade do ve\u00edculo em circula\u00e7\u00e3o. Conforme determinado [&hellip;]<\/p>\n","protected":false},"author":4,"featured_media":191709,"comment_status":"open","ping_status":"closed","sticky":false,"template":"","format":"standard","meta":{"amp_status":"","footnotes":""},"categories":[123],"tags":[230787,1018,1243,255852,265379,144145,131,265378],"class_list":["post-191708","post","type-post","status-publish","format-standard","has-post-thumbnail","hentry","category-gerais","tag-crlv-minas-gerais","tag-destaque","tag-detran-mg","tag-exigencia-do-crlv-em-minas-gerais","tag-exigencia-do-licenciamento-em-minas-gerais","tag-licenciamento-minas-gerais","tag-minas-gerais","tag-motoristas-terao-que-apresentar-registro-de-licenciamento-do-veiculo-em-novembro"],"yoast_head":"<!-- This site is optimized with the Yoast SEO plugin v28.3 - https:\/\/yoast.com\/product\/yoast-seo-wordpress\/ -->\n<title>Motoristas ter\u00e3o que apresentar registro de licenciamento do ve\u00edculo em novembro, define Detran-MG - Aconteceu no Vale<\/title>\n<meta name=\"robots\" content=\"index, follow, max-snippet:-1, max-image-preview:large, max-video-preview:-1\" \/>\n<link rel=\"canonical\" href=\"https:\/\/aconteceunovale.com.br\/portal\/?p=191708\" \/>\n<meta property=\"og:locale\" content=\"pt_BR\" \/>\n<meta property=\"og:type\" content=\"article\" \/>\n<meta property=\"og:title\" content=\"Motoristas ter\u00e3o que apresentar registro de licenciamento do ve\u00edculo em novembro, define Detran-MG - Aconteceu no Vale\" \/>\n<meta property=\"og:description\" content=\"Propriet\u00e1rios de ve\u00edculos registrados em Minas Gerais devem ficar atentos para o prazo de exig\u00eancia do Certificado de Registro e Licenciamento de Ve\u00edculo (CRLV). A partir de 21\/11, o CRLV referente ao ano de 2022, no formato digital ou impresso, ser\u00e1 considerado o documento v\u00e1lido para comprovar a regularidade do ve\u00edculo em circula\u00e7\u00e3o. Conforme determinado [&hellip;]\" \/>\n<meta property=\"og:url\" content=\"https:\/\/aconteceunovale.com.br\/portal\/?p=191708\" \/>\n<meta property=\"og:site_name\" content=\"Aconteceu no Vale\" \/>\n<meta property=\"article:publisher\" content=\"https:\/\/www.facebook.com\/aconteceunovale\/\" \/>\n<meta property=\"article:published_time\" content=\"2022-10-24T20:01:57+00:00\" \/>\n<meta property=\"article:modified_time\" content=\"2022-10-24T20:03:10+00:00\" \/>\n<meta property=\"og:image\" content=\"https:\/\/aconteceunovale.com.br\/portal\/wp-content\/uploads\/2022\/10\/veiculos_mg.jpg\" \/>\n\t<meta property=\"og:image:width\" content=\"674\" \/>\n\t<meta property=\"og:image:height\" content=\"450\" \/>\n\t<meta property=\"og:image:type\" content=\"image\/jpeg\" \/>\n<meta name=\"author\" content=\"Reda\u00e7\u00e3o Aconteceu no Vale\" \/>\n<meta name=\"twitter:card\" content=\"summary_large_image\" \/>\n<meta name=\"twitter:creator\" content=\"@noticiadosvales\" \/>\n<meta name=\"twitter:site\" content=\"@noticiadosvales\" \/>\n<meta name=\"twitter:label1\" content=\"Escrito por\" \/>\n\t<meta name=\"twitter:data1\" content=\"Reda\u00e7\u00e3o Aconteceu no Vale\" \/>\n\t<meta name=\"twitter:label2\" content=\"Est. tempo de leitura\" \/>\n\t<meta name=\"twitter:data2\" content=\"2 minutos\" \/>\n<script type=\"application\/ld+json\" class=\"yoast-schema-graph\">{\"@context\":\"https:\\\/\\\/schema.org\",\"@graph\":[{\"@type\":\"Article\",\"@id\":\"https:\\\/\\\/aconteceunovale.com.br\\\/portal\\\/?p=191708#article\",\"isPartOf\":{\"@id\":\"https:\\\/\\\/aconteceunovale.com.br\\\/portal\\\/?p=191708\"},\"author\":{\"name\":\"Reda\u00e7\u00e3o Aconteceu no Vale\",\"@id\":\"https:\\\/\\\/aconteceunovale.com.br\\\/portal\\\/#\\\/schema\\\/person\\\/7d2f26d1483f8a63de73da1ee0754d35\"},\"headline\":\"Motoristas ter\u00e3o que apresentar registro de licenciamento do ve\u00edculo em novembro, define Detran-MG\",\"datePublished\":\"2022-10-24T20:01:57+00:00\",\"dateModified\":\"2022-10-24T20:03:10+00:00\",\"mainEntityOfPage\":{\"@id\":\"https:\\\/\\\/aconteceunovale.com.br\\\/portal\\\/?p=191708\"},\"wordCount\":402,\"commentCount\":0,\"image\":{\"@id\":\"https:\\\/\\\/aconteceunovale.com.br\\\/portal\\\/?p=191708#primaryimage\"},\"thumbnailUrl\":\"https:\\\/\\\/aconteceunovale.com.br\\\/portal\\\/wp-content\\\/uploads\\\/2022\\\/10\\\/veiculos_mg.jpg\",\"keywords\":[\"CRLV Minas Gerais\",\"destaque\",\"detran-mg\",\"Exig\u00eancia do CRLV em Minas Gerais\",\"Exig\u00eancia do licenciamento em Minas Gerais\",\"Licenciamento Minas Gerais\",\"Minas Gerais\",\"Motoristas ter\u00e3o que apresentar registro de licenciamento do ve\u00edculo em novembro\"],\"articleSection\":[\"Minas Gerais\"],\"inLanguage\":\"pt-BR\",\"potentialAction\":[{\"@type\":\"CommentAction\",\"name\":\"Comment\",\"target\":[\"https:\\\/\\\/aconteceunovale.com.br\\\/portal\\\/?p=191708#respond\"]}]},{\"@type\":\"WebPage\",\"@id\":\"https:\\\/\\\/aconteceunovale.com.br\\\/portal\\\/?p=191708\",\"url\":\"https:\\\/\\\/aconteceunovale.com.br\\\/portal\\\/?p=191708\",\"name\":\"Motoristas ter\u00e3o que apresentar registro de licenciamento do ve\u00edculo em novembro, define Detran-MG - Aconteceu no Vale\",\"isPartOf\":{\"@id\":\"https:\\\/\\\/aconteceunovale.com.br\\\/portal\\\/#website\"},\"primaryImageOfPage\":{\"@id\":\"https:\\\/\\\/aconteceunovale.com.br\\\/portal\\\/?p=191708#primaryimage\"},\"image\":{\"@id\":\"https:\\\/\\\/aconteceunovale.com.br\\\/portal\\\/?p=191708#primaryimage\"},\"thumbnailUrl\":\"https:\\\/\\\/aconteceunovale.com.br\\\/portal\\\/wp-content\\\/uploads\\\/2022\\\/10\\\/veiculos_mg.jpg\",\"datePublished\":\"2022-10-24T20:01:57+00:00\",\"dateModified\":\"2022-10-24T20:03:10+00:00\",\"author\":{\"@id\":\"https:\\\/\\\/aconteceunovale.com.br\\\/portal\\\/#\\\/schema\\\/person\\\/7d2f26d1483f8a63de73da1ee0754d35\"},\"breadcrumb\":{\"@id\":\"https:\\\/\\\/aconteceunovale.com.br\\\/portal\\\/?p=191708#breadcrumb\"},\"inLanguage\":\"pt-BR\",\"potentialAction\":[{\"@type\":\"ReadAction\",\"target\":[\"https:\\\/\\\/aconteceunovale.com.br\\\/portal\\\/?p=191708\"]}]},{\"@type\":\"ImageObject\",\"inLanguage\":\"pt-BR\",\"@id\":\"https:\\\/\\\/aconteceunovale.com.br\\\/portal\\\/?p=191708#primaryimage\",\"url\":\"https:\\\/\\\/aconteceunovale.com.br\\\/portal\\\/wp-content\\\/uploads\\\/2022\\\/10\\\/veiculos_mg.jpg\",\"contentUrl\":\"https:\\\/\\\/aconteceunovale.com.br\\\/portal\\\/wp-content\\\/uploads\\\/2022\\\/10\\\/veiculos_mg.jpg\",\"width\":674,\"height\":450},{\"@type\":\"BreadcrumbList\",\"@id\":\"https:\\\/\\\/aconteceunovale.com.br\\\/portal\\\/?p=191708#breadcrumb\",\"itemListElement\":[{\"@type\":\"ListItem\",\"position\":1,\"name\":\"In\u00edcio\",\"item\":\"https:\\\/\\\/aconteceunovale.com.br\\\/portal\\\/\"},{\"@type\":\"ListItem\",\"position\":2,\"name\":\"Motoristas ter\u00e3o que apresentar registro de licenciamento do ve\u00edculo em novembro, define Detran-MG\"}]},{\"@type\":\"WebSite\",\"@id\":\"https:\\\/\\\/aconteceunovale.com.br\\\/portal\\\/#website\",\"url\":\"https:\\\/\\\/aconteceunovale.com.br\\\/portal\\\/\",\"name\":\"Aconteceu no Vale\",\"description\":\"Portal de Not\u00edcias\",\"potentialAction\":[{\"@type\":\"SearchAction\",\"target\":{\"@type\":\"EntryPoint\",\"urlTemplate\":\"https:\\\/\\\/aconteceunovale.com.br\\\/portal\\\/?s={search_term_string}\"},\"query-input\":{\"@type\":\"PropertyValueSpecification\",\"valueRequired\":true,\"valueName\":\"search_term_string\"}}],\"inLanguage\":\"pt-BR\"},{\"@type\":\"Person\",\"@id\":\"https:\\\/\\\/aconteceunovale.com.br\\\/portal\\\/#\\\/schema\\\/person\\\/7d2f26d1483f8a63de73da1ee0754d35\",\"name\":\"Reda\u00e7\u00e3o Aconteceu no Vale\",\"description\":\"Equipe de reportagem do Aconteceu no Vale, portal de not\u00edcias do Vale do Jequitinhonha, em Minas Gerais. Cobrimos as 51 cidades do Vale desde 2013. Sugest\u00f5es de pauta e pedidos de corre\u00e7\u00e3o: contato@aconteceunovale.com.br\",\"url\":\"https:\\\/\\\/aconteceunovale.com.br\\\/portal\\\/?author=4\"}]}<\/script>\n<!-- \/ Yoast SEO plugin. -->","yoast_head_json":{"title":"Motoristas ter\u00e3o que apresentar registro de licenciamento do ve\u00edculo em novembro, define Detran-MG - Aconteceu no Vale","robots":{"index":"index","follow":"follow","max-snippet":"max-snippet:-1","max-image-preview":"max-image-preview:large","max-video-preview":"max-video-preview:-1"},"canonical":"https:\/\/aconteceunovale.com.br\/portal\/?p=191708","og_locale":"pt_BR","og_type":"article","og_title":"Motoristas ter\u00e3o que apresentar registro de licenciamento do ve\u00edculo em novembro, define Detran-MG - Aconteceu no Vale","og_description":"Propriet\u00e1rios de ve\u00edculos registrados em Minas Gerais devem ficar atentos para o prazo de exig\u00eancia do Certificado de Registro e Licenciamento de Ve\u00edculo (CRLV). A partir de 21\/11, o CRLV referente ao ano de 2022, no formato digital ou impresso, ser\u00e1 considerado o documento v\u00e1lido para comprovar a regularidade do ve\u00edculo em circula\u00e7\u00e3o. Conforme determinado [&hellip;]","og_url":"https:\/\/aconteceunovale.com.br\/portal\/?p=191708","og_site_name":"Aconteceu no Vale","article_publisher":"https:\/\/www.facebook.com\/aconteceunovale\/","article_published_time":"2022-10-24T20:01:57+00:00","article_modified_time":"2022-10-24T20:03:10+00:00","og_image":[{"width":674,"height":450,"url":"https:\/\/aconteceunovale.com.br\/portal\/wp-content\/uploads\/2022\/10\/veiculos_mg.jpg","type":"image\/jpeg"}],"author":"Reda\u00e7\u00e3o Aconteceu no Vale","twitter_card":"summary_large_image","twitter_creator":"@noticiadosvales","twitter_site":"@noticiadosvales","twitter_misc":{"Escrito por":"Reda\u00e7\u00e3o Aconteceu no Vale","Est. tempo de leitura":"2 minutos"},"schema":{"@context":"https:\/\/schema.org","@graph":[{"@type":"Article","@id":"https:\/\/aconteceunovale.com.br\/portal\/?p=191708#article","isPartOf":{"@id":"https:\/\/aconteceunovale.com.br\/portal\/?p=191708"},"author":{"name":"Reda\u00e7\u00e3o Aconteceu no Vale","@id":"https:\/\/aconteceunovale.com.br\/portal\/#\/schema\/person\/7d2f26d1483f8a63de73da1ee0754d35"},"headline":"Motoristas ter\u00e3o que apresentar registro de licenciamento do ve\u00edculo em novembro, define Detran-MG","datePublished":"2022-10-24T20:01:57+00:00","dateModified":"2022-10-24T20:03:10+00:00","mainEntityOfPage":{"@id":"https:\/\/aconteceunovale.com.br\/portal\/?p=191708"},"wordCount":402,"commentCount":0,"image":{"@id":"https:\/\/aconteceunovale.com.br\/portal\/?p=191708#primaryimage"},"thumbnailUrl":"https:\/\/aconteceunovale.com.br\/portal\/wp-content\/uploads\/2022\/10\/veiculos_mg.jpg","keywords":["CRLV Minas Gerais","destaque","detran-mg","Exig\u00eancia do CRLV em Minas Gerais","Exig\u00eancia do licenciamento em Minas Gerais","Licenciamento Minas Gerais","Minas Gerais","Motoristas ter\u00e3o que apresentar registro de licenciamento do ve\u00edculo em novembro"],"articleSection":["Minas Gerais"],"inLanguage":"pt-BR","potentialAction":[{"@type":"CommentAction","name":"Comment","target":["https:\/\/aconteceunovale.com.br\/portal\/?p=191708#respond"]}]},{"@type":"WebPage","@id":"https:\/\/aconteceunovale.com.br\/portal\/?p=191708","url":"https:\/\/aconteceunovale.com.br\/portal\/?p=191708","name":"Motoristas ter\u00e3o que apresentar registro de licenciamento do ve\u00edculo em novembro, define Detran-MG - Aconteceu no Vale","isPartOf":{"@id":"https:\/\/aconteceunovale.com.br\/portal\/#website"},"primaryImageOfPage":{"@id":"https:\/\/aconteceunovale.com.br\/portal\/?p=191708#primaryimage"},"image":{"@id":"https:\/\/aconteceunovale.com.br\/portal\/?p=191708#primaryimage"},"thumbnailUrl":"https:\/\/aconteceunovale.com.br\/portal\/wp-content\/uploads\/2022\/10\/veiculos_mg.jpg","datePublished":"2022-10-24T20:01:57+00:00","dateModified":"2022-10-24T20:03:10+00:00","author":{"@id":"https:\/\/aconteceunovale.com.br\/portal\/#\/schema\/person\/7d2f26d1483f8a63de73da1ee0754d35"},"breadcrumb":{"@id":"https:\/\/aconteceunovale.com.br\/portal\/?p=191708#breadcrumb"},"inLanguage":"pt-BR","potentialAction":[{"@type":"ReadAction","target":["https:\/\/aconteceunovale.com.br\/portal\/?p=191708"]}]},{"@type":"ImageObject","inLanguage":"pt-BR","@id":"https:\/\/aconteceunovale.com.br\/portal\/?p=191708#primaryimage","url":"https:\/\/aconteceunovale.com.br\/portal\/wp-content\/uploads\/2022\/10\/veiculos_mg.jpg","contentUrl":"https:\/\/aconteceunovale.com.br\/portal\/wp-content\/uploads\/2022\/10\/veiculos_mg.jpg","width":674,"height":450},{"@type":"BreadcrumbList","@id":"https:\/\/aconteceunovale.com.br\/portal\/?p=191708#breadcrumb","itemListElement":[{"@type":"ListItem","position":1,"name":"In\u00edcio","item":"https:\/\/aconteceunovale.com.br\/portal\/"},{"@type":"ListItem","position":2,"name":"Motoristas ter\u00e3o que apresentar registro de licenciamento do ve\u00edculo em novembro, define Detran-MG"}]},{"@type":"WebSite","@id":"https:\/\/aconteceunovale.com.br\/portal\/#website","url":"https:\/\/aconteceunovale.com.br\/portal\/","name":"Aconteceu no Vale","description":"Portal de Not\u00edcias","potentialAction":[{"@type":"SearchAction","target":{"@type":"EntryPoint","urlTemplate":"https:\/\/aconteceunovale.com.br\/portal\/?s={search_term_string}"},"query-input":{"@type":"PropertyValueSpecification","valueRequired":true,"valueName":"search_term_string"}}],"inLanguage":"pt-BR"},{"@type":"Person","@id":"https:\/\/aconteceunovale.com.br\/portal\/#\/schema\/person\/7d2f26d1483f8a63de73da1ee0754d35","name":"Reda\u00e7\u00e3o Aconteceu no Vale","description":"Equipe de reportagem do Aconteceu no Vale, portal de not\u00edcias do Vale do Jequitinhonha, em Minas Gerais. Cobrimos as 51 cidades do Vale desde 2013. Sugest\u00f5es de pauta e pedidos de corre\u00e7\u00e3o: contato@aconteceunovale.com.br","url":"https:\/\/aconteceunovale.com.br\/portal\/?author=4"}]}},"_links":{"self":[{"href":"https:\/\/aconteceunovale.com.br\/portal\/index.php?rest_route=\/wp\/v2\/posts\/191708","targetHints":{"allow":["GET"]}}],"collection":[{"href":"https:\/\/aconteceunovale.com.br\/portal\/index.php?rest_route=\/wp\/v2\/posts"}],"about":[{"href":"https:\/\/aconteceunovale.com.br\/portal\/index.php?rest_route=\/wp\/v2\/types\/post"}],"author":[{"embeddable":true,"href":"https:\/\/aconteceunovale.com.br\/portal\/index.php?rest_route=\/wp\/v2\/users\/4"}],"replies":[{"embeddable":true,"href":"https:\/\/aconteceunovale.com.br\/portal\/index.php?rest_route=%2Fwp%2Fv2%2Fcomments&post=191708"}],"version-history":[{"count":1,"href":"https:\/\/aconteceunovale.com.br\/portal\/index.php?rest_route=\/wp\/v2\/posts\/191708\/revisions"}],"predecessor-version":[{"id":191710,"href":"https:\/\/aconteceunovale.com.br\/portal\/index.php?rest_route=\/wp\/v2\/posts\/191708\/revisions\/191710"}],"wp:featuredmedia":[{"embeddable":true,"href":"https:\/\/aconteceunovale.com.br\/portal\/index.php?rest_route=\/wp\/v2\/media\/191709"}],"wp:attachment":[{"href":"https:\/\/aconteceunovale.com.br\/portal\/index.php?rest_route=%2Fwp%2Fv2%2Fmedia&parent=191708"}],"wp:term":[{"taxonomy":"category","embeddable":true,"href":"https:\/\/aconteceunovale.com.br\/portal\/index.php?rest_route=%2Fwp%2Fv2%2Fcategories&post=191708"},{"taxonomy":"post_tag","embeddable":true,"href":"https:\/\/aconteceunovale.com.br\/portal\/index.php?rest_route=%2Fwp%2Fv2%2Ftags&post=191708"}],"curies":[{"name":"wp","href":"https:\/\/api.w.org\/{rel}","templated":true}]}}