{"id":191698,"date":"2022-10-24T10:59:58","date_gmt":"2022-10-24T13:59:58","guid":{"rendered":"https:\/\/aconteceunovale.com.br\/portal\/?p=191698"},"modified":"2022-10-24T11:02:44","modified_gmt":"2022-10-24T14:02:44","slug":"lei-municipal-oficializa-a-rota-turistica-bahia-minas-em-teofilo-otoni","status":"publish","type":"post","link":"https:\/\/aconteceunovale.com.br\/portal\/?p=191698","title":{"rendered":"Lei municipal oficializa a Rota Tur\u00edstica Bahia-Minas em Te\u00f3filo Otoni"},"content":{"rendered":"\n<p class=\"wp-block-paragraph\">Em outubro, a C\u00e2mara Municipal de Te\u00f3filo Otoni instituiu a lei municipal 7.667, que oficializa a inclus\u00e3o da Rota Tur\u00edstica Bahia-Minas na programa\u00e7\u00e3o cultural, esportiva e tur\u00edstica da regi\u00e3o. A iniciativa beneficia empreendedores e moradores de comunidades que vivem e trabalham na antiga Estrada de Ferro Bahia-Minas, que com a ajuda e suporte do Sebrae Minas tornou o percurso da ferrovia, desativada em 1966, a mais nova rota tur\u00edstica de Minas Gerais.<\/p>\n\n\n\n<figure class=\"wp-block-gallery has-nested-images columns-default is-cropped wp-block-gallery-1 is-layout-flex wp-block-gallery-is-layout-flex\">\n<figure class=\"wp-block-image size-large\"><img loading=\"lazy\" decoding=\"async\" width=\"675\" height=\"450\" data-id=\"191699\" src=\"https:\/\/aconteceunovale.com.br\/portal\/wp-content\/uploads\/2022\/10\/passeio_bahia_minas.jpg\" alt=\"\" class=\"wp-image-191699\" srcset=\"https:\/\/aconteceunovale.com.br\/portal\/wp-content\/uploads\/2022\/10\/passeio_bahia_minas.jpg 675w, https:\/\/aconteceunovale.com.br\/portal\/wp-content\/uploads\/2022\/10\/passeio_bahia_minas-300x200.jpg 300w, https:\/\/aconteceunovale.com.br\/portal\/wp-content\/uploads\/2022\/10\/passeio_bahia_minas-630x420.jpg 630w\" sizes=\"auto, (max-width: 675px) 100vw, 675px\" \/><figcaption><em><sub>Foto: Divulga\u00e7\u00e3o \/ Rota Bahia Minas \/ Enviado por Catherina Dias<\/sub><\/em><\/figcaption><\/figure>\n<\/figure>\n\n\n\n<p class=\"wp-block-paragraph\">A legisla\u00e7\u00e3o ainda prev\u00ea o cadastramento no Conselho Municipal de Turismo de pequenos neg\u00f3cios localizados no trajeto, que passar\u00e3o a servir as normas sanit\u00e1rias e de formaliza\u00e7\u00e3o regidos pela legisla\u00e7\u00e3o municipal.<\/p>\n\n\n\n<p class=\"wp-block-paragraph\">Para o analista do Sebrae Minas Jeferson Batalha este \u00e9 um passo importante para incentivar a organiza\u00e7\u00e3o produtiva das comunidades locais que dependem do turismo para a gera\u00e7\u00e3o de emprego e renda. &#8220;Com a lei, as atividades desenvolvidas na rota passam a ser divulgadas em publica\u00e7\u00f5es, sites, mapas, guias do munic\u00edpio relacionados ao turismo. Com isso, a rota ganha notoriedade e passa a ser reconhecida por mais turistas que visitam a regi\u00e3o &#8220;, afirma Batalha.<\/p>\n\n\n\n<h2 class=\"wp-block-heading\"><strong>Rota Bahia-Minas<\/strong><\/h2>\n\n\n\n<p class=\"wp-block-paragraph\">Criada pelo Sebrae Minas, com apoio de diversas institui\u00e7\u00f5es p\u00fablicas e privadas, a Rota Tur\u00edstica Bahia-Minas \u00e9 integrada por seis munic\u00edpios&nbsp;dos vales do Mucuri e Jequitinhonha. &nbsp;A iniciativa prev\u00ea uma s\u00e9rie de a\u00e7\u00f5es para alavancar o turismo na regi\u00e3o e gerar novas oportunidades de neg\u00f3cios por onde passava a antiga ferrovia.<\/p>\n\n\n\n<p class=\"wp-block-paragraph\">Entre as a\u00e7\u00f5es est\u00e3o a promo\u00e7\u00e3o de eventos de aventura, capacita\u00e7\u00e3o dos pequenos neg\u00f3cios locais, mapeamento de atrativos e fomento ao turismo regional. Para conhecer mais sobre os atrativos da Rota Tur\u00edstica Bahia-Minas acesse o site www.rotabahiaminas.com.br e acompanhe as dicas de viagem, programa\u00e7\u00e3o de eventos, indica\u00e7\u00f5es de meios de hospedagens e lugares para saborear a gastronomia da regi\u00e3o.\u00a0<\/p>\n\n\n\n<p class=\"wp-block-paragraph\">&#8212;&#8212;&#8212;&#8212;&#8212;&#8212;<br><br><strong>Sabia que o Aconteceu no Vale est\u00e1 tamb\u00e9m no Telegram? <a rel=\"noreferrer noopener\" href=\"https:\/\/t.me\/aconteceunovaleoficial\" target=\"_blank\">Inscreva-se no canal<\/a>.<\/strong><br><br><strong>J\u00e1 curtiu ou seguiu nossas p\u00e1ginas nas redes sociais?\u00a0Receba as not\u00edcias em primeira m\u00e3o:<\/strong><br>\u2022 <a rel=\"noreferrer noopener\" href=\"https:\/\/news.google.com\/publications\/CAAqBwgKMNjklQswi4etAw?hl=pt-BR&amp;gl=BR&amp;ceid=BR%3Apt-419\" target=\"_blank\">Google News<\/a><br>\u2022 <a rel=\"noreferrer noopener\" href=\"https:\/\/www.facebook.com\/aconteceunovale\/\" target=\"_blank\">Facebook<\/a><br>\u2022 <a rel=\"noreferrer noopener\" href=\"https:\/\/twitter.com\/noticiadosvales\" target=\"_blank\">Twitter<\/a><br>\u2022 <a rel=\"noreferrer noopener\" href=\"https:\/\/www.instagram.com\/aconteceunovale\" target=\"_blank\">Instagram<\/a><br>\u2022 <a rel=\"noreferrer noopener\" href=\"https:\/\/www.youtube.com\/AconteceunoValeOficial\" target=\"_blank\">Youtube<\/a><br>\u2022 <a rel=\"noreferrer noopener\" href=\"https:\/\/www.tiktok.com\/@aconteceunovale\" target=\"_blank\">TikTok<\/a><\/p>\n","protected":false},"excerpt":{"rendered":"<p>Em outubro, a C\u00e2mara Municipal de Te\u00f3filo Otoni instituiu a lei municipal 7.667, que oficializa a inclus\u00e3o da Rota Tur\u00edstica Bahia-Minas na programa\u00e7\u00e3o cultural, esportiva e tur\u00edstica da regi\u00e3o. A iniciativa beneficia empreendedores e moradores de comunidades que vivem e trabalham na antiga Estrada de Ferro Bahia-Minas, que com a ajuda e suporte do Sebrae [&hellip;]<\/p>\n","protected":false},"author":4,"featured_media":191699,"comment_status":"open","ping_status":"closed","sticky":false,"template":"","format":"standard","meta":{"amp_status":"","footnotes":""},"categories":[122],"tags":[265363,176745,1018,244558,265361,265364,265362,44759,164],"class_list":["post-191698","post","type-post","status-publish","format-standard","has-post-thumbnail","hentry","category-mucuri","tag-bahia-minas","tag-camara-municipal-de-teofilo-otoni","tag-destaque","tag-estrada-de-ferro-bahia-minas","tag-lei-municipal-oficializa-a-rota-turistica-bahia-minas-em-teofilo-otoni","tag-rota-bahia-minas","tag-rota-turistica-bahia-minas-em-teofilo-otoni","tag-sebrae-minas","tag-teofilo-otoni"],"yoast_head":"<!-- This site is optimized with the Yoast SEO plugin v28.3 - https:\/\/yoast.com\/product\/yoast-seo-wordpress\/ -->\n<title>Lei municipal oficializa a Rota Tur\u00edstica Bahia-Minas em Te\u00f3filo Otoni - Aconteceu no Vale<\/title>\n<meta name=\"robots\" content=\"index, follow, max-snippet:-1, max-image-preview:large, max-video-preview:-1\" \/>\n<link rel=\"canonical\" href=\"https:\/\/aconteceunovale.com.br\/portal\/?p=191698\" \/>\n<meta property=\"og:locale\" content=\"pt_BR\" \/>\n<meta property=\"og:type\" content=\"article\" \/>\n<meta property=\"og:title\" content=\"Lei municipal oficializa a Rota Tur\u00edstica Bahia-Minas em Te\u00f3filo Otoni - Aconteceu no Vale\" \/>\n<meta property=\"og:description\" content=\"Em outubro, a C\u00e2mara Municipal de Te\u00f3filo Otoni instituiu a lei municipal 7.667, que oficializa a inclus\u00e3o da Rota Tur\u00edstica Bahia-Minas na programa\u00e7\u00e3o cultural, esportiva e tur\u00edstica da regi\u00e3o. A iniciativa beneficia empreendedores e moradores de comunidades que vivem e trabalham na antiga Estrada de Ferro Bahia-Minas, que com a ajuda e suporte do Sebrae [&hellip;]\" \/>\n<meta property=\"og:url\" content=\"https:\/\/aconteceunovale.com.br\/portal\/?p=191698\" \/>\n<meta property=\"og:site_name\" content=\"Aconteceu no Vale\" \/>\n<meta property=\"article:publisher\" content=\"https:\/\/www.facebook.com\/aconteceunovale\/\" \/>\n<meta property=\"article:published_time\" content=\"2022-10-24T13:59:58+00:00\" \/>\n<meta property=\"article:modified_time\" content=\"2022-10-24T14:02:44+00:00\" \/>\n<meta property=\"og:image\" content=\"https:\/\/aconteceunovale.com.br\/portal\/wp-content\/uploads\/2022\/10\/passeio_bahia_minas.jpg\" \/>\n\t<meta property=\"og:image:width\" content=\"675\" \/>\n\t<meta property=\"og:image:height\" content=\"450\" \/>\n\t<meta property=\"og:image:type\" content=\"image\/jpeg\" \/>\n<meta name=\"author\" content=\"Reda\u00e7\u00e3o Aconteceu no Vale\" \/>\n<meta name=\"twitter:card\" content=\"summary_large_image\" \/>\n<meta name=\"twitter:creator\" content=\"@noticiadosvales\" \/>\n<meta name=\"twitter:site\" content=\"@noticiadosvales\" \/>\n<meta name=\"twitter:label1\" content=\"Escrito por\" \/>\n\t<meta name=\"twitter:data1\" content=\"Reda\u00e7\u00e3o Aconteceu no Vale\" \/>\n\t<meta name=\"twitter:label2\" content=\"Est. tempo de leitura\" \/>\n\t<meta name=\"twitter:data2\" content=\"2 minutos\" \/>\n<script type=\"application\/ld+json\" class=\"yoast-schema-graph\">{\"@context\":\"https:\\\/\\\/schema.org\",\"@graph\":[{\"@type\":\"Article\",\"@id\":\"https:\\\/\\\/aconteceunovale.com.br\\\/portal\\\/?p=191698#article\",\"isPartOf\":{\"@id\":\"https:\\\/\\\/aconteceunovale.com.br\\\/portal\\\/?p=191698\"},\"author\":{\"name\":\"Reda\u00e7\u00e3o Aconteceu no Vale\",\"@id\":\"https:\\\/\\\/aconteceunovale.com.br\\\/portal\\\/#\\\/schema\\\/person\\\/7d2f26d1483f8a63de73da1ee0754d35\"},\"headline\":\"Lei municipal oficializa a Rota Tur\u00edstica Bahia-Minas em Te\u00f3filo Otoni\",\"datePublished\":\"2022-10-24T13:59:58+00:00\",\"dateModified\":\"2022-10-24T14:02:44+00:00\",\"mainEntityOfPage\":{\"@id\":\"https:\\\/\\\/aconteceunovale.com.br\\\/portal\\\/?p=191698\"},\"wordCount\":389,\"commentCount\":0,\"image\":{\"@id\":\"https:\\\/\\\/aconteceunovale.com.br\\\/portal\\\/?p=191698#primaryimage\"},\"thumbnailUrl\":\"https:\\\/\\\/aconteceunovale.com.br\\\/portal\\\/wp-content\\\/uploads\\\/2022\\\/10\\\/passeio_bahia_minas.jpg\",\"keywords\":[\"Bahia-Minas\",\"C\u00e2mara Municipal de Te\u00f3filo Otoni\",\"destaque\",\"Estrada de Ferro Bahia-Minas\",\"Lei municipal oficializa a Rota Tur\u00edstica Bahia-Minas em Te\u00f3filo Otoni\",\"Rota Bahia-Minas\",\"Rota Tur\u00edstica Bahia-Minas em Te\u00f3filo Otoni\",\"Sebrae Minas\",\"Te\u00f3filo Otoni\"],\"articleSection\":[\"Vale do Mucuri\"],\"inLanguage\":\"pt-BR\",\"potentialAction\":[{\"@type\":\"CommentAction\",\"name\":\"Comment\",\"target\":[\"https:\\\/\\\/aconteceunovale.com.br\\\/portal\\\/?p=191698#respond\"]}]},{\"@type\":\"WebPage\",\"@id\":\"https:\\\/\\\/aconteceunovale.com.br\\\/portal\\\/?p=191698\",\"url\":\"https:\\\/\\\/aconteceunovale.com.br\\\/portal\\\/?p=191698\",\"name\":\"Lei municipal oficializa a Rota Tur\u00edstica Bahia-Minas em Te\u00f3filo Otoni - Aconteceu no Vale\",\"isPartOf\":{\"@id\":\"https:\\\/\\\/aconteceunovale.com.br\\\/portal\\\/#website\"},\"primaryImageOfPage\":{\"@id\":\"https:\\\/\\\/aconteceunovale.com.br\\\/portal\\\/?p=191698#primaryimage\"},\"image\":{\"@id\":\"https:\\\/\\\/aconteceunovale.com.br\\\/portal\\\/?p=191698#primaryimage\"},\"thumbnailUrl\":\"https:\\\/\\\/aconteceunovale.com.br\\\/portal\\\/wp-content\\\/uploads\\\/2022\\\/10\\\/passeio_bahia_minas.jpg\",\"datePublished\":\"2022-10-24T13:59:58+00:00\",\"dateModified\":\"2022-10-24T14:02:44+00:00\",\"author\":{\"@id\":\"https:\\\/\\\/aconteceunovale.com.br\\\/portal\\\/#\\\/schema\\\/person\\\/7d2f26d1483f8a63de73da1ee0754d35\"},\"breadcrumb\":{\"@id\":\"https:\\\/\\\/aconteceunovale.com.br\\\/portal\\\/?p=191698#breadcrumb\"},\"inLanguage\":\"pt-BR\",\"potentialAction\":[{\"@type\":\"ReadAction\",\"target\":[\"https:\\\/\\\/aconteceunovale.com.br\\\/portal\\\/?p=191698\"]}]},{\"@type\":\"ImageObject\",\"inLanguage\":\"pt-BR\",\"@id\":\"https:\\\/\\\/aconteceunovale.com.br\\\/portal\\\/?p=191698#primaryimage\",\"url\":\"https:\\\/\\\/aconteceunovale.com.br\\\/portal\\\/wp-content\\\/uploads\\\/2022\\\/10\\\/passeio_bahia_minas.jpg\",\"contentUrl\":\"https:\\\/\\\/aconteceunovale.com.br\\\/portal\\\/wp-content\\\/uploads\\\/2022\\\/10\\\/passeio_bahia_minas.jpg\",\"width\":675,\"height\":450},{\"@type\":\"BreadcrumbList\",\"@id\":\"https:\\\/\\\/aconteceunovale.com.br\\\/portal\\\/?p=191698#breadcrumb\",\"itemListElement\":[{\"@type\":\"ListItem\",\"position\":1,\"name\":\"In\u00edcio\",\"item\":\"https:\\\/\\\/aconteceunovale.com.br\\\/portal\\\/\"},{\"@type\":\"ListItem\",\"position\":2,\"name\":\"Lei municipal oficializa a Rota Tur\u00edstica Bahia-Minas em Te\u00f3filo Otoni\"}]},{\"@type\":\"WebSite\",\"@id\":\"https:\\\/\\\/aconteceunovale.com.br\\\/portal\\\/#website\",\"url\":\"https:\\\/\\\/aconteceunovale.com.br\\\/portal\\\/\",\"name\":\"Aconteceu no Vale\",\"description\":\"Portal de Not\u00edcias\",\"potentialAction\":[{\"@type\":\"SearchAction\",\"target\":{\"@type\":\"EntryPoint\",\"urlTemplate\":\"https:\\\/\\\/aconteceunovale.com.br\\\/portal\\\/?s={search_term_string}\"},\"query-input\":{\"@type\":\"PropertyValueSpecification\",\"valueRequired\":true,\"valueName\":\"search_term_string\"}}],\"inLanguage\":\"pt-BR\"},{\"@type\":\"Person\",\"@id\":\"https:\\\/\\\/aconteceunovale.com.br\\\/portal\\\/#\\\/schema\\\/person\\\/7d2f26d1483f8a63de73da1ee0754d35\",\"name\":\"Reda\u00e7\u00e3o Aconteceu no Vale\",\"description\":\"Equipe de reportagem do Aconteceu no Vale, portal de not\u00edcias do Vale do Jequitinhonha, em Minas Gerais. Cobrimos as 51 cidades do Vale desde 2013. Sugest\u00f5es de pauta e pedidos de corre\u00e7\u00e3o: contato@aconteceunovale.com.br\",\"url\":\"https:\\\/\\\/aconteceunovale.com.br\\\/portal\\\/?author=4\"}]}<\/script>\n<!-- \/ Yoast SEO plugin. -->","yoast_head_json":{"title":"Lei municipal oficializa a Rota Tur\u00edstica Bahia-Minas em Te\u00f3filo Otoni - Aconteceu no Vale","robots":{"index":"index","follow":"follow","max-snippet":"max-snippet:-1","max-image-preview":"max-image-preview:large","max-video-preview":"max-video-preview:-1"},"canonical":"https:\/\/aconteceunovale.com.br\/portal\/?p=191698","og_locale":"pt_BR","og_type":"article","og_title":"Lei municipal oficializa a Rota Tur\u00edstica Bahia-Minas em Te\u00f3filo Otoni - Aconteceu no Vale","og_description":"Em outubro, a C\u00e2mara Municipal de Te\u00f3filo Otoni instituiu a lei municipal 7.667, que oficializa a inclus\u00e3o da Rota Tur\u00edstica Bahia-Minas na programa\u00e7\u00e3o cultural, esportiva e tur\u00edstica da regi\u00e3o. A iniciativa beneficia empreendedores e moradores de comunidades que vivem e trabalham na antiga Estrada de Ferro Bahia-Minas, que com a ajuda e suporte do Sebrae [&hellip;]","og_url":"https:\/\/aconteceunovale.com.br\/portal\/?p=191698","og_site_name":"Aconteceu no Vale","article_publisher":"https:\/\/www.facebook.com\/aconteceunovale\/","article_published_time":"2022-10-24T13:59:58+00:00","article_modified_time":"2022-10-24T14:02:44+00:00","og_image":[{"width":675,"height":450,"url":"https:\/\/aconteceunovale.com.br\/portal\/wp-content\/uploads\/2022\/10\/passeio_bahia_minas.jpg","type":"image\/jpeg"}],"author":"Reda\u00e7\u00e3o Aconteceu no Vale","twitter_card":"summary_large_image","twitter_creator":"@noticiadosvales","twitter_site":"@noticiadosvales","twitter_misc":{"Escrito por":"Reda\u00e7\u00e3o Aconteceu no Vale","Est. tempo de leitura":"2 minutos"},"schema":{"@context":"https:\/\/schema.org","@graph":[{"@type":"Article","@id":"https:\/\/aconteceunovale.com.br\/portal\/?p=191698#article","isPartOf":{"@id":"https:\/\/aconteceunovale.com.br\/portal\/?p=191698"},"author":{"name":"Reda\u00e7\u00e3o Aconteceu no Vale","@id":"https:\/\/aconteceunovale.com.br\/portal\/#\/schema\/person\/7d2f26d1483f8a63de73da1ee0754d35"},"headline":"Lei municipal oficializa a Rota Tur\u00edstica Bahia-Minas em Te\u00f3filo Otoni","datePublished":"2022-10-24T13:59:58+00:00","dateModified":"2022-10-24T14:02:44+00:00","mainEntityOfPage":{"@id":"https:\/\/aconteceunovale.com.br\/portal\/?p=191698"},"wordCount":389,"commentCount":0,"image":{"@id":"https:\/\/aconteceunovale.com.br\/portal\/?p=191698#primaryimage"},"thumbnailUrl":"https:\/\/aconteceunovale.com.br\/portal\/wp-content\/uploads\/2022\/10\/passeio_bahia_minas.jpg","keywords":["Bahia-Minas","C\u00e2mara Municipal de Te\u00f3filo Otoni","destaque","Estrada de Ferro Bahia-Minas","Lei municipal oficializa a Rota Tur\u00edstica Bahia-Minas em Te\u00f3filo Otoni","Rota Bahia-Minas","Rota Tur\u00edstica Bahia-Minas em Te\u00f3filo Otoni","Sebrae Minas","Te\u00f3filo Otoni"],"articleSection":["Vale do Mucuri"],"inLanguage":"pt-BR","potentialAction":[{"@type":"CommentAction","name":"Comment","target":["https:\/\/aconteceunovale.com.br\/portal\/?p=191698#respond"]}]},{"@type":"WebPage","@id":"https:\/\/aconteceunovale.com.br\/portal\/?p=191698","url":"https:\/\/aconteceunovale.com.br\/portal\/?p=191698","name":"Lei municipal oficializa a Rota Tur\u00edstica Bahia-Minas em Te\u00f3filo Otoni - Aconteceu no Vale","isPartOf":{"@id":"https:\/\/aconteceunovale.com.br\/portal\/#website"},"primaryImageOfPage":{"@id":"https:\/\/aconteceunovale.com.br\/portal\/?p=191698#primaryimage"},"image":{"@id":"https:\/\/aconteceunovale.com.br\/portal\/?p=191698#primaryimage"},"thumbnailUrl":"https:\/\/aconteceunovale.com.br\/portal\/wp-content\/uploads\/2022\/10\/passeio_bahia_minas.jpg","datePublished":"2022-10-24T13:59:58+00:00","dateModified":"2022-10-24T14:02:44+00:00","author":{"@id":"https:\/\/aconteceunovale.com.br\/portal\/#\/schema\/person\/7d2f26d1483f8a63de73da1ee0754d35"},"breadcrumb":{"@id":"https:\/\/aconteceunovale.com.br\/portal\/?p=191698#breadcrumb"},"inLanguage":"pt-BR","potentialAction":[{"@type":"ReadAction","target":["https:\/\/aconteceunovale.com.br\/portal\/?p=191698"]}]},{"@type":"ImageObject","inLanguage":"pt-BR","@id":"https:\/\/aconteceunovale.com.br\/portal\/?p=191698#primaryimage","url":"https:\/\/aconteceunovale.com.br\/portal\/wp-content\/uploads\/2022\/10\/passeio_bahia_minas.jpg","contentUrl":"https:\/\/aconteceunovale.com.br\/portal\/wp-content\/uploads\/2022\/10\/passeio_bahia_minas.jpg","width":675,"height":450},{"@type":"BreadcrumbList","@id":"https:\/\/aconteceunovale.com.br\/portal\/?p=191698#breadcrumb","itemListElement":[{"@type":"ListItem","position":1,"name":"In\u00edcio","item":"https:\/\/aconteceunovale.com.br\/portal\/"},{"@type":"ListItem","position":2,"name":"Lei municipal oficializa a Rota Tur\u00edstica Bahia-Minas em Te\u00f3filo Otoni"}]},{"@type":"WebSite","@id":"https:\/\/aconteceunovale.com.br\/portal\/#website","url":"https:\/\/aconteceunovale.com.br\/portal\/","name":"Aconteceu no Vale","description":"Portal de Not\u00edcias","potentialAction":[{"@type":"SearchAction","target":{"@type":"EntryPoint","urlTemplate":"https:\/\/aconteceunovale.com.br\/portal\/?s={search_term_string}"},"query-input":{"@type":"PropertyValueSpecification","valueRequired":true,"valueName":"search_term_string"}}],"inLanguage":"pt-BR"},{"@type":"Person","@id":"https:\/\/aconteceunovale.com.br\/portal\/#\/schema\/person\/7d2f26d1483f8a63de73da1ee0754d35","name":"Reda\u00e7\u00e3o Aconteceu no Vale","description":"Equipe de reportagem do Aconteceu no Vale, portal de not\u00edcias do Vale do Jequitinhonha, em Minas Gerais. Cobrimos as 51 cidades do Vale desde 2013. Sugest\u00f5es de pauta e pedidos de corre\u00e7\u00e3o: contato@aconteceunovale.com.br","url":"https:\/\/aconteceunovale.com.br\/portal\/?author=4"}]}},"_links":{"self":[{"href":"https:\/\/aconteceunovale.com.br\/portal\/index.php?rest_route=\/wp\/v2\/posts\/191698","targetHints":{"allow":["GET"]}}],"collection":[{"href":"https:\/\/aconteceunovale.com.br\/portal\/index.php?rest_route=\/wp\/v2\/posts"}],"about":[{"href":"https:\/\/aconteceunovale.com.br\/portal\/index.php?rest_route=\/wp\/v2\/types\/post"}],"author":[{"embeddable":true,"href":"https:\/\/aconteceunovale.com.br\/portal\/index.php?rest_route=\/wp\/v2\/users\/4"}],"replies":[{"embeddable":true,"href":"https:\/\/aconteceunovale.com.br\/portal\/index.php?rest_route=%2Fwp%2Fv2%2Fcomments&post=191698"}],"version-history":[{"count":1,"href":"https:\/\/aconteceunovale.com.br\/portal\/index.php?rest_route=\/wp\/v2\/posts\/191698\/revisions"}],"predecessor-version":[{"id":191700,"href":"https:\/\/aconteceunovale.com.br\/portal\/index.php?rest_route=\/wp\/v2\/posts\/191698\/revisions\/191700"}],"wp:featuredmedia":[{"embeddable":true,"href":"https:\/\/aconteceunovale.com.br\/portal\/index.php?rest_route=\/wp\/v2\/media\/191699"}],"wp:attachment":[{"href":"https:\/\/aconteceunovale.com.br\/portal\/index.php?rest_route=%2Fwp%2Fv2%2Fmedia&parent=191698"}],"wp:term":[{"taxonomy":"category","embeddable":true,"href":"https:\/\/aconteceunovale.com.br\/portal\/index.php?rest_route=%2Fwp%2Fv2%2Fcategories&post=191698"},{"taxonomy":"post_tag","embeddable":true,"href":"https:\/\/aconteceunovale.com.br\/portal\/index.php?rest_route=%2Fwp%2Fv2%2Ftags&post=191698"}],"curies":[{"name":"wp","href":"https:\/\/api.w.org\/{rel}","templated":true}]}}