{"id":19168,"date":"2014-01-23T15:20:35","date_gmt":"2014-01-23T17:20:35","guid":{"rendered":"http:\/\/aconteceunovale.com.br\/portal\/?p=19168"},"modified":"2014-01-23T15:20:35","modified_gmt":"2014-01-23T17:20:35","slug":"onibus-escolar-e-incendiado-em-itaipe","status":"publish","type":"post","link":"https:\/\/aconteceunovale.com.br\/portal\/?p=19168","title":{"rendered":"\u00d4nibus escolar \u00e9 incendiado em Itaip\u00e9"},"content":{"rendered":"<p><em><strong>Por Vicente Alves, Portal Aconteceu no Vale (*)<\/strong><\/em><\/p>\n<p>Um \u00f4nibus do transporte escolar de Itaip\u00e9 foi incendiado por volta das 1h30min da madrugada desta quinta-feira (23\/01), no bairro Funcion\u00e1rios em Itaip\u00e9, no Vale do Mucuri. O ve\u00edculo estava estacionado em frente a casa do propriet\u00e1rio Pablo Caldeira Costa (Conhecido como Pablinho).<\/p>\n<p><img decoding=\"async\" src=\"http:\/\/aconteceunovale.com.br\/portal\/wp-content\/uploads\/2014\/01\/fotos_bus_incendiado_itaipe_3.jpg\" alt=\"\" \/><br \/>\n<em>(Foto: Davidson Lessa)<\/em><\/p>\n<p>As chamas foram controladas por vizinhos, mas o fogo destruiu o \u00f4nibus quase todo. A pol\u00edcia suspeita que o inc\u00eandio foi provocado por v\u00e2ndalos, j\u00e1 que no meio dos destro\u00e7os foi encontrado uma tampa de garrafa descart\u00e1vel com furo se assimilando a um pavio.<\/p>\n<p>O caso est\u00e1 sendo investigado pela pol\u00edcia. <strong><em>(Com colabora\u00e7\u00e3o de Glaysson Dias)<\/em><\/strong><\/p>\n<p><a href=\"http:\/\/conectmaisinternet.com.br\/\" target=\"_blank\"><img decoding=\"async\" class=\"aligncenter\" alt=\"\" src=\"http:\/\/aconteceunovale.com.br\/portal\/wp-content\/uploads\/2014\/01\/logo_conect_mais_internet_noticias.png\" \/><\/a><\/p>\n<p><strong>GALERIA DE FOTOS:<\/strong><br \/>\n<em>(Fotos: Davidson Lessa)<\/em><\/p>\n<p><img decoding=\"async\" src=\"http:\/\/aconteceunovale.com.br\/portal\/wp-content\/uploads\/2014\/01\/fotos_bus_incendiado_itaipe_1.jpg\" alt=\"\" \/><br \/>\n<img decoding=\"async\" src=\"http:\/\/aconteceunovale.com.br\/portal\/wp-content\/uploads\/2014\/01\/fotos_bus_incendiado_itaipe_2.jpg\" alt=\"\" \/><br \/>\n<img decoding=\"async\" src=\"http:\/\/aconteceunovale.com.br\/portal\/wp-content\/uploads\/2014\/01\/fotos_bus_incendiado_itaipe_4.jpg\" alt=\"\" \/><br \/>\n<img decoding=\"async\" src=\"http:\/\/aconteceunovale.com.br\/portal\/wp-content\/uploads\/2014\/01\/fotos_bus_incendiado_itaipe_5.jpg\" alt=\"\" \/><\/p>\n","protected":false},"excerpt":{"rendered":"<p>Por Vicente Alves, Portal Aconteceu no Vale (*) Um \u00f4nibus do transporte escolar de Itaip\u00e9 foi incendiado por volta das 1h30min da madrugada desta quinta-feira (23\/01), no bairro Funcion\u00e1rios em Itaip\u00e9, no Vale do Mucuri. O ve\u00edculo estava estacionado em frente a casa do propriet\u00e1rio Pablo Caldeira Costa (Conhecido como Pablinho). (Foto: Davidson Lessa) As [&hellip;]<\/p>\n","protected":false},"author":1,"featured_media":19171,"comment_status":"open","ping_status":"closed","sticky":false,"template":"","format":"standard","meta":{"amp_status":"","footnotes":""},"categories":[122],"tags":[191,3401],"class_list":["post-19168","post","type-post","status-publish","format-standard","has-post-thumbnail","hentry","category-mucuri","tag-itaipe","tag-onibus-escolar-e-incendiado-em-itaipe"],"_links":{"self":[{"href":"https:\/\/aconteceunovale.com.br\/portal\/index.php?rest_route=\/wp\/v2\/posts\/19168","targetHints":{"allow":["GET"]}}],"collection":[{"href":"https:\/\/aconteceunovale.com.br\/portal\/index.php?rest_route=\/wp\/v2\/posts"}],"about":[{"href":"https:\/\/aconteceunovale.com.br\/portal\/index.php?rest_route=\/wp\/v2\/types\/post"}],"author":[{"embeddable":true,"href":"https:\/\/aconteceunovale.com.br\/portal\/index.php?rest_route=\/wp\/v2\/users\/1"}],"replies":[{"embeddable":true,"href":"https:\/\/aconteceunovale.com.br\/portal\/index.php?rest_route=%2Fwp%2Fv2%2Fcomments&post=19168"}],"version-history":[{"count":0,"href":"https:\/\/aconteceunovale.com.br\/portal\/index.php?rest_route=\/wp\/v2\/posts\/19168\/revisions"}],"wp:featuredmedia":[{"embeddable":true,"href":"https:\/\/aconteceunovale.com.br\/portal\/index.php?rest_route=\/wp\/v2\/media\/19171"}],"wp:attachment":[{"href":"https:\/\/aconteceunovale.com.br\/portal\/index.php?rest_route=%2Fwp%2Fv2%2Fmedia&parent=19168"}],"wp:term":[{"taxonomy":"category","embeddable":true,"href":"https:\/\/aconteceunovale.com.br\/portal\/index.php?rest_route=%2Fwp%2Fv2%2Fcategories&post=19168"},{"taxonomy":"post_tag","embeddable":true,"href":"https:\/\/aconteceunovale.com.br\/portal\/index.php?rest_route=%2Fwp%2Fv2%2Ftags&post=19168"}],"curies":[{"name":"wp","href":"https:\/\/api.w.org\/{rel}","templated":true}]}}