{"id":191640,"date":"2022-10-18T22:54:53","date_gmt":"2022-10-19T01:54:53","guid":{"rendered":"https:\/\/aconteceunovale.com.br\/portal\/?p=191640"},"modified":"2022-10-18T22:56:29","modified_gmt":"2022-10-19T01:56:29","slug":"aeroporto-da-pampulha-deve-ganhar-novo-terminal-de-passageiros-e-complexo-de-lojas","status":"publish","type":"post","link":"https:\/\/aconteceunovale.com.br\/portal\/?p=191640","title":{"rendered":"Aeroporto da Pampulha deve ganhar novo terminal de passageiros e complexo de lojas"},"content":{"rendered":"\n<p class=\"wp-block-paragraph\">Concedido \u00e0 iniciativa privada em maio deste ano,\u00a0o Aeroporto da Pampulha pode ganhar um novo terminal de passageiros integrado a um complexo comercial, adotando uma concep\u00e7\u00e3o moderna e de alto padr\u00e3o. O estudo da CCR Aeroportos, que passou a administrar o terminal, prev\u00ea dois pisos nessa nova estrutura, com \u00e1rea de aproximadamente 26 mil metros quadrados, que inclui lojas, restaurantes, bancos e outros servi\u00e7os.<\/p>\n\n\n\n<figure class=\"wp-block-gallery has-nested-images columns-default is-cropped wp-block-gallery-1 is-layout-flex wp-block-gallery-is-layout-flex\">\n<figure class=\"wp-block-image size-large\"><img loading=\"lazy\" decoding=\"async\" width=\"582\" height=\"327\" data-id=\"191641\" src=\"https:\/\/aconteceunovale.com.br\/portal\/wp-content\/uploads\/2022\/10\/aeroporto_pampulha.png\" alt=\"\" class=\"wp-image-191641\" srcset=\"https:\/\/aconteceunovale.com.br\/portal\/wp-content\/uploads\/2022\/10\/aeroporto_pampulha.png 582w, https:\/\/aconteceunovale.com.br\/portal\/wp-content\/uploads\/2022\/10\/aeroporto_pampulha-300x169.png 300w\" sizes=\"auto, (max-width: 582px) 100vw, 582px\" \/><figcaption><em><sub>Foto: CCR Aeroportos \/ Divulga\u00e7\u00e3o<\/sub><\/em><\/figcaption><\/figure>\n<\/figure>\n\n\n\n<p class=\"wp-block-paragraph\">Neste estudo preliminar, o terminal de passageiros tamb\u00e9m contaria com dois pisos, com \u00e1rea aproximada de 2,6 mil metros quadrados. O complexo abrigaria ainda um edif\u00edcio-garagem, com quatro andares e 580 vagas para ve\u00edculos. Esta vers\u00e3o do projeto ainda est\u00e1 sujeita a adequa\u00e7\u00f5es, bem como \u00e0 avalia\u00e7\u00e3o de viabilidade econ\u00f4mico-financeira. Ser\u00e1 submetido tamb\u00e9m\u00a0\u00e0 aprova\u00e7\u00e3o da\u00a0<a rel=\"noreferrer noopener\" href=\"http:\/\/www.infraestrutura.mg.gov.br\/\" target=\"_blank\">Secretaria de Estado de Infraestrutura e Mobilidade \u00a0(Seinfra)<\/a>, al\u00e9m de \u00f3rg\u00e3os respons\u00e1veis pelo licenciamento ambiental, do patrim\u00f4nio\u00a0hist\u00f3rico, entre outros.<\/p>\n\n\n\n<h2 class=\"wp-block-heading\"><strong>Espa\u00e7o VIP<\/strong><\/h2>\n\n\n\n<p class=\"wp-block-paragraph\">No modelo conceitual do novo terminal de passageiros, al\u00e9m da sala de embarque, est\u00e1 previsto uma \u00e1rea VIP, com foco em avia\u00e7\u00e3o geral, localizada no 1\u00ba pavimento do empreendimento e com acesso pelo hall de entrada do complexo. Esse espa\u00e7o&nbsp;deve abrigar ainda&nbsp;uma sala &nbsp;de embarque, restrita aos usu\u00e1rios da avia\u00e7\u00e3o geral, que&nbsp;contar\u00e1 com servi\u00e7o de caf\u00e9, bar e drinks. Essa \u00e1rea ainda ter\u00e1 uma sala de reuni\u00e3o e \u00e1rea de vistoria de seguran\u00e7a, por onde o passageiro pode ser guiado \u00e0 sala de embarque, chegando ao p\u00e1tio por meio de uma circula\u00e7\u00e3o vertical dedicada a esse servi\u00e7o.&nbsp;<\/p>\n\n\n\n<p class=\"wp-block-paragraph\">A constru\u00e7\u00e3o deste novo terminal implicaria tamb\u00e9m na implementa\u00e7\u00e3o de uma nova via de acesso. O tra\u00e7ado contemplaria a liga\u00e7\u00e3o do novo acesso a partir do sistema vi\u00e1rio urbano \u00e0 nova \u00e1rea do terminal de passageiros e do centro comercial.<\/p>\n\n\n\n<h2 class=\"wp-block-heading\"><strong>Ponto de perman\u00eancia<\/strong><\/h2>\n\n\n\n<p class=\"wp-block-paragraph\">Segundo informa\u00e7\u00f5es da Seinfra, a ideia de integrar o Aeroporto da Pampulha com um grande polo comercial e de lazer, busca transformar o complexo em um ponto de perman\u00eancia de clientes e n\u00e3o apenas de passagem. Este modelo aproveitaria a sinergia e a proximidade com importantes equipamentos p\u00fablicos, como o Conjunto Arquitet\u00f4nico da Pampulha (Museu de Arte Moderna, Casa do Baile e Igreja S\u00e3o Francisco), o Est\u00e1dio Governador Magalh\u00e3es Pinto (Mineir\u00e3o), o Gin\u00e1sio do Mineirinho, a Universidade Federal de Minas Gerais (UFMG), a Funda\u00e7\u00e3o Zoobot\u00e2nica, al\u00e9m de v\u00e1rios parques ecol\u00f3gicos.&nbsp;<\/p>\n\n\n\n<h2 class=\"wp-block-heading\"><strong>Melhoria da infraestrutura<\/strong><\/h2>\n\n\n\n<p class=\"wp-block-paragraph\">Desde que assumiu o terminal, a CCR Aeroportos vem desenvolvendo diversos estudos e planos que buscam melhorar a infraestrutura e as condi\u00e7\u00f5es operacionais do aeroporto, conforme as obriga\u00e7\u00f5es estabelecidas no contrato de concess\u00e3o e atendendo aos requisitos legais, ambientais e de seguran\u00e7a operacional.<\/p>\n\n\n\n<p class=\"wp-block-paragraph\">Este trabalho deve garantir um aumento do n\u00edvel de qualidade do servi\u00e7o, al\u00e9m do desenvolvimento da regi\u00e3o diretamente influenciada pelo aeroporto. Os investimentos na infraestrutura e nos servi\u00e7os v\u00e3o beneficiar n\u00e3o s\u00f3 os clientes do terminal, mas assegurar o potencial de atra\u00e7\u00f5es de novos neg\u00f3cios para a regi\u00e3o.<\/p>\n\n\n\n<h2 class=\"wp-block-heading\"><strong>Concess\u00e3o<\/strong><\/h2>\n\n\n\n<p class=\"wp-block-paragraph\">A concess\u00e3o do terminal \u00e0 CCR foi feita pelo\u00a0Governo de Minas, por meio da Seinfra. A contrato prev\u00ea servi\u00e7os de opera\u00e7\u00e3o e conserva\u00e7\u00e3o pelo prazo de 30 anos, com investimentos de R$ 151 milh\u00f5es neste per\u00edodo. \u00a0O leil\u00e3o do terminal ocorreu em outubro de 2021, com o lance vencedor de R$ 34 milh\u00f5es de outorga fixa.<\/p>\n\n\n\n<h2 class=\"wp-block-heading\"><strong>Fluxo<\/strong><\/h2>\n\n\n\n<p class=\"wp-block-paragraph\">O Aeroporto da Pampulha atende, atualmente, ao tr\u00e1fego de aeronaves da avia\u00e7\u00e3o executiva e da avia\u00e7\u00e3o geral, sendo um dos principais polos de manuten\u00e7\u00e3o de aeronaves e helic\u00f3pteros do pa\u00eds.<\/p>\n\n\n\n<p class=\"wp-block-paragraph\">H\u00e1 em funcionamento quase 30 hangares, de diversas empresas. Nos \u00faltimos cinco anos, a m\u00e9dia anual no aeroporto foi de 323,9 mil passageiros transportados e movimenta\u00e7\u00e3o de 41,5 mil aeronaves.<\/p>\n\n\n\n<p class=\"wp-block-paragraph\">A estrutura est\u00e1 instalada em uma \u00e1rea de quase 2 milh\u00f5es de metros quadrados, na Pampulha, a cerca de oito quil\u00f4metros do centro de Belo Horizonte e conectada a importantes eixos vi\u00e1rios, al\u00e9m de estar pr\u00f3xima de grande parte de equipamentos p\u00fablicos.<\/p>\n\n\n\n<p class=\"wp-block-paragraph\">&#8212;&#8212;&#8212;&#8212;&#8212;&#8212;<br><br><strong>Sabia que o Aconteceu no Vale est\u00e1 tamb\u00e9m no Telegram? <a rel=\"noreferrer noopener\" href=\"https:\/\/t.me\/aconteceunovaleoficial\" target=\"_blank\">Inscreva-se no canal<\/a>.<\/strong><br><br><strong>J\u00e1 curtiu ou seguiu nossas p\u00e1ginas nas redes sociais?\u00a0Receba as not\u00edcias em primeira m\u00e3o:<\/strong><br>\u2022 <a rel=\"noreferrer noopener\" href=\"https:\/\/news.google.com\/publications\/CAAqBwgKMNjklQswi4etAw?hl=pt-BR&amp;gl=BR&amp;ceid=BR%3Apt-419\" target=\"_blank\">Google News<\/a><br>\u2022 <a rel=\"noreferrer noopener\" href=\"https:\/\/www.facebook.com\/aconteceunovale\/\" target=\"_blank\">Facebook<\/a><br>\u2022 <a rel=\"noreferrer noopener\" href=\"https:\/\/twitter.com\/noticiadosvales\" target=\"_blank\">Twitter<\/a><br>\u2022 <a rel=\"noreferrer noopener\" href=\"https:\/\/www.instagram.com\/aconteceunovale\" target=\"_blank\">Instagram<\/a><br>\u2022 <a rel=\"noreferrer noopener\" href=\"https:\/\/www.youtube.com\/AconteceunoValeOficial\" target=\"_blank\">Youtube<\/a><br>\u2022 <a rel=\"noreferrer noopener\" href=\"https:\/\/www.tiktok.com\/@aconteceunovale\" target=\"_blank\">TikTok<\/a><\/p>\n","protected":false},"excerpt":{"rendered":"<p>Concedido \u00e0 iniciativa privada em maio deste ano,\u00a0o Aeroporto da Pampulha pode ganhar um novo terminal de passageiros integrado a um complexo comercial, adotando uma concep\u00e7\u00e3o moderna e de alto padr\u00e3o. O estudo da CCR Aeroportos, que passou a administrar o terminal, prev\u00ea dois pisos nessa nova estrutura, com \u00e1rea de aproximadamente 26 mil metros [&hellip;]<\/p>\n","protected":false},"author":4,"featured_media":191641,"comment_status":"open","ping_status":"closed","sticky":false,"template":"","format":"standard","meta":{"amp_status":"","footnotes":""},"categories":[123],"tags":[38378,77881,265292,252543,258436,194,1017,66708,265295,252546,1018,252548,6546,252544,252542,252545,265293,265294,252549,252547],"class_list":["post-191640","post","type-post","status-publish","format-standard","has-post-thumbnail","hentry","category-gerais","tag-aeroporto-carlos-drummond-de-andrade","tag-aeroporto-da-pampulha","tag-aeroporto-da-pampulha-deve-ganhar-novo-terminal-de-passageiros-e-complexo-de-lojas","tag-aeroporto-da-pampulha-grupo-ccr","tag-assinado-o-contrato-de-concessao-do-aeroporto-da-pampulha","tag-belo-horizonte","tag-bh","tag-ccr","tag-complexo-de-lojas-no-aeroporto-da-pampulha","tag-concessao-do-aeroporto-da-pampulha","tag-destaque","tag-exploracao-comercial-do-aeroporto-da-pampulha","tag-governo-de-minas","tag-grupo-ccr","tag-grupo-ccr-aeroporto-da-pampulha","tag-leilao-do-aeroporto-da-pampulha","tag-melhorias-no-aeroporto-da-pampulha","tag-novo-terminal-de-passageiros-no-aeroporto-da-pampulha","tag-privatizacao-do-aeroporto-da-pampulha","tag-venda-do-aeroporto-da-pampulha"],"yoast_head":"<!-- This site is optimized with the Yoast SEO plugin v28.3 - https:\/\/yoast.com\/product\/yoast-seo-wordpress\/ -->\n<title>Aeroporto da Pampulha deve ganhar novo terminal de passageiros e complexo de lojas - Aconteceu no Vale<\/title>\n<meta name=\"robots\" content=\"index, follow, max-snippet:-1, max-image-preview:large, max-video-preview:-1\" \/>\n<link rel=\"canonical\" href=\"https:\/\/aconteceunovale.com.br\/portal\/?p=191640\" \/>\n<meta property=\"og:locale\" content=\"pt_BR\" \/>\n<meta property=\"og:type\" content=\"article\" \/>\n<meta property=\"og:title\" content=\"Aeroporto da Pampulha deve ganhar novo terminal de passageiros e complexo de lojas - Aconteceu no Vale\" \/>\n<meta property=\"og:description\" content=\"Concedido \u00e0 iniciativa privada em maio deste ano,\u00a0o Aeroporto da Pampulha pode ganhar um novo terminal de passageiros integrado a um complexo comercial, adotando uma concep\u00e7\u00e3o moderna e de alto padr\u00e3o. O estudo da CCR Aeroportos, que passou a administrar o terminal, prev\u00ea dois pisos nessa nova estrutura, com \u00e1rea de aproximadamente 26 mil metros [&hellip;]\" \/>\n<meta property=\"og:url\" content=\"https:\/\/aconteceunovale.com.br\/portal\/?p=191640\" \/>\n<meta property=\"og:site_name\" content=\"Aconteceu no Vale\" \/>\n<meta property=\"article:publisher\" content=\"https:\/\/www.facebook.com\/aconteceunovale\/\" \/>\n<meta property=\"article:published_time\" content=\"2022-10-19T01:54:53+00:00\" \/>\n<meta property=\"article:modified_time\" content=\"2022-10-19T01:56:29+00:00\" \/>\n<meta property=\"og:image\" content=\"https:\/\/aconteceunovale.com.br\/portal\/wp-content\/uploads\/2022\/10\/aeroporto_pampulha.png\" \/>\n\t<meta property=\"og:image:width\" content=\"582\" \/>\n\t<meta property=\"og:image:height\" content=\"327\" \/>\n\t<meta property=\"og:image:type\" content=\"image\/png\" \/>\n<meta name=\"author\" content=\"Reda\u00e7\u00e3o Aconteceu no Vale\" \/>\n<meta name=\"twitter:card\" content=\"summary_large_image\" \/>\n<meta name=\"twitter:creator\" content=\"@noticiadosvales\" \/>\n<meta name=\"twitter:site\" content=\"@noticiadosvales\" \/>\n<meta name=\"twitter:label1\" content=\"Escrito por\" \/>\n\t<meta name=\"twitter:data1\" content=\"Reda\u00e7\u00e3o Aconteceu no Vale\" \/>\n\t<meta name=\"twitter:label2\" content=\"Est. tempo de leitura\" \/>\n\t<meta name=\"twitter:data2\" content=\"4 minutos\" \/>\n<script type=\"application\/ld+json\" class=\"yoast-schema-graph\">{\"@context\":\"https:\\\/\\\/schema.org\",\"@graph\":[{\"@type\":\"Article\",\"@id\":\"https:\\\/\\\/aconteceunovale.com.br\\\/portal\\\/?p=191640#article\",\"isPartOf\":{\"@id\":\"https:\\\/\\\/aconteceunovale.com.br\\\/portal\\\/?p=191640\"},\"author\":{\"name\":\"Reda\u00e7\u00e3o Aconteceu no Vale\",\"@id\":\"https:\\\/\\\/aconteceunovale.com.br\\\/portal\\\/#\\\/schema\\\/person\\\/7d2f26d1483f8a63de73da1ee0754d35\"},\"headline\":\"Aeroporto da Pampulha deve ganhar novo terminal de passageiros e complexo de lojas\",\"datePublished\":\"2022-10-19T01:54:53+00:00\",\"dateModified\":\"2022-10-19T01:56:29+00:00\",\"mainEntityOfPage\":{\"@id\":\"https:\\\/\\\/aconteceunovale.com.br\\\/portal\\\/?p=191640\"},\"wordCount\":765,\"commentCount\":0,\"image\":{\"@id\":\"https:\\\/\\\/aconteceunovale.com.br\\\/portal\\\/?p=191640#primaryimage\"},\"thumbnailUrl\":\"https:\\\/\\\/aconteceunovale.com.br\\\/portal\\\/wp-content\\\/uploads\\\/2022\\\/10\\\/aeroporto_pampulha.png\",\"keywords\":[\"Aeroporto Carlos Drummond de Andrade\",\"Aeroporto da Pampulha\",\"Aeroporto da Pampulha deve ganhar novo terminal de passageiros e complexo de lojas\",\"Aeroporto da Pampulha Grupo CCR\",\"Assinado o contrato de concess\u00e3o do Aeroporto da Pampulha\",\"Belo Horizonte\",\"bh\",\"CCR\",\"Complexo de lojas no Aeroporto da Pampulha\",\"Concess\u00e3o do Aeroporto da Pampulha\",\"destaque\",\"Explora\u00e7\u00e3o comercial do Aeroporto da Pampulha\",\"Governo de Minas\",\"Grupo CCR\",\"Grupo CCR Aeroporto da Pampulha\",\"Leil\u00e3o do Aeroporto da Pampulha\",\"Melhorias no Aeroporto da Pampulha\",\"Novo terminal de passageiros no Aeroporto da Pampulha\",\"Privatiza\u00e7\u00e3o do Aeroporto da Pampulha\",\"Venda do Aeroporto da Pampulha\"],\"articleSection\":[\"Minas Gerais\"],\"inLanguage\":\"pt-BR\",\"potentialAction\":[{\"@type\":\"CommentAction\",\"name\":\"Comment\",\"target\":[\"https:\\\/\\\/aconteceunovale.com.br\\\/portal\\\/?p=191640#respond\"]}]},{\"@type\":\"WebPage\",\"@id\":\"https:\\\/\\\/aconteceunovale.com.br\\\/portal\\\/?p=191640\",\"url\":\"https:\\\/\\\/aconteceunovale.com.br\\\/portal\\\/?p=191640\",\"name\":\"Aeroporto da Pampulha deve ganhar novo terminal de passageiros e complexo de lojas - Aconteceu no Vale\",\"isPartOf\":{\"@id\":\"https:\\\/\\\/aconteceunovale.com.br\\\/portal\\\/#website\"},\"primaryImageOfPage\":{\"@id\":\"https:\\\/\\\/aconteceunovale.com.br\\\/portal\\\/?p=191640#primaryimage\"},\"image\":{\"@id\":\"https:\\\/\\\/aconteceunovale.com.br\\\/portal\\\/?p=191640#primaryimage\"},\"thumbnailUrl\":\"https:\\\/\\\/aconteceunovale.com.br\\\/portal\\\/wp-content\\\/uploads\\\/2022\\\/10\\\/aeroporto_pampulha.png\",\"datePublished\":\"2022-10-19T01:54:53+00:00\",\"dateModified\":\"2022-10-19T01:56:29+00:00\",\"author\":{\"@id\":\"https:\\\/\\\/aconteceunovale.com.br\\\/portal\\\/#\\\/schema\\\/person\\\/7d2f26d1483f8a63de73da1ee0754d35\"},\"breadcrumb\":{\"@id\":\"https:\\\/\\\/aconteceunovale.com.br\\\/portal\\\/?p=191640#breadcrumb\"},\"inLanguage\":\"pt-BR\",\"potentialAction\":[{\"@type\":\"ReadAction\",\"target\":[\"https:\\\/\\\/aconteceunovale.com.br\\\/portal\\\/?p=191640\"]}]},{\"@type\":\"ImageObject\",\"inLanguage\":\"pt-BR\",\"@id\":\"https:\\\/\\\/aconteceunovale.com.br\\\/portal\\\/?p=191640#primaryimage\",\"url\":\"https:\\\/\\\/aconteceunovale.com.br\\\/portal\\\/wp-content\\\/uploads\\\/2022\\\/10\\\/aeroporto_pampulha.png\",\"contentUrl\":\"https:\\\/\\\/aconteceunovale.com.br\\\/portal\\\/wp-content\\\/uploads\\\/2022\\\/10\\\/aeroporto_pampulha.png\",\"width\":582,\"height\":327},{\"@type\":\"BreadcrumbList\",\"@id\":\"https:\\\/\\\/aconteceunovale.com.br\\\/portal\\\/?p=191640#breadcrumb\",\"itemListElement\":[{\"@type\":\"ListItem\",\"position\":1,\"name\":\"In\u00edcio\",\"item\":\"https:\\\/\\\/aconteceunovale.com.br\\\/portal\\\/\"},{\"@type\":\"ListItem\",\"position\":2,\"name\":\"Aeroporto da Pampulha deve ganhar novo terminal de passageiros e complexo de lojas\"}]},{\"@type\":\"WebSite\",\"@id\":\"https:\\\/\\\/aconteceunovale.com.br\\\/portal\\\/#website\",\"url\":\"https:\\\/\\\/aconteceunovale.com.br\\\/portal\\\/\",\"name\":\"Aconteceu no Vale\",\"description\":\"Portal de Not\u00edcias\",\"potentialAction\":[{\"@type\":\"SearchAction\",\"target\":{\"@type\":\"EntryPoint\",\"urlTemplate\":\"https:\\\/\\\/aconteceunovale.com.br\\\/portal\\\/?s={search_term_string}\"},\"query-input\":{\"@type\":\"PropertyValueSpecification\",\"valueRequired\":true,\"valueName\":\"search_term_string\"}}],\"inLanguage\":\"pt-BR\"},{\"@type\":\"Person\",\"@id\":\"https:\\\/\\\/aconteceunovale.com.br\\\/portal\\\/#\\\/schema\\\/person\\\/7d2f26d1483f8a63de73da1ee0754d35\",\"name\":\"Reda\u00e7\u00e3o Aconteceu no Vale\",\"description\":\"Equipe de reportagem do Aconteceu no Vale, portal de not\u00edcias do Vale do Jequitinhonha, em Minas Gerais. Cobrimos as 51 cidades do Vale desde 2013. Sugest\u00f5es de pauta e pedidos de corre\u00e7\u00e3o: contato@aconteceunovale.com.br\",\"url\":\"https:\\\/\\\/aconteceunovale.com.br\\\/portal\\\/?author=4\"}]}<\/script>\n<!-- \/ Yoast SEO plugin. -->","yoast_head_json":{"title":"Aeroporto da Pampulha deve ganhar novo terminal de passageiros e complexo de lojas - Aconteceu no Vale","robots":{"index":"index","follow":"follow","max-snippet":"max-snippet:-1","max-image-preview":"max-image-preview:large","max-video-preview":"max-video-preview:-1"},"canonical":"https:\/\/aconteceunovale.com.br\/portal\/?p=191640","og_locale":"pt_BR","og_type":"article","og_title":"Aeroporto da Pampulha deve ganhar novo terminal de passageiros e complexo de lojas - Aconteceu no Vale","og_description":"Concedido \u00e0 iniciativa privada em maio deste ano,\u00a0o Aeroporto da Pampulha pode ganhar um novo terminal de passageiros integrado a um complexo comercial, adotando uma concep\u00e7\u00e3o moderna e de alto padr\u00e3o. O estudo da CCR Aeroportos, que passou a administrar o terminal, prev\u00ea dois pisos nessa nova estrutura, com \u00e1rea de aproximadamente 26 mil metros [&hellip;]","og_url":"https:\/\/aconteceunovale.com.br\/portal\/?p=191640","og_site_name":"Aconteceu no Vale","article_publisher":"https:\/\/www.facebook.com\/aconteceunovale\/","article_published_time":"2022-10-19T01:54:53+00:00","article_modified_time":"2022-10-19T01:56:29+00:00","og_image":[{"width":582,"height":327,"url":"https:\/\/aconteceunovale.com.br\/portal\/wp-content\/uploads\/2022\/10\/aeroporto_pampulha.png","type":"image\/png"}],"author":"Reda\u00e7\u00e3o Aconteceu no Vale","twitter_card":"summary_large_image","twitter_creator":"@noticiadosvales","twitter_site":"@noticiadosvales","twitter_misc":{"Escrito por":"Reda\u00e7\u00e3o Aconteceu no Vale","Est. tempo de leitura":"4 minutos"},"schema":{"@context":"https:\/\/schema.org","@graph":[{"@type":"Article","@id":"https:\/\/aconteceunovale.com.br\/portal\/?p=191640#article","isPartOf":{"@id":"https:\/\/aconteceunovale.com.br\/portal\/?p=191640"},"author":{"name":"Reda\u00e7\u00e3o Aconteceu no Vale","@id":"https:\/\/aconteceunovale.com.br\/portal\/#\/schema\/person\/7d2f26d1483f8a63de73da1ee0754d35"},"headline":"Aeroporto da Pampulha deve ganhar novo terminal de passageiros e complexo de lojas","datePublished":"2022-10-19T01:54:53+00:00","dateModified":"2022-10-19T01:56:29+00:00","mainEntityOfPage":{"@id":"https:\/\/aconteceunovale.com.br\/portal\/?p=191640"},"wordCount":765,"commentCount":0,"image":{"@id":"https:\/\/aconteceunovale.com.br\/portal\/?p=191640#primaryimage"},"thumbnailUrl":"https:\/\/aconteceunovale.com.br\/portal\/wp-content\/uploads\/2022\/10\/aeroporto_pampulha.png","keywords":["Aeroporto Carlos Drummond de Andrade","Aeroporto da Pampulha","Aeroporto da Pampulha deve ganhar novo terminal de passageiros e complexo de lojas","Aeroporto da Pampulha Grupo CCR","Assinado o contrato de concess\u00e3o do Aeroporto da Pampulha","Belo Horizonte","bh","CCR","Complexo de lojas no Aeroporto da Pampulha","Concess\u00e3o do Aeroporto da Pampulha","destaque","Explora\u00e7\u00e3o comercial do Aeroporto da Pampulha","Governo de Minas","Grupo CCR","Grupo CCR Aeroporto da Pampulha","Leil\u00e3o do Aeroporto da Pampulha","Melhorias no Aeroporto da Pampulha","Novo terminal de passageiros no Aeroporto da Pampulha","Privatiza\u00e7\u00e3o do Aeroporto da Pampulha","Venda do Aeroporto da Pampulha"],"articleSection":["Minas Gerais"],"inLanguage":"pt-BR","potentialAction":[{"@type":"CommentAction","name":"Comment","target":["https:\/\/aconteceunovale.com.br\/portal\/?p=191640#respond"]}]},{"@type":"WebPage","@id":"https:\/\/aconteceunovale.com.br\/portal\/?p=191640","url":"https:\/\/aconteceunovale.com.br\/portal\/?p=191640","name":"Aeroporto da Pampulha deve ganhar novo terminal de passageiros e complexo de lojas - Aconteceu no Vale","isPartOf":{"@id":"https:\/\/aconteceunovale.com.br\/portal\/#website"},"primaryImageOfPage":{"@id":"https:\/\/aconteceunovale.com.br\/portal\/?p=191640#primaryimage"},"image":{"@id":"https:\/\/aconteceunovale.com.br\/portal\/?p=191640#primaryimage"},"thumbnailUrl":"https:\/\/aconteceunovale.com.br\/portal\/wp-content\/uploads\/2022\/10\/aeroporto_pampulha.png","datePublished":"2022-10-19T01:54:53+00:00","dateModified":"2022-10-19T01:56:29+00:00","author":{"@id":"https:\/\/aconteceunovale.com.br\/portal\/#\/schema\/person\/7d2f26d1483f8a63de73da1ee0754d35"},"breadcrumb":{"@id":"https:\/\/aconteceunovale.com.br\/portal\/?p=191640#breadcrumb"},"inLanguage":"pt-BR","potentialAction":[{"@type":"ReadAction","target":["https:\/\/aconteceunovale.com.br\/portal\/?p=191640"]}]},{"@type":"ImageObject","inLanguage":"pt-BR","@id":"https:\/\/aconteceunovale.com.br\/portal\/?p=191640#primaryimage","url":"https:\/\/aconteceunovale.com.br\/portal\/wp-content\/uploads\/2022\/10\/aeroporto_pampulha.png","contentUrl":"https:\/\/aconteceunovale.com.br\/portal\/wp-content\/uploads\/2022\/10\/aeroporto_pampulha.png","width":582,"height":327},{"@type":"BreadcrumbList","@id":"https:\/\/aconteceunovale.com.br\/portal\/?p=191640#breadcrumb","itemListElement":[{"@type":"ListItem","position":1,"name":"In\u00edcio","item":"https:\/\/aconteceunovale.com.br\/portal\/"},{"@type":"ListItem","position":2,"name":"Aeroporto da Pampulha deve ganhar novo terminal de passageiros e complexo de lojas"}]},{"@type":"WebSite","@id":"https:\/\/aconteceunovale.com.br\/portal\/#website","url":"https:\/\/aconteceunovale.com.br\/portal\/","name":"Aconteceu no Vale","description":"Portal de Not\u00edcias","potentialAction":[{"@type":"SearchAction","target":{"@type":"EntryPoint","urlTemplate":"https:\/\/aconteceunovale.com.br\/portal\/?s={search_term_string}"},"query-input":{"@type":"PropertyValueSpecification","valueRequired":true,"valueName":"search_term_string"}}],"inLanguage":"pt-BR"},{"@type":"Person","@id":"https:\/\/aconteceunovale.com.br\/portal\/#\/schema\/person\/7d2f26d1483f8a63de73da1ee0754d35","name":"Reda\u00e7\u00e3o Aconteceu no Vale","description":"Equipe de reportagem do Aconteceu no Vale, portal de not\u00edcias do Vale do Jequitinhonha, em Minas Gerais. Cobrimos as 51 cidades do Vale desde 2013. Sugest\u00f5es de pauta e pedidos de corre\u00e7\u00e3o: contato@aconteceunovale.com.br","url":"https:\/\/aconteceunovale.com.br\/portal\/?author=4"}]}},"_links":{"self":[{"href":"https:\/\/aconteceunovale.com.br\/portal\/index.php?rest_route=\/wp\/v2\/posts\/191640","targetHints":{"allow":["GET"]}}],"collection":[{"href":"https:\/\/aconteceunovale.com.br\/portal\/index.php?rest_route=\/wp\/v2\/posts"}],"about":[{"href":"https:\/\/aconteceunovale.com.br\/portal\/index.php?rest_route=\/wp\/v2\/types\/post"}],"author":[{"embeddable":true,"href":"https:\/\/aconteceunovale.com.br\/portal\/index.php?rest_route=\/wp\/v2\/users\/4"}],"replies":[{"embeddable":true,"href":"https:\/\/aconteceunovale.com.br\/portal\/index.php?rest_route=%2Fwp%2Fv2%2Fcomments&post=191640"}],"version-history":[{"count":1,"href":"https:\/\/aconteceunovale.com.br\/portal\/index.php?rest_route=\/wp\/v2\/posts\/191640\/revisions"}],"predecessor-version":[{"id":191642,"href":"https:\/\/aconteceunovale.com.br\/portal\/index.php?rest_route=\/wp\/v2\/posts\/191640\/revisions\/191642"}],"wp:featuredmedia":[{"embeddable":true,"href":"https:\/\/aconteceunovale.com.br\/portal\/index.php?rest_route=\/wp\/v2\/media\/191641"}],"wp:attachment":[{"href":"https:\/\/aconteceunovale.com.br\/portal\/index.php?rest_route=%2Fwp%2Fv2%2Fmedia&parent=191640"}],"wp:term":[{"taxonomy":"category","embeddable":true,"href":"https:\/\/aconteceunovale.com.br\/portal\/index.php?rest_route=%2Fwp%2Fv2%2Fcategories&post=191640"},{"taxonomy":"post_tag","embeddable":true,"href":"https:\/\/aconteceunovale.com.br\/portal\/index.php?rest_route=%2Fwp%2Fv2%2Ftags&post=191640"}],"curies":[{"name":"wp","href":"https:\/\/api.w.org\/{rel}","templated":true}]}}