{"id":191630,"date":"2022-10-18T22:27:50","date_gmt":"2022-10-19T01:27:50","guid":{"rendered":"https:\/\/aconteceunovale.com.br\/portal\/?p=191630"},"modified":"2022-10-18T22:28:32","modified_gmt":"2022-10-19T01:28:32","slug":"idoso-de-75-anos-e-indiciado-pelo-estupro-de-duas-netas","status":"publish","type":"post","link":"https:\/\/aconteceunovale.com.br\/portal\/?p=191630","title":{"rendered":"Idoso de 75 anos \u00e9 indiciado pelo estupro de duas netas"},"content":{"rendered":"\n<p class=\"wp-block-paragraph\">A Pol\u00edcia Civil de Minas Gerais (PCMG) concluiu o inqu\u00e9rito instaurado para apurar o envolvimento de um homem, de 75 anos, no abuso sexual de duas meninas, de 12 e 14 anos, crime ocorrido em Betim, na Regi\u00e3o Metropolitana de Belo Horizonte. Com o encerramento dos trabalhos, o suspeito, que \u00e9 av\u00f4 das adolescentes, foi indiciado por estupro de vulner\u00e1vel, de forma continuada, com aumento de pena em raz\u00e3o da ascend\u00eancia em rela\u00e7\u00e3o \u00e0s v\u00edtimas.<\/p>\n\n\n\n<figure class=\"wp-block-gallery has-nested-images columns-default is-cropped wp-block-gallery-1 is-layout-flex wp-block-gallery-is-layout-flex\">\n<figure class=\"wp-block-image size-large\"><img loading=\"lazy\" decoding=\"async\" width=\"617\" height=\"450\" data-id=\"191631\" src=\"https:\/\/aconteceunovale.com.br\/portal\/wp-content\/uploads\/2022\/10\/delegada_betim.jpg\" alt=\"\" class=\"wp-image-191631\" srcset=\"https:\/\/aconteceunovale.com.br\/portal\/wp-content\/uploads\/2022\/10\/delegada_betim.jpg 617w, https:\/\/aconteceunovale.com.br\/portal\/wp-content\/uploads\/2022\/10\/delegada_betim-300x219.jpg 300w, https:\/\/aconteceunovale.com.br\/portal\/wp-content\/uploads\/2022\/10\/delegada_betim-324x235.jpg 324w, https:\/\/aconteceunovale.com.br\/portal\/wp-content\/uploads\/2022\/10\/delegada_betim-576x420.jpg 576w\" sizes=\"auto, (max-width: 617px) 100vw, 617px\" \/><figcaption><em><sub>Delegada Ariadne Coelho &#8211; Foto: Divulga\u00e7\u00e3o \/ PCMG<\/sub><\/em><\/figcaption><\/figure>\n<\/figure>\n\n\n\n<p class=\"wp-block-paragraph\">A investiga\u00e7\u00e3o, coordenada pela Delegacia Especializada de Atendimento \u00e0 Mulher (Deam), come\u00e7ou no fim de agosto deste ano, quando a pol\u00edcia foi acionada na escola da v\u00edtima de 14 anos. Na ocasi\u00e3o, a menina teve uma crise de p\u00e2nico em sala de aula e come\u00e7ou a chorar e bater a cabe\u00e7a na parede. A professora repassou a situa\u00e7\u00e3o \u00e0 diretora, que conversou com a adolescente, momento em que a jovem relatou os abusos cometidos pelo av\u00f4, que morava no mesmo lote, desde que ela tinha 8 anos.<\/p>\n\n\n\n<p class=\"wp-block-paragraph\">Segundo a diretora, a menina apresentou profundo estado de tristeza, dizendo que n\u00e3o suportava mais viver e que tinha dificuldades para socializar. Ainda em desabafo, a adolescente contou que os abusos ficaram mais frequentes nos \u00faltimos tempos, apontando a prima como outra v\u00edtima da situa\u00e7\u00e3o. A profissional da educa\u00e7\u00e3o, que j\u00e1 havia notado mudan\u00e7as no comportamento da estudante, acionou ent\u00e3o os \u00f3rg\u00e3os competentes.<\/p>\n\n\n\n<p class=\"wp-block-paragraph\">As duas meninas, v\u00edtimas dos abusos, passaram por avalia\u00e7\u00e3o psicol\u00f3gica no Instituto M\u00e9dico-Legal Dr. Andr\u00e9 Roquette, em Belo Horizonte, oportunidade em que relataram os atos libidinosos diversos da conjun\u00e7\u00e3o carnal cometidos pelo av\u00f4. Segundo as adolescentes, a pretexto de fazer massagens nos ombros, ele as tocava nos seios e em partes \u00edntimas. Uma delas chegou a reclamar que o av\u00f4 a observava tomando banho pela janela. Em laudo, a psic\u00f3loga destacou indicativos de sofrimento psicol\u00f3gico da v\u00edtima de 14 anos em raz\u00e3o dos abusos.<\/p>\n\n\n\n<p class=\"wp-block-paragraph\">V\u00e1rios familiares foram ouvidos, entre eles, a m\u00e3e de uma das v\u00edtimas. Em depoimento, a mulher contou que na inf\u00e2ncia o pai tamb\u00e9m tinha um carinho excessivo e gostava muito de tocar, por isso teria alertado a filha, caso n\u00e3o gostasse de algo. Uma das testemunhas ainda ressaltou que a fam\u00edlia sabia desses comportamentos por parte do suspeito, mas que sempre deixavam passar. O suspeito tamb\u00e9m foi interrogado e negou os abusos. Ele admitiu as massagens na neta de 14 anos e acredita que &#8220;possa ter esbarrado nos seios dela, mas sem querer&#8221;.<\/p>\n\n\n\n<p class=\"wp-block-paragraph\">O inqu\u00e9rito ser\u00e1 encaminhado para o Minist\u00e9rio P\u00fablico de Minas Gerais (MPMG).<\/p>\n\n\n\n<p class=\"wp-block-paragraph\">&#8212;&#8212;&#8212;&#8212;&#8212;&#8212;<br><br><strong>Sabia que o Aconteceu no Vale est\u00e1 tamb\u00e9m no Telegram? <a rel=\"noreferrer noopener\" href=\"https:\/\/t.me\/aconteceunovaleoficial\" target=\"_blank\">Inscreva-se no canal<\/a>.<\/strong><br><br><strong>J\u00e1 curtiu ou seguiu nossas p\u00e1ginas nas redes sociais?\u00a0Receba as not\u00edcias em primeira m\u00e3o:<\/strong><br>\u2022 <a rel=\"noreferrer noopener\" href=\"https:\/\/news.google.com\/publications\/CAAqBwgKMNjklQswi4etAw?hl=pt-BR&amp;gl=BR&amp;ceid=BR%3Apt-419\" target=\"_blank\">Google News<\/a><br>\u2022 <a rel=\"noreferrer noopener\" href=\"https:\/\/www.facebook.com\/aconteceunovale\/\" target=\"_blank\">Facebook<\/a><br>\u2022 <a rel=\"noreferrer noopener\" href=\"https:\/\/twitter.com\/noticiadosvales\" target=\"_blank\">Twitter<\/a><br>\u2022 <a rel=\"noreferrer noopener\" href=\"https:\/\/www.instagram.com\/aconteceunovale\" target=\"_blank\">Instagram<\/a><br>\u2022 <a rel=\"noreferrer noopener\" href=\"https:\/\/www.youtube.com\/AconteceunoValeOficial\" target=\"_blank\">Youtube<\/a><br>\u2022 <a rel=\"noreferrer noopener\" href=\"https:\/\/www.tiktok.com\/@aconteceunovale\" target=\"_blank\">TikTok<\/a><\/p>\n","protected":false},"excerpt":{"rendered":"<p>A Pol\u00edcia Civil de Minas Gerais (PCMG) concluiu o inqu\u00e9rito instaurado para apurar o envolvimento de um homem, de 75 anos, no abuso sexual de duas meninas, de 12 e 14 anos, crime ocorrido em Betim, na Regi\u00e3o Metropolitana de Belo Horizonte. Com o encerramento dos trabalhos, o suspeito, que \u00e9 av\u00f4 das adolescentes, foi [&hellip;]<\/p>\n","protected":false},"author":4,"featured_media":191631,"comment_status":"open","ping_status":"closed","sticky":false,"template":"","format":"standard","meta":{"amp_status":"","footnotes":""},"categories":[123],"tags":[265283,1495,1018,265279,265280,265282,265281,119969],"class_list":["post-191630","post","type-post","status-publish","format-standard","has-post-thumbnail","hentry","category-gerais","tag-avo-preso-por-estupro-em-betim","tag-betim","tag-destaque","tag-idoso-de-75-anos-e-indiciado-pelo-estupro-de-duas-netas","tag-idoso-de-75-anos-e-indiciado-pelo-estupro-de-duas-netas-em-betim","tag-idoso-investigado-por-estupro-em-betim","tag-idoso-preso-em-betim","tag-preso-por-estupro-em-betim"],"yoast_head":"<!-- This site is optimized with the Yoast SEO plugin v28.3 - https:\/\/yoast.com\/product\/yoast-seo-wordpress\/ -->\n<title>Idoso de 75 anos \u00e9 indiciado pelo estupro de duas netas - Aconteceu no Vale<\/title>\n<meta name=\"robots\" content=\"index, follow, max-snippet:-1, max-image-preview:large, max-video-preview:-1\" \/>\n<link rel=\"canonical\" href=\"https:\/\/aconteceunovale.com.br\/portal\/?p=191630\" \/>\n<meta property=\"og:locale\" content=\"pt_BR\" \/>\n<meta property=\"og:type\" content=\"article\" \/>\n<meta property=\"og:title\" content=\"Idoso de 75 anos \u00e9 indiciado pelo estupro de duas netas - Aconteceu no Vale\" \/>\n<meta property=\"og:description\" content=\"A Pol\u00edcia Civil de Minas Gerais (PCMG) concluiu o inqu\u00e9rito instaurado para apurar o envolvimento de um homem, de 75 anos, no abuso sexual de duas meninas, de 12 e 14 anos, crime ocorrido em Betim, na Regi\u00e3o Metropolitana de Belo Horizonte. Com o encerramento dos trabalhos, o suspeito, que \u00e9 av\u00f4 das adolescentes, foi [&hellip;]\" \/>\n<meta property=\"og:url\" content=\"https:\/\/aconteceunovale.com.br\/portal\/?p=191630\" \/>\n<meta property=\"og:site_name\" content=\"Aconteceu no Vale\" \/>\n<meta property=\"article:publisher\" content=\"https:\/\/www.facebook.com\/aconteceunovale\/\" \/>\n<meta property=\"article:published_time\" content=\"2022-10-19T01:27:50+00:00\" \/>\n<meta property=\"article:modified_time\" content=\"2022-10-19T01:28:32+00:00\" \/>\n<meta property=\"og:image\" content=\"https:\/\/aconteceunovale.com.br\/portal\/wp-content\/uploads\/2022\/10\/delegada_betim.jpg\" \/>\n\t<meta property=\"og:image:width\" content=\"617\" \/>\n\t<meta property=\"og:image:height\" content=\"450\" \/>\n\t<meta property=\"og:image:type\" content=\"image\/jpeg\" \/>\n<meta name=\"author\" content=\"Reda\u00e7\u00e3o Aconteceu no Vale\" \/>\n<meta name=\"twitter:card\" content=\"summary_large_image\" \/>\n<meta name=\"twitter:creator\" content=\"@noticiadosvales\" \/>\n<meta name=\"twitter:site\" content=\"@noticiadosvales\" \/>\n<meta name=\"twitter:label1\" content=\"Escrito por\" \/>\n\t<meta name=\"twitter:data1\" content=\"Reda\u00e7\u00e3o Aconteceu no Vale\" \/>\n\t<meta name=\"twitter:label2\" content=\"Est. tempo de leitura\" \/>\n\t<meta name=\"twitter:data2\" content=\"2 minutos\" \/>\n<script type=\"application\/ld+json\" class=\"yoast-schema-graph\">{\"@context\":\"https:\\\/\\\/schema.org\",\"@graph\":[{\"@type\":\"Article\",\"@id\":\"https:\\\/\\\/aconteceunovale.com.br\\\/portal\\\/?p=191630#article\",\"isPartOf\":{\"@id\":\"https:\\\/\\\/aconteceunovale.com.br\\\/portal\\\/?p=191630\"},\"author\":{\"name\":\"Reda\u00e7\u00e3o Aconteceu no Vale\",\"@id\":\"https:\\\/\\\/aconteceunovale.com.br\\\/portal\\\/#\\\/schema\\\/person\\\/7d2f26d1483f8a63de73da1ee0754d35\"},\"headline\":\"Idoso de 75 anos \u00e9 indiciado pelo estupro de duas netas\",\"datePublished\":\"2022-10-19T01:27:50+00:00\",\"dateModified\":\"2022-10-19T01:28:32+00:00\",\"mainEntityOfPage\":{\"@id\":\"https:\\\/\\\/aconteceunovale.com.br\\\/portal\\\/?p=191630\"},\"wordCount\":505,\"commentCount\":0,\"image\":{\"@id\":\"https:\\\/\\\/aconteceunovale.com.br\\\/portal\\\/?p=191630#primaryimage\"},\"thumbnailUrl\":\"https:\\\/\\\/aconteceunovale.com.br\\\/portal\\\/wp-content\\\/uploads\\\/2022\\\/10\\\/delegada_betim.jpg\",\"keywords\":[\"Av\u00f4 preso por estupro em Betim\",\"Betim\",\"destaque\",\"Idoso de 75 anos \u00e9 indiciado pelo estupro de duas netas\",\"Idoso de 75 anos \u00e9 indiciado pelo estupro de duas netas em Betim\",\"Idoso investigado por estupro em Betim\",\"Idoso preso em Betim\",\"Preso por estupro em Betim\"],\"articleSection\":[\"Minas Gerais\"],\"inLanguage\":\"pt-BR\",\"potentialAction\":[{\"@type\":\"CommentAction\",\"name\":\"Comment\",\"target\":[\"https:\\\/\\\/aconteceunovale.com.br\\\/portal\\\/?p=191630#respond\"]}]},{\"@type\":\"WebPage\",\"@id\":\"https:\\\/\\\/aconteceunovale.com.br\\\/portal\\\/?p=191630\",\"url\":\"https:\\\/\\\/aconteceunovale.com.br\\\/portal\\\/?p=191630\",\"name\":\"Idoso de 75 anos \u00e9 indiciado pelo estupro de duas netas - Aconteceu no Vale\",\"isPartOf\":{\"@id\":\"https:\\\/\\\/aconteceunovale.com.br\\\/portal\\\/#website\"},\"primaryImageOfPage\":{\"@id\":\"https:\\\/\\\/aconteceunovale.com.br\\\/portal\\\/?p=191630#primaryimage\"},\"image\":{\"@id\":\"https:\\\/\\\/aconteceunovale.com.br\\\/portal\\\/?p=191630#primaryimage\"},\"thumbnailUrl\":\"https:\\\/\\\/aconteceunovale.com.br\\\/portal\\\/wp-content\\\/uploads\\\/2022\\\/10\\\/delegada_betim.jpg\",\"datePublished\":\"2022-10-19T01:27:50+00:00\",\"dateModified\":\"2022-10-19T01:28:32+00:00\",\"author\":{\"@id\":\"https:\\\/\\\/aconteceunovale.com.br\\\/portal\\\/#\\\/schema\\\/person\\\/7d2f26d1483f8a63de73da1ee0754d35\"},\"breadcrumb\":{\"@id\":\"https:\\\/\\\/aconteceunovale.com.br\\\/portal\\\/?p=191630#breadcrumb\"},\"inLanguage\":\"pt-BR\",\"potentialAction\":[{\"@type\":\"ReadAction\",\"target\":[\"https:\\\/\\\/aconteceunovale.com.br\\\/portal\\\/?p=191630\"]}]},{\"@type\":\"ImageObject\",\"inLanguage\":\"pt-BR\",\"@id\":\"https:\\\/\\\/aconteceunovale.com.br\\\/portal\\\/?p=191630#primaryimage\",\"url\":\"https:\\\/\\\/aconteceunovale.com.br\\\/portal\\\/wp-content\\\/uploads\\\/2022\\\/10\\\/delegada_betim.jpg\",\"contentUrl\":\"https:\\\/\\\/aconteceunovale.com.br\\\/portal\\\/wp-content\\\/uploads\\\/2022\\\/10\\\/delegada_betim.jpg\",\"width\":617,\"height\":450},{\"@type\":\"BreadcrumbList\",\"@id\":\"https:\\\/\\\/aconteceunovale.com.br\\\/portal\\\/?p=191630#breadcrumb\",\"itemListElement\":[{\"@type\":\"ListItem\",\"position\":1,\"name\":\"In\u00edcio\",\"item\":\"https:\\\/\\\/aconteceunovale.com.br\\\/portal\\\/\"},{\"@type\":\"ListItem\",\"position\":2,\"name\":\"Idoso de 75 anos \u00e9 indiciado pelo estupro de duas netas\"}]},{\"@type\":\"WebSite\",\"@id\":\"https:\\\/\\\/aconteceunovale.com.br\\\/portal\\\/#website\",\"url\":\"https:\\\/\\\/aconteceunovale.com.br\\\/portal\\\/\",\"name\":\"Aconteceu no Vale\",\"description\":\"Portal de Not\u00edcias\",\"potentialAction\":[{\"@type\":\"SearchAction\",\"target\":{\"@type\":\"EntryPoint\",\"urlTemplate\":\"https:\\\/\\\/aconteceunovale.com.br\\\/portal\\\/?s={search_term_string}\"},\"query-input\":{\"@type\":\"PropertyValueSpecification\",\"valueRequired\":true,\"valueName\":\"search_term_string\"}}],\"inLanguage\":\"pt-BR\"},{\"@type\":\"Person\",\"@id\":\"https:\\\/\\\/aconteceunovale.com.br\\\/portal\\\/#\\\/schema\\\/person\\\/7d2f26d1483f8a63de73da1ee0754d35\",\"name\":\"Reda\u00e7\u00e3o Aconteceu no Vale\",\"description\":\"Equipe de reportagem do Aconteceu no Vale, portal de not\u00edcias do Vale do Jequitinhonha, em Minas Gerais. Cobrimos as 51 cidades do Vale desde 2013. Sugest\u00f5es de pauta e pedidos de corre\u00e7\u00e3o: contato@aconteceunovale.com.br\",\"url\":\"https:\\\/\\\/aconteceunovale.com.br\\\/portal\\\/?author=4\"}]}<\/script>\n<!-- \/ Yoast SEO plugin. -->","yoast_head_json":{"title":"Idoso de 75 anos \u00e9 indiciado pelo estupro de duas netas - Aconteceu no Vale","robots":{"index":"index","follow":"follow","max-snippet":"max-snippet:-1","max-image-preview":"max-image-preview:large","max-video-preview":"max-video-preview:-1"},"canonical":"https:\/\/aconteceunovale.com.br\/portal\/?p=191630","og_locale":"pt_BR","og_type":"article","og_title":"Idoso de 75 anos \u00e9 indiciado pelo estupro de duas netas - Aconteceu no Vale","og_description":"A Pol\u00edcia Civil de Minas Gerais (PCMG) concluiu o inqu\u00e9rito instaurado para apurar o envolvimento de um homem, de 75 anos, no abuso sexual de duas meninas, de 12 e 14 anos, crime ocorrido em Betim, na Regi\u00e3o Metropolitana de Belo Horizonte. Com o encerramento dos trabalhos, o suspeito, que \u00e9 av\u00f4 das adolescentes, foi [&hellip;]","og_url":"https:\/\/aconteceunovale.com.br\/portal\/?p=191630","og_site_name":"Aconteceu no Vale","article_publisher":"https:\/\/www.facebook.com\/aconteceunovale\/","article_published_time":"2022-10-19T01:27:50+00:00","article_modified_time":"2022-10-19T01:28:32+00:00","og_image":[{"width":617,"height":450,"url":"https:\/\/aconteceunovale.com.br\/portal\/wp-content\/uploads\/2022\/10\/delegada_betim.jpg","type":"image\/jpeg"}],"author":"Reda\u00e7\u00e3o Aconteceu no Vale","twitter_card":"summary_large_image","twitter_creator":"@noticiadosvales","twitter_site":"@noticiadosvales","twitter_misc":{"Escrito por":"Reda\u00e7\u00e3o Aconteceu no Vale","Est. tempo de leitura":"2 minutos"},"schema":{"@context":"https:\/\/schema.org","@graph":[{"@type":"Article","@id":"https:\/\/aconteceunovale.com.br\/portal\/?p=191630#article","isPartOf":{"@id":"https:\/\/aconteceunovale.com.br\/portal\/?p=191630"},"author":{"name":"Reda\u00e7\u00e3o Aconteceu no Vale","@id":"https:\/\/aconteceunovale.com.br\/portal\/#\/schema\/person\/7d2f26d1483f8a63de73da1ee0754d35"},"headline":"Idoso de 75 anos \u00e9 indiciado pelo estupro de duas netas","datePublished":"2022-10-19T01:27:50+00:00","dateModified":"2022-10-19T01:28:32+00:00","mainEntityOfPage":{"@id":"https:\/\/aconteceunovale.com.br\/portal\/?p=191630"},"wordCount":505,"commentCount":0,"image":{"@id":"https:\/\/aconteceunovale.com.br\/portal\/?p=191630#primaryimage"},"thumbnailUrl":"https:\/\/aconteceunovale.com.br\/portal\/wp-content\/uploads\/2022\/10\/delegada_betim.jpg","keywords":["Av\u00f4 preso por estupro em Betim","Betim","destaque","Idoso de 75 anos \u00e9 indiciado pelo estupro de duas netas","Idoso de 75 anos \u00e9 indiciado pelo estupro de duas netas em Betim","Idoso investigado por estupro em Betim","Idoso preso em Betim","Preso por estupro em Betim"],"articleSection":["Minas Gerais"],"inLanguage":"pt-BR","potentialAction":[{"@type":"CommentAction","name":"Comment","target":["https:\/\/aconteceunovale.com.br\/portal\/?p=191630#respond"]}]},{"@type":"WebPage","@id":"https:\/\/aconteceunovale.com.br\/portal\/?p=191630","url":"https:\/\/aconteceunovale.com.br\/portal\/?p=191630","name":"Idoso de 75 anos \u00e9 indiciado pelo estupro de duas netas - Aconteceu no Vale","isPartOf":{"@id":"https:\/\/aconteceunovale.com.br\/portal\/#website"},"primaryImageOfPage":{"@id":"https:\/\/aconteceunovale.com.br\/portal\/?p=191630#primaryimage"},"image":{"@id":"https:\/\/aconteceunovale.com.br\/portal\/?p=191630#primaryimage"},"thumbnailUrl":"https:\/\/aconteceunovale.com.br\/portal\/wp-content\/uploads\/2022\/10\/delegada_betim.jpg","datePublished":"2022-10-19T01:27:50+00:00","dateModified":"2022-10-19T01:28:32+00:00","author":{"@id":"https:\/\/aconteceunovale.com.br\/portal\/#\/schema\/person\/7d2f26d1483f8a63de73da1ee0754d35"},"breadcrumb":{"@id":"https:\/\/aconteceunovale.com.br\/portal\/?p=191630#breadcrumb"},"inLanguage":"pt-BR","potentialAction":[{"@type":"ReadAction","target":["https:\/\/aconteceunovale.com.br\/portal\/?p=191630"]}]},{"@type":"ImageObject","inLanguage":"pt-BR","@id":"https:\/\/aconteceunovale.com.br\/portal\/?p=191630#primaryimage","url":"https:\/\/aconteceunovale.com.br\/portal\/wp-content\/uploads\/2022\/10\/delegada_betim.jpg","contentUrl":"https:\/\/aconteceunovale.com.br\/portal\/wp-content\/uploads\/2022\/10\/delegada_betim.jpg","width":617,"height":450},{"@type":"BreadcrumbList","@id":"https:\/\/aconteceunovale.com.br\/portal\/?p=191630#breadcrumb","itemListElement":[{"@type":"ListItem","position":1,"name":"In\u00edcio","item":"https:\/\/aconteceunovale.com.br\/portal\/"},{"@type":"ListItem","position":2,"name":"Idoso de 75 anos \u00e9 indiciado pelo estupro de duas netas"}]},{"@type":"WebSite","@id":"https:\/\/aconteceunovale.com.br\/portal\/#website","url":"https:\/\/aconteceunovale.com.br\/portal\/","name":"Aconteceu no Vale","description":"Portal de Not\u00edcias","potentialAction":[{"@type":"SearchAction","target":{"@type":"EntryPoint","urlTemplate":"https:\/\/aconteceunovale.com.br\/portal\/?s={search_term_string}"},"query-input":{"@type":"PropertyValueSpecification","valueRequired":true,"valueName":"search_term_string"}}],"inLanguage":"pt-BR"},{"@type":"Person","@id":"https:\/\/aconteceunovale.com.br\/portal\/#\/schema\/person\/7d2f26d1483f8a63de73da1ee0754d35","name":"Reda\u00e7\u00e3o Aconteceu no Vale","description":"Equipe de reportagem do Aconteceu no Vale, portal de not\u00edcias do Vale do Jequitinhonha, em Minas Gerais. Cobrimos as 51 cidades do Vale desde 2013. Sugest\u00f5es de pauta e pedidos de corre\u00e7\u00e3o: contato@aconteceunovale.com.br","url":"https:\/\/aconteceunovale.com.br\/portal\/?author=4"}]}},"_links":{"self":[{"href":"https:\/\/aconteceunovale.com.br\/portal\/index.php?rest_route=\/wp\/v2\/posts\/191630","targetHints":{"allow":["GET"]}}],"collection":[{"href":"https:\/\/aconteceunovale.com.br\/portal\/index.php?rest_route=\/wp\/v2\/posts"}],"about":[{"href":"https:\/\/aconteceunovale.com.br\/portal\/index.php?rest_route=\/wp\/v2\/types\/post"}],"author":[{"embeddable":true,"href":"https:\/\/aconteceunovale.com.br\/portal\/index.php?rest_route=\/wp\/v2\/users\/4"}],"replies":[{"embeddable":true,"href":"https:\/\/aconteceunovale.com.br\/portal\/index.php?rest_route=%2Fwp%2Fv2%2Fcomments&post=191630"}],"version-history":[{"count":2,"href":"https:\/\/aconteceunovale.com.br\/portal\/index.php?rest_route=\/wp\/v2\/posts\/191630\/revisions"}],"predecessor-version":[{"id":191633,"href":"https:\/\/aconteceunovale.com.br\/portal\/index.php?rest_route=\/wp\/v2\/posts\/191630\/revisions\/191633"}],"wp:featuredmedia":[{"embeddable":true,"href":"https:\/\/aconteceunovale.com.br\/portal\/index.php?rest_route=\/wp\/v2\/media\/191631"}],"wp:attachment":[{"href":"https:\/\/aconteceunovale.com.br\/portal\/index.php?rest_route=%2Fwp%2Fv2%2Fmedia&parent=191630"}],"wp:term":[{"taxonomy":"category","embeddable":true,"href":"https:\/\/aconteceunovale.com.br\/portal\/index.php?rest_route=%2Fwp%2Fv2%2Fcategories&post=191630"},{"taxonomy":"post_tag","embeddable":true,"href":"https:\/\/aconteceunovale.com.br\/portal\/index.php?rest_route=%2Fwp%2Fv2%2Ftags&post=191630"}],"curies":[{"name":"wp","href":"https:\/\/api.w.org\/{rel}","templated":true}]}}