{"id":19161,"date":"2014-01-23T14:12:13","date_gmt":"2014-01-23T16:12:13","guid":{"rendered":"http:\/\/aconteceunovale.com.br\/portal\/?p=19161"},"modified":"2014-01-23T14:12:13","modified_gmt":"2014-01-23T16:12:13","slug":"vacinacao-de-meninas-contra-virus-hpv-comeca-em-10-de-marco-no-sus","status":"publish","type":"post","link":"https:\/\/aconteceunovale.com.br\/portal\/?p=19161","title":{"rendered":"Vacina\u00e7\u00e3o de meninas contra v\u00edrus HPV come\u00e7a em 10 de mar\u00e7o no SUS"},"content":{"rendered":"<p>O Sistema \u00danico de Sa\u00fade (SUS) vai come\u00e7ar a oferecer a vacina contra o papiloma v\u00edrus humano (HPV) a partir de 10 de mar\u00e7o para meninas de 11 a 13 anos, em postos de sa\u00fade e em escolas p\u00fablicas e privadas de todo o pa\u00eds, informou nesta quarta-feira (22\/01) o Minist\u00e9rio da Sa\u00fade.<\/p>\n<p><img decoding=\"async\" src=\"http:\/\/aconteceunovale.com.br\/portal\/wp-content\/uploads\/2014\/01\/vacina_contra_hpv.jpg\" alt=\"\" \/><\/p>\n<p>A dose, que ajuda a proteger contra o c\u00e2ncer de colo do \u00fatero, estar\u00e1 dispon\u00edvel nos 36 mil postos de sa\u00fade da rede p\u00fablica durante todo o ano, de acordo com o minist\u00e9rio. Em 2015, o p\u00fablico-alvo ser\u00e3o as meninas de 9 a 11 anos e, a partir de 2016, a a\u00e7\u00e3o ficar\u00e1 restrita \u00e0s meninas de 9 anos.<\/p>\n<p>Para garantir prote\u00e7\u00e3o completa, a imuniza\u00e7\u00e3o ocorrer\u00e1 de forma estendida, em tr\u00eas doses. A segunda aplica\u00e7\u00e3o deve ser feita 6 meses depois da primeira e a terceira, 5 anos depois.<\/p>\n<p>At\u00e9 2016, o objetivo do minist\u00e9rio \u00e9 imunizar 80% do total de 5,2 milh\u00f5es de meninas de 9 a 13 anos no pa\u00eds. De acordo com o ministro da Sa\u00fade, Alexandre Padilha, essa faixa et\u00e1ria foi escolhida porque, nela, a produ\u00e7\u00e3o de anticorpos contra o HPV tem maior efic\u00e1cia.<\/p>\n<p>&#8220;Al\u00e9m disso, na grande m\u00e9dia da popula\u00e7\u00e3o brasileira, meninas nessa idade ainda n\u00e3o tiveram in\u00edcio da atividade sexual, que \u00e9 quando essas futuras mulheres estar\u00e3o sob risco do v\u00edrus HPV. Ent\u00e3o, estamos garantindo prote\u00e7\u00e3o para quando essas meninas tiverem vida sexual ativa&#8221;, explicou Padilha.<\/p>\n<p>Ao todo, h\u00e1 mais de cem tipos de HPV, v\u00edrus transmitido principalmente por meio de rela\u00e7\u00e3o sexual, pelo contato direto com a pele ou mucosas infectadas. A vacina que ser\u00e1 aplicada no Brasil protege contra os quatro tipos mais recorrentes de HPV: 6, 11, 16 e 18 \u2013 os dois primeiros ligados a 90% das verrugas genitais e os dois \u00faltimos, a 70% dos casos de c\u00e2ncer de colo do \u00fatero.<\/p>\n<p>Em 2011, 5.160 mulheres morreram em decorr\u00eancia dessa doen\u00e7a, o terceiro c\u00e2ncer mais comum entre as brasileiras, atr\u00e1s dos tumores de mama e colorretal. Segundo dados a Organiza\u00e7\u00e3o Mundial da Sa\u00fade (OMS), 290 milh\u00f5es de mulheres no mundo t\u00eam HPV.<\/p>\n<p>De acordo com a coordenadora do Programa Nacional de Imuniza\u00e7\u00e3o, Carla Domingues, a vacina que ser\u00e1 usada pelo SUS tem efic\u00e1cia de 98,8% contra o c\u00e2ncer de colo do \u00fatero. A imuniza\u00e7\u00e3o, por\u00e9m, \u00e9 preventiva e n\u00e3o dispensa o uso de camisinha durante a rela\u00e7\u00e3o sexual.<\/p>\n<p>&#8220;A vacina\u00e7\u00e3o contra o HPV \u00e9 uma precau\u00e7\u00e3o do c\u00e2ncer de colo do \u00fatero. N\u00e3o \u00e9 terap\u00eautica, portanto, deve ser recomendada como uma medida preventiva, e n\u00e3o curativa. A vacina n\u00e3o substitui a realiza\u00e7\u00e3o do exame preventivo [papanicolau] nem o uso de preservativos&#8221;, disse Carla.<\/p>\n<p><strong>Vacina\u00e7\u00e3o nas escolas<\/strong><\/p>\n<p>Para ser vacinada na escola, a menina precisar\u00e1 da autoriza\u00e7\u00e3o da fam\u00edlia e apresentar o cart\u00e3o de vacina\u00e7\u00e3o ou um documento de identifica\u00e7\u00e3o. O Minist\u00e9rio da Sa\u00fade vai orientar as secretarias estaduais e municipais para que tracem suas estrat\u00e9gias de imuniza\u00e7\u00e3o no ambiente escolar.<\/p>\n<p>&#8220;O Minist\u00e9rio da Sa\u00fade estimula as secretarias a fazer uma grande campanha de vacina\u00e7\u00e3o durante o per\u00edodo de aplica\u00e7\u00e3o da primeira dose dentro das escolas p\u00fablicas e privadas&#8221;, afirmou Padilha. &#8220;Caso o munic\u00edpio ache interessante, a segunda dose tamb\u00e9m poder\u00e1 ser aplicada na escola&#8221;, completou o ministro.<\/p>\n<p><em><strong>(Informa\u00e7\u00f5es do G1)<\/strong><\/em><\/p>\n","protected":false},"excerpt":{"rendered":"<p>O Sistema \u00danico de Sa\u00fade (SUS) vai come\u00e7ar a oferecer a vacina contra o papiloma v\u00edrus humano (HPV) a partir de 10 de mar\u00e7o para meninas de 11 a 13 anos, em postos de sa\u00fade e em escolas p\u00fablicas e privadas de todo o pa\u00eds, informou nesta quarta-feira (22\/01) o Minist\u00e9rio da Sa\u00fade. A dose, [&hellip;]<\/p>\n","protected":false},"author":1,"featured_media":19162,"comment_status":"open","ping_status":"closed","sticky":false,"template":"","format":"standard","meta":{"amp_status":"","footnotes":""},"categories":[6],"tags":[3397,3396,3395],"class_list":["post-19161","post","type-post","status-publish","format-standard","has-post-thumbnail","hentry","category-br","tag-vacina-contra-o-hpv","tag-vacina-contra-o-papiloma-virus-humano","tag-vacinacao-de-meninas-contra-virus-hpv-comeca-em-10-de-marco-no-sus"],"_links":{"self":[{"href":"https:\/\/aconteceunovale.com.br\/portal\/index.php?rest_route=\/wp\/v2\/posts\/19161","targetHints":{"allow":["GET"]}}],"collection":[{"href":"https:\/\/aconteceunovale.com.br\/portal\/index.php?rest_route=\/wp\/v2\/posts"}],"about":[{"href":"https:\/\/aconteceunovale.com.br\/portal\/index.php?rest_route=\/wp\/v2\/types\/post"}],"author":[{"embeddable":true,"href":"https:\/\/aconteceunovale.com.br\/portal\/index.php?rest_route=\/wp\/v2\/users\/1"}],"replies":[{"embeddable":true,"href":"https:\/\/aconteceunovale.com.br\/portal\/index.php?rest_route=%2Fwp%2Fv2%2Fcomments&post=19161"}],"version-history":[{"count":0,"href":"https:\/\/aconteceunovale.com.br\/portal\/index.php?rest_route=\/wp\/v2\/posts\/19161\/revisions"}],"wp:featuredmedia":[{"embeddable":true,"href":"https:\/\/aconteceunovale.com.br\/portal\/index.php?rest_route=\/wp\/v2\/media\/19162"}],"wp:attachment":[{"href":"https:\/\/aconteceunovale.com.br\/portal\/index.php?rest_route=%2Fwp%2Fv2%2Fmedia&parent=19161"}],"wp:term":[{"taxonomy":"category","embeddable":true,"href":"https:\/\/aconteceunovale.com.br\/portal\/index.php?rest_route=%2Fwp%2Fv2%2Fcategories&post=19161"},{"taxonomy":"post_tag","embeddable":true,"href":"https:\/\/aconteceunovale.com.br\/portal\/index.php?rest_route=%2Fwp%2Fv2%2Ftags&post=19161"}],"curies":[{"name":"wp","href":"https:\/\/api.w.org\/{rel}","templated":true}]}}