{"id":191607,"date":"2022-10-17T22:50:44","date_gmt":"2022-10-18T01:50:44","guid":{"rendered":"https:\/\/aconteceunovale.com.br\/portal\/?p=191607"},"modified":"2022-10-17T22:52:51","modified_gmt":"2022-10-18T01:52:51","slug":"colisao-entre-veiculos-deixa-sete-mortos-em-minas-gerais","status":"publish","type":"post","link":"https:\/\/aconteceunovale.com.br\/portal\/?p=191607","title":{"rendered":"Colis\u00e3o entre ve\u00edculos deixa sete mortos em Minas Gerais"},"content":{"rendered":"\n<p class=\"wp-block-paragraph\">Sete pessoas, incluindo duas crian\u00e7as, morreram em um acidente automobil\u00edstico ocorrido ontem (16\/10\/2022) \u00e0 noite, em Ouro Preto, na regi\u00e3o Central de Minas Gerais. Segundo informa\u00e7\u00f5es Corpo de Bombeiros, quatro ve\u00edculos (um Siena, um Celta, um Uno e um Palio) colidiram na altura do km 88 da Rodovia BR-356, que liga a Zona da Mata Mineira aos estados do Rio de Janeiro e do Esp\u00edrito Santo.<\/p>\n\n\n\n<figure class=\"wp-block-gallery has-nested-images columns-default is-cropped wp-block-gallery-1 is-layout-flex wp-block-gallery-is-layout-flex\">\n<figure class=\"wp-block-image size-large\"><img loading=\"lazy\" decoding=\"async\" width=\"678\" height=\"402\" data-id=\"191608\" src=\"https:\/\/aconteceunovale.com.br\/portal\/wp-content\/uploads\/2022\/10\/acidente_ouro_preto_1.png\" alt=\"\" class=\"wp-image-191608\" srcset=\"https:\/\/aconteceunovale.com.br\/portal\/wp-content\/uploads\/2022\/10\/acidente_ouro_preto_1.png 678w, https:\/\/aconteceunovale.com.br\/portal\/wp-content\/uploads\/2022\/10\/acidente_ouro_preto_1-300x178.png 300w\" sizes=\"auto, (max-width: 678px) 100vw, 678px\" \/><figcaption><em><sub>Foto: Reprodu\u00e7\u00e3o \/ WhatsApp<\/sub><\/em><\/figcaption><\/figure>\n<\/figure>\n\n\n\n<p class=\"wp-block-paragraph\">De acordo com testemunhas ouvidas pela Pol\u00edcia Militar (PM), o acidente pode ter sido causado pela imprud\u00eancia de um motorista que teria tentado fazer uma ultrapassagem em trecho proibido.<\/p>\n\n\n\n<p class=\"wp-block-paragraph\">Outras oito pessoas ficaram feridas e foram socorridas pelo Servi\u00e7o de Atendimento M\u00f3vel de Urg\u00eancia (Samu), tendo sido levadas para a Santa Casa de Ouro Preto.<\/p>\n\n\n\n<p class=\"wp-block-paragraph\">Al\u00e9m de bombeiros militares, policiais do Comando de Policiamento Rodovi\u00e1rio, da PM, e servidores do Samu, a ocorr\u00eancia tamb\u00e9m mobilizou brigadistas de Itabirito, uma ambul\u00e2ncia da prefeitura de Ouro Preto e guinchos que removeram os ve\u00edculos da rodovia.<\/p>\n\n\n\n<p class=\"wp-block-paragraph\">O tr\u00e1fego de ve\u00edculos nas proximidades do local do acidente ficou interrompido por quase seis horas, tendo sido liberado no fim da noite.<\/p>\n\n\n\n<figure class=\"wp-block-gallery has-nested-images columns-default is-cropped wp-block-gallery-2 is-layout-flex wp-block-gallery-is-layout-flex\">\n<figure class=\"wp-block-image size-large\"><img loading=\"lazy\" decoding=\"async\" width=\"678\" height=\"425\" data-id=\"191609\" src=\"https:\/\/aconteceunovale.com.br\/portal\/wp-content\/uploads\/2022\/10\/acidente_ouro_preto_2.png\" alt=\"\" class=\"wp-image-191609\" srcset=\"https:\/\/aconteceunovale.com.br\/portal\/wp-content\/uploads\/2022\/10\/acidente_ouro_preto_2.png 678w, https:\/\/aconteceunovale.com.br\/portal\/wp-content\/uploads\/2022\/10\/acidente_ouro_preto_2-300x188.png 300w, https:\/\/aconteceunovale.com.br\/portal\/wp-content\/uploads\/2022\/10\/acidente_ouro_preto_2-670x420.png 670w\" sizes=\"auto, (max-width: 678px) 100vw, 678px\" \/><figcaption><em><sub>Foto: Reprodu\u00e7\u00e3o \/ WhatsApp<\/sub><\/em><\/figcaption><\/figure>\n<\/figure>\n\n\n\n<p class=\"wp-block-paragraph\"><strong>V\u00edtimas que morreram no acidente:<\/strong><\/p>\n\n\n\n<ul class=\"wp-block-list\"><li>Wagner Jones Marques Machado, de 33 anos &#8211; condutor do Celta<\/li><li>Anne Caroline Fernandes Martins Alves Quirino, de 35 anos &#8211; passageira do Celta<\/li><li>Lara Fernandes Quirino, de 7 anos (filha de Anne Caroline) &#8211; passageira do Celta<\/li><li>Rodrigo Araujo Pires, de 20 anos &#8211; condutor do Uno<\/li><li>Jo\u00e3o Victor Araujo Pires, de 22 anos &#8211; passageiro do Uno<\/li><li>Julio de Paula Pires, 54 anos (pai de Rodrigo e Jo\u00e3o Victor) &#8211; passageiro do Uno<\/li><li>Luiz Sabino Pires, 3 anos &#8211; passageiro do Uno<\/li><\/ul>\n\n\n\n<p class=\"wp-block-paragraph\">&#8212;&#8212;&#8212;&#8212;&#8212;&#8212;<br><br><strong>Sabia que o Aconteceu no Vale est\u00e1 tamb\u00e9m no Telegram? <a rel=\"noreferrer noopener\" href=\"https:\/\/t.me\/aconteceunovaleoficial\" target=\"_blank\">Inscreva-se no canal<\/a>.<\/strong><br><br><strong>J\u00e1 curtiu ou seguiu nossas p\u00e1ginas nas redes sociais?\u00a0Receba as not\u00edcias em primeira m\u00e3o:<\/strong><br>\u2022 <a rel=\"noreferrer noopener\" href=\"https:\/\/news.google.com\/publications\/CAAqBwgKMNjklQswi4etAw?hl=pt-BR&amp;gl=BR&amp;ceid=BR%3Apt-419\" target=\"_blank\">Google News<\/a><br>\u2022 <a rel=\"noreferrer noopener\" href=\"https:\/\/www.facebook.com\/aconteceunovale\/\" target=\"_blank\">Facebook<\/a><br>\u2022 <a rel=\"noreferrer noopener\" href=\"https:\/\/twitter.com\/noticiadosvales\" target=\"_blank\">Twitter<\/a><br>\u2022 <a rel=\"noreferrer noopener\" href=\"https:\/\/www.instagram.com\/aconteceunovale\" target=\"_blank\">Instagram<\/a><br>\u2022 <a rel=\"noreferrer noopener\" href=\"https:\/\/www.youtube.com\/AconteceunoValeOficial\" target=\"_blank\">Youtube<\/a><br>\u2022 <a rel=\"noreferrer noopener\" href=\"https:\/\/www.tiktok.com\/@aconteceunovale\" target=\"_blank\">TikTok<\/a><\/p>\n","protected":false},"excerpt":{"rendered":"<p>Sete pessoas, incluindo duas crian\u00e7as, morreram em um acidente automobil\u00edstico ocorrido ontem (16\/10\/2022) \u00e0 noite, em Ouro Preto, na regi\u00e3o Central de Minas Gerais. Segundo informa\u00e7\u00f5es Corpo de Bombeiros, quatro ve\u00edculos (um Siena, um Celta, um Uno e um Palio) colidiram na altura do km 88 da Rodovia BR-356, que liga a Zona da Mata [&hellip;]<\/p>\n","protected":false},"author":4,"featured_media":191608,"comment_status":"open","ping_status":"closed","sticky":false,"template":"","format":"standard","meta":{"amp_status":"","footnotes":""},"categories":[123],"tags":[265249,92122,265250,265252,76622,265247,265248,1018,265255,265256,265253,265257,265254,265251],"class_list":["post-191607","post","type-post","status-publish","format-standard","has-post-thumbnail","hentry","category-gerais","tag-acidente-em-ouro-preto","tag-acidente-na-br-356","tag-acidente-na-br-356-em-ouro-preto","tag-anne-caroline-fernandes-martins-alves-quirino","tag-br-356","tag-colisao-entre-veiculos-deixa-sete-mortos-em-minas-gerais","tag-colisao-entre-veiculos-deixa-sete-mortos-em-ouro-preto","tag-destaque","tag-joao-victor-araujo-pires","tag-julio-de-paula-pires","tag-lara-fernandes-quirino","tag-luiz-sabino-pires","tag-rodrigo-araujo-pires","tag-wagner-jones-marques-machado"],"yoast_head":"<!-- This site is optimized with the Yoast SEO plugin v28.3 - https:\/\/yoast.com\/product\/yoast-seo-wordpress\/ -->\n<title>Colis\u00e3o entre ve\u00edculos deixa sete mortos em Minas Gerais - Aconteceu no Vale<\/title>\n<meta name=\"robots\" content=\"index, follow, max-snippet:-1, max-image-preview:large, max-video-preview:-1\" \/>\n<link rel=\"canonical\" href=\"https:\/\/aconteceunovale.com.br\/portal\/?p=191607\" \/>\n<meta property=\"og:locale\" content=\"pt_BR\" \/>\n<meta property=\"og:type\" content=\"article\" \/>\n<meta property=\"og:title\" content=\"Colis\u00e3o entre ve\u00edculos deixa sete mortos em Minas Gerais - Aconteceu no Vale\" \/>\n<meta property=\"og:description\" content=\"Sete pessoas, incluindo duas crian\u00e7as, morreram em um acidente automobil\u00edstico ocorrido ontem (16\/10\/2022) \u00e0 noite, em Ouro Preto, na regi\u00e3o Central de Minas Gerais. Segundo informa\u00e7\u00f5es Corpo de Bombeiros, quatro ve\u00edculos (um Siena, um Celta, um Uno e um Palio) colidiram na altura do km 88 da Rodovia BR-356, que liga a Zona da Mata [&hellip;]\" \/>\n<meta property=\"og:url\" content=\"https:\/\/aconteceunovale.com.br\/portal\/?p=191607\" \/>\n<meta property=\"og:site_name\" content=\"Aconteceu no Vale\" \/>\n<meta property=\"article:publisher\" content=\"https:\/\/www.facebook.com\/aconteceunovale\/\" \/>\n<meta property=\"article:published_time\" content=\"2022-10-18T01:50:44+00:00\" \/>\n<meta property=\"article:modified_time\" content=\"2022-10-18T01:52:51+00:00\" \/>\n<meta property=\"og:image\" content=\"https:\/\/aconteceunovale.com.br\/portal\/wp-content\/uploads\/2022\/10\/acidente_ouro_preto_1.png\" \/>\n\t<meta property=\"og:image:width\" content=\"678\" \/>\n\t<meta property=\"og:image:height\" content=\"402\" \/>\n\t<meta property=\"og:image:type\" content=\"image\/png\" \/>\n<meta name=\"author\" content=\"Reda\u00e7\u00e3o Aconteceu no Vale\" \/>\n<meta name=\"twitter:card\" content=\"summary_large_image\" \/>\n<meta name=\"twitter:creator\" content=\"@noticiadosvales\" \/>\n<meta name=\"twitter:site\" content=\"@noticiadosvales\" \/>\n<meta name=\"twitter:label1\" content=\"Escrito por\" \/>\n\t<meta name=\"twitter:data1\" content=\"Reda\u00e7\u00e3o Aconteceu no Vale\" \/>\n\t<meta name=\"twitter:label2\" content=\"Est. tempo de leitura\" \/>\n\t<meta name=\"twitter:data2\" content=\"2 minutos\" \/>\n<script type=\"application\/ld+json\" class=\"yoast-schema-graph\">{\"@context\":\"https:\\\/\\\/schema.org\",\"@graph\":[{\"@type\":\"Article\",\"@id\":\"https:\\\/\\\/aconteceunovale.com.br\\\/portal\\\/?p=191607#article\",\"isPartOf\":{\"@id\":\"https:\\\/\\\/aconteceunovale.com.br\\\/portal\\\/?p=191607\"},\"author\":{\"name\":\"Reda\u00e7\u00e3o Aconteceu no Vale\",\"@id\":\"https:\\\/\\\/aconteceunovale.com.br\\\/portal\\\/#\\\/schema\\\/person\\\/7d2f26d1483f8a63de73da1ee0754d35\"},\"headline\":\"Colis\u00e3o entre ve\u00edculos deixa sete mortos em Minas Gerais\",\"datePublished\":\"2022-10-18T01:50:44+00:00\",\"dateModified\":\"2022-10-18T01:52:51+00:00\",\"mainEntityOfPage\":{\"@id\":\"https:\\\/\\\/aconteceunovale.com.br\\\/portal\\\/?p=191607\"},\"wordCount\":342,\"commentCount\":0,\"image\":{\"@id\":\"https:\\\/\\\/aconteceunovale.com.br\\\/portal\\\/?p=191607#primaryimage\"},\"thumbnailUrl\":\"https:\\\/\\\/aconteceunovale.com.br\\\/portal\\\/wp-content\\\/uploads\\\/2022\\\/10\\\/acidente_ouro_preto_1.png\",\"keywords\":[\"Acidente em Ouro Preto\",\"acidente na BR-356\",\"Acidente na BR-356 em Ouro Preto\",\"Anne Caroline Fernandes Martins Alves Quirino\",\"BR-356\",\"Colis\u00e3o entre ve\u00edculos deixa sete mortos em Minas Gerais\",\"Colis\u00e3o entre ve\u00edculos deixa sete mortos em Ouro Preto\",\"destaque\",\"Jo\u00e3o Victor Araujo Pires\",\"Julio de Paula Pires\",\"Lara Fernandes Quirino\",\"Luiz Sabino Pires\",\"Rodrigo Araujo Pires\",\"Wagner Jones Marques Machado\"],\"articleSection\":[\"Minas Gerais\"],\"inLanguage\":\"pt-BR\",\"potentialAction\":[{\"@type\":\"CommentAction\",\"name\":\"Comment\",\"target\":[\"https:\\\/\\\/aconteceunovale.com.br\\\/portal\\\/?p=191607#respond\"]}]},{\"@type\":\"WebPage\",\"@id\":\"https:\\\/\\\/aconteceunovale.com.br\\\/portal\\\/?p=191607\",\"url\":\"https:\\\/\\\/aconteceunovale.com.br\\\/portal\\\/?p=191607\",\"name\":\"Colis\u00e3o entre ve\u00edculos deixa sete mortos em Minas Gerais - Aconteceu no Vale\",\"isPartOf\":{\"@id\":\"https:\\\/\\\/aconteceunovale.com.br\\\/portal\\\/#website\"},\"primaryImageOfPage\":{\"@id\":\"https:\\\/\\\/aconteceunovale.com.br\\\/portal\\\/?p=191607#primaryimage\"},\"image\":{\"@id\":\"https:\\\/\\\/aconteceunovale.com.br\\\/portal\\\/?p=191607#primaryimage\"},\"thumbnailUrl\":\"https:\\\/\\\/aconteceunovale.com.br\\\/portal\\\/wp-content\\\/uploads\\\/2022\\\/10\\\/acidente_ouro_preto_1.png\",\"datePublished\":\"2022-10-18T01:50:44+00:00\",\"dateModified\":\"2022-10-18T01:52:51+00:00\",\"author\":{\"@id\":\"https:\\\/\\\/aconteceunovale.com.br\\\/portal\\\/#\\\/schema\\\/person\\\/7d2f26d1483f8a63de73da1ee0754d35\"},\"breadcrumb\":{\"@id\":\"https:\\\/\\\/aconteceunovale.com.br\\\/portal\\\/?p=191607#breadcrumb\"},\"inLanguage\":\"pt-BR\",\"potentialAction\":[{\"@type\":\"ReadAction\",\"target\":[\"https:\\\/\\\/aconteceunovale.com.br\\\/portal\\\/?p=191607\"]}]},{\"@type\":\"ImageObject\",\"inLanguage\":\"pt-BR\",\"@id\":\"https:\\\/\\\/aconteceunovale.com.br\\\/portal\\\/?p=191607#primaryimage\",\"url\":\"https:\\\/\\\/aconteceunovale.com.br\\\/portal\\\/wp-content\\\/uploads\\\/2022\\\/10\\\/acidente_ouro_preto_1.png\",\"contentUrl\":\"https:\\\/\\\/aconteceunovale.com.br\\\/portal\\\/wp-content\\\/uploads\\\/2022\\\/10\\\/acidente_ouro_preto_1.png\",\"width\":678,\"height\":402},{\"@type\":\"BreadcrumbList\",\"@id\":\"https:\\\/\\\/aconteceunovale.com.br\\\/portal\\\/?p=191607#breadcrumb\",\"itemListElement\":[{\"@type\":\"ListItem\",\"position\":1,\"name\":\"In\u00edcio\",\"item\":\"https:\\\/\\\/aconteceunovale.com.br\\\/portal\\\/\"},{\"@type\":\"ListItem\",\"position\":2,\"name\":\"Colis\u00e3o entre ve\u00edculos deixa sete mortos em Minas Gerais\"}]},{\"@type\":\"WebSite\",\"@id\":\"https:\\\/\\\/aconteceunovale.com.br\\\/portal\\\/#website\",\"url\":\"https:\\\/\\\/aconteceunovale.com.br\\\/portal\\\/\",\"name\":\"Aconteceu no Vale\",\"description\":\"Portal de Not\u00edcias\",\"potentialAction\":[{\"@type\":\"SearchAction\",\"target\":{\"@type\":\"EntryPoint\",\"urlTemplate\":\"https:\\\/\\\/aconteceunovale.com.br\\\/portal\\\/?s={search_term_string}\"},\"query-input\":{\"@type\":\"PropertyValueSpecification\",\"valueRequired\":true,\"valueName\":\"search_term_string\"}}],\"inLanguage\":\"pt-BR\"},{\"@type\":\"Person\",\"@id\":\"https:\\\/\\\/aconteceunovale.com.br\\\/portal\\\/#\\\/schema\\\/person\\\/7d2f26d1483f8a63de73da1ee0754d35\",\"name\":\"Reda\u00e7\u00e3o Aconteceu no Vale\",\"description\":\"Equipe de reportagem do Aconteceu no Vale, portal de not\u00edcias do Vale do Jequitinhonha, em Minas Gerais. Cobrimos as 51 cidades do Vale desde 2013. Sugest\u00f5es de pauta e pedidos de corre\u00e7\u00e3o: contato@aconteceunovale.com.br\",\"url\":\"https:\\\/\\\/aconteceunovale.com.br\\\/portal\\\/?author=4\"}]}<\/script>\n<!-- \/ Yoast SEO plugin. -->","yoast_head_json":{"title":"Colis\u00e3o entre ve\u00edculos deixa sete mortos em Minas Gerais - Aconteceu no Vale","robots":{"index":"index","follow":"follow","max-snippet":"max-snippet:-1","max-image-preview":"max-image-preview:large","max-video-preview":"max-video-preview:-1"},"canonical":"https:\/\/aconteceunovale.com.br\/portal\/?p=191607","og_locale":"pt_BR","og_type":"article","og_title":"Colis\u00e3o entre ve\u00edculos deixa sete mortos em Minas Gerais - Aconteceu no Vale","og_description":"Sete pessoas, incluindo duas crian\u00e7as, morreram em um acidente automobil\u00edstico ocorrido ontem (16\/10\/2022) \u00e0 noite, em Ouro Preto, na regi\u00e3o Central de Minas Gerais. Segundo informa\u00e7\u00f5es Corpo de Bombeiros, quatro ve\u00edculos (um Siena, um Celta, um Uno e um Palio) colidiram na altura do km 88 da Rodovia BR-356, que liga a Zona da Mata [&hellip;]","og_url":"https:\/\/aconteceunovale.com.br\/portal\/?p=191607","og_site_name":"Aconteceu no Vale","article_publisher":"https:\/\/www.facebook.com\/aconteceunovale\/","article_published_time":"2022-10-18T01:50:44+00:00","article_modified_time":"2022-10-18T01:52:51+00:00","og_image":[{"width":678,"height":402,"url":"https:\/\/aconteceunovale.com.br\/portal\/wp-content\/uploads\/2022\/10\/acidente_ouro_preto_1.png","type":"image\/png"}],"author":"Reda\u00e7\u00e3o Aconteceu no Vale","twitter_card":"summary_large_image","twitter_creator":"@noticiadosvales","twitter_site":"@noticiadosvales","twitter_misc":{"Escrito por":"Reda\u00e7\u00e3o Aconteceu no Vale","Est. tempo de leitura":"2 minutos"},"schema":{"@context":"https:\/\/schema.org","@graph":[{"@type":"Article","@id":"https:\/\/aconteceunovale.com.br\/portal\/?p=191607#article","isPartOf":{"@id":"https:\/\/aconteceunovale.com.br\/portal\/?p=191607"},"author":{"name":"Reda\u00e7\u00e3o Aconteceu no Vale","@id":"https:\/\/aconteceunovale.com.br\/portal\/#\/schema\/person\/7d2f26d1483f8a63de73da1ee0754d35"},"headline":"Colis\u00e3o entre ve\u00edculos deixa sete mortos em Minas Gerais","datePublished":"2022-10-18T01:50:44+00:00","dateModified":"2022-10-18T01:52:51+00:00","mainEntityOfPage":{"@id":"https:\/\/aconteceunovale.com.br\/portal\/?p=191607"},"wordCount":342,"commentCount":0,"image":{"@id":"https:\/\/aconteceunovale.com.br\/portal\/?p=191607#primaryimage"},"thumbnailUrl":"https:\/\/aconteceunovale.com.br\/portal\/wp-content\/uploads\/2022\/10\/acidente_ouro_preto_1.png","keywords":["Acidente em Ouro Preto","acidente na BR-356","Acidente na BR-356 em Ouro Preto","Anne Caroline Fernandes Martins Alves Quirino","BR-356","Colis\u00e3o entre ve\u00edculos deixa sete mortos em Minas Gerais","Colis\u00e3o entre ve\u00edculos deixa sete mortos em Ouro Preto","destaque","Jo\u00e3o Victor Araujo Pires","Julio de Paula Pires","Lara Fernandes Quirino","Luiz Sabino Pires","Rodrigo Araujo Pires","Wagner Jones Marques Machado"],"articleSection":["Minas Gerais"],"inLanguage":"pt-BR","potentialAction":[{"@type":"CommentAction","name":"Comment","target":["https:\/\/aconteceunovale.com.br\/portal\/?p=191607#respond"]}]},{"@type":"WebPage","@id":"https:\/\/aconteceunovale.com.br\/portal\/?p=191607","url":"https:\/\/aconteceunovale.com.br\/portal\/?p=191607","name":"Colis\u00e3o entre ve\u00edculos deixa sete mortos em Minas Gerais - Aconteceu no Vale","isPartOf":{"@id":"https:\/\/aconteceunovale.com.br\/portal\/#website"},"primaryImageOfPage":{"@id":"https:\/\/aconteceunovale.com.br\/portal\/?p=191607#primaryimage"},"image":{"@id":"https:\/\/aconteceunovale.com.br\/portal\/?p=191607#primaryimage"},"thumbnailUrl":"https:\/\/aconteceunovale.com.br\/portal\/wp-content\/uploads\/2022\/10\/acidente_ouro_preto_1.png","datePublished":"2022-10-18T01:50:44+00:00","dateModified":"2022-10-18T01:52:51+00:00","author":{"@id":"https:\/\/aconteceunovale.com.br\/portal\/#\/schema\/person\/7d2f26d1483f8a63de73da1ee0754d35"},"breadcrumb":{"@id":"https:\/\/aconteceunovale.com.br\/portal\/?p=191607#breadcrumb"},"inLanguage":"pt-BR","potentialAction":[{"@type":"ReadAction","target":["https:\/\/aconteceunovale.com.br\/portal\/?p=191607"]}]},{"@type":"ImageObject","inLanguage":"pt-BR","@id":"https:\/\/aconteceunovale.com.br\/portal\/?p=191607#primaryimage","url":"https:\/\/aconteceunovale.com.br\/portal\/wp-content\/uploads\/2022\/10\/acidente_ouro_preto_1.png","contentUrl":"https:\/\/aconteceunovale.com.br\/portal\/wp-content\/uploads\/2022\/10\/acidente_ouro_preto_1.png","width":678,"height":402},{"@type":"BreadcrumbList","@id":"https:\/\/aconteceunovale.com.br\/portal\/?p=191607#breadcrumb","itemListElement":[{"@type":"ListItem","position":1,"name":"In\u00edcio","item":"https:\/\/aconteceunovale.com.br\/portal\/"},{"@type":"ListItem","position":2,"name":"Colis\u00e3o entre ve\u00edculos deixa sete mortos em Minas Gerais"}]},{"@type":"WebSite","@id":"https:\/\/aconteceunovale.com.br\/portal\/#website","url":"https:\/\/aconteceunovale.com.br\/portal\/","name":"Aconteceu no Vale","description":"Portal de Not\u00edcias","potentialAction":[{"@type":"SearchAction","target":{"@type":"EntryPoint","urlTemplate":"https:\/\/aconteceunovale.com.br\/portal\/?s={search_term_string}"},"query-input":{"@type":"PropertyValueSpecification","valueRequired":true,"valueName":"search_term_string"}}],"inLanguage":"pt-BR"},{"@type":"Person","@id":"https:\/\/aconteceunovale.com.br\/portal\/#\/schema\/person\/7d2f26d1483f8a63de73da1ee0754d35","name":"Reda\u00e7\u00e3o Aconteceu no Vale","description":"Equipe de reportagem do Aconteceu no Vale, portal de not\u00edcias do Vale do Jequitinhonha, em Minas Gerais. Cobrimos as 51 cidades do Vale desde 2013. Sugest\u00f5es de pauta e pedidos de corre\u00e7\u00e3o: contato@aconteceunovale.com.br","url":"https:\/\/aconteceunovale.com.br\/portal\/?author=4"}]}},"_links":{"self":[{"href":"https:\/\/aconteceunovale.com.br\/portal\/index.php?rest_route=\/wp\/v2\/posts\/191607","targetHints":{"allow":["GET"]}}],"collection":[{"href":"https:\/\/aconteceunovale.com.br\/portal\/index.php?rest_route=\/wp\/v2\/posts"}],"about":[{"href":"https:\/\/aconteceunovale.com.br\/portal\/index.php?rest_route=\/wp\/v2\/types\/post"}],"author":[{"embeddable":true,"href":"https:\/\/aconteceunovale.com.br\/portal\/index.php?rest_route=\/wp\/v2\/users\/4"}],"replies":[{"embeddable":true,"href":"https:\/\/aconteceunovale.com.br\/portal\/index.php?rest_route=%2Fwp%2Fv2%2Fcomments&post=191607"}],"version-history":[{"count":1,"href":"https:\/\/aconteceunovale.com.br\/portal\/index.php?rest_route=\/wp\/v2\/posts\/191607\/revisions"}],"predecessor-version":[{"id":191610,"href":"https:\/\/aconteceunovale.com.br\/portal\/index.php?rest_route=\/wp\/v2\/posts\/191607\/revisions\/191610"}],"wp:featuredmedia":[{"embeddable":true,"href":"https:\/\/aconteceunovale.com.br\/portal\/index.php?rest_route=\/wp\/v2\/media\/191608"}],"wp:attachment":[{"href":"https:\/\/aconteceunovale.com.br\/portal\/index.php?rest_route=%2Fwp%2Fv2%2Fmedia&parent=191607"}],"wp:term":[{"taxonomy":"category","embeddable":true,"href":"https:\/\/aconteceunovale.com.br\/portal\/index.php?rest_route=%2Fwp%2Fv2%2Fcategories&post=191607"},{"taxonomy":"post_tag","embeddable":true,"href":"https:\/\/aconteceunovale.com.br\/portal\/index.php?rest_route=%2Fwp%2Fv2%2Ftags&post=191607"}],"curies":[{"name":"wp","href":"https:\/\/api.w.org\/{rel}","templated":true}]}}