{"id":191604,"date":"2022-10-17T22:33:37","date_gmt":"2022-10-18T01:33:37","guid":{"rendered":"https:\/\/aconteceunovale.com.br\/portal\/?p=191604"},"modified":"2022-10-17T22:34:55","modified_gmt":"2022-10-18T01:34:55","slug":"lula-critica-difusao-do-odio-na-politica","status":"publish","type":"post","link":"https:\/\/aconteceunovale.com.br\/portal\/?p=191604","title":{"rendered":"Lula critica difus\u00e3o do \u00f3dio na pol\u00edtica"},"content":{"rendered":"\n<p class=\"wp-block-paragraph\">O candidato a presidente Luiz In\u00e1cio Lula da Silva (PT) se reuniu nesta segunda-feira (17), em S\u00e3o Paulo, com religiosos crist\u00e3os cat\u00f3licos durante atividade de campanha \u00e0 tarde. Em sua fala, o petista mencionou a divis\u00e3o causada no pa\u00eds pelas diverg\u00eancias pol\u00edticas e citou ataques recentes sofridos por padres durante a realiza\u00e7\u00e3o de missas.<\/p>\n\n\n\n<figure class=\"wp-block-gallery has-nested-images columns-default is-cropped wp-block-gallery-1 is-layout-flex wp-block-gallery-is-layout-flex\">\n<figure class=\"wp-block-image size-large\"><img loading=\"lazy\" decoding=\"async\" width=\"675\" height=\"450\" data-id=\"191605\" src=\"https:\/\/aconteceunovale.com.br\/portal\/wp-content\/uploads\/2022\/10\/lula_cruz.jpeg\" alt=\"\" class=\"wp-image-191605\" srcset=\"https:\/\/aconteceunovale.com.br\/portal\/wp-content\/uploads\/2022\/10\/lula_cruz.jpeg 675w, https:\/\/aconteceunovale.com.br\/portal\/wp-content\/uploads\/2022\/10\/lula_cruz-300x200.jpeg 300w, https:\/\/aconteceunovale.com.br\/portal\/wp-content\/uploads\/2022\/10\/lula_cruz-630x420.jpeg 630w\" sizes=\"auto, (max-width: 675px) 100vw, 675px\" \/><figcaption><em><sub>Foto: Ricardo Stuckert \/ Site oficial do PT<\/sub><\/em><\/figcaption><\/figure>\n<\/figure>\n\n\n\n<p class=\"wp-block-paragraph\">&#8220;Eu nunca tinha visto o Brasil tomado pelo \u00f3dio, como uma parte da sociedade brasileira est\u00e1 hoje. Eu tenho lido not\u00edcias de padres atacados durante a missa porque est\u00e3o falando da fome, da pobreza e da democracia. Eles s\u00e3o sendo atacados por pessoas que sempre conviveram com a gente e a gente n\u00e3o sabia que essa pessoa tinha tanto \u00f3dio dentro dela&#8221;, disse.&nbsp;<br>&nbsp;<br>Lula criticou o que chamou de &#8220;direta raivosa&#8221;, que tem ampliado sua influ\u00eancia na pol\u00edtica n\u00e3o apenas no Brasil, mas em muitos pa\u00edses. &#8220;Estamos vendo a direita ganhar espa\u00e7o em muitos lugares, uma direita raivosa. Pessoas que n\u00e3o conhecem a palavra democracia, a palavra respeito&#8221;.&nbsp;<\/p>\n\n\n\n<p class=\"wp-block-paragraph\">O candidato afirmou que, se eleito, retomar\u00e1 a realiza\u00e7\u00e3o das confer\u00eancias setoriais, com ampla participa\u00e7\u00e3o social, para a formula\u00e7\u00e3o de pol\u00edticas p\u00fablicas. Ele destacou que mais de 70 confer\u00eancias nacionais foram realizadas durante a gest\u00e3o petista no governo federal.&nbsp;<\/p>\n\n\n\n<p class=\"wp-block-paragraph\">&#8220;Eu tenho a experi\u00eancia de que, s\u00f3 tem sentido eu estar nessa disputa, se a gente tiver como obriga\u00e7\u00e3o que o povo decida as pol\u00edticas que o governo vai colocar em pr\u00e1tica nesse pa\u00eds&#8221;, afirmou.<\/p>\n\n\n\n<p class=\"wp-block-paragraph\">Pela manh\u00e3, o ex-presidente fez uma caminhada no bairro de S\u00e3o Mateus, na zona leste de S\u00e3o Paulo, com a participa\u00e7\u00e3o de aliados. Durante o ato de campanha, Lula prometeu que o com\u00e9rcio vai voltar em seu governo. \u201cN\u00f3s vamos tomar a atitude de recompor o poder aquisitivo do povo brasileiro\u201d, disse.<\/p>\n\n\n\n<p class=\"wp-block-paragraph\">Segundo o ex-presidente, o sal\u00e1rio m\u00ednimo n\u00e3o tem aumento real h\u00e1 pelo menos cinco anos e garantiu que vai retomar a pol\u00edtica de valoriza\u00e7\u00e3o do piso nacional. \u201cO sal\u00e1rio m\u00ednimo \u00e9 ganho por 36 milh\u00f5es [de pessoas], dos quais 22 milh\u00f5es s\u00e3o aposentados\u201d, disse. \u201cO sal\u00e1rio m\u00ednimo n\u00e3o aumenta, prejudicando as pessoas que recebem pens\u00e3o e aposentadoria e que est\u00e3o h\u00e1 cinco anos sem receber o reajuste\u201d.<\/p>\n\n\n\n<p class=\"wp-block-paragraph\">&#8212;&#8212;&#8212;&#8212;&#8212;&#8212;<br><br><strong>Sabia que o Aconteceu no Vale est\u00e1 tamb\u00e9m no Telegram? <a rel=\"noreferrer noopener\" href=\"https:\/\/t.me\/aconteceunovaleoficial\" target=\"_blank\">Inscreva-se no canal<\/a>.<\/strong><br><br><strong>J\u00e1 curtiu ou seguiu nossas p\u00e1ginas nas redes sociais?\u00a0Receba as not\u00edcias em primeira m\u00e3o:<\/strong><br>\u2022 <a rel=\"noreferrer noopener\" href=\"https:\/\/news.google.com\/publications\/CAAqBwgKMNjklQswi4etAw?hl=pt-BR&amp;gl=BR&amp;ceid=BR%3Apt-419\" target=\"_blank\">Google News<\/a><br>\u2022 <a rel=\"noreferrer noopener\" href=\"https:\/\/www.facebook.com\/aconteceunovale\/\" target=\"_blank\">Facebook<\/a><br>\u2022 <a rel=\"noreferrer noopener\" href=\"https:\/\/twitter.com\/noticiadosvales\" target=\"_blank\">Twitter<\/a><br>\u2022 <a rel=\"noreferrer noopener\" href=\"https:\/\/www.instagram.com\/aconteceunovale\" target=\"_blank\">Instagram<\/a><br>\u2022 <a rel=\"noreferrer noopener\" href=\"https:\/\/www.youtube.com\/AconteceunoValeOficial\" target=\"_blank\">Youtube<\/a><br>\u2022 <a rel=\"noreferrer noopener\" href=\"https:\/\/www.tiktok.com\/@aconteceunovale\" target=\"_blank\">TikTok<\/a><\/p>\n","protected":false},"excerpt":{"rendered":"<p>O candidato a presidente Luiz In\u00e1cio Lula da Silva (PT) se reuniu nesta segunda-feira (17), em S\u00e3o Paulo, com religiosos crist\u00e3os cat\u00f3licos durante atividade de campanha \u00e0 tarde. Em sua fala, o petista mencionou a divis\u00e3o causada no pa\u00eds pelas diverg\u00eancias pol\u00edticas e citou ataques recentes sofridos por padres durante a realiza\u00e7\u00e3o de missas. &#8220;Eu [&hellip;]<\/p>\n","protected":false},"author":4,"featured_media":191605,"comment_status":"open","ping_status":"closed","sticky":false,"template":"","format":"standard","meta":{"amp_status":"","footnotes":""},"categories":[6,249933],"tags":[265246,1018,252238,14124,7147,265244,265245,757,758,2382,18448],"class_list":["post-191604","post","type-post","status-publish","format-standard","has-post-thumbnail","hentry","category-br","category-eleicoes-2022","tag-apoios-de-lula","tag-destaque","tag-eleicoes-2022","tag-luiz-inacio-lula-da-silva","tag-lula","tag-lula-critica-difusao-do-odio-na-politica","tag-odio-na-politica","tag-partido-dos-trabalhadores","tag-pt","tag-sao-paulo","tag-segundo-turno"],"yoast_head":"<!-- This site is optimized with the Yoast SEO plugin v28.3 - https:\/\/yoast.com\/product\/yoast-seo-wordpress\/ -->\n<title>Lula critica difus\u00e3o do \u00f3dio na pol\u00edtica - Aconteceu no Vale<\/title>\n<meta name=\"robots\" content=\"index, follow, max-snippet:-1, max-image-preview:large, max-video-preview:-1\" \/>\n<link rel=\"canonical\" href=\"https:\/\/aconteceunovale.com.br\/portal\/?p=191604\" \/>\n<meta property=\"og:locale\" content=\"pt_BR\" \/>\n<meta property=\"og:type\" content=\"article\" \/>\n<meta property=\"og:title\" content=\"Lula critica difus\u00e3o do \u00f3dio na pol\u00edtica - Aconteceu no Vale\" \/>\n<meta property=\"og:description\" content=\"O candidato a presidente Luiz In\u00e1cio Lula da Silva (PT) se reuniu nesta segunda-feira (17), em S\u00e3o Paulo, com religiosos crist\u00e3os cat\u00f3licos durante atividade de campanha \u00e0 tarde. Em sua fala, o petista mencionou a divis\u00e3o causada no pa\u00eds pelas diverg\u00eancias pol\u00edticas e citou ataques recentes sofridos por padres durante a realiza\u00e7\u00e3o de missas. &#8220;Eu [&hellip;]\" \/>\n<meta property=\"og:url\" content=\"https:\/\/aconteceunovale.com.br\/portal\/?p=191604\" \/>\n<meta property=\"og:site_name\" content=\"Aconteceu no Vale\" \/>\n<meta property=\"article:publisher\" content=\"https:\/\/www.facebook.com\/aconteceunovale\/\" \/>\n<meta property=\"article:published_time\" content=\"2022-10-18T01:33:37+00:00\" \/>\n<meta property=\"article:modified_time\" content=\"2022-10-18T01:34:55+00:00\" \/>\n<meta property=\"og:image\" content=\"https:\/\/aconteceunovale.com.br\/portal\/wp-content\/uploads\/2022\/10\/lula_cruz.jpeg\" \/>\n\t<meta property=\"og:image:width\" content=\"675\" \/>\n\t<meta property=\"og:image:height\" content=\"450\" \/>\n\t<meta property=\"og:image:type\" content=\"image\/jpeg\" \/>\n<meta name=\"author\" content=\"Reda\u00e7\u00e3o Aconteceu no Vale\" \/>\n<meta name=\"twitter:card\" content=\"summary_large_image\" \/>\n<meta name=\"twitter:creator\" content=\"@noticiadosvales\" \/>\n<meta name=\"twitter:site\" content=\"@noticiadosvales\" \/>\n<meta name=\"twitter:label1\" content=\"Escrito por\" \/>\n\t<meta name=\"twitter:data1\" content=\"Reda\u00e7\u00e3o Aconteceu no Vale\" \/>\n\t<meta name=\"twitter:label2\" content=\"Est. tempo de leitura\" \/>\n\t<meta name=\"twitter:data2\" content=\"2 minutos\" \/>\n<script type=\"application\/ld+json\" class=\"yoast-schema-graph\">{\"@context\":\"https:\\\/\\\/schema.org\",\"@graph\":[{\"@type\":\"Article\",\"@id\":\"https:\\\/\\\/aconteceunovale.com.br\\\/portal\\\/?p=191604#article\",\"isPartOf\":{\"@id\":\"https:\\\/\\\/aconteceunovale.com.br\\\/portal\\\/?p=191604\"},\"author\":{\"name\":\"Reda\u00e7\u00e3o Aconteceu no Vale\",\"@id\":\"https:\\\/\\\/aconteceunovale.com.br\\\/portal\\\/#\\\/schema\\\/person\\\/7d2f26d1483f8a63de73da1ee0754d35\"},\"headline\":\"Lula critica difus\u00e3o do \u00f3dio na pol\u00edtica\",\"datePublished\":\"2022-10-18T01:33:37+00:00\",\"dateModified\":\"2022-10-18T01:34:55+00:00\",\"mainEntityOfPage\":{\"@id\":\"https:\\\/\\\/aconteceunovale.com.br\\\/portal\\\/?p=191604\"},\"wordCount\":461,\"commentCount\":0,\"image\":{\"@id\":\"https:\\\/\\\/aconteceunovale.com.br\\\/portal\\\/?p=191604#primaryimage\"},\"thumbnailUrl\":\"https:\\\/\\\/aconteceunovale.com.br\\\/portal\\\/wp-content\\\/uploads\\\/2022\\\/10\\\/lula_cruz.jpeg\",\"keywords\":[\"Apoios de Lula\",\"destaque\",\"Elei\u00e7\u00f5es 2022\",\"Luiz In\u00e1cio Lula da Silva\",\"Lula\",\"Lula critica difus\u00e3o do \u00f3dio na pol\u00edtica\",\"\u00d3dio na pol\u00edtica\",\"Partido dos Trabalhadores\",\"PT\",\"S\u00e3o Paulo\",\"segundo turno\"],\"articleSection\":[\"Brasil\",\"Elei\u00e7\u00f5es 2022\"],\"inLanguage\":\"pt-BR\",\"potentialAction\":[{\"@type\":\"CommentAction\",\"name\":\"Comment\",\"target\":[\"https:\\\/\\\/aconteceunovale.com.br\\\/portal\\\/?p=191604#respond\"]}]},{\"@type\":\"WebPage\",\"@id\":\"https:\\\/\\\/aconteceunovale.com.br\\\/portal\\\/?p=191604\",\"url\":\"https:\\\/\\\/aconteceunovale.com.br\\\/portal\\\/?p=191604\",\"name\":\"Lula critica difus\u00e3o do \u00f3dio na pol\u00edtica - Aconteceu no Vale\",\"isPartOf\":{\"@id\":\"https:\\\/\\\/aconteceunovale.com.br\\\/portal\\\/#website\"},\"primaryImageOfPage\":{\"@id\":\"https:\\\/\\\/aconteceunovale.com.br\\\/portal\\\/?p=191604#primaryimage\"},\"image\":{\"@id\":\"https:\\\/\\\/aconteceunovale.com.br\\\/portal\\\/?p=191604#primaryimage\"},\"thumbnailUrl\":\"https:\\\/\\\/aconteceunovale.com.br\\\/portal\\\/wp-content\\\/uploads\\\/2022\\\/10\\\/lula_cruz.jpeg\",\"datePublished\":\"2022-10-18T01:33:37+00:00\",\"dateModified\":\"2022-10-18T01:34:55+00:00\",\"author\":{\"@id\":\"https:\\\/\\\/aconteceunovale.com.br\\\/portal\\\/#\\\/schema\\\/person\\\/7d2f26d1483f8a63de73da1ee0754d35\"},\"breadcrumb\":{\"@id\":\"https:\\\/\\\/aconteceunovale.com.br\\\/portal\\\/?p=191604#breadcrumb\"},\"inLanguage\":\"pt-BR\",\"potentialAction\":[{\"@type\":\"ReadAction\",\"target\":[\"https:\\\/\\\/aconteceunovale.com.br\\\/portal\\\/?p=191604\"]}]},{\"@type\":\"ImageObject\",\"inLanguage\":\"pt-BR\",\"@id\":\"https:\\\/\\\/aconteceunovale.com.br\\\/portal\\\/?p=191604#primaryimage\",\"url\":\"https:\\\/\\\/aconteceunovale.com.br\\\/portal\\\/wp-content\\\/uploads\\\/2022\\\/10\\\/lula_cruz.jpeg\",\"contentUrl\":\"https:\\\/\\\/aconteceunovale.com.br\\\/portal\\\/wp-content\\\/uploads\\\/2022\\\/10\\\/lula_cruz.jpeg\",\"width\":675,\"height\":450},{\"@type\":\"BreadcrumbList\",\"@id\":\"https:\\\/\\\/aconteceunovale.com.br\\\/portal\\\/?p=191604#breadcrumb\",\"itemListElement\":[{\"@type\":\"ListItem\",\"position\":1,\"name\":\"In\u00edcio\",\"item\":\"https:\\\/\\\/aconteceunovale.com.br\\\/portal\\\/\"},{\"@type\":\"ListItem\",\"position\":2,\"name\":\"Lula critica difus\u00e3o do \u00f3dio na pol\u00edtica\"}]},{\"@type\":\"WebSite\",\"@id\":\"https:\\\/\\\/aconteceunovale.com.br\\\/portal\\\/#website\",\"url\":\"https:\\\/\\\/aconteceunovale.com.br\\\/portal\\\/\",\"name\":\"Aconteceu no Vale\",\"description\":\"Portal de Not\u00edcias\",\"potentialAction\":[{\"@type\":\"SearchAction\",\"target\":{\"@type\":\"EntryPoint\",\"urlTemplate\":\"https:\\\/\\\/aconteceunovale.com.br\\\/portal\\\/?s={search_term_string}\"},\"query-input\":{\"@type\":\"PropertyValueSpecification\",\"valueRequired\":true,\"valueName\":\"search_term_string\"}}],\"inLanguage\":\"pt-BR\"},{\"@type\":\"Person\",\"@id\":\"https:\\\/\\\/aconteceunovale.com.br\\\/portal\\\/#\\\/schema\\\/person\\\/7d2f26d1483f8a63de73da1ee0754d35\",\"name\":\"Reda\u00e7\u00e3o Aconteceu no Vale\",\"description\":\"Equipe de reportagem do Aconteceu no Vale, portal de not\u00edcias do Vale do Jequitinhonha, em Minas Gerais. Cobrimos as 51 cidades do Vale desde 2013. Sugest\u00f5es de pauta e pedidos de corre\u00e7\u00e3o: contato@aconteceunovale.com.br\",\"url\":\"https:\\\/\\\/aconteceunovale.com.br\\\/portal\\\/?author=4\"}]}<\/script>\n<!-- \/ Yoast SEO plugin. -->","yoast_head_json":{"title":"Lula critica difus\u00e3o do \u00f3dio na pol\u00edtica - Aconteceu no Vale","robots":{"index":"index","follow":"follow","max-snippet":"max-snippet:-1","max-image-preview":"max-image-preview:large","max-video-preview":"max-video-preview:-1"},"canonical":"https:\/\/aconteceunovale.com.br\/portal\/?p=191604","og_locale":"pt_BR","og_type":"article","og_title":"Lula critica difus\u00e3o do \u00f3dio na pol\u00edtica - Aconteceu no Vale","og_description":"O candidato a presidente Luiz In\u00e1cio Lula da Silva (PT) se reuniu nesta segunda-feira (17), em S\u00e3o Paulo, com religiosos crist\u00e3os cat\u00f3licos durante atividade de campanha \u00e0 tarde. Em sua fala, o petista mencionou a divis\u00e3o causada no pa\u00eds pelas diverg\u00eancias pol\u00edticas e citou ataques recentes sofridos por padres durante a realiza\u00e7\u00e3o de missas. &#8220;Eu [&hellip;]","og_url":"https:\/\/aconteceunovale.com.br\/portal\/?p=191604","og_site_name":"Aconteceu no Vale","article_publisher":"https:\/\/www.facebook.com\/aconteceunovale\/","article_published_time":"2022-10-18T01:33:37+00:00","article_modified_time":"2022-10-18T01:34:55+00:00","og_image":[{"width":675,"height":450,"url":"https:\/\/aconteceunovale.com.br\/portal\/wp-content\/uploads\/2022\/10\/lula_cruz.jpeg","type":"image\/jpeg"}],"author":"Reda\u00e7\u00e3o Aconteceu no Vale","twitter_card":"summary_large_image","twitter_creator":"@noticiadosvales","twitter_site":"@noticiadosvales","twitter_misc":{"Escrito por":"Reda\u00e7\u00e3o Aconteceu no Vale","Est. tempo de leitura":"2 minutos"},"schema":{"@context":"https:\/\/schema.org","@graph":[{"@type":"Article","@id":"https:\/\/aconteceunovale.com.br\/portal\/?p=191604#article","isPartOf":{"@id":"https:\/\/aconteceunovale.com.br\/portal\/?p=191604"},"author":{"name":"Reda\u00e7\u00e3o Aconteceu no Vale","@id":"https:\/\/aconteceunovale.com.br\/portal\/#\/schema\/person\/7d2f26d1483f8a63de73da1ee0754d35"},"headline":"Lula critica difus\u00e3o do \u00f3dio na pol\u00edtica","datePublished":"2022-10-18T01:33:37+00:00","dateModified":"2022-10-18T01:34:55+00:00","mainEntityOfPage":{"@id":"https:\/\/aconteceunovale.com.br\/portal\/?p=191604"},"wordCount":461,"commentCount":0,"image":{"@id":"https:\/\/aconteceunovale.com.br\/portal\/?p=191604#primaryimage"},"thumbnailUrl":"https:\/\/aconteceunovale.com.br\/portal\/wp-content\/uploads\/2022\/10\/lula_cruz.jpeg","keywords":["Apoios de Lula","destaque","Elei\u00e7\u00f5es 2022","Luiz In\u00e1cio Lula da Silva","Lula","Lula critica difus\u00e3o do \u00f3dio na pol\u00edtica","\u00d3dio na pol\u00edtica","Partido dos Trabalhadores","PT","S\u00e3o Paulo","segundo turno"],"articleSection":["Brasil","Elei\u00e7\u00f5es 2022"],"inLanguage":"pt-BR","potentialAction":[{"@type":"CommentAction","name":"Comment","target":["https:\/\/aconteceunovale.com.br\/portal\/?p=191604#respond"]}]},{"@type":"WebPage","@id":"https:\/\/aconteceunovale.com.br\/portal\/?p=191604","url":"https:\/\/aconteceunovale.com.br\/portal\/?p=191604","name":"Lula critica difus\u00e3o do \u00f3dio na pol\u00edtica - Aconteceu no Vale","isPartOf":{"@id":"https:\/\/aconteceunovale.com.br\/portal\/#website"},"primaryImageOfPage":{"@id":"https:\/\/aconteceunovale.com.br\/portal\/?p=191604#primaryimage"},"image":{"@id":"https:\/\/aconteceunovale.com.br\/portal\/?p=191604#primaryimage"},"thumbnailUrl":"https:\/\/aconteceunovale.com.br\/portal\/wp-content\/uploads\/2022\/10\/lula_cruz.jpeg","datePublished":"2022-10-18T01:33:37+00:00","dateModified":"2022-10-18T01:34:55+00:00","author":{"@id":"https:\/\/aconteceunovale.com.br\/portal\/#\/schema\/person\/7d2f26d1483f8a63de73da1ee0754d35"},"breadcrumb":{"@id":"https:\/\/aconteceunovale.com.br\/portal\/?p=191604#breadcrumb"},"inLanguage":"pt-BR","potentialAction":[{"@type":"ReadAction","target":["https:\/\/aconteceunovale.com.br\/portal\/?p=191604"]}]},{"@type":"ImageObject","inLanguage":"pt-BR","@id":"https:\/\/aconteceunovale.com.br\/portal\/?p=191604#primaryimage","url":"https:\/\/aconteceunovale.com.br\/portal\/wp-content\/uploads\/2022\/10\/lula_cruz.jpeg","contentUrl":"https:\/\/aconteceunovale.com.br\/portal\/wp-content\/uploads\/2022\/10\/lula_cruz.jpeg","width":675,"height":450},{"@type":"BreadcrumbList","@id":"https:\/\/aconteceunovale.com.br\/portal\/?p=191604#breadcrumb","itemListElement":[{"@type":"ListItem","position":1,"name":"In\u00edcio","item":"https:\/\/aconteceunovale.com.br\/portal\/"},{"@type":"ListItem","position":2,"name":"Lula critica difus\u00e3o do \u00f3dio na pol\u00edtica"}]},{"@type":"WebSite","@id":"https:\/\/aconteceunovale.com.br\/portal\/#website","url":"https:\/\/aconteceunovale.com.br\/portal\/","name":"Aconteceu no Vale","description":"Portal de Not\u00edcias","potentialAction":[{"@type":"SearchAction","target":{"@type":"EntryPoint","urlTemplate":"https:\/\/aconteceunovale.com.br\/portal\/?s={search_term_string}"},"query-input":{"@type":"PropertyValueSpecification","valueRequired":true,"valueName":"search_term_string"}}],"inLanguage":"pt-BR"},{"@type":"Person","@id":"https:\/\/aconteceunovale.com.br\/portal\/#\/schema\/person\/7d2f26d1483f8a63de73da1ee0754d35","name":"Reda\u00e7\u00e3o Aconteceu no Vale","description":"Equipe de reportagem do Aconteceu no Vale, portal de not\u00edcias do Vale do Jequitinhonha, em Minas Gerais. Cobrimos as 51 cidades do Vale desde 2013. Sugest\u00f5es de pauta e pedidos de corre\u00e7\u00e3o: contato@aconteceunovale.com.br","url":"https:\/\/aconteceunovale.com.br\/portal\/?author=4"}]}},"_links":{"self":[{"href":"https:\/\/aconteceunovale.com.br\/portal\/index.php?rest_route=\/wp\/v2\/posts\/191604","targetHints":{"allow":["GET"]}}],"collection":[{"href":"https:\/\/aconteceunovale.com.br\/portal\/index.php?rest_route=\/wp\/v2\/posts"}],"about":[{"href":"https:\/\/aconteceunovale.com.br\/portal\/index.php?rest_route=\/wp\/v2\/types\/post"}],"author":[{"embeddable":true,"href":"https:\/\/aconteceunovale.com.br\/portal\/index.php?rest_route=\/wp\/v2\/users\/4"}],"replies":[{"embeddable":true,"href":"https:\/\/aconteceunovale.com.br\/portal\/index.php?rest_route=%2Fwp%2Fv2%2Fcomments&post=191604"}],"version-history":[{"count":1,"href":"https:\/\/aconteceunovale.com.br\/portal\/index.php?rest_route=\/wp\/v2\/posts\/191604\/revisions"}],"predecessor-version":[{"id":191606,"href":"https:\/\/aconteceunovale.com.br\/portal\/index.php?rest_route=\/wp\/v2\/posts\/191604\/revisions\/191606"}],"wp:featuredmedia":[{"embeddable":true,"href":"https:\/\/aconteceunovale.com.br\/portal\/index.php?rest_route=\/wp\/v2\/media\/191605"}],"wp:attachment":[{"href":"https:\/\/aconteceunovale.com.br\/portal\/index.php?rest_route=%2Fwp%2Fv2%2Fmedia&parent=191604"}],"wp:term":[{"taxonomy":"category","embeddable":true,"href":"https:\/\/aconteceunovale.com.br\/portal\/index.php?rest_route=%2Fwp%2Fv2%2Fcategories&post=191604"},{"taxonomy":"post_tag","embeddable":true,"href":"https:\/\/aconteceunovale.com.br\/portal\/index.php?rest_route=%2Fwp%2Fv2%2Ftags&post=191604"}],"curies":[{"name":"wp","href":"https:\/\/api.w.org\/{rel}","templated":true}]}}