{"id":191592,"date":"2022-10-17T14:23:04","date_gmt":"2022-10-17T17:23:04","guid":{"rendered":"https:\/\/aconteceunovale.com.br\/portal\/?p=191592"},"modified":"2022-10-17T15:50:21","modified_gmt":"2022-10-17T18:50:21","slug":"alexandre-de-moraes-manda-campanha-de-lula-apagar-fala-de-bolsonaro-sobre-venezuelanas","status":"publish","type":"post","link":"https:\/\/aconteceunovale.com.br\/portal\/?p=191592","title":{"rendered":"Alexandre de Moraes manda campanha de Lula apagar fala de Bolsonaro sobre venezuelanas"},"content":{"rendered":"\n<p class=\"wp-block-paragraph\">O presidente do Tribunal Superior Eleitoral (TSE), ministro Alexandre de Moraes, determinou na noite de ontem (16) que a campanha do candidato do PT \u00e0 presid\u00eancia, Luiz In\u00e1cio Lula da Silva, remova de seus perfis em redes sociais trecho de entrevista em que o presidente Jair Bolsonaro diz que \u201cpintou um clima\u201d ao se referir a adolescentes venezuelanas. Os dois disputam o segundo turno da corrida ao Pal\u00e1cio do Planalto.<\/p>\n\n\n\n<p class=\"wp-block-paragraph\">O ministro atendeu a pedido da campanha de Bolsonaro e proibiu tamb\u00e9m que o mesmo trecho da entrevista seja utilizado pela campanha advers\u00e1ria nas propagandas gratuitas de TV e r\u00e1dio. A decis\u00e3o alcan\u00e7a as plataformas TikTok, Instagram, LinkedIn, YouTube e Facebook, Telegrama e Kwai. O conte\u00fado deve ser removido imediatamente, sob pena de multa di\u00e1ria de R$ 100 mil.&nbsp;<\/p>\n\n\n\n<p class=\"wp-block-paragraph\">Moraes concordou com os argumentos da campanha de Bolsonaro, segundo os quais a fala do presidente foi gravemente retirada de contexto para associ\u00e1-lo \u00e0 pedofilia. &#8220;A divulga\u00e7\u00e3o de fato sabidamente inver\u00eddico, com grave descontextualiza\u00e7\u00e3o e aparente finalidade de vincular a figura do candidato ao cometimento de crime sexual, parece suficiente a configurar propaganda eleitoral negativa\u201d, escreveu Moraes.&nbsp;<\/p>\n\n\n\n<p class=\"wp-block-paragraph\">A entrevista de Bolsonaro a um&nbsp;<em>podcast<\/em>&nbsp;foi realizada na \u00faltima sexta-feira (14), quando ele narrou que, em visita \u00e0 localidade de S\u00e3o Sebasti\u00e3o, no Distrito Federal (DF), em 2021, se deparou&nbsp;com adolescentes venezuelanas bem arrumadas, o que, para ele, demonstraria estarem submetidas \u00e0 explora\u00e7\u00e3o sexual para \u201cganhar a vida\u201d.&nbsp;<\/p>\n\n\n\n<p class=\"wp-block-paragraph\">\u201cEu estava em Bras\u00edlia, na comunidade de S\u00e3o Sebasti\u00e3o, se eu n\u00e3o me engano, em um s\u00e1bado, de moto. Parei a moto em uma esquina, tirei o capacete&nbsp;e olhei umas menininhas. Tr\u00eas, quatro. Bonitas. De 14, 15 anos. Arrumadinhas, num s\u00e1bado, em uma comunidade. E vi que eram meio parecidas. Pintou um clima, voltei. &#8216;Posso entrar na sua casa?&#8217; Entrei. Tinha umas 15, 20 meninas, s\u00e1bado de manh\u00e3, se arrumando, todas venezuelanas. E eu pergunto: meninas bonitinhas de 14, 15 anos, se arrumando no s\u00e1bado para qu\u00ea? Ganhar a vida\u201d, contou Bolsonaro no&nbsp;<em>podcast<\/em>.&nbsp;<\/p>\n\n\n\n<p class=\"wp-block-paragraph\">Em&nbsp;<em>live<\/em>&nbsp;transmitida na madrugada de domingo, Bolsonaro disse que a fala foi tirada de contexto e que sua&nbsp;inten\u00e7\u00e3o era demonstrar indigna\u00e7\u00e3o diante da situa\u00e7\u00e3o em que as meninas venezuelanas estavam vivendo.<\/p>\n\n\n\n<p class=\"wp-block-paragraph\">\u201cAquelas meninas venezuelanas, que tinham fugido do seu pa\u00eds, fugido da fome, estavam, um pequeno grupo delas, como existem milhares pelo pa\u00eds, aqui na periferia de Bras\u00edlia. E estavam se arrumando pra qu\u00ea? Mostrei toda a minha indigna\u00e7\u00e3o ali. Pessoas com dificuldade de ganhar a vida em plena pandemia. E mostrei a minha indigna\u00e7\u00e3o. Falei: \u2018N\u00e3o quero isso pras nossas filhas, n\u00e3o quero pra minha filha\u2019&#8221;, explicou, na l<em>ive<\/em>.<\/p>\n\n\n\n<p class=\"wp-block-paragraph\">&#8212;&#8212;&#8212;&#8212;&#8212;&#8212;<br><br><strong>Sabia que o Aconteceu no Vale est\u00e1 tamb\u00e9m no Telegram? <a rel=\"noreferrer noopener\" href=\"https:\/\/t.me\/aconteceunovaleoficial\" target=\"_blank\">Inscreva-se no canal<\/a>.<\/strong><br><br><strong>J\u00e1 curtiu ou seguiu nossas p\u00e1ginas nas redes sociais?\u00a0Receba as not\u00edcias em primeira m\u00e3o:<\/strong><br>\u2022 <a rel=\"noreferrer noopener\" href=\"https:\/\/news.google.com\/publications\/CAAqBwgKMNjklQswi4etAw?hl=pt-BR&amp;gl=BR&amp;ceid=BR%3Apt-419\" target=\"_blank\">Google News<\/a><br>\u2022 <a rel=\"noreferrer noopener\" href=\"https:\/\/www.facebook.com\/aconteceunovale\/\" target=\"_blank\">Facebook<\/a><br>\u2022 <a rel=\"noreferrer noopener\" href=\"https:\/\/twitter.com\/noticiadosvales\" target=\"_blank\">Twitter<\/a><br>\u2022 <a rel=\"noreferrer noopener\" href=\"https:\/\/www.instagram.com\/aconteceunovale\" target=\"_blank\">Instagram<\/a><br>\u2022 <a rel=\"noreferrer noopener\" href=\"https:\/\/www.youtube.com\/AconteceunoValeOficial\" target=\"_blank\">Youtube<\/a><br>\u2022 <a rel=\"noreferrer noopener\" href=\"https:\/\/www.tiktok.com\/@aconteceunovale\" target=\"_blank\">TikTok<\/a><\/p>\n","protected":false},"excerpt":{"rendered":"<p>O presidente do Tribunal Superior Eleitoral (TSE), ministro Alexandre de Moraes, determinou na noite de ontem (16) que a campanha do candidato do PT \u00e0 presid\u00eancia, Luiz In\u00e1cio Lula da Silva, remova de seus perfis em redes sociais trecho de entrevista em que o presidente Jair Bolsonaro diz que \u201cpintou um clima\u201d ao se referir [&hellip;]<\/p>\n","protected":false},"author":4,"featured_media":191506,"comment_status":"open","ping_status":"closed","sticky":false,"template":"","format":"standard","meta":{"amp_status":"","footnotes":""},"categories":[6,249933],"tags":[35211,265228,100375,1018,252238,265229,26436,14124,7147,94060,267,265230],"class_list":["post-191592","post","type-post","status-publish","format-standard","has-post-thumbnail","hentry","category-br","category-eleicoes-2022","tag-alexandre-de-moraes","tag-alexandre-de-moraes-manda-campanha-de-lula-apagar-fala-de-bolsonaro-sobre-venezuelanas","tag-bolsonaro","tag-destaque","tag-eleicoes-2022","tag-fala-de-bolsonaro-sobre-venezuelanas","tag-jair-bolsonaro","tag-luiz-inacio-lula-da-silva","tag-lula","tag-tribunal-superior-eleitoral","tag-tse","tag-venezuelanas"],"yoast_head":"<!-- This site is optimized with the Yoast SEO plugin v28.3 - https:\/\/yoast.com\/product\/yoast-seo-wordpress\/ -->\n<title>Alexandre de Moraes manda campanha de Lula apagar fala de Bolsonaro sobre venezuelanas - Aconteceu no Vale<\/title>\n<meta name=\"robots\" content=\"index, follow, max-snippet:-1, max-image-preview:large, max-video-preview:-1\" \/>\n<link rel=\"canonical\" href=\"https:\/\/aconteceunovale.com.br\/portal\/?p=191592\" \/>\n<meta property=\"og:locale\" content=\"pt_BR\" \/>\n<meta property=\"og:type\" content=\"article\" \/>\n<meta property=\"og:title\" content=\"Alexandre de Moraes manda campanha de Lula apagar fala de Bolsonaro sobre venezuelanas - Aconteceu no Vale\" \/>\n<meta property=\"og:description\" content=\"O presidente do Tribunal Superior Eleitoral (TSE), ministro Alexandre de Moraes, determinou na noite de ontem (16) que a campanha do candidato do PT \u00e0 presid\u00eancia, Luiz In\u00e1cio Lula da Silva, remova de seus perfis em redes sociais trecho de entrevista em que o presidente Jair Bolsonaro diz que \u201cpintou um clima\u201d ao se referir [&hellip;]\" \/>\n<meta property=\"og:url\" content=\"https:\/\/aconteceunovale.com.br\/portal\/?p=191592\" \/>\n<meta property=\"og:site_name\" content=\"Aconteceu no Vale\" \/>\n<meta property=\"article:publisher\" content=\"https:\/\/www.facebook.com\/aconteceunovale\/\" \/>\n<meta property=\"article:published_time\" content=\"2022-10-17T17:23:04+00:00\" \/>\n<meta property=\"article:modified_time\" content=\"2022-10-17T18:50:21+00:00\" \/>\n<meta property=\"og:image\" content=\"https:\/\/aconteceunovale.com.br\/portal\/wp-content\/uploads\/2022\/10\/moraes_tse.jpg\" \/>\n\t<meta property=\"og:image:width\" content=\"678\" \/>\n\t<meta property=\"og:image:height\" content=\"406\" \/>\n\t<meta property=\"og:image:type\" content=\"image\/jpeg\" \/>\n<meta name=\"author\" content=\"Reda\u00e7\u00e3o Aconteceu no Vale\" \/>\n<meta name=\"twitter:card\" content=\"summary_large_image\" \/>\n<meta name=\"twitter:creator\" content=\"@noticiadosvales\" \/>\n<meta name=\"twitter:site\" content=\"@noticiadosvales\" \/>\n<meta name=\"twitter:label1\" content=\"Escrito por\" \/>\n\t<meta name=\"twitter:data1\" content=\"Reda\u00e7\u00e3o Aconteceu no Vale\" \/>\n\t<meta name=\"twitter:label2\" content=\"Est. tempo de leitura\" \/>\n\t<meta name=\"twitter:data2\" content=\"3 minutos\" \/>\n<script type=\"application\/ld+json\" class=\"yoast-schema-graph\">{\"@context\":\"https:\\\/\\\/schema.org\",\"@graph\":[{\"@type\":\"Article\",\"@id\":\"https:\\\/\\\/aconteceunovale.com.br\\\/portal\\\/?p=191592#article\",\"isPartOf\":{\"@id\":\"https:\\\/\\\/aconteceunovale.com.br\\\/portal\\\/?p=191592\"},\"author\":{\"name\":\"Reda\u00e7\u00e3o Aconteceu no Vale\",\"@id\":\"https:\\\/\\\/aconteceunovale.com.br\\\/portal\\\/#\\\/schema\\\/person\\\/7d2f26d1483f8a63de73da1ee0754d35\"},\"headline\":\"Alexandre de Moraes manda campanha de Lula apagar fala de Bolsonaro sobre venezuelanas\",\"datePublished\":\"2022-10-17T17:23:04+00:00\",\"dateModified\":\"2022-10-17T18:50:21+00:00\",\"mainEntityOfPage\":{\"@id\":\"https:\\\/\\\/aconteceunovale.com.br\\\/portal\\\/?p=191592\"},\"wordCount\":522,\"commentCount\":0,\"image\":{\"@id\":\"https:\\\/\\\/aconteceunovale.com.br\\\/portal\\\/?p=191592#primaryimage\"},\"thumbnailUrl\":\"https:\\\/\\\/aconteceunovale.com.br\\\/portal\\\/wp-content\\\/uploads\\\/2022\\\/10\\\/moraes_tse.jpg\",\"keywords\":[\"Alexandre de Moraes\",\"Alexandre de Moraes manda campanha de Lula apagar fala de Bolsonaro sobre venezuelanas\",\"Bolsonaro\",\"destaque\",\"Elei\u00e7\u00f5es 2022\",\"Fala de Bolsonaro sobre venezuelanas\",\"Jair Bolsonaro\",\"Luiz In\u00e1cio Lula da Silva\",\"Lula\",\"Tribunal Superior Eleitoral\",\"TSE\",\"Venezuelanas\"],\"articleSection\":[\"Brasil\",\"Elei\u00e7\u00f5es 2022\"],\"inLanguage\":\"pt-BR\",\"potentialAction\":[{\"@type\":\"CommentAction\",\"name\":\"Comment\",\"target\":[\"https:\\\/\\\/aconteceunovale.com.br\\\/portal\\\/?p=191592#respond\"]}]},{\"@type\":\"WebPage\",\"@id\":\"https:\\\/\\\/aconteceunovale.com.br\\\/portal\\\/?p=191592\",\"url\":\"https:\\\/\\\/aconteceunovale.com.br\\\/portal\\\/?p=191592\",\"name\":\"Alexandre de Moraes manda campanha de Lula apagar fala de Bolsonaro sobre venezuelanas - Aconteceu no Vale\",\"isPartOf\":{\"@id\":\"https:\\\/\\\/aconteceunovale.com.br\\\/portal\\\/#website\"},\"primaryImageOfPage\":{\"@id\":\"https:\\\/\\\/aconteceunovale.com.br\\\/portal\\\/?p=191592#primaryimage\"},\"image\":{\"@id\":\"https:\\\/\\\/aconteceunovale.com.br\\\/portal\\\/?p=191592#primaryimage\"},\"thumbnailUrl\":\"https:\\\/\\\/aconteceunovale.com.br\\\/portal\\\/wp-content\\\/uploads\\\/2022\\\/10\\\/moraes_tse.jpg\",\"datePublished\":\"2022-10-17T17:23:04+00:00\",\"dateModified\":\"2022-10-17T18:50:21+00:00\",\"author\":{\"@id\":\"https:\\\/\\\/aconteceunovale.com.br\\\/portal\\\/#\\\/schema\\\/person\\\/7d2f26d1483f8a63de73da1ee0754d35\"},\"breadcrumb\":{\"@id\":\"https:\\\/\\\/aconteceunovale.com.br\\\/portal\\\/?p=191592#breadcrumb\"},\"inLanguage\":\"pt-BR\",\"potentialAction\":[{\"@type\":\"ReadAction\",\"target\":[\"https:\\\/\\\/aconteceunovale.com.br\\\/portal\\\/?p=191592\"]}]},{\"@type\":\"ImageObject\",\"inLanguage\":\"pt-BR\",\"@id\":\"https:\\\/\\\/aconteceunovale.com.br\\\/portal\\\/?p=191592#primaryimage\",\"url\":\"https:\\\/\\\/aconteceunovale.com.br\\\/portal\\\/wp-content\\\/uploads\\\/2022\\\/10\\\/moraes_tse.jpg\",\"contentUrl\":\"https:\\\/\\\/aconteceunovale.com.br\\\/portal\\\/wp-content\\\/uploads\\\/2022\\\/10\\\/moraes_tse.jpg\",\"width\":678,\"height\":406,\"caption\":\"O presidente do Tribunal Superior Eleitoral, Alexandre de Moraes, comenta em coletiva de imprensa, o andamento das elei\u00e7\u00f5es gerais\"},{\"@type\":\"BreadcrumbList\",\"@id\":\"https:\\\/\\\/aconteceunovale.com.br\\\/portal\\\/?p=191592#breadcrumb\",\"itemListElement\":[{\"@type\":\"ListItem\",\"position\":1,\"name\":\"In\u00edcio\",\"item\":\"https:\\\/\\\/aconteceunovale.com.br\\\/portal\\\/\"},{\"@type\":\"ListItem\",\"position\":2,\"name\":\"Alexandre de Moraes manda campanha de Lula apagar fala de Bolsonaro sobre venezuelanas\"}]},{\"@type\":\"WebSite\",\"@id\":\"https:\\\/\\\/aconteceunovale.com.br\\\/portal\\\/#website\",\"url\":\"https:\\\/\\\/aconteceunovale.com.br\\\/portal\\\/\",\"name\":\"Aconteceu no Vale\",\"description\":\"Portal de Not\u00edcias\",\"potentialAction\":[{\"@type\":\"SearchAction\",\"target\":{\"@type\":\"EntryPoint\",\"urlTemplate\":\"https:\\\/\\\/aconteceunovale.com.br\\\/portal\\\/?s={search_term_string}\"},\"query-input\":{\"@type\":\"PropertyValueSpecification\",\"valueRequired\":true,\"valueName\":\"search_term_string\"}}],\"inLanguage\":\"pt-BR\"},{\"@type\":\"Person\",\"@id\":\"https:\\\/\\\/aconteceunovale.com.br\\\/portal\\\/#\\\/schema\\\/person\\\/7d2f26d1483f8a63de73da1ee0754d35\",\"name\":\"Reda\u00e7\u00e3o Aconteceu no Vale\",\"description\":\"Equipe de reportagem do Aconteceu no Vale, portal de not\u00edcias do Vale do Jequitinhonha, em Minas Gerais. Cobrimos as 51 cidades do Vale desde 2013. Sugest\u00f5es de pauta e pedidos de corre\u00e7\u00e3o: contato@aconteceunovale.com.br\",\"url\":\"https:\\\/\\\/aconteceunovale.com.br\\\/portal\\\/?author=4\"}]}<\/script>\n<!-- \/ Yoast SEO plugin. -->","yoast_head_json":{"title":"Alexandre de Moraes manda campanha de Lula apagar fala de Bolsonaro sobre venezuelanas - Aconteceu no Vale","robots":{"index":"index","follow":"follow","max-snippet":"max-snippet:-1","max-image-preview":"max-image-preview:large","max-video-preview":"max-video-preview:-1"},"canonical":"https:\/\/aconteceunovale.com.br\/portal\/?p=191592","og_locale":"pt_BR","og_type":"article","og_title":"Alexandre de Moraes manda campanha de Lula apagar fala de Bolsonaro sobre venezuelanas - Aconteceu no Vale","og_description":"O presidente do Tribunal Superior Eleitoral (TSE), ministro Alexandre de Moraes, determinou na noite de ontem (16) que a campanha do candidato do PT \u00e0 presid\u00eancia, Luiz In\u00e1cio Lula da Silva, remova de seus perfis em redes sociais trecho de entrevista em que o presidente Jair Bolsonaro diz que \u201cpintou um clima\u201d ao se referir [&hellip;]","og_url":"https:\/\/aconteceunovale.com.br\/portal\/?p=191592","og_site_name":"Aconteceu no Vale","article_publisher":"https:\/\/www.facebook.com\/aconteceunovale\/","article_published_time":"2022-10-17T17:23:04+00:00","article_modified_time":"2022-10-17T18:50:21+00:00","og_image":[{"width":678,"height":406,"url":"https:\/\/aconteceunovale.com.br\/portal\/wp-content\/uploads\/2022\/10\/moraes_tse.jpg","type":"image\/jpeg"}],"author":"Reda\u00e7\u00e3o Aconteceu no Vale","twitter_card":"summary_large_image","twitter_creator":"@noticiadosvales","twitter_site":"@noticiadosvales","twitter_misc":{"Escrito por":"Reda\u00e7\u00e3o Aconteceu no Vale","Est. tempo de leitura":"3 minutos"},"schema":{"@context":"https:\/\/schema.org","@graph":[{"@type":"Article","@id":"https:\/\/aconteceunovale.com.br\/portal\/?p=191592#article","isPartOf":{"@id":"https:\/\/aconteceunovale.com.br\/portal\/?p=191592"},"author":{"name":"Reda\u00e7\u00e3o Aconteceu no Vale","@id":"https:\/\/aconteceunovale.com.br\/portal\/#\/schema\/person\/7d2f26d1483f8a63de73da1ee0754d35"},"headline":"Alexandre de Moraes manda campanha de Lula apagar fala de Bolsonaro sobre venezuelanas","datePublished":"2022-10-17T17:23:04+00:00","dateModified":"2022-10-17T18:50:21+00:00","mainEntityOfPage":{"@id":"https:\/\/aconteceunovale.com.br\/portal\/?p=191592"},"wordCount":522,"commentCount":0,"image":{"@id":"https:\/\/aconteceunovale.com.br\/portal\/?p=191592#primaryimage"},"thumbnailUrl":"https:\/\/aconteceunovale.com.br\/portal\/wp-content\/uploads\/2022\/10\/moraes_tse.jpg","keywords":["Alexandre de Moraes","Alexandre de Moraes manda campanha de Lula apagar fala de Bolsonaro sobre venezuelanas","Bolsonaro","destaque","Elei\u00e7\u00f5es 2022","Fala de Bolsonaro sobre venezuelanas","Jair Bolsonaro","Luiz In\u00e1cio Lula da Silva","Lula","Tribunal Superior Eleitoral","TSE","Venezuelanas"],"articleSection":["Brasil","Elei\u00e7\u00f5es 2022"],"inLanguage":"pt-BR","potentialAction":[{"@type":"CommentAction","name":"Comment","target":["https:\/\/aconteceunovale.com.br\/portal\/?p=191592#respond"]}]},{"@type":"WebPage","@id":"https:\/\/aconteceunovale.com.br\/portal\/?p=191592","url":"https:\/\/aconteceunovale.com.br\/portal\/?p=191592","name":"Alexandre de Moraes manda campanha de Lula apagar fala de Bolsonaro sobre venezuelanas - Aconteceu no Vale","isPartOf":{"@id":"https:\/\/aconteceunovale.com.br\/portal\/#website"},"primaryImageOfPage":{"@id":"https:\/\/aconteceunovale.com.br\/portal\/?p=191592#primaryimage"},"image":{"@id":"https:\/\/aconteceunovale.com.br\/portal\/?p=191592#primaryimage"},"thumbnailUrl":"https:\/\/aconteceunovale.com.br\/portal\/wp-content\/uploads\/2022\/10\/moraes_tse.jpg","datePublished":"2022-10-17T17:23:04+00:00","dateModified":"2022-10-17T18:50:21+00:00","author":{"@id":"https:\/\/aconteceunovale.com.br\/portal\/#\/schema\/person\/7d2f26d1483f8a63de73da1ee0754d35"},"breadcrumb":{"@id":"https:\/\/aconteceunovale.com.br\/portal\/?p=191592#breadcrumb"},"inLanguage":"pt-BR","potentialAction":[{"@type":"ReadAction","target":["https:\/\/aconteceunovale.com.br\/portal\/?p=191592"]}]},{"@type":"ImageObject","inLanguage":"pt-BR","@id":"https:\/\/aconteceunovale.com.br\/portal\/?p=191592#primaryimage","url":"https:\/\/aconteceunovale.com.br\/portal\/wp-content\/uploads\/2022\/10\/moraes_tse.jpg","contentUrl":"https:\/\/aconteceunovale.com.br\/portal\/wp-content\/uploads\/2022\/10\/moraes_tse.jpg","width":678,"height":406,"caption":"O presidente do Tribunal Superior Eleitoral, Alexandre de Moraes, comenta em coletiva de imprensa, o andamento das elei\u00e7\u00f5es gerais"},{"@type":"BreadcrumbList","@id":"https:\/\/aconteceunovale.com.br\/portal\/?p=191592#breadcrumb","itemListElement":[{"@type":"ListItem","position":1,"name":"In\u00edcio","item":"https:\/\/aconteceunovale.com.br\/portal\/"},{"@type":"ListItem","position":2,"name":"Alexandre de Moraes manda campanha de Lula apagar fala de Bolsonaro sobre venezuelanas"}]},{"@type":"WebSite","@id":"https:\/\/aconteceunovale.com.br\/portal\/#website","url":"https:\/\/aconteceunovale.com.br\/portal\/","name":"Aconteceu no Vale","description":"Portal de Not\u00edcias","potentialAction":[{"@type":"SearchAction","target":{"@type":"EntryPoint","urlTemplate":"https:\/\/aconteceunovale.com.br\/portal\/?s={search_term_string}"},"query-input":{"@type":"PropertyValueSpecification","valueRequired":true,"valueName":"search_term_string"}}],"inLanguage":"pt-BR"},{"@type":"Person","@id":"https:\/\/aconteceunovale.com.br\/portal\/#\/schema\/person\/7d2f26d1483f8a63de73da1ee0754d35","name":"Reda\u00e7\u00e3o Aconteceu no Vale","description":"Equipe de reportagem do Aconteceu no Vale, portal de not\u00edcias do Vale do Jequitinhonha, em Minas Gerais. Cobrimos as 51 cidades do Vale desde 2013. Sugest\u00f5es de pauta e pedidos de corre\u00e7\u00e3o: contato@aconteceunovale.com.br","url":"https:\/\/aconteceunovale.com.br\/portal\/?author=4"}]}},"_links":{"self":[{"href":"https:\/\/aconteceunovale.com.br\/portal\/index.php?rest_route=\/wp\/v2\/posts\/191592","targetHints":{"allow":["GET"]}}],"collection":[{"href":"https:\/\/aconteceunovale.com.br\/portal\/index.php?rest_route=\/wp\/v2\/posts"}],"about":[{"href":"https:\/\/aconteceunovale.com.br\/portal\/index.php?rest_route=\/wp\/v2\/types\/post"}],"author":[{"embeddable":true,"href":"https:\/\/aconteceunovale.com.br\/portal\/index.php?rest_route=\/wp\/v2\/users\/4"}],"replies":[{"embeddable":true,"href":"https:\/\/aconteceunovale.com.br\/portal\/index.php?rest_route=%2Fwp%2Fv2%2Fcomments&post=191592"}],"version-history":[{"count":1,"href":"https:\/\/aconteceunovale.com.br\/portal\/index.php?rest_route=\/wp\/v2\/posts\/191592\/revisions"}],"predecessor-version":[{"id":191593,"href":"https:\/\/aconteceunovale.com.br\/portal\/index.php?rest_route=\/wp\/v2\/posts\/191592\/revisions\/191593"}],"wp:featuredmedia":[{"embeddable":true,"href":"https:\/\/aconteceunovale.com.br\/portal\/index.php?rest_route=\/wp\/v2\/media\/191506"}],"wp:attachment":[{"href":"https:\/\/aconteceunovale.com.br\/portal\/index.php?rest_route=%2Fwp%2Fv2%2Fmedia&parent=191592"}],"wp:term":[{"taxonomy":"category","embeddable":true,"href":"https:\/\/aconteceunovale.com.br\/portal\/index.php?rest_route=%2Fwp%2Fv2%2Fcategories&post=191592"},{"taxonomy":"post_tag","embeddable":true,"href":"https:\/\/aconteceunovale.com.br\/portal\/index.php?rest_route=%2Fwp%2Fv2%2Ftags&post=191592"}],"curies":[{"name":"wp","href":"https:\/\/api.w.org\/{rel}","templated":true}]}}