{"id":191585,"date":"2022-10-17T15:35:25","date_gmt":"2022-10-17T18:35:25","guid":{"rendered":"https:\/\/aconteceunovale.com.br\/portal\/?p=191585"},"modified":"2022-10-17T15:36:05","modified_gmt":"2022-10-17T18:36:05","slug":"industria-mineira-tera-que-indenizar-trabalhador-agredido-com-um-queijo-no-rosto-e-uma-martelada-na-cabeca","status":"publish","type":"post","link":"https:\/\/aconteceunovale.com.br\/portal\/?p=191585","title":{"rendered":"Ind\u00fastria mineira ter\u00e1 que indenizar trabalhador agredido com um queijo no rosto e uma martelada na cabe\u00e7a"},"content":{"rendered":"\n<p class=\"wp-block-paragraph\">Uma ind\u00fastria do ramo aliment\u00edcio em Lavras ter\u00e1 que indenizar por danos morais, no valor de R$ 65 mil, o trabalhador que foi agredido fisicamente por outro empregado com um queijo no rosto e uma martelada na cabe\u00e7a. A agress\u00e3o aconteceu ap\u00f3s uma discuss\u00e3o entre os trabalhadores durante o hor\u00e1rio de trabalho. Os desembargadores da Oitava Turma do TRT-MG mantiveram a condena\u00e7\u00e3o da empregadora pelo pagamento de indeniza\u00e7\u00e3o equivalente aos sal\u00e1rios do per\u00edodo compreendido entre a data da despedida e o final do per\u00edodo de estabilidade do trabalhador.<\/p>\n\n\n\n<p class=\"wp-block-paragraph\">O profissional contou que iniciou a presta\u00e7\u00e3o de servi\u00e7os em janeiro de 2020 na fun\u00e7\u00e3o de auxiliar de produ\u00e7\u00e3o e que, a partir do segundo m\u00eas, come\u00e7ou a ter problemas de relacionamento com o outro empregado. Explicou que a discuss\u00e3o teve in\u00edcio ap\u00f3s uma brincadeira entre os colegas da empresa sobre uma foto tirada pelo agressor perto de um carro de luxo. Disse que, no dia 18\/4\/2020, sexta-feira, ele e os colegas perguntaram de quem era o carro.&nbsp;<em>\u201cEle me respondeu que n\u00e3o interessava e, na sequ\u00eancia, perguntou: como sua m\u00e3e est\u00e1, aquela vagabunda\u201d<\/em>.<\/p>\n\n\n\n<p class=\"wp-block-paragraph\">O empregado agredido respondeu ent\u00e3o \u201c<em>que com m\u00e3e n\u00e3o se brinca\u201d,&nbsp;<\/em>continuando o trabalho na seladora de queijos.<em>&nbsp;\u201cFoi quando ele atirou em mim um queijo no rosto\u201d,&nbsp;<\/em>contou o trabalhador<em>,&nbsp;<\/em>lembrando que o supervisor da empresa teve conhecimento desse fato, mas n\u00e3o tomou provid\u00eancia. Segundo o trabalhador, quando retornou na empresa, na ter\u00e7a-feira, recebeu uma martelada na cabe\u00e7a do mesmo trabalhador&nbsp;<em>\u201cquando estava abaixado no arm\u00e1rio para pegar o uniforme\u201d,&nbsp;<\/em>disse o ex-empregado<em>,&nbsp;<\/em>que teve encerrado o contrato em 4\/5\/2020.<\/p>\n\n\n\n<p class=\"wp-block-paragraph\">A empresa sustentou que n\u00e3o havia hist\u00f3rico de rixa ou problemas entre eles, tratando-se de circunst\u00e2ncia que aponta para a total imprevisibilidade. Informou que tomou as medidas de seguran\u00e7a cab\u00edveis, uma vez que a empresa possui sistema de c\u00e2meras de seguran\u00e7a, e que, no dia seguinte \u00e0 ocorr\u00eancia, o agressor j\u00e1 se encontrava dispensado por justa causa. E explicou tamb\u00e9m que n\u00e3o h\u00e1 obriga\u00e7\u00e3o legal de manuten\u00e7\u00e3o de detector de metais ou de realiza\u00e7\u00e3o de revista dos empregados, em raz\u00e3o da incompatibilidade com a atividade econ\u00f4mica desempenhada.<\/p>\n\n\n\n<p class=\"wp-block-paragraph\">Ap\u00f3s ter sido condenada a indenizar o trabalhador pelo ju\u00edzo da Vara do Trabalho de Lavras, a empresa recorreu da decis\u00e3o, mas os julgadores da Oitava Turma do TRT-MG, por maioria dos votos, mantiveram a condena\u00e7\u00e3o por danos morais, reduzindo o valor de R$ 100 mil para R$ 62.750,00.<\/p>\n\n\n\n<h2 class=\"wp-block-heading\"><strong>Decis\u00e3o<\/strong><\/h2>\n\n\n\n<p class=\"wp-block-paragraph\">Para o relator, juiz convocado M\u00e1rcio Toledo Gon\u00e7alves, a prova dos autos demonstra a postura negligente e omissiva da empregadora diante de situa\u00e7\u00e3o de viol\u00eancia ocorrida em suas depend\u00eancias, durante o hor\u00e1rio de trabalho, envolvendo dois empregados.&nbsp;<em>\u201cCaso tivesse atuado preventivamente e aplicado as penalidades devidas, intervindo a fim de evitar danos de maior propor\u00e7\u00e3o, afastando o agressor do trabalho, muito provavelmente a tentativa de homic\u00eddio n\u00e3o teria ocorrido no ambiente laboral\u201d,&nbsp;<\/em>ressaltou.<\/p>\n\n\n\n<h2 class=\"wp-block-heading\"><strong>Responsabilidade subjetiva pelo evento danoso<\/strong><\/h2>\n\n\n\n<p class=\"wp-block-paragraph\">Segundo o julgador, n\u00e3o se pode olvidar que compete ao empregador dirigir a presta\u00e7\u00e3o pessoal de servi\u00e7os (artigo 2\u00ba,&nbsp;<em>caput<\/em>, da CLT), devendo tomar as medidas cab\u00edveis para manter o ambiente de trabalho seguro e sadio.&nbsp;<em>\u201cDiante da n\u00edtida atua\u00e7\u00e3o negligente e imprudente da empregadora, configurada fica a responsabilidade subjetiva pelo evento danoso. E n\u00e3o h\u00e1 que se falar em culpa exclusiva de terceiro, uma vez que a responsabilidade civil da empresa decorre das disposi\u00e7\u00f5es do artigo 932, III e do artigo 933, ambos do C\u00f3digo Civil\u201d<\/em>. O julgador pontuou ainda que, nesse sentido, disp\u00f5e a S\u00famula 341 do STF que aponta&nbsp;<em>\u201cque \u00e9 presumida a culpa do patr\u00e3o ou comitente pelo ato culposo do empregado ou preposto\u201d<\/em>.<\/p>\n\n\n\n<p class=\"wp-block-paragraph\">Quanto ao dano sofrido pelo profissional, o magistrado entendeu que dispensa maiores exames, pois se configura&nbsp;<em>in re ipsa<\/em>&nbsp;diante da agress\u00e3o f\u00edsica ocorrida no ambiente de trabalho pelo colega. Ele fez quest\u00e3o de ressaltar o laudo m\u00e9dico, que confirmou que o trabalhador&nbsp;<em>\u201cfoi v\u00edtima de martelada em cabe\u00e7a com ferida cortocontusa em regi\u00e3o parietal esquerda, com tomografia de cr\u00e2nio evidenciando afundamento craniano na regi\u00e3o afetada\u201d<\/em>. O perito indicou ainda que o profissional agredido foi submetido a um tratamento cir\u00fargico do afundamento do cr\u00e2nio e reconstru\u00e7\u00e3o craniana com tela de tit\u00e2nio. E concluiu:&nbsp;<em>\u201cpaciente sem d\u00e9ficit neurol\u00f3gico no p\u00f3s-operat\u00f3rio\u201d<\/em>.<\/p>\n\n\n\n<p class=\"wp-block-paragraph\">Para o juiz relator, \u00e9 n\u00edtido e irrefut\u00e1vel o sofrimento decorrente da agress\u00e3o sofrida no ambiente laboral, onde esperava estar seguro e resguardado.&nbsp;<em>\u201cAssim, diante de todos os elementos demonstrados, est\u00e3o caracterizados: o dano moral; o nexo causal e a conduta culposa omissiva da empregadora\u201d,&nbsp;<\/em>concluiu o julgador, refor\u00e7ando que est\u00e3o presentes, no caso, os requisitos da responsabilidade civil ensejadora das repara\u00e7\u00f5es legais vindicadas.<\/p>\n\n\n\n<h2 class=\"wp-block-heading\"><strong>Indeniza\u00e7\u00e3o danos morais<\/strong><\/h2>\n\n\n\n<p class=\"wp-block-paragraph\">Considerando principalmente a extens\u00e3o dos danos morais impingidos ao trabalhador e o respectivo padr\u00e3o remunerat\u00f3rio, o grau de culpa da empregadora e a dimens\u00e3o econ\u00f4mico-financeira, o magistrado considerou que o valor da indeniza\u00e7\u00e3o fixada a t\u00edtulo de danos morais deve ser reduzido de R$ 100 mil para R$ 62.750,00.<\/p>\n\n\n\n<p class=\"wp-block-paragraph\">O magistrado entendeu ainda que deve ser mantida a condena\u00e7\u00e3o ao pagamento de indeniza\u00e7\u00e3o dos sal\u00e1rios correspondentes ao per\u00edodo de estabilidade de 4\/5\/2020 a 3\/5\/2021, j\u00e1 que, configurado o acidente de trabalho<em>, \u201co trabalhador faz jus \u00e0 estabilidade no emprego\u201d.\u00a0<\/em>O processo foi enviado ao TST para an\u00e1lise do recurso de revista.<\/p>\n\n\n\n<p class=\"wp-block-paragraph\">&#8212;&#8212;&#8212;&#8212;&#8212;&#8212;<br><br><strong>Sabia que o Aconteceu no Vale est\u00e1 tamb\u00e9m no Telegram? <a rel=\"noreferrer noopener\" href=\"https:\/\/t.me\/aconteceunovaleoficial\" target=\"_blank\">Inscreva-se no canal<\/a>.<\/strong><br><br><strong>J\u00e1 curtiu ou seguiu nossas p\u00e1ginas nas redes sociais?\u00a0Receba as not\u00edcias em primeira m\u00e3o:<\/strong><br>\u2022 <a rel=\"noreferrer noopener\" href=\"https:\/\/news.google.com\/publications\/CAAqBwgKMNjklQswi4etAw?hl=pt-BR&amp;gl=BR&amp;ceid=BR%3Apt-419\" target=\"_blank\">Google News<\/a><br>\u2022 <a rel=\"noreferrer noopener\" href=\"https:\/\/www.facebook.com\/aconteceunovale\/\" target=\"_blank\">Facebook<\/a><br>\u2022 <a rel=\"noreferrer noopener\" href=\"https:\/\/twitter.com\/noticiadosvales\" target=\"_blank\">Twitter<\/a><br>\u2022 <a rel=\"noreferrer noopener\" href=\"https:\/\/www.instagram.com\/aconteceunovale\" target=\"_blank\">Instagram<\/a><br>\u2022 <a rel=\"noreferrer noopener\" href=\"https:\/\/www.youtube.com\/AconteceunoValeOficial\" target=\"_blank\">Youtube<\/a><br>\u2022 <a rel=\"noreferrer noopener\" href=\"https:\/\/www.tiktok.com\/@aconteceunovale\" target=\"_blank\">TikTok<\/a><\/p>\n","protected":false},"excerpt":{"rendered":"<p>Uma ind\u00fastria do ramo aliment\u00edcio em Lavras ter\u00e1 que indenizar por danos morais, no valor de R$ 65 mil, o trabalhador que foi agredido fisicamente por outro empregado com um queijo no rosto e uma martelada na cabe\u00e7a. A agress\u00e3o aconteceu ap\u00f3s uma discuss\u00e3o entre os trabalhadores durante o hor\u00e1rio de trabalho. Os desembargadores da [&hellip;]<\/p>\n","protected":false},"author":4,"featured_media":165374,"comment_status":"open","ping_status":"closed","sticky":false,"template":"","format":"standard","meta":{"amp_status":"","footnotes":""},"categories":[40236,123],"tags":[265219,265220,157380,164012,265218,207,63697],"class_list":["post-191585","post","type-post","status-publish","format-standard","has-post-thumbnail","hentry","category-empregos-2","category-gerais","tag-agredido-com-queijo","tag-atingido-com-queijo-no-rosto-em-lavras","tag-danos-morais","tag-indenizacao-por-danos-morais","tag-industria-mineira-tera-que-indenizar-trabalhador-agredido-com-um-queijo-no-rosto-e-uma-martelada-na-cabeca","tag-lavras","tag-trt-mg"],"yoast_head":"<!-- This site is optimized with the Yoast SEO plugin v28.3 - https:\/\/yoast.com\/product\/yoast-seo-wordpress\/ -->\n<title>Ind\u00fastria mineira ter\u00e1 que indenizar trabalhador agredido com um queijo no rosto e uma martelada na cabe\u00e7a - Aconteceu no Vale<\/title>\n<meta name=\"robots\" content=\"index, follow, max-snippet:-1, max-image-preview:large, max-video-preview:-1\" \/>\n<link rel=\"canonical\" href=\"https:\/\/aconteceunovale.com.br\/portal\/?p=191585\" \/>\n<meta property=\"og:locale\" content=\"pt_BR\" \/>\n<meta property=\"og:type\" content=\"article\" \/>\n<meta property=\"og:title\" content=\"Ind\u00fastria mineira ter\u00e1 que indenizar trabalhador agredido com um queijo no rosto e uma martelada na cabe\u00e7a - Aconteceu no Vale\" \/>\n<meta property=\"og:description\" content=\"Uma ind\u00fastria do ramo aliment\u00edcio em Lavras ter\u00e1 que indenizar por danos morais, no valor de R$ 65 mil, o trabalhador que foi agredido fisicamente por outro empregado com um queijo no rosto e uma martelada na cabe\u00e7a. A agress\u00e3o aconteceu ap\u00f3s uma discuss\u00e3o entre os trabalhadores durante o hor\u00e1rio de trabalho. Os desembargadores da [&hellip;]\" \/>\n<meta property=\"og:url\" content=\"https:\/\/aconteceunovale.com.br\/portal\/?p=191585\" \/>\n<meta property=\"og:site_name\" content=\"Aconteceu no Vale\" \/>\n<meta property=\"article:publisher\" content=\"https:\/\/www.facebook.com\/aconteceunovale\/\" \/>\n<meta property=\"article:published_time\" content=\"2022-10-17T18:35:25+00:00\" \/>\n<meta property=\"article:modified_time\" content=\"2022-10-17T18:36:05+00:00\" \/>\n<meta property=\"og:image\" content=\"https:\/\/aconteceunovale.com.br\/portal\/wp-content\/uploads\/2020\/07\/justica_indenizacao.jpg\" \/>\n\t<meta property=\"og:image:width\" content=\"675\" \/>\n\t<meta property=\"og:image:height\" content=\"450\" \/>\n\t<meta property=\"og:image:type\" content=\"image\/jpeg\" \/>\n<meta name=\"author\" content=\"Reda\u00e7\u00e3o Aconteceu no Vale\" \/>\n<meta name=\"twitter:card\" content=\"summary_large_image\" \/>\n<meta name=\"twitter:creator\" content=\"@noticiadosvales\" \/>\n<meta name=\"twitter:site\" content=\"@noticiadosvales\" \/>\n<meta name=\"twitter:label1\" content=\"Escrito por\" \/>\n\t<meta name=\"twitter:data1\" content=\"Reda\u00e7\u00e3o Aconteceu no Vale\" \/>\n\t<meta name=\"twitter:label2\" content=\"Est. tempo de leitura\" \/>\n\t<meta name=\"twitter:data2\" content=\"5 minutos\" \/>\n<script type=\"application\/ld+json\" class=\"yoast-schema-graph\">{\"@context\":\"https:\\\/\\\/schema.org\",\"@graph\":[{\"@type\":\"Article\",\"@id\":\"https:\\\/\\\/aconteceunovale.com.br\\\/portal\\\/?p=191585#article\",\"isPartOf\":{\"@id\":\"https:\\\/\\\/aconteceunovale.com.br\\\/portal\\\/?p=191585\"},\"author\":{\"name\":\"Reda\u00e7\u00e3o Aconteceu no Vale\",\"@id\":\"https:\\\/\\\/aconteceunovale.com.br\\\/portal\\\/#\\\/schema\\\/person\\\/7d2f26d1483f8a63de73da1ee0754d35\"},\"headline\":\"Ind\u00fastria mineira ter\u00e1 que indenizar trabalhador agredido com um queijo no rosto e uma martelada na cabe\u00e7a\",\"datePublished\":\"2022-10-17T18:35:25+00:00\",\"dateModified\":\"2022-10-17T18:36:05+00:00\",\"mainEntityOfPage\":{\"@id\":\"https:\\\/\\\/aconteceunovale.com.br\\\/portal\\\/?p=191585\"},\"wordCount\":1033,\"commentCount\":0,\"image\":{\"@id\":\"https:\\\/\\\/aconteceunovale.com.br\\\/portal\\\/?p=191585#primaryimage\"},\"thumbnailUrl\":\"https:\\\/\\\/aconteceunovale.com.br\\\/portal\\\/wp-content\\\/uploads\\\/2020\\\/07\\\/justica_indenizacao.jpg\",\"keywords\":[\"Agredido com queijo\",\"Atingido com queijo no rosto em Lavras\",\"danos morais\",\"indeniza\u00e7\u00e3o por danos morais\",\"Ind\u00fastria mineira ter\u00e1 que indenizar trabalhador agredido com um queijo no rosto e uma martelada na cabe\u00e7a\",\"Lavras\",\"TRT-MG\"],\"articleSection\":[\"Empregos\",\"Minas Gerais\"],\"inLanguage\":\"pt-BR\",\"potentialAction\":[{\"@type\":\"CommentAction\",\"name\":\"Comment\",\"target\":[\"https:\\\/\\\/aconteceunovale.com.br\\\/portal\\\/?p=191585#respond\"]}]},{\"@type\":\"WebPage\",\"@id\":\"https:\\\/\\\/aconteceunovale.com.br\\\/portal\\\/?p=191585\",\"url\":\"https:\\\/\\\/aconteceunovale.com.br\\\/portal\\\/?p=191585\",\"name\":\"Ind\u00fastria mineira ter\u00e1 que indenizar trabalhador agredido com um queijo no rosto e uma martelada na cabe\u00e7a - Aconteceu no Vale\",\"isPartOf\":{\"@id\":\"https:\\\/\\\/aconteceunovale.com.br\\\/portal\\\/#website\"},\"primaryImageOfPage\":{\"@id\":\"https:\\\/\\\/aconteceunovale.com.br\\\/portal\\\/?p=191585#primaryimage\"},\"image\":{\"@id\":\"https:\\\/\\\/aconteceunovale.com.br\\\/portal\\\/?p=191585#primaryimage\"},\"thumbnailUrl\":\"https:\\\/\\\/aconteceunovale.com.br\\\/portal\\\/wp-content\\\/uploads\\\/2020\\\/07\\\/justica_indenizacao.jpg\",\"datePublished\":\"2022-10-17T18:35:25+00:00\",\"dateModified\":\"2022-10-17T18:36:05+00:00\",\"author\":{\"@id\":\"https:\\\/\\\/aconteceunovale.com.br\\\/portal\\\/#\\\/schema\\\/person\\\/7d2f26d1483f8a63de73da1ee0754d35\"},\"breadcrumb\":{\"@id\":\"https:\\\/\\\/aconteceunovale.com.br\\\/portal\\\/?p=191585#breadcrumb\"},\"inLanguage\":\"pt-BR\",\"potentialAction\":[{\"@type\":\"ReadAction\",\"target\":[\"https:\\\/\\\/aconteceunovale.com.br\\\/portal\\\/?p=191585\"]}]},{\"@type\":\"ImageObject\",\"inLanguage\":\"pt-BR\",\"@id\":\"https:\\\/\\\/aconteceunovale.com.br\\\/portal\\\/?p=191585#primaryimage\",\"url\":\"https:\\\/\\\/aconteceunovale.com.br\\\/portal\\\/wp-content\\\/uploads\\\/2020\\\/07\\\/justica_indenizacao.jpg\",\"contentUrl\":\"https:\\\/\\\/aconteceunovale.com.br\\\/portal\\\/wp-content\\\/uploads\\\/2020\\\/07\\\/justica_indenizacao.jpg\",\"width\":675,\"height\":450},{\"@type\":\"BreadcrumbList\",\"@id\":\"https:\\\/\\\/aconteceunovale.com.br\\\/portal\\\/?p=191585#breadcrumb\",\"itemListElement\":[{\"@type\":\"ListItem\",\"position\":1,\"name\":\"In\u00edcio\",\"item\":\"https:\\\/\\\/aconteceunovale.com.br\\\/portal\\\/\"},{\"@type\":\"ListItem\",\"position\":2,\"name\":\"Ind\u00fastria mineira ter\u00e1 que indenizar trabalhador agredido com um queijo no rosto e uma martelada na cabe\u00e7a\"}]},{\"@type\":\"WebSite\",\"@id\":\"https:\\\/\\\/aconteceunovale.com.br\\\/portal\\\/#website\",\"url\":\"https:\\\/\\\/aconteceunovale.com.br\\\/portal\\\/\",\"name\":\"Aconteceu no Vale\",\"description\":\"Portal de Not\u00edcias\",\"potentialAction\":[{\"@type\":\"SearchAction\",\"target\":{\"@type\":\"EntryPoint\",\"urlTemplate\":\"https:\\\/\\\/aconteceunovale.com.br\\\/portal\\\/?s={search_term_string}\"},\"query-input\":{\"@type\":\"PropertyValueSpecification\",\"valueRequired\":true,\"valueName\":\"search_term_string\"}}],\"inLanguage\":\"pt-BR\"},{\"@type\":\"Person\",\"@id\":\"https:\\\/\\\/aconteceunovale.com.br\\\/portal\\\/#\\\/schema\\\/person\\\/7d2f26d1483f8a63de73da1ee0754d35\",\"name\":\"Reda\u00e7\u00e3o Aconteceu no Vale\",\"description\":\"Equipe de reportagem do Aconteceu no Vale, portal de not\u00edcias do Vale do Jequitinhonha, em Minas Gerais. Cobrimos as 51 cidades do Vale desde 2013. Sugest\u00f5es de pauta e pedidos de corre\u00e7\u00e3o: contato@aconteceunovale.com.br\",\"url\":\"https:\\\/\\\/aconteceunovale.com.br\\\/portal\\\/?author=4\"}]}<\/script>\n<!-- \/ Yoast SEO plugin. -->","yoast_head_json":{"title":"Ind\u00fastria mineira ter\u00e1 que indenizar trabalhador agredido com um queijo no rosto e uma martelada na cabe\u00e7a - Aconteceu no Vale","robots":{"index":"index","follow":"follow","max-snippet":"max-snippet:-1","max-image-preview":"max-image-preview:large","max-video-preview":"max-video-preview:-1"},"canonical":"https:\/\/aconteceunovale.com.br\/portal\/?p=191585","og_locale":"pt_BR","og_type":"article","og_title":"Ind\u00fastria mineira ter\u00e1 que indenizar trabalhador agredido com um queijo no rosto e uma martelada na cabe\u00e7a - Aconteceu no Vale","og_description":"Uma ind\u00fastria do ramo aliment\u00edcio em Lavras ter\u00e1 que indenizar por danos morais, no valor de R$ 65 mil, o trabalhador que foi agredido fisicamente por outro empregado com um queijo no rosto e uma martelada na cabe\u00e7a. A agress\u00e3o aconteceu ap\u00f3s uma discuss\u00e3o entre os trabalhadores durante o hor\u00e1rio de trabalho. Os desembargadores da [&hellip;]","og_url":"https:\/\/aconteceunovale.com.br\/portal\/?p=191585","og_site_name":"Aconteceu no Vale","article_publisher":"https:\/\/www.facebook.com\/aconteceunovale\/","article_published_time":"2022-10-17T18:35:25+00:00","article_modified_time":"2022-10-17T18:36:05+00:00","og_image":[{"width":675,"height":450,"url":"https:\/\/aconteceunovale.com.br\/portal\/wp-content\/uploads\/2020\/07\/justica_indenizacao.jpg","type":"image\/jpeg"}],"author":"Reda\u00e7\u00e3o Aconteceu no Vale","twitter_card":"summary_large_image","twitter_creator":"@noticiadosvales","twitter_site":"@noticiadosvales","twitter_misc":{"Escrito por":"Reda\u00e7\u00e3o Aconteceu no Vale","Est. tempo de leitura":"5 minutos"},"schema":{"@context":"https:\/\/schema.org","@graph":[{"@type":"Article","@id":"https:\/\/aconteceunovale.com.br\/portal\/?p=191585#article","isPartOf":{"@id":"https:\/\/aconteceunovale.com.br\/portal\/?p=191585"},"author":{"name":"Reda\u00e7\u00e3o Aconteceu no Vale","@id":"https:\/\/aconteceunovale.com.br\/portal\/#\/schema\/person\/7d2f26d1483f8a63de73da1ee0754d35"},"headline":"Ind\u00fastria mineira ter\u00e1 que indenizar trabalhador agredido com um queijo no rosto e uma martelada na cabe\u00e7a","datePublished":"2022-10-17T18:35:25+00:00","dateModified":"2022-10-17T18:36:05+00:00","mainEntityOfPage":{"@id":"https:\/\/aconteceunovale.com.br\/portal\/?p=191585"},"wordCount":1033,"commentCount":0,"image":{"@id":"https:\/\/aconteceunovale.com.br\/portal\/?p=191585#primaryimage"},"thumbnailUrl":"https:\/\/aconteceunovale.com.br\/portal\/wp-content\/uploads\/2020\/07\/justica_indenizacao.jpg","keywords":["Agredido com queijo","Atingido com queijo no rosto em Lavras","danos morais","indeniza\u00e7\u00e3o por danos morais","Ind\u00fastria mineira ter\u00e1 que indenizar trabalhador agredido com um queijo no rosto e uma martelada na cabe\u00e7a","Lavras","TRT-MG"],"articleSection":["Empregos","Minas Gerais"],"inLanguage":"pt-BR","potentialAction":[{"@type":"CommentAction","name":"Comment","target":["https:\/\/aconteceunovale.com.br\/portal\/?p=191585#respond"]}]},{"@type":"WebPage","@id":"https:\/\/aconteceunovale.com.br\/portal\/?p=191585","url":"https:\/\/aconteceunovale.com.br\/portal\/?p=191585","name":"Ind\u00fastria mineira ter\u00e1 que indenizar trabalhador agredido com um queijo no rosto e uma martelada na cabe\u00e7a - Aconteceu no Vale","isPartOf":{"@id":"https:\/\/aconteceunovale.com.br\/portal\/#website"},"primaryImageOfPage":{"@id":"https:\/\/aconteceunovale.com.br\/portal\/?p=191585#primaryimage"},"image":{"@id":"https:\/\/aconteceunovale.com.br\/portal\/?p=191585#primaryimage"},"thumbnailUrl":"https:\/\/aconteceunovale.com.br\/portal\/wp-content\/uploads\/2020\/07\/justica_indenizacao.jpg","datePublished":"2022-10-17T18:35:25+00:00","dateModified":"2022-10-17T18:36:05+00:00","author":{"@id":"https:\/\/aconteceunovale.com.br\/portal\/#\/schema\/person\/7d2f26d1483f8a63de73da1ee0754d35"},"breadcrumb":{"@id":"https:\/\/aconteceunovale.com.br\/portal\/?p=191585#breadcrumb"},"inLanguage":"pt-BR","potentialAction":[{"@type":"ReadAction","target":["https:\/\/aconteceunovale.com.br\/portal\/?p=191585"]}]},{"@type":"ImageObject","inLanguage":"pt-BR","@id":"https:\/\/aconteceunovale.com.br\/portal\/?p=191585#primaryimage","url":"https:\/\/aconteceunovale.com.br\/portal\/wp-content\/uploads\/2020\/07\/justica_indenizacao.jpg","contentUrl":"https:\/\/aconteceunovale.com.br\/portal\/wp-content\/uploads\/2020\/07\/justica_indenizacao.jpg","width":675,"height":450},{"@type":"BreadcrumbList","@id":"https:\/\/aconteceunovale.com.br\/portal\/?p=191585#breadcrumb","itemListElement":[{"@type":"ListItem","position":1,"name":"In\u00edcio","item":"https:\/\/aconteceunovale.com.br\/portal\/"},{"@type":"ListItem","position":2,"name":"Ind\u00fastria mineira ter\u00e1 que indenizar trabalhador agredido com um queijo no rosto e uma martelada na cabe\u00e7a"}]},{"@type":"WebSite","@id":"https:\/\/aconteceunovale.com.br\/portal\/#website","url":"https:\/\/aconteceunovale.com.br\/portal\/","name":"Aconteceu no Vale","description":"Portal de Not\u00edcias","potentialAction":[{"@type":"SearchAction","target":{"@type":"EntryPoint","urlTemplate":"https:\/\/aconteceunovale.com.br\/portal\/?s={search_term_string}"},"query-input":{"@type":"PropertyValueSpecification","valueRequired":true,"valueName":"search_term_string"}}],"inLanguage":"pt-BR"},{"@type":"Person","@id":"https:\/\/aconteceunovale.com.br\/portal\/#\/schema\/person\/7d2f26d1483f8a63de73da1ee0754d35","name":"Reda\u00e7\u00e3o Aconteceu no Vale","description":"Equipe de reportagem do Aconteceu no Vale, portal de not\u00edcias do Vale do Jequitinhonha, em Minas Gerais. Cobrimos as 51 cidades do Vale desde 2013. Sugest\u00f5es de pauta e pedidos de corre\u00e7\u00e3o: contato@aconteceunovale.com.br","url":"https:\/\/aconteceunovale.com.br\/portal\/?author=4"}]}},"_links":{"self":[{"href":"https:\/\/aconteceunovale.com.br\/portal\/index.php?rest_route=\/wp\/v2\/posts\/191585","targetHints":{"allow":["GET"]}}],"collection":[{"href":"https:\/\/aconteceunovale.com.br\/portal\/index.php?rest_route=\/wp\/v2\/posts"}],"about":[{"href":"https:\/\/aconteceunovale.com.br\/portal\/index.php?rest_route=\/wp\/v2\/types\/post"}],"author":[{"embeddable":true,"href":"https:\/\/aconteceunovale.com.br\/portal\/index.php?rest_route=\/wp\/v2\/users\/4"}],"replies":[{"embeddable":true,"href":"https:\/\/aconteceunovale.com.br\/portal\/index.php?rest_route=%2Fwp%2Fv2%2Fcomments&post=191585"}],"version-history":[{"count":1,"href":"https:\/\/aconteceunovale.com.br\/portal\/index.php?rest_route=\/wp\/v2\/posts\/191585\/revisions"}],"predecessor-version":[{"id":191586,"href":"https:\/\/aconteceunovale.com.br\/portal\/index.php?rest_route=\/wp\/v2\/posts\/191585\/revisions\/191586"}],"wp:featuredmedia":[{"embeddable":true,"href":"https:\/\/aconteceunovale.com.br\/portal\/index.php?rest_route=\/wp\/v2\/media\/165374"}],"wp:attachment":[{"href":"https:\/\/aconteceunovale.com.br\/portal\/index.php?rest_route=%2Fwp%2Fv2%2Fmedia&parent=191585"}],"wp:term":[{"taxonomy":"category","embeddable":true,"href":"https:\/\/aconteceunovale.com.br\/portal\/index.php?rest_route=%2Fwp%2Fv2%2Fcategories&post=191585"},{"taxonomy":"post_tag","embeddable":true,"href":"https:\/\/aconteceunovale.com.br\/portal\/index.php?rest_route=%2Fwp%2Fv2%2Ftags&post=191585"}],"curies":[{"name":"wp","href":"https:\/\/api.w.org\/{rel}","templated":true}]}}