{"id":19158,"date":"2014-01-23T13:59:24","date_gmt":"2014-01-23T15:59:24","guid":{"rendered":"http:\/\/aconteceunovale.com.br\/portal\/?p=19158"},"modified":"2014-01-23T14:00:45","modified_gmt":"2014-01-23T16:00:45","slug":"rede-quer-rompimento-com-o-psdb-e-candidatura-em-minas","status":"publish","type":"post","link":"https:\/\/aconteceunovale.com.br\/portal\/?p=19158","title":{"rendered":"Rede quer rompimento com o PSDB e candidatura em Minas"},"content":{"rendered":"<p>Se depender das lideran\u00e7as da Rede Sustentabilidade, o apoio do PSB \u00e0 chapa encabe\u00e7ada pelos tucanos ao governo de Minas pode naufragar, a exemplo do cen\u00e1rio que vem se desenhando em S\u00e3o Paulo.<\/p>\n<p><img decoding=\"async\" src=\"http:\/\/aconteceunovale.com.br\/portal\/wp-content\/uploads\/2014\/01\/marina_silva_e_ze_fernando.jpg\" alt=\"\" \/><br \/>\n<em><strong>Fiel a Marina Silva, Z\u00e9 Fernando defende a candidatura pr\u00f3pria do PSB e pode ser a op\u00e7\u00e3o (Foto: Charles Silva Duarte)<\/strong><\/em><\/p>\n<p>Em nota postada ontem no perfil do diret\u00f3rio estadual da Rede no Facebook, os \u201cmarineiros\u201d pedem o lan\u00e7amento de uma candidatura pr\u00f3pria para por fim \u00e0 \u201chegemonia do PSDB em Minas Gerais\u201d. Conforme a nota, a Rede quer \u201coxigenar\u201d a pr\u00e1tica pol\u00edtica no Estado \u201cdesgastada com o rod\u00edzio de velhos grupos no poder e h\u00e1 muito tempo incapaz de ousadia e inova\u00e7\u00e3o\u201d. O alvo da cr\u00edtica \u00e9 o PSDB, que, no fim do ano, completar\u00e1 12 anos \u00e0 frente do Executivo.<\/p>\n<p>Para o ex-deputado federal Jos\u00e9 Fernando Aparecido, militante da Rede que se filiou ao PSB ap\u00f3s a ades\u00e3o da ex-senadora Marina Silva \u00e0 sigla, \u00e9 importante que o partido tenha candidato pr\u00f3prio nos principais col\u00e9gios eleitorais do pa\u00eds, como S\u00e3o Paulo, Minas e Rio.<\/p>\n<p>\u201cO PSB tem uma candidatura nacional, que pode ser com a Marina, e que \u00e9 uma alternativa \u00e0 polariza\u00e7\u00e3o PT-PSDB. Isso tamb\u00e9m se desdobra nos Estados\u201d, afirma.<\/p>\n<p>A alian\u00e7a entre tucanos e socialistas tem como principal defensor o prefeito de Belo Horizonte, Marcio Lacerda (PSB). Ele vem afirmando, reiteradamente, que a tend\u00eancia de sua legenda \u00e9 apoiar o candidato tucano ao governo. Provavelmente o nome lan\u00e7ado pelo PSDB ser\u00e1 o do ex-ministro Pimenta da Veiga.<\/p>\n<p>O secret\u00e1rio nacional do PSB, Carlos Siqueira, confirma que o partido n\u00e3o tem se movimentado para lan\u00e7ar um candidato ao Pal\u00e1cio Tiradentes. Ele destaca, por\u00e9m, que o caso de Minas \u00e9 diferente do de S\u00e3o Paulo e de outros Estados. \u201cEm S\u00e3o Paulo e no Rio, n\u00e3o se trata somente da posi\u00e7\u00e3o da Rede. N\u00f3s do PSB tamb\u00e9m somos a favor de lan\u00e7ar um nome pr\u00f3prio\u201d, explica.<\/p>\n<p>Locais. O presidente do PSB em Minas Gerais, deputado J\u00falio Delgado, afirma que a prioridade da legenda \u00e9 construir um palanque de apoio no Estado para a chapa de Eduardo Campos (PSB) e Marina. Ele destacou, por\u00e9m, a import\u00e2ncia de tra\u00e7ar acordos mirando o segundo turno.<\/p>\n<p>J\u00e1 o presidente do PSDB estadual, deputado Marcus Pestana, questiona a legitimidade da Rede. \u201cVamos dialogar com a Rede em Minas Gerais quando ela tiver exist\u00eancia institucional e jur\u00eddica. Nosso di\u00e1logo \u00e9 com o PSB, onde a Rede se encontra abrigada\u201d. Pestana ainda alerta que a postura da Rede, reativa a alian\u00e7as em Estados, como S\u00e3o Paulo, \u201cpode levar Eduardo Campos a um extremo isolamento\u201d.<\/p>\n<p><strong>S\u00e3o Paulo<\/strong><\/p>\n<p>Em S\u00e3o Paulo, o apoio do PSB \u00e0 reelei\u00e7\u00e3o de Geraldo Alckmin (PSDB) estava praticamente selado at\u00e9 o m\u00eas passado. Ap\u00f3s pedido de Marina Silva, a sigla cogita lan\u00e7ar candidato pr\u00f3prio.<\/p>\n<p><em><strong>(Fonte: Jornal O Tempo)<\/strong><\/em><\/p>\n","protected":false},"excerpt":{"rendered":"<p>Se depender das lideran\u00e7as da Rede Sustentabilidade, o apoio do PSB \u00e0 chapa encabe\u00e7ada pelos tucanos ao governo de Minas pode naufragar, a exemplo do cen\u00e1rio que vem se desenhando em S\u00e3o Paulo. Fiel a Marina Silva, Z\u00e9 Fernando defende a candidatura pr\u00f3pria do PSB e pode ser a op\u00e7\u00e3o (Foto: Charles Silva Duarte) Em [&hellip;]<\/p>\n","protected":false},"author":1,"featured_media":19159,"comment_status":"open","ping_status":"closed","sticky":false,"template":"","format":"standard","meta":{"amp_status":"","footnotes":""},"categories":[123],"tags":[3391,3394,3393,3392,3390],"class_list":["post-19158","post","type-post","status-publish","format-standard","has-post-thumbnail","hentry","category-gerais","tag-candidato-do-psb-em-minas","tag-eleicoes-2014","tag-marcio-lacerda","tag-marina-silva","tag-rede-quer-rompimento-com-o-psdb-e-candidatura-em-minas"],"_links":{"self":[{"href":"https:\/\/aconteceunovale.com.br\/portal\/index.php?rest_route=\/wp\/v2\/posts\/19158","targetHints":{"allow":["GET"]}}],"collection":[{"href":"https:\/\/aconteceunovale.com.br\/portal\/index.php?rest_route=\/wp\/v2\/posts"}],"about":[{"href":"https:\/\/aconteceunovale.com.br\/portal\/index.php?rest_route=\/wp\/v2\/types\/post"}],"author":[{"embeddable":true,"href":"https:\/\/aconteceunovale.com.br\/portal\/index.php?rest_route=\/wp\/v2\/users\/1"}],"replies":[{"embeddable":true,"href":"https:\/\/aconteceunovale.com.br\/portal\/index.php?rest_route=%2Fwp%2Fv2%2Fcomments&post=19158"}],"version-history":[{"count":0,"href":"https:\/\/aconteceunovale.com.br\/portal\/index.php?rest_route=\/wp\/v2\/posts\/19158\/revisions"}],"wp:featuredmedia":[{"embeddable":true,"href":"https:\/\/aconteceunovale.com.br\/portal\/index.php?rest_route=\/wp\/v2\/media\/19159"}],"wp:attachment":[{"href":"https:\/\/aconteceunovale.com.br\/portal\/index.php?rest_route=%2Fwp%2Fv2%2Fmedia&parent=19158"}],"wp:term":[{"taxonomy":"category","embeddable":true,"href":"https:\/\/aconteceunovale.com.br\/portal\/index.php?rest_route=%2Fwp%2Fv2%2Fcategories&post=19158"},{"taxonomy":"post_tag","embeddable":true,"href":"https:\/\/aconteceunovale.com.br\/portal\/index.php?rest_route=%2Fwp%2Fv2%2Ftags&post=19158"}],"curies":[{"name":"wp","href":"https:\/\/api.w.org\/{rel}","templated":true}]}}