{"id":191554,"date":"2022-10-15T17:28:16","date_gmt":"2022-10-15T20:28:16","guid":{"rendered":"https:\/\/aconteceunovale.com.br\/portal\/?p=191554"},"modified":"2022-10-15T17:29:20","modified_gmt":"2022-10-15T20:29:20","slug":"oito-municipios-vao-eleger-prefeito-governador-e-presidente-no-dia-30-de-outubro","status":"publish","type":"post","link":"https:\/\/aconteceunovale.com.br\/portal\/?p=191554","title":{"rendered":"Oito munic\u00edpios v\u00e3o eleger prefeito, governador e presidente no dia 30 de outubro"},"content":{"rendered":"\n<p class=\"wp-block-paragraph\">Oito munic\u00edpios brasileiros eleger\u00e3o novos prefeitos, em pleitos suplementares, em\u00a030 de outubro, mesmo dia do segundo turno das elei\u00e7\u00f5es para presidente e governadores. S\u00e3o tr\u00eas cidades\u00a0do Rio Grande do Sul, duas de Pernambuco, uma de Santa Catarina, uma de S\u00e3o Paulo e uma de Rond\u00f4nia.<\/p>\n\n\n\n<p class=\"wp-block-paragraph\">Os munic\u00edpios com elei\u00e7\u00e3o suplementar para prefeito s\u00e3o Cachoeirinha (RS), Cerro Grande (RS), Entre Rios do Sul (RS), Joaquim Nabuco (PE), Pesqueira (PE), Pinhalzinho (SP),&nbsp;Vilhena (RO) e Canoinhas (SC).<\/p>\n\n\n\n<p class=\"wp-block-paragraph\">Em todas eles, os eleitores votar\u00e3o para governador, presidente e prefeito, nessa ordem.<\/p>\n\n\n\n<p class=\"wp-block-paragraph\">As elei\u00e7\u00f5es suplementares foram convocadas nesses munic\u00edpios porque os prefeitos eleitos em 2020 tiveram o mandato ou o registro cassados pela Justi\u00e7a Eleitoral. Os eleitos no dia&nbsp;30 de outubro&nbsp;ficar\u00e3o a frente das prefeituras at\u00e9&nbsp;31 de dezembro&nbsp;de 2024.<\/p>\n\n\n\n<p class=\"wp-block-paragraph\">Assim como aconteceu no primeiro turno das elei\u00e7\u00f5es gerais, no segundo turno a hora de vota\u00e7\u00e3o ser\u00e1 unificada, o que significa que a vota\u00e7\u00e3o ocorrer\u00e1 das 8h \u00e0s 17h pelo hor\u00e1rio de Bras\u00edlia em todos os munic\u00edpios do pa\u00eds.<\/p>\n\n\n\n<p class=\"wp-block-paragraph\">Mesmo eleitores que n\u00e3o votaram no primeiro turno poder\u00e3o comparecer \u00e0s urnas no dia\u00a030 de outubro\u00a0e registrar seus votos.<\/p>\n\n\n\n<p class=\"wp-block-paragraph\">&#8212;&#8212;&#8212;&#8212;&#8212;&#8212;<br><br><strong>Sabia que o Aconteceu no Vale est\u00e1 tamb\u00e9m no Telegram? <a rel=\"noreferrer noopener\" href=\"https:\/\/t.me\/aconteceunovaleoficial\" target=\"_blank\">Inscreva-se no canal<\/a>.<\/strong><br><br><strong>J\u00e1 curtiu ou seguiu nossas p\u00e1ginas nas redes sociais?\u00a0Receba as not\u00edcias em primeira m\u00e3o:<\/strong><br>\u2022 <a rel=\"noreferrer noopener\" href=\"https:\/\/news.google.com\/publications\/CAAqBwgKMNjklQswi4etAw?hl=pt-BR&amp;gl=BR&amp;ceid=BR%3Apt-419\" target=\"_blank\">Google News<\/a><br>\u2022 <a rel=\"noreferrer noopener\" href=\"https:\/\/www.facebook.com\/aconteceunovale\/\" target=\"_blank\">Facebook<\/a><br>\u2022 <a rel=\"noreferrer noopener\" href=\"https:\/\/twitter.com\/noticiadosvales\" target=\"_blank\">Twitter<\/a><br>\u2022 <a rel=\"noreferrer noopener\" href=\"https:\/\/www.instagram.com\/aconteceunovale\" target=\"_blank\">Instagram<\/a><br>\u2022 <a rel=\"noreferrer noopener\" href=\"https:\/\/www.youtube.com\/AconteceunoValeOficial\" target=\"_blank\">Youtube<\/a><br>\u2022 <a rel=\"noreferrer noopener\" href=\"https:\/\/www.tiktok.com\/@aconteceunovale\" target=\"_blank\">TikTok<\/a><\/p>\n","protected":false},"excerpt":{"rendered":"<p>Oito munic\u00edpios brasileiros eleger\u00e3o novos prefeitos, em pleitos suplementares, em\u00a030 de outubro, mesmo dia do segundo turno das elei\u00e7\u00f5es para presidente e governadores. S\u00e3o tr\u00eas cidades\u00a0do Rio Grande do Sul, duas de Pernambuco, uma de Santa Catarina, uma de S\u00e3o Paulo e uma de Rond\u00f4nia. Os munic\u00edpios com elei\u00e7\u00e3o suplementar para prefeito s\u00e3o Cachoeirinha (RS), [&hellip;]<\/p>\n","protected":false},"author":4,"featured_media":95688,"comment_status":"open","ping_status":"closed","sticky":false,"template":"","format":"standard","meta":{"amp_status":"","footnotes":""},"categories":[6,249933],"tags":[30401,265179,265176,1018,151927,252238,265177,265178,17165,12300,75589,233748,15954,20571,15363,2382,267,33070],"class_list":["post-191554","post","type-post","status-publish","format-standard","has-post-thumbnail","hentry","category-br","category-eleicoes-2022","tag-cachoeirinha","tag-canoinhas","tag-cerro-grande","tag-destaque","tag-eleicao-suplementar","tag-eleicoes-2022","tag-entre-rios-do-sul","tag-joaquim-nabuco","tag-justica-eleitoral","tag-pernambuco","tag-pesqueira","tag-pinhalzinho","tag-rio-grande-do-sul","tag-rondonia","tag-santa-catarina","tag-sao-paulo","tag-tse","tag-vilhena"],"yoast_head":"<!-- This site is optimized with the Yoast SEO plugin v28.3 - https:\/\/yoast.com\/product\/yoast-seo-wordpress\/ -->\n<title>Oito munic\u00edpios v\u00e3o eleger prefeito, governador e presidente no dia 30 de outubro - Aconteceu no Vale<\/title>\n<meta name=\"robots\" content=\"index, follow, max-snippet:-1, max-image-preview:large, max-video-preview:-1\" \/>\n<link rel=\"canonical\" href=\"https:\/\/aconteceunovale.com.br\/portal\/?p=191554\" \/>\n<meta property=\"og:locale\" content=\"pt_BR\" \/>\n<meta property=\"og:type\" content=\"article\" \/>\n<meta property=\"og:title\" content=\"Oito munic\u00edpios v\u00e3o eleger prefeito, governador e presidente no dia 30 de outubro - Aconteceu no Vale\" \/>\n<meta property=\"og:description\" content=\"Oito munic\u00edpios brasileiros eleger\u00e3o novos prefeitos, em pleitos suplementares, em\u00a030 de outubro, mesmo dia do segundo turno das elei\u00e7\u00f5es para presidente e governadores. S\u00e3o tr\u00eas cidades\u00a0do Rio Grande do Sul, duas de Pernambuco, uma de Santa Catarina, uma de S\u00e3o Paulo e uma de Rond\u00f4nia. Os munic\u00edpios com elei\u00e7\u00e3o suplementar para prefeito s\u00e3o Cachoeirinha (RS), [&hellip;]\" \/>\n<meta property=\"og:url\" content=\"https:\/\/aconteceunovale.com.br\/portal\/?p=191554\" \/>\n<meta property=\"og:site_name\" content=\"Aconteceu no Vale\" \/>\n<meta property=\"article:publisher\" content=\"https:\/\/www.facebook.com\/aconteceunovale\/\" \/>\n<meta property=\"article:published_time\" content=\"2022-10-15T20:28:16+00:00\" \/>\n<meta property=\"article:modified_time\" content=\"2022-10-15T20:29:20+00:00\" \/>\n<meta property=\"og:image\" content=\"https:\/\/aconteceunovale.com.br\/portal\/wp-content\/uploads\/2016\/08\/candidato1.jpg\" \/>\n\t<meta property=\"og:image:width\" content=\"600\" \/>\n\t<meta property=\"og:image:height\" content=\"450\" \/>\n\t<meta property=\"og:image:type\" content=\"image\/jpeg\" \/>\n<meta name=\"author\" content=\"Reda\u00e7\u00e3o Aconteceu no Vale\" \/>\n<meta name=\"twitter:card\" content=\"summary_large_image\" \/>\n<meta name=\"twitter:creator\" content=\"@noticiadosvales\" \/>\n<meta name=\"twitter:site\" content=\"@noticiadosvales\" \/>\n<meta name=\"twitter:label1\" content=\"Escrito por\" \/>\n\t<meta name=\"twitter:data1\" content=\"Reda\u00e7\u00e3o Aconteceu no Vale\" \/>\n\t<meta name=\"twitter:label2\" content=\"Est. tempo de leitura\" \/>\n\t<meta name=\"twitter:data2\" content=\"1 minuto\" \/>\n<script type=\"application\/ld+json\" class=\"yoast-schema-graph\">{\"@context\":\"https:\\\/\\\/schema.org\",\"@graph\":[{\"@type\":\"Article\",\"@id\":\"https:\\\/\\\/aconteceunovale.com.br\\\/portal\\\/?p=191554#article\",\"isPartOf\":{\"@id\":\"https:\\\/\\\/aconteceunovale.com.br\\\/portal\\\/?p=191554\"},\"author\":{\"name\":\"Reda\u00e7\u00e3o Aconteceu no Vale\",\"@id\":\"https:\\\/\\\/aconteceunovale.com.br\\\/portal\\\/#\\\/schema\\\/person\\\/7d2f26d1483f8a63de73da1ee0754d35\"},\"headline\":\"Oito munic\u00edpios v\u00e3o eleger prefeito, governador e presidente no dia 30 de outubro\",\"datePublished\":\"2022-10-15T20:28:16+00:00\",\"dateModified\":\"2022-10-15T20:29:20+00:00\",\"mainEntityOfPage\":{\"@id\":\"https:\\\/\\\/aconteceunovale.com.br\\\/portal\\\/?p=191554\"},\"wordCount\":268,\"commentCount\":0,\"image\":{\"@id\":\"https:\\\/\\\/aconteceunovale.com.br\\\/portal\\\/?p=191554#primaryimage\"},\"thumbnailUrl\":\"https:\\\/\\\/aconteceunovale.com.br\\\/portal\\\/wp-content\\\/uploads\\\/2016\\\/08\\\/candidato1.jpg\",\"keywords\":[\"Cachoeirinha\",\"Canoinhas\",\"Cerro Grande\",\"destaque\",\"Elei\u00e7\u00e3o suplementar\",\"Elei\u00e7\u00f5es 2022\",\"Entre Rios do Sul\",\"Joaquim Nabuco\",\"Justi\u00e7a Eleitoral\",\"Pernambuco\",\"Pesqueira\",\"Pinhalzinho\",\"Rio Grande do Sul\",\"Rond\u00f4nia\",\"Santa Catarina\",\"S\u00e3o Paulo\",\"TSE\",\"Vilhena\"],\"articleSection\":[\"Brasil\",\"Elei\u00e7\u00f5es 2022\"],\"inLanguage\":\"pt-BR\",\"potentialAction\":[{\"@type\":\"CommentAction\",\"name\":\"Comment\",\"target\":[\"https:\\\/\\\/aconteceunovale.com.br\\\/portal\\\/?p=191554#respond\"]}]},{\"@type\":\"WebPage\",\"@id\":\"https:\\\/\\\/aconteceunovale.com.br\\\/portal\\\/?p=191554\",\"url\":\"https:\\\/\\\/aconteceunovale.com.br\\\/portal\\\/?p=191554\",\"name\":\"Oito munic\u00edpios v\u00e3o eleger prefeito, governador e presidente no dia 30 de outubro - Aconteceu no Vale\",\"isPartOf\":{\"@id\":\"https:\\\/\\\/aconteceunovale.com.br\\\/portal\\\/#website\"},\"primaryImageOfPage\":{\"@id\":\"https:\\\/\\\/aconteceunovale.com.br\\\/portal\\\/?p=191554#primaryimage\"},\"image\":{\"@id\":\"https:\\\/\\\/aconteceunovale.com.br\\\/portal\\\/?p=191554#primaryimage\"},\"thumbnailUrl\":\"https:\\\/\\\/aconteceunovale.com.br\\\/portal\\\/wp-content\\\/uploads\\\/2016\\\/08\\\/candidato1.jpg\",\"datePublished\":\"2022-10-15T20:28:16+00:00\",\"dateModified\":\"2022-10-15T20:29:20+00:00\",\"author\":{\"@id\":\"https:\\\/\\\/aconteceunovale.com.br\\\/portal\\\/#\\\/schema\\\/person\\\/7d2f26d1483f8a63de73da1ee0754d35\"},\"breadcrumb\":{\"@id\":\"https:\\\/\\\/aconteceunovale.com.br\\\/portal\\\/?p=191554#breadcrumb\"},\"inLanguage\":\"pt-BR\",\"potentialAction\":[{\"@type\":\"ReadAction\",\"target\":[\"https:\\\/\\\/aconteceunovale.com.br\\\/portal\\\/?p=191554\"]}]},{\"@type\":\"ImageObject\",\"inLanguage\":\"pt-BR\",\"@id\":\"https:\\\/\\\/aconteceunovale.com.br\\\/portal\\\/?p=191554#primaryimage\",\"url\":\"https:\\\/\\\/aconteceunovale.com.br\\\/portal\\\/wp-content\\\/uploads\\\/2016\\\/08\\\/candidato1.jpg\",\"contentUrl\":\"https:\\\/\\\/aconteceunovale.com.br\\\/portal\\\/wp-content\\\/uploads\\\/2016\\\/08\\\/candidato1.jpg\",\"width\":600,\"height\":450},{\"@type\":\"BreadcrumbList\",\"@id\":\"https:\\\/\\\/aconteceunovale.com.br\\\/portal\\\/?p=191554#breadcrumb\",\"itemListElement\":[{\"@type\":\"ListItem\",\"position\":1,\"name\":\"In\u00edcio\",\"item\":\"https:\\\/\\\/aconteceunovale.com.br\\\/portal\\\/\"},{\"@type\":\"ListItem\",\"position\":2,\"name\":\"Oito munic\u00edpios v\u00e3o eleger prefeito, governador e presidente no dia 30 de outubro\"}]},{\"@type\":\"WebSite\",\"@id\":\"https:\\\/\\\/aconteceunovale.com.br\\\/portal\\\/#website\",\"url\":\"https:\\\/\\\/aconteceunovale.com.br\\\/portal\\\/\",\"name\":\"Aconteceu no Vale\",\"description\":\"Portal de Not\u00edcias\",\"potentialAction\":[{\"@type\":\"SearchAction\",\"target\":{\"@type\":\"EntryPoint\",\"urlTemplate\":\"https:\\\/\\\/aconteceunovale.com.br\\\/portal\\\/?s={search_term_string}\"},\"query-input\":{\"@type\":\"PropertyValueSpecification\",\"valueRequired\":true,\"valueName\":\"search_term_string\"}}],\"inLanguage\":\"pt-BR\"},{\"@type\":\"Person\",\"@id\":\"https:\\\/\\\/aconteceunovale.com.br\\\/portal\\\/#\\\/schema\\\/person\\\/7d2f26d1483f8a63de73da1ee0754d35\",\"name\":\"Reda\u00e7\u00e3o Aconteceu no Vale\",\"description\":\"Equipe de reportagem do Aconteceu no Vale, portal de not\u00edcias do Vale do Jequitinhonha, em Minas Gerais. Cobrimos as 51 cidades do Vale desde 2013. Sugest\u00f5es de pauta e pedidos de corre\u00e7\u00e3o: contato@aconteceunovale.com.br\",\"url\":\"https:\\\/\\\/aconteceunovale.com.br\\\/portal\\\/?author=4\"}]}<\/script>\n<!-- \/ Yoast SEO plugin. -->","yoast_head_json":{"title":"Oito munic\u00edpios v\u00e3o eleger prefeito, governador e presidente no dia 30 de outubro - Aconteceu no Vale","robots":{"index":"index","follow":"follow","max-snippet":"max-snippet:-1","max-image-preview":"max-image-preview:large","max-video-preview":"max-video-preview:-1"},"canonical":"https:\/\/aconteceunovale.com.br\/portal\/?p=191554","og_locale":"pt_BR","og_type":"article","og_title":"Oito munic\u00edpios v\u00e3o eleger prefeito, governador e presidente no dia 30 de outubro - Aconteceu no Vale","og_description":"Oito munic\u00edpios brasileiros eleger\u00e3o novos prefeitos, em pleitos suplementares, em\u00a030 de outubro, mesmo dia do segundo turno das elei\u00e7\u00f5es para presidente e governadores. S\u00e3o tr\u00eas cidades\u00a0do Rio Grande do Sul, duas de Pernambuco, uma de Santa Catarina, uma de S\u00e3o Paulo e uma de Rond\u00f4nia. Os munic\u00edpios com elei\u00e7\u00e3o suplementar para prefeito s\u00e3o Cachoeirinha (RS), [&hellip;]","og_url":"https:\/\/aconteceunovale.com.br\/portal\/?p=191554","og_site_name":"Aconteceu no Vale","article_publisher":"https:\/\/www.facebook.com\/aconteceunovale\/","article_published_time":"2022-10-15T20:28:16+00:00","article_modified_time":"2022-10-15T20:29:20+00:00","og_image":[{"width":600,"height":450,"url":"https:\/\/aconteceunovale.com.br\/portal\/wp-content\/uploads\/2016\/08\/candidato1.jpg","type":"image\/jpeg"}],"author":"Reda\u00e7\u00e3o Aconteceu no Vale","twitter_card":"summary_large_image","twitter_creator":"@noticiadosvales","twitter_site":"@noticiadosvales","twitter_misc":{"Escrito por":"Reda\u00e7\u00e3o Aconteceu no Vale","Est. tempo de leitura":"1 minuto"},"schema":{"@context":"https:\/\/schema.org","@graph":[{"@type":"Article","@id":"https:\/\/aconteceunovale.com.br\/portal\/?p=191554#article","isPartOf":{"@id":"https:\/\/aconteceunovale.com.br\/portal\/?p=191554"},"author":{"name":"Reda\u00e7\u00e3o Aconteceu no Vale","@id":"https:\/\/aconteceunovale.com.br\/portal\/#\/schema\/person\/7d2f26d1483f8a63de73da1ee0754d35"},"headline":"Oito munic\u00edpios v\u00e3o eleger prefeito, governador e presidente no dia 30 de outubro","datePublished":"2022-10-15T20:28:16+00:00","dateModified":"2022-10-15T20:29:20+00:00","mainEntityOfPage":{"@id":"https:\/\/aconteceunovale.com.br\/portal\/?p=191554"},"wordCount":268,"commentCount":0,"image":{"@id":"https:\/\/aconteceunovale.com.br\/portal\/?p=191554#primaryimage"},"thumbnailUrl":"https:\/\/aconteceunovale.com.br\/portal\/wp-content\/uploads\/2016\/08\/candidato1.jpg","keywords":["Cachoeirinha","Canoinhas","Cerro Grande","destaque","Elei\u00e7\u00e3o suplementar","Elei\u00e7\u00f5es 2022","Entre Rios do Sul","Joaquim Nabuco","Justi\u00e7a Eleitoral","Pernambuco","Pesqueira","Pinhalzinho","Rio Grande do Sul","Rond\u00f4nia","Santa Catarina","S\u00e3o Paulo","TSE","Vilhena"],"articleSection":["Brasil","Elei\u00e7\u00f5es 2022"],"inLanguage":"pt-BR","potentialAction":[{"@type":"CommentAction","name":"Comment","target":["https:\/\/aconteceunovale.com.br\/portal\/?p=191554#respond"]}]},{"@type":"WebPage","@id":"https:\/\/aconteceunovale.com.br\/portal\/?p=191554","url":"https:\/\/aconteceunovale.com.br\/portal\/?p=191554","name":"Oito munic\u00edpios v\u00e3o eleger prefeito, governador e presidente no dia 30 de outubro - Aconteceu no Vale","isPartOf":{"@id":"https:\/\/aconteceunovale.com.br\/portal\/#website"},"primaryImageOfPage":{"@id":"https:\/\/aconteceunovale.com.br\/portal\/?p=191554#primaryimage"},"image":{"@id":"https:\/\/aconteceunovale.com.br\/portal\/?p=191554#primaryimage"},"thumbnailUrl":"https:\/\/aconteceunovale.com.br\/portal\/wp-content\/uploads\/2016\/08\/candidato1.jpg","datePublished":"2022-10-15T20:28:16+00:00","dateModified":"2022-10-15T20:29:20+00:00","author":{"@id":"https:\/\/aconteceunovale.com.br\/portal\/#\/schema\/person\/7d2f26d1483f8a63de73da1ee0754d35"},"breadcrumb":{"@id":"https:\/\/aconteceunovale.com.br\/portal\/?p=191554#breadcrumb"},"inLanguage":"pt-BR","potentialAction":[{"@type":"ReadAction","target":["https:\/\/aconteceunovale.com.br\/portal\/?p=191554"]}]},{"@type":"ImageObject","inLanguage":"pt-BR","@id":"https:\/\/aconteceunovale.com.br\/portal\/?p=191554#primaryimage","url":"https:\/\/aconteceunovale.com.br\/portal\/wp-content\/uploads\/2016\/08\/candidato1.jpg","contentUrl":"https:\/\/aconteceunovale.com.br\/portal\/wp-content\/uploads\/2016\/08\/candidato1.jpg","width":600,"height":450},{"@type":"BreadcrumbList","@id":"https:\/\/aconteceunovale.com.br\/portal\/?p=191554#breadcrumb","itemListElement":[{"@type":"ListItem","position":1,"name":"In\u00edcio","item":"https:\/\/aconteceunovale.com.br\/portal\/"},{"@type":"ListItem","position":2,"name":"Oito munic\u00edpios v\u00e3o eleger prefeito, governador e presidente no dia 30 de outubro"}]},{"@type":"WebSite","@id":"https:\/\/aconteceunovale.com.br\/portal\/#website","url":"https:\/\/aconteceunovale.com.br\/portal\/","name":"Aconteceu no Vale","description":"Portal de Not\u00edcias","potentialAction":[{"@type":"SearchAction","target":{"@type":"EntryPoint","urlTemplate":"https:\/\/aconteceunovale.com.br\/portal\/?s={search_term_string}"},"query-input":{"@type":"PropertyValueSpecification","valueRequired":true,"valueName":"search_term_string"}}],"inLanguage":"pt-BR"},{"@type":"Person","@id":"https:\/\/aconteceunovale.com.br\/portal\/#\/schema\/person\/7d2f26d1483f8a63de73da1ee0754d35","name":"Reda\u00e7\u00e3o Aconteceu no Vale","description":"Equipe de reportagem do Aconteceu no Vale, portal de not\u00edcias do Vale do Jequitinhonha, em Minas Gerais. Cobrimos as 51 cidades do Vale desde 2013. Sugest\u00f5es de pauta e pedidos de corre\u00e7\u00e3o: contato@aconteceunovale.com.br","url":"https:\/\/aconteceunovale.com.br\/portal\/?author=4"}]}},"_links":{"self":[{"href":"https:\/\/aconteceunovale.com.br\/portal\/index.php?rest_route=\/wp\/v2\/posts\/191554","targetHints":{"allow":["GET"]}}],"collection":[{"href":"https:\/\/aconteceunovale.com.br\/portal\/index.php?rest_route=\/wp\/v2\/posts"}],"about":[{"href":"https:\/\/aconteceunovale.com.br\/portal\/index.php?rest_route=\/wp\/v2\/types\/post"}],"author":[{"embeddable":true,"href":"https:\/\/aconteceunovale.com.br\/portal\/index.php?rest_route=\/wp\/v2\/users\/4"}],"replies":[{"embeddable":true,"href":"https:\/\/aconteceunovale.com.br\/portal\/index.php?rest_route=%2Fwp%2Fv2%2Fcomments&post=191554"}],"version-history":[{"count":1,"href":"https:\/\/aconteceunovale.com.br\/portal\/index.php?rest_route=\/wp\/v2\/posts\/191554\/revisions"}],"predecessor-version":[{"id":191555,"href":"https:\/\/aconteceunovale.com.br\/portal\/index.php?rest_route=\/wp\/v2\/posts\/191554\/revisions\/191555"}],"wp:featuredmedia":[{"embeddable":true,"href":"https:\/\/aconteceunovale.com.br\/portal\/index.php?rest_route=\/wp\/v2\/media\/95688"}],"wp:attachment":[{"href":"https:\/\/aconteceunovale.com.br\/portal\/index.php?rest_route=%2Fwp%2Fv2%2Fmedia&parent=191554"}],"wp:term":[{"taxonomy":"category","embeddable":true,"href":"https:\/\/aconteceunovale.com.br\/portal\/index.php?rest_route=%2Fwp%2Fv2%2Fcategories&post=191554"},{"taxonomy":"post_tag","embeddable":true,"href":"https:\/\/aconteceunovale.com.br\/portal\/index.php?rest_route=%2Fwp%2Fv2%2Ftags&post=191554"}],"curies":[{"name":"wp","href":"https:\/\/api.w.org\/{rel}","templated":true}]}}