{"id":191551,"date":"2022-10-15T17:20:49","date_gmt":"2022-10-15T20:20:49","guid":{"rendered":"https:\/\/aconteceunovale.com.br\/portal\/?p=191551"},"modified":"2022-10-15T17:23:08","modified_gmt":"2022-10-15T20:23:08","slug":"selecao-brasileira-fica-com-o-vice-no-mundial-de-volei-feminino","status":"publish","type":"post","link":"https:\/\/aconteceunovale.com.br\/portal\/?p=191551","title":{"rendered":"Sele\u00e7\u00e3o Brasileira fica com o vice no Mundial de v\u00f4lei feminino"},"content":{"rendered":"\n<p class=\"wp-block-paragraph\">A sele\u00e7\u00e3o feminina de v\u00f4lei ficou com o vice-campeonato mundial. Neste s\u00e1bado (15), em Apeldoorn (Holanda), as brasileiras foram superadas pela S\u00e9rvia por 3 sets a 0, com parciais de 26\/24, 25\/22 e 25\/17. As europeias, que tinham levantado a ta\u00e7a na \u00faltima edi\u00e7\u00e3o, em 2018, levaram o bi de forma invicta, com 12 vit\u00f3rias em 12 jogos, nove delas sem perder sets.<\/p>\n\n\n\n<figure class=\"wp-block-gallery has-nested-images columns-default is-cropped wp-block-gallery-1 is-layout-flex wp-block-gallery-is-layout-flex\">\n<figure class=\"wp-block-image size-large\"><img loading=\"lazy\" decoding=\"async\" width=\"678\" height=\"406\" data-id=\"191552\" src=\"https:\/\/aconteceunovale.com.br\/portal\/wp-content\/uploads\/2022\/10\/servia_brasil.jpg\" alt=\"\" class=\"wp-image-191552\" srcset=\"https:\/\/aconteceunovale.com.br\/portal\/wp-content\/uploads\/2022\/10\/servia_brasil.jpg 678w, https:\/\/aconteceunovale.com.br\/portal\/wp-content\/uploads\/2022\/10\/servia_brasil-300x180.jpg 300w\" sizes=\"auto, (max-width: 678px) 100vw, 678px\" \/><figcaption><em><sub>Foto: FIVB\/Divulga\u00e7\u00e3o<\/sub><\/em><\/figcaption><\/figure>\n<\/figure>\n\n\n\n<p class=\"wp-block-paragraph\">Considerada a principal jogadora da atualidade no mundo, a oposta Tijana Boskovic foi a protagonista da final, com 24 pontos. A ponteira Gabi e a central Carol com nove pontos cada, foram os destaques da equipe brasileira, que tinha sido vice-campe\u00e3 da Liga das Na\u00e7\u00f5es, em julho. As sul-americanas vivem uma renova\u00e7\u00e3o, com apenas metade das remanescentes do time medalhista de prata na Olimp\u00edada de T\u00f3quio (Jap\u00e3o).<\/p>\n\n\n\n<h2 class=\"wp-block-heading\">Quase<\/h2>\n\n\n\n<p class=\"wp-block-paragraph\">Foi a quarta vez que a equipe verde e amarela chegou \u00e0 decis\u00e3o, amargando novamente a medalha de prata. Em 1994, em casa, o Brasil perdeu de Cuba. Nas finais de 2006 e 2010, ambas no Jap\u00e3o, a algoz foi a R\u00fassia. Apesar de bicampe\u00e3s ol\u00edmpicas, nos Jogos de Pequim (China) e Londres (Reino Unido), em 2008 e 2012, respectivamente, as brasileiras ainda perseguem o in\u00e9dito t\u00edtulo mundial.<\/p>\n\n\n\n<p class=\"wp-block-paragraph\">A equipe dirigida por Jos\u00e9 Roberto Guimar\u00e3es (t\u00e9cnico nos vices de 2006 e 2010 e nos ouros ol\u00edmpicos) finalizou a competi\u00e7\u00e3o, realizada na Holanda e na Pol\u00f4nia, com dez vit\u00f3rias e duas derrotas. Antes da decis\u00e3o, o Brasil havia perdido somente na quarta rodada da primeira fase, para o Jap\u00e3o. Classificadas para o mata-mata com a terceira melhor campanha no geral, as brasileiras deram o troco nas japonesas nas quartas de final, vencendo, de virada, por 3 sets a 2. Na semifinal, derrubaram a It\u00e1lia, da oposta Paola Enogu, por 3 a 1.<\/p>\n\n\n\n<p class=\"wp-block-paragraph\">Arma na vit\u00f3ria sobre a It\u00e1lia, na semifinal, o bloqueio foi o principal advers\u00e1rio brasileiro no primeiro set. As s\u00e9rvias levaram cinco vezes a melhor no fundamento e n\u00e3o cederam pontos. Comandada por Boskovic, que anotou seis pontos na parcial, a sele\u00e7\u00e3o europeia foi melhor no ataque &#8211; mesmo cometendo mais erros (11 a 5). Uma bola fora de Gabi decretou a vit\u00f3ria da S\u00e9rvia por 27 a 25.<\/p>\n\n\n\n<p class=\"wp-block-paragraph\">O cen\u00e1rio pouco se alterou no segundo set. O Brasil, enfim, pontuou no bloqueio, mas continuou pouco agressivo se comparado \u00e0s rivais, que seguiam errando mais ataques e saques, mas se beneficiando pela insist\u00eancia ofensiva. A sele\u00e7\u00e3o verde e amarela chegou a ter quatro pontos de vantagem no in\u00edcio e tr\u00eas no meio da parcial, mas cedeu a virada \u00e0s europeias, que venceram por 25 a 22, novamente com \u00f3tima atua\u00e7\u00e3o de Boskovic, respons\u00e1vel por nove pontos das s\u00e9rvias.<\/p>\n\n\n\n<p class=\"wp-block-paragraph\">Com amplo dom\u00ednio das a\u00e7\u00f5es, a S\u00e9rvia n\u00e3o deu chances ao Brasil no terceiro set. A equipe de Z\u00e9 Roberto n\u00e3o conseguia variar as jogadas, enquanto as europeias, mais inteiras f\u00edsica e mentalmente, souberam distribuir melhor os ataques, confundindo a marca\u00e7\u00e3o brasileira e mantendo a vantagem sempre confort\u00e1vel. Coube a Boskovic, destaque da partida, decretar o triunfo por 25 a 17 e garantir o t\u00edtulo \u00e0s s\u00e9rvias.<\/p>\n\n\n\n<p class=\"wp-block-paragraph\">&#8212;&#8212;&#8212;&#8212;&#8212;&#8212;<br><br><strong>Sabia que o Aconteceu no Vale est\u00e1 tamb\u00e9m no Telegram? <a rel=\"noreferrer noopener\" href=\"https:\/\/t.me\/aconteceunovaleoficial\" target=\"_blank\">Inscreva-se no canal<\/a>.<\/strong><br><br><strong>J\u00e1 curtiu ou seguiu nossas p\u00e1ginas nas redes sociais?\u00a0Receba as not\u00edcias em primeira m\u00e3o:<\/strong><br>\u2022 <a rel=\"noreferrer noopener\" href=\"https:\/\/news.google.com\/publications\/CAAqBwgKMNjklQswi4etAw?hl=pt-BR&amp;gl=BR&amp;ceid=BR%3Apt-419\" target=\"_blank\">Google News<\/a><br>\u2022 <a rel=\"noreferrer noopener\" href=\"https:\/\/www.facebook.com\/aconteceunovale\/\" target=\"_blank\">Facebook<\/a><br>\u2022 <a rel=\"noreferrer noopener\" href=\"https:\/\/twitter.com\/noticiadosvales\" target=\"_blank\">Twitter<\/a><br>\u2022 <a rel=\"noreferrer noopener\" href=\"https:\/\/www.instagram.com\/aconteceunovale\" target=\"_blank\">Instagram<\/a><br>\u2022 <a rel=\"noreferrer noopener\" href=\"https:\/\/www.youtube.com\/AconteceunoValeOficial\" target=\"_blank\">Youtube<\/a><br>\u2022 <a rel=\"noreferrer noopener\" href=\"https:\/\/www.tiktok.com\/@aconteceunovale\" target=\"_blank\">TikTok<\/a><\/p>\n","protected":false},"excerpt":{"rendered":"<p>A sele\u00e7\u00e3o feminina de v\u00f4lei ficou com o vice-campeonato mundial. Neste s\u00e1bado (15), em Apeldoorn (Holanda), as brasileiras foram superadas pela S\u00e9rvia por 3 sets a 0, com parciais de 26\/24, 25\/22 e 25\/17. As europeias, que tinham levantado a ta\u00e7a na \u00faltima edi\u00e7\u00e3o, em 2018, levaram o bi de forma invicta, com 12 vit\u00f3rias [&hellip;]<\/p>\n","protected":false},"author":4,"featured_media":191552,"comment_status":"open","ping_status":"closed","sticky":false,"template":"","format":"standard","meta":{"amp_status":"","footnotes":""},"categories":[6,59,28848],"tags":[265172,4785,265174,265173,1018,10951,211811,248436,265170,265171,260218,265175,100224,248310,262098],"class_list":["post-191551","post","type-post","status-publish","format-standard","has-post-thumbnail","hentry","category-br","category-esportes","category-mundo","tag-apeldoorn","tag-brasil","tag-brasil-vs-servia","tag-brasil-x-servia","tag-destaque","tag-holanda","tag-mundial-de-volei-feminino","tag-selecao-brasileira-de-volei","tag-selecao-brasileira-fica-com-o-vice-no-mundial-de-volei-feminino","tag-selecao-feminina-de-volei","tag-servia","tag-tijana-boskovic","tag-volei","tag-volei-do-brasil","tag-volei-feminino-do-brasil"],"yoast_head":"<!-- This site is optimized with the Yoast SEO plugin v28.3 - https:\/\/yoast.com\/product\/yoast-seo-wordpress\/ -->\n<title>Sele\u00e7\u00e3o Brasileira fica com o vice no Mundial de v\u00f4lei feminino - Aconteceu no Vale<\/title>\n<meta name=\"robots\" content=\"index, follow, max-snippet:-1, max-image-preview:large, max-video-preview:-1\" \/>\n<link rel=\"canonical\" href=\"https:\/\/aconteceunovale.com.br\/portal\/?p=191551\" \/>\n<meta property=\"og:locale\" content=\"pt_BR\" \/>\n<meta property=\"og:type\" content=\"article\" \/>\n<meta property=\"og:title\" content=\"Sele\u00e7\u00e3o Brasileira fica com o vice no Mundial de v\u00f4lei feminino - Aconteceu no Vale\" \/>\n<meta property=\"og:description\" content=\"A sele\u00e7\u00e3o feminina de v\u00f4lei ficou com o vice-campeonato mundial. Neste s\u00e1bado (15), em Apeldoorn (Holanda), as brasileiras foram superadas pela S\u00e9rvia por 3 sets a 0, com parciais de 26\/24, 25\/22 e 25\/17. As europeias, que tinham levantado a ta\u00e7a na \u00faltima edi\u00e7\u00e3o, em 2018, levaram o bi de forma invicta, com 12 vit\u00f3rias [&hellip;]\" \/>\n<meta property=\"og:url\" content=\"https:\/\/aconteceunovale.com.br\/portal\/?p=191551\" \/>\n<meta property=\"og:site_name\" content=\"Aconteceu no Vale\" \/>\n<meta property=\"article:publisher\" content=\"https:\/\/www.facebook.com\/aconteceunovale\/\" \/>\n<meta property=\"article:published_time\" content=\"2022-10-15T20:20:49+00:00\" \/>\n<meta property=\"article:modified_time\" content=\"2022-10-15T20:23:08+00:00\" \/>\n<meta property=\"og:image\" content=\"https:\/\/aconteceunovale.com.br\/portal\/wp-content\/uploads\/2022\/10\/servia_brasil.jpg\" \/>\n\t<meta property=\"og:image:width\" content=\"678\" \/>\n\t<meta property=\"og:image:height\" content=\"406\" \/>\n\t<meta property=\"og:image:type\" content=\"image\/jpeg\" \/>\n<meta name=\"author\" content=\"Reda\u00e7\u00e3o Aconteceu no Vale\" \/>\n<meta name=\"twitter:card\" content=\"summary_large_image\" \/>\n<meta name=\"twitter:creator\" content=\"@noticiadosvales\" \/>\n<meta name=\"twitter:site\" content=\"@noticiadosvales\" \/>\n<meta name=\"twitter:label1\" content=\"Escrito por\" \/>\n\t<meta name=\"twitter:data1\" content=\"Reda\u00e7\u00e3o Aconteceu no Vale\" \/>\n\t<meta name=\"twitter:label2\" content=\"Est. tempo de leitura\" \/>\n\t<meta name=\"twitter:data2\" content=\"3 minutos\" \/>\n<script type=\"application\/ld+json\" class=\"yoast-schema-graph\">{\"@context\":\"https:\\\/\\\/schema.org\",\"@graph\":[{\"@type\":\"Article\",\"@id\":\"https:\\\/\\\/aconteceunovale.com.br\\\/portal\\\/?p=191551#article\",\"isPartOf\":{\"@id\":\"https:\\\/\\\/aconteceunovale.com.br\\\/portal\\\/?p=191551\"},\"author\":{\"name\":\"Reda\u00e7\u00e3o Aconteceu no Vale\",\"@id\":\"https:\\\/\\\/aconteceunovale.com.br\\\/portal\\\/#\\\/schema\\\/person\\\/7d2f26d1483f8a63de73da1ee0754d35\"},\"headline\":\"Sele\u00e7\u00e3o Brasileira fica com o vice no Mundial de v\u00f4lei feminino\",\"datePublished\":\"2022-10-15T20:20:49+00:00\",\"dateModified\":\"2022-10-15T20:23:08+00:00\",\"mainEntityOfPage\":{\"@id\":\"https:\\\/\\\/aconteceunovale.com.br\\\/portal\\\/?p=191551\"},\"wordCount\":588,\"commentCount\":0,\"image\":{\"@id\":\"https:\\\/\\\/aconteceunovale.com.br\\\/portal\\\/?p=191551#primaryimage\"},\"thumbnailUrl\":\"https:\\\/\\\/aconteceunovale.com.br\\\/portal\\\/wp-content\\\/uploads\\\/2022\\\/10\\\/servia_brasil.jpg\",\"keywords\":[\"Apeldoorn\",\"brasil\",\"Brasil vs S\u00e9rvia\",\"Brasil x S\u00e9rvia\",\"destaque\",\"Holanda\",\"Mundial de V\u00f4lei Feminino\",\"Sele\u00e7\u00e3o brasileira de v\u00f4lei\",\"Sele\u00e7\u00e3o Brasileira fica com o vice no Mundial de v\u00f4lei feminino\",\"Sele\u00e7\u00e3o feminina de v\u00f4lei\",\"S\u00e9rvia\",\"Tijana Boskovic\",\"v\u00f4lei\",\"V\u00f4lei do Brasil\",\"V\u00f4lei feminino do Brasil\"],\"articleSection\":[\"Brasil\",\"Esportes\",\"Mundo\"],\"inLanguage\":\"pt-BR\",\"potentialAction\":[{\"@type\":\"CommentAction\",\"name\":\"Comment\",\"target\":[\"https:\\\/\\\/aconteceunovale.com.br\\\/portal\\\/?p=191551#respond\"]}]},{\"@type\":\"WebPage\",\"@id\":\"https:\\\/\\\/aconteceunovale.com.br\\\/portal\\\/?p=191551\",\"url\":\"https:\\\/\\\/aconteceunovale.com.br\\\/portal\\\/?p=191551\",\"name\":\"Sele\u00e7\u00e3o Brasileira fica com o vice no Mundial de v\u00f4lei feminino - Aconteceu no Vale\",\"isPartOf\":{\"@id\":\"https:\\\/\\\/aconteceunovale.com.br\\\/portal\\\/#website\"},\"primaryImageOfPage\":{\"@id\":\"https:\\\/\\\/aconteceunovale.com.br\\\/portal\\\/?p=191551#primaryimage\"},\"image\":{\"@id\":\"https:\\\/\\\/aconteceunovale.com.br\\\/portal\\\/?p=191551#primaryimage\"},\"thumbnailUrl\":\"https:\\\/\\\/aconteceunovale.com.br\\\/portal\\\/wp-content\\\/uploads\\\/2022\\\/10\\\/servia_brasil.jpg\",\"datePublished\":\"2022-10-15T20:20:49+00:00\",\"dateModified\":\"2022-10-15T20:23:08+00:00\",\"author\":{\"@id\":\"https:\\\/\\\/aconteceunovale.com.br\\\/portal\\\/#\\\/schema\\\/person\\\/7d2f26d1483f8a63de73da1ee0754d35\"},\"breadcrumb\":{\"@id\":\"https:\\\/\\\/aconteceunovale.com.br\\\/portal\\\/?p=191551#breadcrumb\"},\"inLanguage\":\"pt-BR\",\"potentialAction\":[{\"@type\":\"ReadAction\",\"target\":[\"https:\\\/\\\/aconteceunovale.com.br\\\/portal\\\/?p=191551\"]}]},{\"@type\":\"ImageObject\",\"inLanguage\":\"pt-BR\",\"@id\":\"https:\\\/\\\/aconteceunovale.com.br\\\/portal\\\/?p=191551#primaryimage\",\"url\":\"https:\\\/\\\/aconteceunovale.com.br\\\/portal\\\/wp-content\\\/uploads\\\/2022\\\/10\\\/servia_brasil.jpg\",\"contentUrl\":\"https:\\\/\\\/aconteceunovale.com.br\\\/portal\\\/wp-content\\\/uploads\\\/2022\\\/10\\\/servia_brasil.jpg\",\"width\":678,\"height\":406},{\"@type\":\"BreadcrumbList\",\"@id\":\"https:\\\/\\\/aconteceunovale.com.br\\\/portal\\\/?p=191551#breadcrumb\",\"itemListElement\":[{\"@type\":\"ListItem\",\"position\":1,\"name\":\"In\u00edcio\",\"item\":\"https:\\\/\\\/aconteceunovale.com.br\\\/portal\\\/\"},{\"@type\":\"ListItem\",\"position\":2,\"name\":\"Sele\u00e7\u00e3o Brasileira fica com o vice no Mundial de v\u00f4lei feminino\"}]},{\"@type\":\"WebSite\",\"@id\":\"https:\\\/\\\/aconteceunovale.com.br\\\/portal\\\/#website\",\"url\":\"https:\\\/\\\/aconteceunovale.com.br\\\/portal\\\/\",\"name\":\"Aconteceu no Vale\",\"description\":\"Portal de Not\u00edcias\",\"potentialAction\":[{\"@type\":\"SearchAction\",\"target\":{\"@type\":\"EntryPoint\",\"urlTemplate\":\"https:\\\/\\\/aconteceunovale.com.br\\\/portal\\\/?s={search_term_string}\"},\"query-input\":{\"@type\":\"PropertyValueSpecification\",\"valueRequired\":true,\"valueName\":\"search_term_string\"}}],\"inLanguage\":\"pt-BR\"},{\"@type\":\"Person\",\"@id\":\"https:\\\/\\\/aconteceunovale.com.br\\\/portal\\\/#\\\/schema\\\/person\\\/7d2f26d1483f8a63de73da1ee0754d35\",\"name\":\"Reda\u00e7\u00e3o Aconteceu no Vale\",\"description\":\"Equipe de reportagem do Aconteceu no Vale, portal de not\u00edcias do Vale do Jequitinhonha, em Minas Gerais. Cobrimos as 51 cidades do Vale desde 2013. Sugest\u00f5es de pauta e pedidos de corre\u00e7\u00e3o: contato@aconteceunovale.com.br\",\"url\":\"https:\\\/\\\/aconteceunovale.com.br\\\/portal\\\/?author=4\"}]}<\/script>\n<!-- \/ Yoast SEO plugin. -->","yoast_head_json":{"title":"Sele\u00e7\u00e3o Brasileira fica com o vice no Mundial de v\u00f4lei feminino - Aconteceu no Vale","robots":{"index":"index","follow":"follow","max-snippet":"max-snippet:-1","max-image-preview":"max-image-preview:large","max-video-preview":"max-video-preview:-1"},"canonical":"https:\/\/aconteceunovale.com.br\/portal\/?p=191551","og_locale":"pt_BR","og_type":"article","og_title":"Sele\u00e7\u00e3o Brasileira fica com o vice no Mundial de v\u00f4lei feminino - Aconteceu no Vale","og_description":"A sele\u00e7\u00e3o feminina de v\u00f4lei ficou com o vice-campeonato mundial. Neste s\u00e1bado (15), em Apeldoorn (Holanda), as brasileiras foram superadas pela S\u00e9rvia por 3 sets a 0, com parciais de 26\/24, 25\/22 e 25\/17. As europeias, que tinham levantado a ta\u00e7a na \u00faltima edi\u00e7\u00e3o, em 2018, levaram o bi de forma invicta, com 12 vit\u00f3rias [&hellip;]","og_url":"https:\/\/aconteceunovale.com.br\/portal\/?p=191551","og_site_name":"Aconteceu no Vale","article_publisher":"https:\/\/www.facebook.com\/aconteceunovale\/","article_published_time":"2022-10-15T20:20:49+00:00","article_modified_time":"2022-10-15T20:23:08+00:00","og_image":[{"width":678,"height":406,"url":"https:\/\/aconteceunovale.com.br\/portal\/wp-content\/uploads\/2022\/10\/servia_brasil.jpg","type":"image\/jpeg"}],"author":"Reda\u00e7\u00e3o Aconteceu no Vale","twitter_card":"summary_large_image","twitter_creator":"@noticiadosvales","twitter_site":"@noticiadosvales","twitter_misc":{"Escrito por":"Reda\u00e7\u00e3o Aconteceu no Vale","Est. tempo de leitura":"3 minutos"},"schema":{"@context":"https:\/\/schema.org","@graph":[{"@type":"Article","@id":"https:\/\/aconteceunovale.com.br\/portal\/?p=191551#article","isPartOf":{"@id":"https:\/\/aconteceunovale.com.br\/portal\/?p=191551"},"author":{"name":"Reda\u00e7\u00e3o Aconteceu no Vale","@id":"https:\/\/aconteceunovale.com.br\/portal\/#\/schema\/person\/7d2f26d1483f8a63de73da1ee0754d35"},"headline":"Sele\u00e7\u00e3o Brasileira fica com o vice no Mundial de v\u00f4lei feminino","datePublished":"2022-10-15T20:20:49+00:00","dateModified":"2022-10-15T20:23:08+00:00","mainEntityOfPage":{"@id":"https:\/\/aconteceunovale.com.br\/portal\/?p=191551"},"wordCount":588,"commentCount":0,"image":{"@id":"https:\/\/aconteceunovale.com.br\/portal\/?p=191551#primaryimage"},"thumbnailUrl":"https:\/\/aconteceunovale.com.br\/portal\/wp-content\/uploads\/2022\/10\/servia_brasil.jpg","keywords":["Apeldoorn","brasil","Brasil vs S\u00e9rvia","Brasil x S\u00e9rvia","destaque","Holanda","Mundial de V\u00f4lei Feminino","Sele\u00e7\u00e3o brasileira de v\u00f4lei","Sele\u00e7\u00e3o Brasileira fica com o vice no Mundial de v\u00f4lei feminino","Sele\u00e7\u00e3o feminina de v\u00f4lei","S\u00e9rvia","Tijana Boskovic","v\u00f4lei","V\u00f4lei do Brasil","V\u00f4lei feminino do Brasil"],"articleSection":["Brasil","Esportes","Mundo"],"inLanguage":"pt-BR","potentialAction":[{"@type":"CommentAction","name":"Comment","target":["https:\/\/aconteceunovale.com.br\/portal\/?p=191551#respond"]}]},{"@type":"WebPage","@id":"https:\/\/aconteceunovale.com.br\/portal\/?p=191551","url":"https:\/\/aconteceunovale.com.br\/portal\/?p=191551","name":"Sele\u00e7\u00e3o Brasileira fica com o vice no Mundial de v\u00f4lei feminino - Aconteceu no Vale","isPartOf":{"@id":"https:\/\/aconteceunovale.com.br\/portal\/#website"},"primaryImageOfPage":{"@id":"https:\/\/aconteceunovale.com.br\/portal\/?p=191551#primaryimage"},"image":{"@id":"https:\/\/aconteceunovale.com.br\/portal\/?p=191551#primaryimage"},"thumbnailUrl":"https:\/\/aconteceunovale.com.br\/portal\/wp-content\/uploads\/2022\/10\/servia_brasil.jpg","datePublished":"2022-10-15T20:20:49+00:00","dateModified":"2022-10-15T20:23:08+00:00","author":{"@id":"https:\/\/aconteceunovale.com.br\/portal\/#\/schema\/person\/7d2f26d1483f8a63de73da1ee0754d35"},"breadcrumb":{"@id":"https:\/\/aconteceunovale.com.br\/portal\/?p=191551#breadcrumb"},"inLanguage":"pt-BR","potentialAction":[{"@type":"ReadAction","target":["https:\/\/aconteceunovale.com.br\/portal\/?p=191551"]}]},{"@type":"ImageObject","inLanguage":"pt-BR","@id":"https:\/\/aconteceunovale.com.br\/portal\/?p=191551#primaryimage","url":"https:\/\/aconteceunovale.com.br\/portal\/wp-content\/uploads\/2022\/10\/servia_brasil.jpg","contentUrl":"https:\/\/aconteceunovale.com.br\/portal\/wp-content\/uploads\/2022\/10\/servia_brasil.jpg","width":678,"height":406},{"@type":"BreadcrumbList","@id":"https:\/\/aconteceunovale.com.br\/portal\/?p=191551#breadcrumb","itemListElement":[{"@type":"ListItem","position":1,"name":"In\u00edcio","item":"https:\/\/aconteceunovale.com.br\/portal\/"},{"@type":"ListItem","position":2,"name":"Sele\u00e7\u00e3o Brasileira fica com o vice no Mundial de v\u00f4lei feminino"}]},{"@type":"WebSite","@id":"https:\/\/aconteceunovale.com.br\/portal\/#website","url":"https:\/\/aconteceunovale.com.br\/portal\/","name":"Aconteceu no Vale","description":"Portal de Not\u00edcias","potentialAction":[{"@type":"SearchAction","target":{"@type":"EntryPoint","urlTemplate":"https:\/\/aconteceunovale.com.br\/portal\/?s={search_term_string}"},"query-input":{"@type":"PropertyValueSpecification","valueRequired":true,"valueName":"search_term_string"}}],"inLanguage":"pt-BR"},{"@type":"Person","@id":"https:\/\/aconteceunovale.com.br\/portal\/#\/schema\/person\/7d2f26d1483f8a63de73da1ee0754d35","name":"Reda\u00e7\u00e3o Aconteceu no Vale","description":"Equipe de reportagem do Aconteceu no Vale, portal de not\u00edcias do Vale do Jequitinhonha, em Minas Gerais. Cobrimos as 51 cidades do Vale desde 2013. Sugest\u00f5es de pauta e pedidos de corre\u00e7\u00e3o: contato@aconteceunovale.com.br","url":"https:\/\/aconteceunovale.com.br\/portal\/?author=4"}]}},"_links":{"self":[{"href":"https:\/\/aconteceunovale.com.br\/portal\/index.php?rest_route=\/wp\/v2\/posts\/191551","targetHints":{"allow":["GET"]}}],"collection":[{"href":"https:\/\/aconteceunovale.com.br\/portal\/index.php?rest_route=\/wp\/v2\/posts"}],"about":[{"href":"https:\/\/aconteceunovale.com.br\/portal\/index.php?rest_route=\/wp\/v2\/types\/post"}],"author":[{"embeddable":true,"href":"https:\/\/aconteceunovale.com.br\/portal\/index.php?rest_route=\/wp\/v2\/users\/4"}],"replies":[{"embeddable":true,"href":"https:\/\/aconteceunovale.com.br\/portal\/index.php?rest_route=%2Fwp%2Fv2%2Fcomments&post=191551"}],"version-history":[{"count":1,"href":"https:\/\/aconteceunovale.com.br\/portal\/index.php?rest_route=\/wp\/v2\/posts\/191551\/revisions"}],"predecessor-version":[{"id":191553,"href":"https:\/\/aconteceunovale.com.br\/portal\/index.php?rest_route=\/wp\/v2\/posts\/191551\/revisions\/191553"}],"wp:featuredmedia":[{"embeddable":true,"href":"https:\/\/aconteceunovale.com.br\/portal\/index.php?rest_route=\/wp\/v2\/media\/191552"}],"wp:attachment":[{"href":"https:\/\/aconteceunovale.com.br\/portal\/index.php?rest_route=%2Fwp%2Fv2%2Fmedia&parent=191551"}],"wp:term":[{"taxonomy":"category","embeddable":true,"href":"https:\/\/aconteceunovale.com.br\/portal\/index.php?rest_route=%2Fwp%2Fv2%2Fcategories&post=191551"},{"taxonomy":"post_tag","embeddable":true,"href":"https:\/\/aconteceunovale.com.br\/portal\/index.php?rest_route=%2Fwp%2Fv2%2Ftags&post=191551"}],"curies":[{"name":"wp","href":"https:\/\/api.w.org\/{rel}","templated":true}]}}