{"id":191543,"date":"2022-10-14T20:36:05","date_gmt":"2022-10-14T23:36:05","guid":{"rendered":"https:\/\/aconteceunovale.com.br\/portal\/?p=191543"},"modified":"2022-10-14T20:36:42","modified_gmt":"2022-10-14T23:36:42","slug":"minas-gerais-tem-19-municipios-em-situacao-de-emergencia-pelas-chuvas","status":"publish","type":"post","link":"https:\/\/aconteceunovale.com.br\/portal\/?p=191543","title":{"rendered":"Minas Gerais tem 19 munic\u00edpios em situa\u00e7\u00e3o de emerg\u00eancia pelas chuvas"},"content":{"rendered":"\n<p class=\"wp-block-paragraph\">Dezenove munic\u00edpios de Minas Gerais decretaram situa\u00e7\u00e3o de emerg\u00eancia por conta das chuvas, segundo o boletim divulgado nesta sexta-feira (14\/10\/2022) pela\u00a0Coordenadoria Estadual de Defesa Civil (Cedec-MG). Est\u00e3o na lista Alfenas, Capetinga, Aracitaba, Alto Rio Doce, Lassance, S\u00e3o Jo\u00e3o Del-Rei, S\u00e3o Gon\u00e7alo do Sapuca\u00ed, Senador Firmino, Barbacena, Visconde do Rio Branco, Ant\u00f4nio Carlos, Muria\u00e9, Uruc\u00e2nia, S\u00e3o Sebasti\u00e3o da Vargem Alegre, Paula C\u00e2ndido, Presidente Bernardes, Guiricema, Cana Verde e Po\u00e7o Fundo.<\/p>\n\n\n\n<figure class=\"wp-block-gallery has-nested-images columns-default is-cropped wp-block-gallery-1 is-layout-flex wp-block-gallery-is-layout-flex\">\n<figure class=\"wp-block-image size-large\"><img loading=\"lazy\" decoding=\"async\" width=\"678\" height=\"381\" data-id=\"191544\" src=\"https:\/\/aconteceunovale.com.br\/portal\/wp-content\/uploads\/2022\/10\/estrago_chuva.jpg\" alt=\"\" class=\"wp-image-191544\" srcset=\"https:\/\/aconteceunovale.com.br\/portal\/wp-content\/uploads\/2022\/10\/estrago_chuva.jpg 678w, https:\/\/aconteceunovale.com.br\/portal\/wp-content\/uploads\/2022\/10\/estrago_chuva-300x169.jpg 300w\" sizes=\"auto, (max-width: 678px) 100vw, 678px\" \/><figcaption><em><sub>Foto: Cedec \/ Divulga\u00e7\u00e3o<\/sub><\/em><\/figcaption><\/figure>\n<\/figure>\n\n\n\n<p class=\"wp-block-paragraph\">De acordo com o balan\u00e7o da Defesa Civil, o n\u00famero de desabrigados em Minas permanece em 405 &#8211; que necessitam de abrigo p\u00fablico como habita\u00e7\u00e3o tempor\u00e1ria ap\u00f3s danos ou amea\u00e7a de danos em suas casas &#8211; enquanto o de desalojados passou para 1.733 \u2013 pessoas deslocadas para as casas de parentes ou amigos por conta de efeitos diretos dos desastres. At\u00e9 o momento, n\u00e3o h\u00e1 registro de \u00f3bitos.<\/p>\n\n\n\n<h2 class=\"wp-block-heading\"><strong>Alerta por SMS<\/strong><\/h2>\n\n\n\n<p class=\"wp-block-paragraph\">A popula\u00e7\u00e3o pode obter informa\u00e7\u00f5es da Defesa Civil ao enviar uma mensagem de texto (SMS) para o n\u00famero 40199, que permitir\u00e1 o recebimento di\u00e1rio de mensagens de SMS com alertas meteorol\u00f3gicos.<\/p>\n\n\n\n<p class=\"wp-block-paragraph\">Basta se cadastrar, informando o CEP da resid\u00eancia ou do local desejado. O cadastro e o consequente alerta antecipado s\u00e3o importantes para auxiliar o cidad\u00e3o a tomar medidas de aten\u00e7\u00e3o e prote\u00e7\u00e3o em tempo h\u00e1bil.<\/p>\n\n\n\n<p class=\"wp-block-paragraph\">&#8212;&#8212;&#8212;&#8212;&#8212;&#8212;<br><br><strong>Sabia que o Aconteceu no Vale est\u00e1 tamb\u00e9m no Telegram? <a rel=\"noreferrer noopener\" href=\"https:\/\/t.me\/aconteceunovaleoficial\" target=\"_blank\">Inscreva-se no canal<\/a>.<\/strong><br><br><strong>J\u00e1 curtiu ou seguiu nossas p\u00e1ginas nas redes sociais?\u00a0Receba as not\u00edcias em primeira m\u00e3o:<\/strong><br>\u2022 <a rel=\"noreferrer noopener\" href=\"https:\/\/news.google.com\/publications\/CAAqBwgKMNjklQswi4etAw?hl=pt-BR&amp;gl=BR&amp;ceid=BR%3Apt-419\" target=\"_blank\">Google News<\/a><br>\u2022 <a rel=\"noreferrer noopener\" href=\"https:\/\/www.facebook.com\/aconteceunovale\/\" target=\"_blank\">Facebook<\/a><br>\u2022 <a rel=\"noreferrer noopener\" href=\"https:\/\/twitter.com\/noticiadosvales\" target=\"_blank\">Twitter<\/a><br>\u2022 <a rel=\"noreferrer noopener\" href=\"https:\/\/www.instagram.com\/aconteceunovale\" target=\"_blank\">Instagram<\/a><br>\u2022 <a rel=\"noreferrer noopener\" href=\"https:\/\/www.youtube.com\/AconteceunoValeOficial\" target=\"_blank\">Youtube<\/a><br>\u2022 <a rel=\"noreferrer noopener\" href=\"https:\/\/www.tiktok.com\/@aconteceunovale\" target=\"_blank\">TikTok<\/a><\/p>\n","protected":false},"excerpt":{"rendered":"<p>Dezenove munic\u00edpios de Minas Gerais decretaram situa\u00e7\u00e3o de emerg\u00eancia por conta das chuvas, segundo o boletim divulgado nesta sexta-feira (14\/10\/2022) pela\u00a0Coordenadoria Estadual de Defesa Civil (Cedec-MG). Est\u00e3o na lista Alfenas, Capetinga, Aracitaba, Alto Rio Doce, Lassance, S\u00e3o Jo\u00e3o Del-Rei, S\u00e3o Gon\u00e7alo do Sapuca\u00ed, Senador Firmino, Barbacena, Visconde do Rio Branco, Ant\u00f4nio Carlos, Muria\u00e9, Uruc\u00e2nia, S\u00e3o [&hellip;]<\/p>\n","protected":false},"author":4,"featured_media":191544,"comment_status":"open","ping_status":"closed","sticky":false,"template":"","format":"standard","meta":{"amp_status":"","footnotes":""},"categories":[123],"tags":[957,274,4676,35302,4677,193,1630,55101,32561,68280,127714,1566,265000,2941,131,265164,264996,1502,1568,24494,1755,1541,208085,4691,1574,264997,265001,264998,264999,15513,3676],"class_list":["post-191543","post","type-post","status-publish","format-standard","has-post-thumbnail","hentry","category-gerais","tag-alfenas","tag-alpercata","tag-alto-rio-doce","tag-antonio-carlos","tag-aracitaba","tag-barbacena","tag-cana-verde","tag-capetinga","tag-chuva-em-minas-gerais","tag-defesa-civil-de-minas-gerais","tag-estragos-da-chuva-em-minas-gerais","tag-guiricema","tag-inundacao-em-alpercata","tag-lassance","tag-minas-gerais","tag-minas-gerais-tem-19-municipios-em-situacao-de-emergencia-pelas-chuvas","tag-minas-gerais-tem-seis-municipios-em-situacao-de-emergencia-pelas-chuvas","tag-muriae","tag-paula-candido","tag-poco-fundo","tag-presidente-bernardes","tag-sao-goncalo-do-sapucai","tag-sao-joao-del-rei-2","tag-sao-sebastiao-da-vargem-alegre","tag-senador-firmino","tag-situacao-de-emergencia-minas-gerais","tag-tempestade-em-alpercata","tag-tempestades-minas-gerais","tag-tromba-dagua-em-alpercata","tag-urucania","tag-visconde-do-rio-branco"],"yoast_head":"<!-- This site is optimized with the Yoast SEO plugin v28.3 - https:\/\/yoast.com\/product\/yoast-seo-wordpress\/ -->\n<title>Minas Gerais tem 19 munic\u00edpios em situa\u00e7\u00e3o de emerg\u00eancia pelas chuvas - Aconteceu no Vale<\/title>\n<meta name=\"robots\" content=\"index, follow, max-snippet:-1, max-image-preview:large, max-video-preview:-1\" \/>\n<link rel=\"canonical\" href=\"https:\/\/aconteceunovale.com.br\/portal\/?p=191543\" \/>\n<meta property=\"og:locale\" content=\"pt_BR\" \/>\n<meta property=\"og:type\" content=\"article\" \/>\n<meta property=\"og:title\" content=\"Minas Gerais tem 19 munic\u00edpios em situa\u00e7\u00e3o de emerg\u00eancia pelas chuvas - Aconteceu no Vale\" \/>\n<meta property=\"og:description\" content=\"Dezenove munic\u00edpios de Minas Gerais decretaram situa\u00e7\u00e3o de emerg\u00eancia por conta das chuvas, segundo o boletim divulgado nesta sexta-feira (14\/10\/2022) pela\u00a0Coordenadoria Estadual de Defesa Civil (Cedec-MG). Est\u00e3o na lista Alfenas, Capetinga, Aracitaba, Alto Rio Doce, Lassance, S\u00e3o Jo\u00e3o Del-Rei, S\u00e3o Gon\u00e7alo do Sapuca\u00ed, Senador Firmino, Barbacena, Visconde do Rio Branco, Ant\u00f4nio Carlos, Muria\u00e9, Uruc\u00e2nia, S\u00e3o [&hellip;]\" \/>\n<meta property=\"og:url\" content=\"https:\/\/aconteceunovale.com.br\/portal\/?p=191543\" \/>\n<meta property=\"og:site_name\" content=\"Aconteceu no Vale\" \/>\n<meta property=\"article:publisher\" content=\"https:\/\/www.facebook.com\/aconteceunovale\/\" \/>\n<meta property=\"article:published_time\" content=\"2022-10-14T23:36:05+00:00\" \/>\n<meta property=\"article:modified_time\" content=\"2022-10-14T23:36:42+00:00\" \/>\n<meta property=\"og:image\" content=\"https:\/\/aconteceunovale.com.br\/portal\/wp-content\/uploads\/2022\/10\/estrago_chuva.jpg\" \/>\n\t<meta property=\"og:image:width\" content=\"678\" \/>\n\t<meta property=\"og:image:height\" content=\"381\" \/>\n\t<meta property=\"og:image:type\" content=\"image\/jpeg\" \/>\n<meta name=\"author\" content=\"Reda\u00e7\u00e3o Aconteceu no Vale\" \/>\n<meta name=\"twitter:card\" content=\"summary_large_image\" \/>\n<meta name=\"twitter:creator\" content=\"@noticiadosvales\" \/>\n<meta name=\"twitter:site\" content=\"@noticiadosvales\" \/>\n<meta name=\"twitter:label1\" content=\"Escrito por\" \/>\n\t<meta name=\"twitter:data1\" content=\"Reda\u00e7\u00e3o Aconteceu no Vale\" \/>\n\t<meta name=\"twitter:label2\" content=\"Est. tempo de leitura\" \/>\n\t<meta name=\"twitter:data2\" content=\"1 minuto\" \/>\n<script type=\"application\/ld+json\" class=\"yoast-schema-graph\">{\"@context\":\"https:\\\/\\\/schema.org\",\"@graph\":[{\"@type\":\"Article\",\"@id\":\"https:\\\/\\\/aconteceunovale.com.br\\\/portal\\\/?p=191543#article\",\"isPartOf\":{\"@id\":\"https:\\\/\\\/aconteceunovale.com.br\\\/portal\\\/?p=191543\"},\"author\":{\"name\":\"Reda\u00e7\u00e3o Aconteceu no Vale\",\"@id\":\"https:\\\/\\\/aconteceunovale.com.br\\\/portal\\\/#\\\/schema\\\/person\\\/7d2f26d1483f8a63de73da1ee0754d35\"},\"headline\":\"Minas Gerais tem 19 munic\u00edpios em situa\u00e7\u00e3o de emerg\u00eancia pelas chuvas\",\"datePublished\":\"2022-10-14T23:36:05+00:00\",\"dateModified\":\"2022-10-14T23:36:42+00:00\",\"mainEntityOfPage\":{\"@id\":\"https:\\\/\\\/aconteceunovale.com.br\\\/portal\\\/?p=191543\"},\"wordCount\":292,\"commentCount\":0,\"image\":{\"@id\":\"https:\\\/\\\/aconteceunovale.com.br\\\/portal\\\/?p=191543#primaryimage\"},\"thumbnailUrl\":\"https:\\\/\\\/aconteceunovale.com.br\\\/portal\\\/wp-content\\\/uploads\\\/2022\\\/10\\\/estrago_chuva.jpg\",\"keywords\":[\"Alfenas\",\"Alpercata\",\"Alto Rio Doce\",\"Ant\u00f4nio Carlos\",\"Aracitaba\",\"Barbacena\",\"Cana Verde\",\"Capetinga\",\"chuva em minas gerais\",\"Defesa Civil de Minas Gerais\",\"Estragos da chuva em Minas Gerais\",\"Guiricema\",\"Inunda\u00e7\u00e3o em Alpercata\",\"Lassance\",\"Minas Gerais\",\"Minas Gerais tem 19 munic\u00edpios em situa\u00e7\u00e3o de emerg\u00eancia pelas chuvas\",\"Minas Gerais tem seis munic\u00edpios em situa\u00e7\u00e3o de emerg\u00eancia pelas chuvas\",\"Muria\u00e9\",\"Paula C\u00e2ndido\",\"Po\u00e7o Fundo\",\"Presidente Bernardes\",\"S\u00e3o Gon\u00e7alo do Sapuca\u00ed\",\"S\u00e3o Jo\u00e3o Del-Rei\",\"S\u00e3o Sebasti\u00e3o da Vargem Alegre\",\"Senador Firmino\",\"Situa\u00e7\u00e3o de emerg\u00eancia Minas Gerais\",\"Tempestade em Alpercata\",\"Tempestades Minas Gerais\",\"Tromba d'\u00e1gua em Alpercata\",\"Uruc\u00e2nia\",\"Visconde do Rio Branco\"],\"articleSection\":[\"Minas Gerais\"],\"inLanguage\":\"pt-BR\",\"potentialAction\":[{\"@type\":\"CommentAction\",\"name\":\"Comment\",\"target\":[\"https:\\\/\\\/aconteceunovale.com.br\\\/portal\\\/?p=191543#respond\"]}]},{\"@type\":\"WebPage\",\"@id\":\"https:\\\/\\\/aconteceunovale.com.br\\\/portal\\\/?p=191543\",\"url\":\"https:\\\/\\\/aconteceunovale.com.br\\\/portal\\\/?p=191543\",\"name\":\"Minas Gerais tem 19 munic\u00edpios em situa\u00e7\u00e3o de emerg\u00eancia pelas chuvas - Aconteceu no Vale\",\"isPartOf\":{\"@id\":\"https:\\\/\\\/aconteceunovale.com.br\\\/portal\\\/#website\"},\"primaryImageOfPage\":{\"@id\":\"https:\\\/\\\/aconteceunovale.com.br\\\/portal\\\/?p=191543#primaryimage\"},\"image\":{\"@id\":\"https:\\\/\\\/aconteceunovale.com.br\\\/portal\\\/?p=191543#primaryimage\"},\"thumbnailUrl\":\"https:\\\/\\\/aconteceunovale.com.br\\\/portal\\\/wp-content\\\/uploads\\\/2022\\\/10\\\/estrago_chuva.jpg\",\"datePublished\":\"2022-10-14T23:36:05+00:00\",\"dateModified\":\"2022-10-14T23:36:42+00:00\",\"author\":{\"@id\":\"https:\\\/\\\/aconteceunovale.com.br\\\/portal\\\/#\\\/schema\\\/person\\\/7d2f26d1483f8a63de73da1ee0754d35\"},\"breadcrumb\":{\"@id\":\"https:\\\/\\\/aconteceunovale.com.br\\\/portal\\\/?p=191543#breadcrumb\"},\"inLanguage\":\"pt-BR\",\"potentialAction\":[{\"@type\":\"ReadAction\",\"target\":[\"https:\\\/\\\/aconteceunovale.com.br\\\/portal\\\/?p=191543\"]}]},{\"@type\":\"ImageObject\",\"inLanguage\":\"pt-BR\",\"@id\":\"https:\\\/\\\/aconteceunovale.com.br\\\/portal\\\/?p=191543#primaryimage\",\"url\":\"https:\\\/\\\/aconteceunovale.com.br\\\/portal\\\/wp-content\\\/uploads\\\/2022\\\/10\\\/estrago_chuva.jpg\",\"contentUrl\":\"https:\\\/\\\/aconteceunovale.com.br\\\/portal\\\/wp-content\\\/uploads\\\/2022\\\/10\\\/estrago_chuva.jpg\",\"width\":678,\"height\":381},{\"@type\":\"BreadcrumbList\",\"@id\":\"https:\\\/\\\/aconteceunovale.com.br\\\/portal\\\/?p=191543#breadcrumb\",\"itemListElement\":[{\"@type\":\"ListItem\",\"position\":1,\"name\":\"In\u00edcio\",\"item\":\"https:\\\/\\\/aconteceunovale.com.br\\\/portal\\\/\"},{\"@type\":\"ListItem\",\"position\":2,\"name\":\"Minas Gerais tem 19 munic\u00edpios em situa\u00e7\u00e3o de emerg\u00eancia pelas chuvas\"}]},{\"@type\":\"WebSite\",\"@id\":\"https:\\\/\\\/aconteceunovale.com.br\\\/portal\\\/#website\",\"url\":\"https:\\\/\\\/aconteceunovale.com.br\\\/portal\\\/\",\"name\":\"Aconteceu no Vale\",\"description\":\"Portal de Not\u00edcias\",\"potentialAction\":[{\"@type\":\"SearchAction\",\"target\":{\"@type\":\"EntryPoint\",\"urlTemplate\":\"https:\\\/\\\/aconteceunovale.com.br\\\/portal\\\/?s={search_term_string}\"},\"query-input\":{\"@type\":\"PropertyValueSpecification\",\"valueRequired\":true,\"valueName\":\"search_term_string\"}}],\"inLanguage\":\"pt-BR\"},{\"@type\":\"Person\",\"@id\":\"https:\\\/\\\/aconteceunovale.com.br\\\/portal\\\/#\\\/schema\\\/person\\\/7d2f26d1483f8a63de73da1ee0754d35\",\"name\":\"Reda\u00e7\u00e3o Aconteceu no Vale\",\"description\":\"Equipe de reportagem do Aconteceu no Vale, portal de not\u00edcias do Vale do Jequitinhonha, em Minas Gerais. Cobrimos as 51 cidades do Vale desde 2013. Sugest\u00f5es de pauta e pedidos de corre\u00e7\u00e3o: contato@aconteceunovale.com.br\",\"url\":\"https:\\\/\\\/aconteceunovale.com.br\\\/portal\\\/?author=4\"}]}<\/script>\n<!-- \/ Yoast SEO plugin. -->","yoast_head_json":{"title":"Minas Gerais tem 19 munic\u00edpios em situa\u00e7\u00e3o de emerg\u00eancia pelas chuvas - Aconteceu no Vale","robots":{"index":"index","follow":"follow","max-snippet":"max-snippet:-1","max-image-preview":"max-image-preview:large","max-video-preview":"max-video-preview:-1"},"canonical":"https:\/\/aconteceunovale.com.br\/portal\/?p=191543","og_locale":"pt_BR","og_type":"article","og_title":"Minas Gerais tem 19 munic\u00edpios em situa\u00e7\u00e3o de emerg\u00eancia pelas chuvas - Aconteceu no Vale","og_description":"Dezenove munic\u00edpios de Minas Gerais decretaram situa\u00e7\u00e3o de emerg\u00eancia por conta das chuvas, segundo o boletim divulgado nesta sexta-feira (14\/10\/2022) pela\u00a0Coordenadoria Estadual de Defesa Civil (Cedec-MG). Est\u00e3o na lista Alfenas, Capetinga, Aracitaba, Alto Rio Doce, Lassance, S\u00e3o Jo\u00e3o Del-Rei, S\u00e3o Gon\u00e7alo do Sapuca\u00ed, Senador Firmino, Barbacena, Visconde do Rio Branco, Ant\u00f4nio Carlos, Muria\u00e9, Uruc\u00e2nia, S\u00e3o [&hellip;]","og_url":"https:\/\/aconteceunovale.com.br\/portal\/?p=191543","og_site_name":"Aconteceu no Vale","article_publisher":"https:\/\/www.facebook.com\/aconteceunovale\/","article_published_time":"2022-10-14T23:36:05+00:00","article_modified_time":"2022-10-14T23:36:42+00:00","og_image":[{"width":678,"height":381,"url":"https:\/\/aconteceunovale.com.br\/portal\/wp-content\/uploads\/2022\/10\/estrago_chuva.jpg","type":"image\/jpeg"}],"author":"Reda\u00e7\u00e3o Aconteceu no Vale","twitter_card":"summary_large_image","twitter_creator":"@noticiadosvales","twitter_site":"@noticiadosvales","twitter_misc":{"Escrito por":"Reda\u00e7\u00e3o Aconteceu no Vale","Est. tempo de leitura":"1 minuto"},"schema":{"@context":"https:\/\/schema.org","@graph":[{"@type":"Article","@id":"https:\/\/aconteceunovale.com.br\/portal\/?p=191543#article","isPartOf":{"@id":"https:\/\/aconteceunovale.com.br\/portal\/?p=191543"},"author":{"name":"Reda\u00e7\u00e3o Aconteceu no Vale","@id":"https:\/\/aconteceunovale.com.br\/portal\/#\/schema\/person\/7d2f26d1483f8a63de73da1ee0754d35"},"headline":"Minas Gerais tem 19 munic\u00edpios em situa\u00e7\u00e3o de emerg\u00eancia pelas chuvas","datePublished":"2022-10-14T23:36:05+00:00","dateModified":"2022-10-14T23:36:42+00:00","mainEntityOfPage":{"@id":"https:\/\/aconteceunovale.com.br\/portal\/?p=191543"},"wordCount":292,"commentCount":0,"image":{"@id":"https:\/\/aconteceunovale.com.br\/portal\/?p=191543#primaryimage"},"thumbnailUrl":"https:\/\/aconteceunovale.com.br\/portal\/wp-content\/uploads\/2022\/10\/estrago_chuva.jpg","keywords":["Alfenas","Alpercata","Alto Rio Doce","Ant\u00f4nio Carlos","Aracitaba","Barbacena","Cana Verde","Capetinga","chuva em minas gerais","Defesa Civil de Minas Gerais","Estragos da chuva em Minas Gerais","Guiricema","Inunda\u00e7\u00e3o em Alpercata","Lassance","Minas Gerais","Minas Gerais tem 19 munic\u00edpios em situa\u00e7\u00e3o de emerg\u00eancia pelas chuvas","Minas Gerais tem seis munic\u00edpios em situa\u00e7\u00e3o de emerg\u00eancia pelas chuvas","Muria\u00e9","Paula C\u00e2ndido","Po\u00e7o Fundo","Presidente Bernardes","S\u00e3o Gon\u00e7alo do Sapuca\u00ed","S\u00e3o Jo\u00e3o Del-Rei","S\u00e3o Sebasti\u00e3o da Vargem Alegre","Senador Firmino","Situa\u00e7\u00e3o de emerg\u00eancia Minas Gerais","Tempestade em Alpercata","Tempestades Minas Gerais","Tromba d'\u00e1gua em Alpercata","Uruc\u00e2nia","Visconde do Rio Branco"],"articleSection":["Minas Gerais"],"inLanguage":"pt-BR","potentialAction":[{"@type":"CommentAction","name":"Comment","target":["https:\/\/aconteceunovale.com.br\/portal\/?p=191543#respond"]}]},{"@type":"WebPage","@id":"https:\/\/aconteceunovale.com.br\/portal\/?p=191543","url":"https:\/\/aconteceunovale.com.br\/portal\/?p=191543","name":"Minas Gerais tem 19 munic\u00edpios em situa\u00e7\u00e3o de emerg\u00eancia pelas chuvas - Aconteceu no Vale","isPartOf":{"@id":"https:\/\/aconteceunovale.com.br\/portal\/#website"},"primaryImageOfPage":{"@id":"https:\/\/aconteceunovale.com.br\/portal\/?p=191543#primaryimage"},"image":{"@id":"https:\/\/aconteceunovale.com.br\/portal\/?p=191543#primaryimage"},"thumbnailUrl":"https:\/\/aconteceunovale.com.br\/portal\/wp-content\/uploads\/2022\/10\/estrago_chuva.jpg","datePublished":"2022-10-14T23:36:05+00:00","dateModified":"2022-10-14T23:36:42+00:00","author":{"@id":"https:\/\/aconteceunovale.com.br\/portal\/#\/schema\/person\/7d2f26d1483f8a63de73da1ee0754d35"},"breadcrumb":{"@id":"https:\/\/aconteceunovale.com.br\/portal\/?p=191543#breadcrumb"},"inLanguage":"pt-BR","potentialAction":[{"@type":"ReadAction","target":["https:\/\/aconteceunovale.com.br\/portal\/?p=191543"]}]},{"@type":"ImageObject","inLanguage":"pt-BR","@id":"https:\/\/aconteceunovale.com.br\/portal\/?p=191543#primaryimage","url":"https:\/\/aconteceunovale.com.br\/portal\/wp-content\/uploads\/2022\/10\/estrago_chuva.jpg","contentUrl":"https:\/\/aconteceunovale.com.br\/portal\/wp-content\/uploads\/2022\/10\/estrago_chuva.jpg","width":678,"height":381},{"@type":"BreadcrumbList","@id":"https:\/\/aconteceunovale.com.br\/portal\/?p=191543#breadcrumb","itemListElement":[{"@type":"ListItem","position":1,"name":"In\u00edcio","item":"https:\/\/aconteceunovale.com.br\/portal\/"},{"@type":"ListItem","position":2,"name":"Minas Gerais tem 19 munic\u00edpios em situa\u00e7\u00e3o de emerg\u00eancia pelas chuvas"}]},{"@type":"WebSite","@id":"https:\/\/aconteceunovale.com.br\/portal\/#website","url":"https:\/\/aconteceunovale.com.br\/portal\/","name":"Aconteceu no Vale","description":"Portal de Not\u00edcias","potentialAction":[{"@type":"SearchAction","target":{"@type":"EntryPoint","urlTemplate":"https:\/\/aconteceunovale.com.br\/portal\/?s={search_term_string}"},"query-input":{"@type":"PropertyValueSpecification","valueRequired":true,"valueName":"search_term_string"}}],"inLanguage":"pt-BR"},{"@type":"Person","@id":"https:\/\/aconteceunovale.com.br\/portal\/#\/schema\/person\/7d2f26d1483f8a63de73da1ee0754d35","name":"Reda\u00e7\u00e3o Aconteceu no Vale","description":"Equipe de reportagem do Aconteceu no Vale, portal de not\u00edcias do Vale do Jequitinhonha, em Minas Gerais. Cobrimos as 51 cidades do Vale desde 2013. Sugest\u00f5es de pauta e pedidos de corre\u00e7\u00e3o: contato@aconteceunovale.com.br","url":"https:\/\/aconteceunovale.com.br\/portal\/?author=4"}]}},"_links":{"self":[{"href":"https:\/\/aconteceunovale.com.br\/portal\/index.php?rest_route=\/wp\/v2\/posts\/191543","targetHints":{"allow":["GET"]}}],"collection":[{"href":"https:\/\/aconteceunovale.com.br\/portal\/index.php?rest_route=\/wp\/v2\/posts"}],"about":[{"href":"https:\/\/aconteceunovale.com.br\/portal\/index.php?rest_route=\/wp\/v2\/types\/post"}],"author":[{"embeddable":true,"href":"https:\/\/aconteceunovale.com.br\/portal\/index.php?rest_route=\/wp\/v2\/users\/4"}],"replies":[{"embeddable":true,"href":"https:\/\/aconteceunovale.com.br\/portal\/index.php?rest_route=%2Fwp%2Fv2%2Fcomments&post=191543"}],"version-history":[{"count":1,"href":"https:\/\/aconteceunovale.com.br\/portal\/index.php?rest_route=\/wp\/v2\/posts\/191543\/revisions"}],"predecessor-version":[{"id":191545,"href":"https:\/\/aconteceunovale.com.br\/portal\/index.php?rest_route=\/wp\/v2\/posts\/191543\/revisions\/191545"}],"wp:featuredmedia":[{"embeddable":true,"href":"https:\/\/aconteceunovale.com.br\/portal\/index.php?rest_route=\/wp\/v2\/media\/191544"}],"wp:attachment":[{"href":"https:\/\/aconteceunovale.com.br\/portal\/index.php?rest_route=%2Fwp%2Fv2%2Fmedia&parent=191543"}],"wp:term":[{"taxonomy":"category","embeddable":true,"href":"https:\/\/aconteceunovale.com.br\/portal\/index.php?rest_route=%2Fwp%2Fv2%2Fcategories&post=191543"},{"taxonomy":"post_tag","embeddable":true,"href":"https:\/\/aconteceunovale.com.br\/portal\/index.php?rest_route=%2Fwp%2Fv2%2Ftags&post=191543"}],"curies":[{"name":"wp","href":"https:\/\/api.w.org\/{rel}","templated":true}]}}